{"id":13692,"date":"2020-03-13T15:40:40","date_gmt":"2020-03-13T14:40:40","guid":{"rendered":"https:\/\/imredd.fr\/?p=13692"},"modified":"2026-01-12T18:42:21","modified_gmt":"2026-01-12T17:42:21","slug":"imredd-participates-in-a-resilience-and-risk-management-seminar-in-brazil","status":"publish","type":"post","link":"https:\/\/imredd.fr\/en\/imredd-takes-part-in-a-resilience-and-risk-management-seminar-in-brazil\/","title":{"rendered":"IMREDD takes part in a Resilience and Risk Management Seminar in Brazil"},"content":{"rendered":"<p>As part of the partnership with the Association of Municipalities of the Middle Itaja\u00ed Valley (Ammvi), in Brazil, Paulo Moura, project development engineer at IMREDD, presented the steps of the risk management process to an audience of mayors, deputies, municipal councilors and technicians. Valentin Grosso, research engineer at IMREDD, led a workshop to build a regional risk management action plan.<\/p>\n<p>Information, prevention, protection and crisis management. These subjects were presented at the 1st regional seminar on resilience and risk management held on Tuesday (10), at the Association of Municipalities of the Middle Itaja\u00ed Valley, in Blumenau. According to Moura, risk management should start by understanding the phenomena and risks to which each municipality is subject, in addition to informing and training citizens to deal with such events. Then we move on to the prevention phase, aimed at reducing the impact of the danger on society and then to the protection of people and property. \u00ab\u00a0Finally, we have crisis management, when the phenomena are monitored in order to make aid more effective and organise a return to normality as quickly as possible,\u00a0\u00bb explained Moura.<\/p>\n<p>\u00abWe are opening the doors of the Middle Itaja\u00ed Valley to the world and working to become a benchmark in resilience. We have already experienced difficult times, and the natural disasters affecting our municipalities encourage us to seek innovations and tools that will make us pioneers and guide our efforts to anticipate crises, address vulnerabilities, serve the population, and return to normality as quickly as possible,\u00ab said M\u00e1rio Hildebrandt, president of the association of municipalities and mayor of Blumenau.<\/p>\n<p>The seminar was promoted by AMMVI in partnership with IMREDD, University C\u00f4te d\u2019Azur, the Regional University of Blumenau (Furb) and the town hall of Blumenau with the support of the municipalities of the Middle Itaja\u00ed Valley. As a precautionary measure regarding the coronavirus epidemic, the IMREDD team participated by videoconference.<\/p>\n<p><!--themify_builder_static--><!--\/themify_builder_static--><\/p>","protected":false},"excerpt":{"rendered":"<p>As part of the partnership with the Association of Municipalities of the Middle Itaja\u00ed Valley (Ammvi), in Brazil, Paulo Moura, project development engineer at IMREDD, presented the steps of the risk management process to an audience of mayors, deputies, municipal councilors and technicians. Valentin Grosso, research engineer at IMREDD, led a workshop to build a regional risk management action plan.<\/p>","protected":false},"author":2,"featured_media":13673,"comment_status":"open","ping_status":"open","sticky":false,"template":"","format":"standard","meta":{"footnotes":""},"categories":[504],"tags":[],"class_list":["post-13692","post","type-post","status-publish","format-standard","has-post-thumbnail","hentry","category-projets-et-recherche","has-post-title","has-post-date","has-post-category","has-post-tag","has-post-comment","has-post-author",""],"yoast_head":"<!-- This site is optimized with the Yoast SEO Premium plugin v27.4 (Yoast SEO v27.4) - https:\/\/yoast.com\/product\/yoast-seo-premium-wordpress\/ -->\n<title>IMREDD takes part in a Resilience and Risk Management Seminar in Brazil - IMREDD - Universit\u00e9 C\u00f4te d&#039;Azur<\/title>\n<meta name=\"description\" content=\"As part of the partnership with the Association of Municipalities of the Middle Itaja\u00ed Valley (Ammvi), in Brazil, Paulo Moura, project development engineer at IMREDD, presented the steps of the risk management process to an audience of mayors, deputies, municipal councilors and technicians. Valentin Grosso, research engineer at IMREDD, led a workshop to build a regional risk management action plan.\" \/>\n<meta name=\"robots\" content=\"index, follow, max-snippet:-1, max-image-preview:large, max-video-preview:-1\" \/>\n<link rel=\"canonical\" href=\"https:\/\/imredd.fr\/en\/imredd-participates-in-a-resilience-and-risk-management-seminar-in-brazil\/\" \/>\n<meta property=\"og:locale\" content=\"en_GB\" \/>\n<meta property=\"og:type\" content=\"article\" \/>\n<meta property=\"og:title\" content=\"IMREDD takes part in a Resilience and Risk Management Seminar in Brazil\" \/>\n<meta property=\"og:description\" content=\"As part of the partnership with the Association of Municipalities of the Middle Itaja\u00ed Valley (Ammvi), in Brazil, Paulo Moura, project development engineer at IMREDD, presented the steps of the risk management process to an audience of mayors, deputies, municipal councilors and technicians. Valentin Grosso, research engineer at IMREDD, led a workshop to build a regional risk management action plan.\" \/>\n<meta property=\"og:url\" content=\"https:\/\/imredd.fr\/en\/imredd-participates-in-a-resilience-and-risk-management-seminar-in-brazil\/\" \/>\n<meta property=\"og:site_name\" content=\"IMREDD - Universit\u00e9 C\u00f4te d&#039;Azur\" \/>\n<meta property=\"article:publisher\" content=\"http:\/\/facebook.com\/imredd.uca\" \/>\n<meta property=\"article:published_time\" content=\"2020-03-13T14:40:40+00:00\" \/>\n<meta property=\"article:modified_time\" content=\"2026-01-12T17:42:21+00:00\" \/>\n<meta property=\"og:image\" content=\"https:\/\/imredd.fr\/wp-content\/uploads\/2020\/03\/Oficinas-manha_11-03-20-64-scaled.jpg\" \/>\n\t<meta property=\"og:image:width\" content=\"2560\" \/>\n\t<meta property=\"og:image:height\" content=\"1920\" \/>\n\t<meta property=\"og:image:type\" content=\"image\/jpeg\" \/>\n<meta name=\"author\" content=\"Antonio Barros\" \/>\n<meta name=\"twitter:card\" content=\"summary_large_image\" \/>\n<meta name=\"twitter:label1\" content=\"Written by\" \/>\n\t<meta name=\"twitter:data1\" content=\"Antonio Barros\" \/>\n\t<meta name=\"twitter:label2\" content=\"Estimated reading time\" \/>\n\t<meta name=\"twitter:data2\" content=\"2 minutes\" \/>\n<script type=\"application\/ld+json\" class=\"yoast-schema-graph\">{\"@context\":\"https:\\\/\\\/schema.org\",\"@graph\":[{\"@type\":\"Article\",\"@id\":\"https:\\\/\\\/imredd.fr\\\/en\\\/imredd-participates-in-a-resilience-and-risk-management-seminar-in-brazil\\\/#article\",\"isPartOf\":{\"@id\":\"https:\\\/\\\/imredd.fr\\\/en\\\/imredd-participates-in-a-resilience-and-risk-management-seminar-in-brazil\\\/\"},\"author\":{\"name\":\"Antonio Barros\",\"@id\":\"https:\\\/\\\/imredd.fr\\\/#\\\/schema\\\/person\\\/41e50290e799cf196e315345a93c68de\"},\"headline\":\"IMREDD takes part in a Resilience and Risk Management Seminar in Brazil\",\"datePublished\":\"2020-03-13T14:40:40+00:00\",\"dateModified\":\"2026-01-12T17:42:21+00:00\",\"mainEntityOfPage\":{\"@id\":\"https:\\\/\\\/imredd.fr\\\/en\\\/imredd-participates-in-a-resilience-and-risk-management-seminar-in-brazil\\\/\"},\"wordCount\":335,\"commentCount\":0,\"publisher\":{\"@id\":\"https:\\\/\\\/imredd.fr\\\/#organization\"},\"image\":{\"@id\":\"https:\\\/\\\/imredd.fr\\\/en\\\/imredd-participates-in-a-resilience-and-risk-management-seminar-in-brazil\\\/#primaryimage\"},\"thumbnailUrl\":\"https:\\\/\\\/imredd.fr\\\/wp-content\\\/uploads\\\/2020\\\/03\\\/Oficinas-manha_11-03-20-64-scaled.jpg\",\"articleSection\":[\"Projets et Recherche\"],\"inLanguage\":\"en-GB\",\"potentialAction\":[{\"@type\":\"CommentAction\",\"name\":\"Comment\",\"target\":[\"https:\\\/\\\/imredd.fr\\\/en\\\/imredd-participates-in-a-resilience-and-risk-management-seminar-in-brazil\\\/#respond\"]}]},{\"@type\":\"WebPage\",\"@id\":\"https:\\\/\\\/imredd.fr\\\/en\\\/imredd-participates-in-a-resilience-and-risk-management-seminar-in-brazil\\\/\",\"url\":\"https:\\\/\\\/imredd.fr\\\/en\\\/imredd-participates-in-a-resilience-and-risk-management-seminar-in-brazil\\\/\",\"name\":\"IMREDD takes part in a Resilience and Risk Management Seminar in Brazil - IMREDD - Universit\u00e9 C\u00f4te d&#039;Azur\",\"isPartOf\":{\"@id\":\"https:\\\/\\\/imredd.fr\\\/#website\"},\"primaryImageOfPage\":{\"@id\":\"https:\\\/\\\/imredd.fr\\\/en\\\/imredd-participates-in-a-resilience-and-risk-management-seminar-in-brazil\\\/#primaryimage\"},\"image\":{\"@id\":\"https:\\\/\\\/imredd.fr\\\/en\\\/imredd-participates-in-a-resilience-and-risk-management-seminar-in-brazil\\\/#primaryimage\"},\"thumbnailUrl\":\"https:\\\/\\\/imredd.fr\\\/wp-content\\\/uploads\\\/2020\\\/03\\\/Oficinas-manha_11-03-20-64-scaled.jpg\",\"datePublished\":\"2020-03-13T14:40:40+00:00\",\"dateModified\":\"2026-01-12T17:42:21+00:00\",\"description\":\"As part of the partnership with the Association of Municipalities of the Middle Itaja\u00ed Valley (Ammvi), in Brazil, Paulo Moura, project development engineer at IMREDD, presented the steps of the risk management process to an audience of mayors, deputies, municipal councilors and technicians. Valentin Grosso, research engineer at IMREDD, led a workshop to build a regional risk management action plan.\",\"breadcrumb\":{\"@id\":\"https:\\\/\\\/imredd.fr\\\/en\\\/imredd-participates-in-a-resilience-and-risk-management-seminar-in-brazil\\\/#breadcrumb\"},\"inLanguage\":\"en-GB\",\"potentialAction\":[{\"@type\":\"ReadAction\",\"target\":[\"https:\\\/\\\/imredd.fr\\\/en\\\/imredd-participates-in-a-resilience-and-risk-management-seminar-in-brazil\\\/\"]}]},{\"@type\":\"ImageObject\",\"inLanguage\":\"en-GB\",\"@id\":\"https:\\\/\\\/imredd.fr\\\/en\\\/imredd-participates-in-a-resilience-and-risk-management-seminar-in-brazil\\\/#primaryimage\",\"url\":\"https:\\\/\\\/imredd.fr\\\/wp-content\\\/uploads\\\/2020\\\/03\\\/Oficinas-manha_11-03-20-64-scaled.jpg\",\"contentUrl\":\"https:\\\/\\\/imredd.fr\\\/wp-content\\\/uploads\\\/2020\\\/03\\\/Oficinas-manha_11-03-20-64-scaled.jpg\",\"width\":2560,\"height\":1920},{\"@type\":\"BreadcrumbList\",\"@id\":\"https:\\\/\\\/imredd.fr\\\/en\\\/imredd-participates-in-a-resilience-and-risk-management-seminar-in-brazil\\\/#breadcrumb\",\"itemListElement\":[{\"@type\":\"ListItem\",\"position\":1,\"name\":\"Accueil\",\"item\":\"https:\\\/\\\/imredd.fr\\\/\"},{\"@type\":\"ListItem\",\"position\":2,\"name\":\"IMREDD takes part in a Resilience and Risk Management Seminar in Brazil\"}]},{\"@type\":\"WebSite\",\"@id\":\"https:\\\/\\\/imredd.fr\\\/#website\",\"url\":\"https:\\\/\\\/imredd.fr\\\/\",\"name\":\"IMREDD - Universit\u00e9 C\u00f4te d'Azur\",\"description\":\"Institut M\u00e9diterran\u00e9en du Risque, de l&#039;Environnement et du D\u00e9veloppement Durable\",\"publisher\":{\"@id\":\"https:\\\/\\\/imredd.fr\\\/#organization\"},\"potentialAction\":[{\"@type\":\"SearchAction\",\"target\":{\"@type\":\"EntryPoint\",\"urlTemplate\":\"https:\\\/\\\/imredd.fr\\\/?s={search_term_string}\"},\"query-input\":{\"@type\":\"PropertyValueSpecification\",\"valueRequired\":true,\"valueName\":\"search_term_string\"}}],\"inLanguage\":\"en-GB\"},{\"@type\":\"Organization\",\"@id\":\"https:\\\/\\\/imredd.fr\\\/#organization\",\"name\":\"IMREDD - Institut M\u00e9diterran\u00e9en du Risque, de l'Environnement et du D\u00e9veloppement Durable\",\"url\":\"https:\\\/\\\/imredd.fr\\\/\",\"logo\":{\"@type\":\"ImageObject\",\"inLanguage\":\"en-GB\",\"@id\":\"https:\\\/\\\/imredd.fr\\\/#\\\/schema\\\/logo\\\/image\\\/\",\"url\":\"https:\\\/\\\/imredd.fr\\\/wp-content\\\/uploads\\\/2025\\\/07\\\/IMREDD-Logo-couleurs-transparent.png\",\"contentUrl\":\"https:\\\/\\\/imredd.fr\\\/wp-content\\\/uploads\\\/2025\\\/07\\\/IMREDD-Logo-couleurs-transparent.png\",\"width\":959,\"height\":164,\"caption\":\"IMREDD - Institut M\u00e9diterran\u00e9en du Risque, de l'Environnement et du D\u00e9veloppement Durable\"},\"image\":{\"@id\":\"https:\\\/\\\/imredd.fr\\\/#\\\/schema\\\/logo\\\/image\\\/\"},\"sameAs\":[\"http:\\\/\\\/facebook.com\\\/imredd.uca\",\"http:\\\/\\\/linkedin.com\\\/showcase\\\/imredd\"]},{\"@type\":\"Person\",\"@id\":\"https:\\\/\\\/imredd.fr\\\/#\\\/schema\\\/person\\\/41e50290e799cf196e315345a93c68de\",\"name\":\"Antonio Barros\",\"image\":{\"@type\":\"ImageObject\",\"inLanguage\":\"en-GB\",\"@id\":\"https:\\\/\\\/secure.gravatar.com\\\/avatar\\\/f4be75a97d6a27aad47c779bf7bfef9978f4ce4cf5a3c6160d97f893788ce445?s=96&d=mm&r=g\",\"url\":\"https:\\\/\\\/secure.gravatar.com\\\/avatar\\\/f4be75a97d6a27aad47c779bf7bfef9978f4ce4cf5a3c6160d97f893788ce445?s=96&d=mm&r=g\",\"contentUrl\":\"https:\\\/\\\/secure.gravatar.com\\\/avatar\\\/f4be75a97d6a27aad47c779bf7bfef9978f4ce4cf5a3c6160d97f893788ce445?s=96&d=mm&r=g\",\"caption\":\"Antonio Barros\"},\"url\":\"https:\\\/\\\/imredd.fr\\\/en\\\/author\\\/imredd-com\\\/\"}]}<\/script>\n<!-- \/ Yoast SEO Premium plugin. -->","yoast_head_json":{"title":"IMREDD takes part in a Resilience and Risk Management Seminar in Brazil - IMREDD - Universit\u00e9 C\u00f4te d'Azur","description":"As part of the partnership with the Association of Municipalities of the Middle Itaja\u00ed Valley (Ammvi), in Brazil, Paulo Moura, project development engineer at IMREDD, presented the steps of the risk management process to an audience of mayors, deputies, municipal councilors and technicians. Valentin Grosso, research engineer at IMREDD, led a workshop to build a regional risk management action plan.","robots":{"index":"index","follow":"follow","max-snippet":"max-snippet:-1","max-image-preview":"max-image-preview:large","max-video-preview":"max-video-preview:-1"},"canonical":"https:\/\/imredd.fr\/en\/imredd-participates-in-a-resilience-and-risk-management-seminar-in-brazil\/","og_locale":"en_GB","og_type":"article","og_title":"IMREDD takes part in a Resilience and Risk Management Seminar in Brazil","og_description":"As part of the partnership with the Association of Municipalities of the Middle Itaja\u00ed Valley (Ammvi), in Brazil, Paulo Moura, project development engineer at IMREDD, presented the steps of the risk management process to an audience of mayors, deputies, municipal councilors and technicians. Valentin Grosso, research engineer at IMREDD, led a workshop to build a regional risk management action plan.","og_url":"https:\/\/imredd.fr\/en\/imredd-participates-in-a-resilience-and-risk-management-seminar-in-brazil\/","og_site_name":"IMREDD - Universit\u00e9 C\u00f4te d&#039;Azur","article_publisher":"http:\/\/facebook.com\/imredd.uca","article_published_time":"2020-03-13T14:40:40+00:00","article_modified_time":"2026-01-12T17:42:21+00:00","og_image":[{"width":2560,"height":1920,"url":"https:\/\/imredd.fr\/wp-content\/uploads\/2020\/03\/Oficinas-manha_11-03-20-64-scaled.jpg","type":"image\/jpeg"}],"author":"Antonio Barros","twitter_card":"summary_large_image","twitter_misc":{"Written by":"Antonio Barros","Estimated reading time":"2 minutes"},"schema":{"@context":"https:\/\/schema.org","@graph":[{"@type":"Article","@id":"https:\/\/imredd.fr\/en\/imredd-participates-in-a-resilience-and-risk-management-seminar-in-brazil\/#article","isPartOf":{"@id":"https:\/\/imredd.fr\/en\/imredd-participates-in-a-resilience-and-risk-management-seminar-in-brazil\/"},"author":{"name":"Antonio Barros","@id":"https:\/\/imredd.fr\/#\/schema\/person\/41e50290e799cf196e315345a93c68de"},"headline":"IMREDD takes part in a Resilience and Risk Management Seminar in Brazil","datePublished":"2020-03-13T14:40:40+00:00","dateModified":"2026-01-12T17:42:21+00:00","mainEntityOfPage":{"@id":"https:\/\/imredd.fr\/en\/imredd-participates-in-a-resilience-and-risk-management-seminar-in-brazil\/"},"wordCount":335,"commentCount":0,"publisher":{"@id":"https:\/\/imredd.fr\/#organization"},"image":{"@id":"https:\/\/imredd.fr\/en\/imredd-participates-in-a-resilience-and-risk-management-seminar-in-brazil\/#primaryimage"},"thumbnailUrl":"https:\/\/imredd.fr\/wp-content\/uploads\/2020\/03\/Oficinas-manha_11-03-20-64-scaled.jpg","articleSection":["Projets et Recherche"],"inLanguage":"en-GB","potentialAction":[{"@type":"CommentAction","name":"Comment","target":["https:\/\/imredd.fr\/en\/imredd-participates-in-a-resilience-and-risk-management-seminar-in-brazil\/#respond"]}]},{"@type":"WebPage","@id":"https:\/\/imredd.fr\/en\/imredd-participates-in-a-resilience-and-risk-management-seminar-in-brazil\/","url":"https:\/\/imredd.fr\/en\/imredd-participates-in-a-resilience-and-risk-management-seminar-in-brazil\/","name":"IMREDD takes part in a Resilience and Risk Management Seminar in Brazil - IMREDD - Universit\u00e9 C\u00f4te d'Azur","isPartOf":{"@id":"https:\/\/imredd.fr\/#website"},"primaryImageOfPage":{"@id":"https:\/\/imredd.fr\/en\/imredd-participates-in-a-resilience-and-risk-management-seminar-in-brazil\/#primaryimage"},"image":{"@id":"https:\/\/imredd.fr\/en\/imredd-participates-in-a-resilience-and-risk-management-seminar-in-brazil\/#primaryimage"},"thumbnailUrl":"https:\/\/imredd.fr\/wp-content\/uploads\/2020\/03\/Oficinas-manha_11-03-20-64-scaled.jpg","datePublished":"2020-03-13T14:40:40+00:00","dateModified":"2026-01-12T17:42:21+00:00","description":"As part of the partnership with the Association of Municipalities of the Middle Itaja\u00ed Valley (Ammvi), in Brazil, Paulo Moura, project development engineer at IMREDD, presented the steps of the risk management process to an audience of mayors, deputies, municipal councilors and technicians. Valentin Grosso, research engineer at IMREDD, led a workshop to build a regional risk management action plan.","breadcrumb":{"@id":"https:\/\/imredd.fr\/en\/imredd-participates-in-a-resilience-and-risk-management-seminar-in-brazil\/#breadcrumb"},"inLanguage":"en-GB","potentialAction":[{"@type":"ReadAction","target":["https:\/\/imredd.fr\/en\/imredd-participates-in-a-resilience-and-risk-management-seminar-in-brazil\/"]}]},{"@type":"ImageObject","inLanguage":"en-GB","@id":"https:\/\/imredd.fr\/en\/imredd-participates-in-a-resilience-and-risk-management-seminar-in-brazil\/#primaryimage","url":"https:\/\/imredd.fr\/wp-content\/uploads\/2020\/03\/Oficinas-manha_11-03-20-64-scaled.jpg","contentUrl":"https:\/\/imredd.fr\/wp-content\/uploads\/2020\/03\/Oficinas-manha_11-03-20-64-scaled.jpg","width":2560,"height":1920},{"@type":"BreadcrumbList","@id":"https:\/\/imredd.fr\/en\/imredd-participates-in-a-resilience-and-risk-management-seminar-in-brazil\/#breadcrumb","itemListElement":[{"@type":"ListItem","position":1,"name":"Accueil","item":"https:\/\/imredd.fr\/"},{"@type":"ListItem","position":2,"name":"IMREDD takes part in a Resilience and Risk Management Seminar in Brazil"}]},{"@type":"WebSite","@id":"https:\/\/imredd.fr\/#website","url":"https:\/\/imredd.fr\/","name":"IMREDD - C\u00f4te d'Azur University","description":"Mediterranean Institute for Risk, Environment and Sustainable Development","publisher":{"@id":"https:\/\/imredd.fr\/#organization"},"potentialAction":[{"@type":"SearchAction","target":{"@type":"EntryPoint","urlTemplate":"https:\/\/imredd.fr\/?s={search_term_string}"},"query-input":{"@type":"PropertyValueSpecification","valueRequired":true,"valueName":"search_term_string"}}],"inLanguage":"en-GB"},{"@type":"Organization","@id":"https:\/\/imredd.fr\/#organization","name":"IMREDD - Mediterranean Institute for Risk, Environment and Sustainable Development","url":"https:\/\/imredd.fr\/","logo":{"@type":"ImageObject","inLanguage":"en-GB","@id":"https:\/\/imredd.fr\/#\/schema\/logo\/image\/","url":"https:\/\/imredd.fr\/wp-content\/uploads\/2025\/07\/IMREDD-Logo-couleurs-transparent.png","contentUrl":"https:\/\/imredd.fr\/wp-content\/uploads\/2025\/07\/IMREDD-Logo-couleurs-transparent.png","width":959,"height":164,"caption":"IMREDD - Institut M\u00e9diterran\u00e9en du Risque, de l'Environnement et du D\u00e9veloppement Durable"},"image":{"@id":"https:\/\/imredd.fr\/#\/schema\/logo\/image\/"},"sameAs":["http:\/\/facebook.com\/imredd.uca","http:\/\/linkedin.com\/showcase\/imredd"]},{"@type":"Person","@id":"https:\/\/imredd.fr\/#\/schema\/person\/41e50290e799cf196e315345a93c68de","name":"Antonio Barros","image":{"@type":"ImageObject","inLanguage":"en-GB","@id":"https:\/\/secure.gravatar.com\/avatar\/f4be75a97d6a27aad47c779bf7bfef9978f4ce4cf5a3c6160d97f893788ce445?s=96&d=mm&r=g","url":"https:\/\/secure.gravatar.com\/avatar\/f4be75a97d6a27aad47c779bf7bfef9978f4ce4cf5a3c6160d97f893788ce445?s=96&d=mm&r=g","contentUrl":"https:\/\/secure.gravatar.com\/avatar\/f4be75a97d6a27aad47c779bf7bfef9978f4ce4cf5a3c6160d97f893788ce445?s=96&d=mm&r=g","caption":"Antonio Barros"},"url":"https:\/\/imredd.fr\/en\/author\/imredd-com\/"}]}},"_links":{"self":[{"href":"https:\/\/imredd.fr\/en\/wp-json\/wp\/v2\/posts\/13692","targetHints":{"allow":["GET"]}}],"collection":[{"href":"https:\/\/imredd.fr\/en\/wp-json\/wp\/v2\/posts"}],"about":[{"href":"https:\/\/imredd.fr\/en\/wp-json\/wp\/v2\/types\/post"}],"author":[{"embeddable":true,"href":"https:\/\/imredd.fr\/en\/wp-json\/wp\/v2\/users\/2"}],"replies":[{"embeddable":true,"href":"https:\/\/imredd.fr\/en\/wp-json\/wp\/v2\/comments?post=13692"}],"version-history":[{"count":0,"href":"https:\/\/imredd.fr\/en\/wp-json\/wp\/v2\/posts\/13692\/revisions"}],"wp:featuredmedia":[{"embeddable":true,"href":"https:\/\/imredd.fr\/en\/wp-json\/wp\/v2\/media\/13673"}],"wp:attachment":[{"href":"https:\/\/imredd.fr\/en\/wp-json\/wp\/v2\/media?parent=13692"}],"wp:term":[{"taxonomy":"category","embeddable":true,"href":"https:\/\/imredd.fr\/en\/wp-json\/wp\/v2\/categories?post=13692"},{"taxonomy":"post_tag","embeddable":true,"href":"https:\/\/imredd.fr\/en\/wp-json\/wp\/v2\/tags?post=13692"}],"curies":[{"name":"wp","href":"https:\/\/api.w.org\/{rel}","templated":true}]}}