{"id":13695,"date":"2020-02-24T15:49:41","date_gmt":"2020-02-24T14:49:41","guid":{"rendered":"https:\/\/imredd.fr\/?p=13695"},"modified":"2026-01-12T18:26:35","modified_gmt":"2026-01-12T17:26:35","slug":"the-nice-tramway-in-the-colours-of-universite-cote-dazur-and-imredd","status":"publish","type":"post","link":"https:\/\/imredd.fr\/en\/the-nice-tramway-in-the-colors-of-universite-cote-dazur-and-imredd\/","title":{"rendered":"The Nice Tramway in the colours of Universit\u00e9 C\u00f4te d\u2019Azur and IMREDD"},"content":{"rendered":"<p>University C\u00f4te d'Azur inaugurated the new IMREDD building in February and, to mark the occasion, a Nice tram was fully wrapped with a commemorative campaign. Displayed in French and English, the campaign highlights the IMREDD's mission to be a place of collaboration between the academic world, businesses and the territory, and an incubator for training in smart city professions. The \u201cIMREDD\u201d tram will run on the rails of lines 2 and 3 until mid-April.<\/p>\n<div style=\"width: 640px;\" class=\"wp-video\"><video class=\"wp-video-shortcode\" id=\"video-13695-1\" width=\"640\" height=\"360\" preload=\"metadata\" controls=\"controls\"><source type=\"video\/mp4\" src=\"https:\/\/imredd.fr\/wp-content\/uploads\/2020\/03\/Tramway-IMREDD.mp4?_=1\" \/><a href=\"https:\/\/imredd.fr\/wp-content\/uploads\/2020\/03\/Tramway-IMREDD.mp4\">https:\/\/imredd.fr\/wp-content\/uploads\/2020\/03\/Tramway-IMREDD.mp4<\/a><\/video><\/div>\n<p><!--themify_builder_static--><!--\/themify_builder_static--><\/p>","protected":false},"excerpt":{"rendered":"<p>The campaign highlights IMREDD's mission to be a place of collaboration between the academic world, businesses and the territory, and an incubator for training in smart city professions.<\/p>","protected":false},"author":2,"featured_media":13523,"comment_status":"open","ping_status":"open","sticky":false,"template":"","format":"standard","meta":{"footnotes":""},"categories":[26],"tags":[],"class_list":["post-13695","post","type-post","status-publish","format-standard","has-post-thumbnail","hentry","category-institutionnel","has-post-title","has-post-date","has-post-category","has-post-tag","has-post-comment","has-post-author",""],"yoast_head":"<!-- This site is optimized with the Yoast SEO Premium plugin v27.4 (Yoast SEO v27.4) - https:\/\/yoast.com\/product\/yoast-seo-premium-wordpress\/ -->\n<title>The Nice Tramway in the colors of Universit\u00e9 C\u00f4te d&#039;Azur and IMREDD - IMREDD - Universit\u00e9 C\u00f4te d&#039;Azur<\/title>\n<meta name=\"robots\" content=\"index, follow, max-snippet:-1, max-image-preview:large, max-video-preview:-1\" \/>\n<link rel=\"canonical\" href=\"https:\/\/imredd.fr\/en\/the-nice-tramway-in-the-colours-of-universite-cote-dazur-and-imredd\/\" \/>\n<meta property=\"og:locale\" content=\"en_GB\" \/>\n<meta property=\"og:type\" content=\"article\" \/>\n<meta property=\"og:title\" content=\"The Nice Tramway in the colors of Universit\u00e9 C\u00f4te d&#039;Azur and IMREDD\" \/>\n<meta property=\"og:description\" content=\"The campaign highlights IMREDD\u2019s mission to be a place of collaboration between the academic world, businesses and the territory, and an incubator for training in smart city professions.\" \/>\n<meta property=\"og:url\" content=\"https:\/\/imredd.fr\/en\/the-nice-tramway-in-the-colours-of-universite-cote-dazur-and-imredd\/\" \/>\n<meta property=\"og:site_name\" content=\"IMREDD - Universit\u00e9 C\u00f4te d&#039;Azur\" \/>\n<meta property=\"article:publisher\" content=\"http:\/\/facebook.com\/imredd.uca\" \/>\n<meta property=\"article:published_time\" content=\"2020-02-24T14:49:41+00:00\" \/>\n<meta property=\"article:modified_time\" content=\"2026-01-12T17:26:35+00:00\" \/>\n<meta property=\"og:image\" content=\"https:\/\/imredd.fr\/wp-content\/uploads\/2020\/02\/IMG_5367-scaled.jpg\" \/>\n\t<meta property=\"og:image:width\" content=\"2560\" \/>\n\t<meta property=\"og:image:height\" content=\"1920\" \/>\n\t<meta property=\"og:image:type\" content=\"image\/jpeg\" \/>\n<meta name=\"author\" content=\"Antonio Barros\" \/>\n<meta name=\"twitter:card\" content=\"summary_large_image\" \/>\n<meta name=\"twitter:label1\" content=\"Written by\" \/>\n\t<meta name=\"twitter:data1\" content=\"Antonio Barros\" \/>\n<script type=\"application\/ld+json\" class=\"yoast-schema-graph\">{\"@context\":\"https:\\\/\\\/schema.org\",\"@graph\":[{\"@type\":\"Article\",\"@id\":\"https:\\\/\\\/imredd.fr\\\/en\\\/the-nice-tramway-in-the-colours-of-universite-cote-dazur-and-imredd\\\/#article\",\"isPartOf\":{\"@id\":\"https:\\\/\\\/imredd.fr\\\/en\\\/the-nice-tramway-in-the-colours-of-universite-cote-dazur-and-imredd\\\/\"},\"author\":{\"name\":\"Antonio Barros\",\"@id\":\"https:\\\/\\\/imredd.fr\\\/#\\\/schema\\\/person\\\/41e50290e799cf196e315345a93c68de\"},\"headline\":\"The Nice Tramway in the colors of Universit\u00e9 C\u00f4te d&rsquo;Azur and IMREDD\",\"datePublished\":\"2020-02-24T14:49:41+00:00\",\"dateModified\":\"2026-01-12T17:26:35+00:00\",\"mainEntityOfPage\":{\"@id\":\"https:\\\/\\\/imredd.fr\\\/en\\\/the-nice-tramway-in-the-colours-of-universite-cote-dazur-and-imredd\\\/\"},\"wordCount\":100,\"commentCount\":0,\"publisher\":{\"@id\":\"https:\\\/\\\/imredd.fr\\\/#organization\"},\"image\":{\"@id\":\"https:\\\/\\\/imredd.fr\\\/en\\\/the-nice-tramway-in-the-colours-of-universite-cote-dazur-and-imredd\\\/#primaryimage\"},\"thumbnailUrl\":\"https:\\\/\\\/imredd.fr\\\/wp-content\\\/uploads\\\/2020\\\/02\\\/IMG_5367-scaled.jpg\",\"articleSection\":[\"Institutionnel\"],\"inLanguage\":\"en-GB\",\"potentialAction\":[{\"@type\":\"CommentAction\",\"name\":\"Comment\",\"target\":[\"https:\\\/\\\/imredd.fr\\\/en\\\/the-nice-tramway-in-the-colours-of-universite-cote-dazur-and-imredd\\\/#respond\"]}]},{\"@type\":\"WebPage\",\"@id\":\"https:\\\/\\\/imredd.fr\\\/en\\\/the-nice-tramway-in-the-colours-of-universite-cote-dazur-and-imredd\\\/\",\"url\":\"https:\\\/\\\/imredd.fr\\\/en\\\/the-nice-tramway-in-the-colours-of-universite-cote-dazur-and-imredd\\\/\",\"name\":\"The Nice Tramway in the colors of Universit\u00e9 C\u00f4te d'Azur and IMREDD - IMREDD - Universit\u00e9 C\u00f4te d&#039;Azur\",\"isPartOf\":{\"@id\":\"https:\\\/\\\/imredd.fr\\\/#website\"},\"primaryImageOfPage\":{\"@id\":\"https:\\\/\\\/imredd.fr\\\/en\\\/the-nice-tramway-in-the-colours-of-universite-cote-dazur-and-imredd\\\/#primaryimage\"},\"image\":{\"@id\":\"https:\\\/\\\/imredd.fr\\\/en\\\/the-nice-tramway-in-the-colours-of-universite-cote-dazur-and-imredd\\\/#primaryimage\"},\"thumbnailUrl\":\"https:\\\/\\\/imredd.fr\\\/wp-content\\\/uploads\\\/2020\\\/02\\\/IMG_5367-scaled.jpg\",\"datePublished\":\"2020-02-24T14:49:41+00:00\",\"dateModified\":\"2026-01-12T17:26:35+00:00\",\"breadcrumb\":{\"@id\":\"https:\\\/\\\/imredd.fr\\\/en\\\/the-nice-tramway-in-the-colours-of-universite-cote-dazur-and-imredd\\\/#breadcrumb\"},\"inLanguage\":\"en-GB\",\"potentialAction\":[{\"@type\":\"ReadAction\",\"target\":[\"https:\\\/\\\/imredd.fr\\\/en\\\/the-nice-tramway-in-the-colours-of-universite-cote-dazur-and-imredd\\\/\"]}]},{\"@type\":\"ImageObject\",\"inLanguage\":\"en-GB\",\"@id\":\"https:\\\/\\\/imredd.fr\\\/en\\\/the-nice-tramway-in-the-colours-of-universite-cote-dazur-and-imredd\\\/#primaryimage\",\"url\":\"https:\\\/\\\/imredd.fr\\\/wp-content\\\/uploads\\\/2020\\\/02\\\/IMG_5367-scaled.jpg\",\"contentUrl\":\"https:\\\/\\\/imredd.fr\\\/wp-content\\\/uploads\\\/2020\\\/02\\\/IMG_5367-scaled.jpg\",\"width\":2560,\"height\":1920},{\"@type\":\"BreadcrumbList\",\"@id\":\"https:\\\/\\\/imredd.fr\\\/en\\\/the-nice-tramway-in-the-colours-of-universite-cote-dazur-and-imredd\\\/#breadcrumb\",\"itemListElement\":[{\"@type\":\"ListItem\",\"position\":1,\"name\":\"Accueil\",\"item\":\"https:\\\/\\\/imredd.fr\\\/\"},{\"@type\":\"ListItem\",\"position\":2,\"name\":\"The Nice Tramway in the colors of Universit\u00e9 C\u00f4te d&rsquo;Azur and IMREDD\"}]},{\"@type\":\"WebSite\",\"@id\":\"https:\\\/\\\/imredd.fr\\\/#website\",\"url\":\"https:\\\/\\\/imredd.fr\\\/\",\"name\":\"IMREDD - Universit\u00e9 C\u00f4te d'Azur\",\"description\":\"Institut M\u00e9diterran\u00e9en du Risque, de l&#039;Environnement et du D\u00e9veloppement Durable\",\"publisher\":{\"@id\":\"https:\\\/\\\/imredd.fr\\\/#organization\"},\"potentialAction\":[{\"@type\":\"SearchAction\",\"target\":{\"@type\":\"EntryPoint\",\"urlTemplate\":\"https:\\\/\\\/imredd.fr\\\/?s={search_term_string}\"},\"query-input\":{\"@type\":\"PropertyValueSpecification\",\"valueRequired\":true,\"valueName\":\"search_term_string\"}}],\"inLanguage\":\"en-GB\"},{\"@type\":\"Organization\",\"@id\":\"https:\\\/\\\/imredd.fr\\\/#organization\",\"name\":\"IMREDD - Institut M\u00e9diterran\u00e9en du Risque, de l'Environnement et du D\u00e9veloppement Durable\",\"url\":\"https:\\\/\\\/imredd.fr\\\/\",\"logo\":{\"@type\":\"ImageObject\",\"inLanguage\":\"en-GB\",\"@id\":\"https:\\\/\\\/imredd.fr\\\/#\\\/schema\\\/logo\\\/image\\\/\",\"url\":\"https:\\\/\\\/imredd.fr\\\/wp-content\\\/uploads\\\/2025\\\/07\\\/IMREDD-Logo-couleurs-transparent.png\",\"contentUrl\":\"https:\\\/\\\/imredd.fr\\\/wp-content\\\/uploads\\\/2025\\\/07\\\/IMREDD-Logo-couleurs-transparent.png\",\"width\":959,\"height\":164,\"caption\":\"IMREDD - Institut M\u00e9diterran\u00e9en du Risque, de l'Environnement et du D\u00e9veloppement Durable\"},\"image\":{\"@id\":\"https:\\\/\\\/imredd.fr\\\/#\\\/schema\\\/logo\\\/image\\\/\"},\"sameAs\":[\"http:\\\/\\\/facebook.com\\\/imredd.uca\",\"http:\\\/\\\/linkedin.com\\\/showcase\\\/imredd\"]},{\"@type\":\"Person\",\"@id\":\"https:\\\/\\\/imredd.fr\\\/#\\\/schema\\\/person\\\/41e50290e799cf196e315345a93c68de\",\"name\":\"Antonio Barros\",\"image\":{\"@type\":\"ImageObject\",\"inLanguage\":\"en-GB\",\"@id\":\"https:\\\/\\\/secure.gravatar.com\\\/avatar\\\/f4be75a97d6a27aad47c779bf7bfef9978f4ce4cf5a3c6160d97f893788ce445?s=96&d=mm&r=g\",\"url\":\"https:\\\/\\\/secure.gravatar.com\\\/avatar\\\/f4be75a97d6a27aad47c779bf7bfef9978f4ce4cf5a3c6160d97f893788ce445?s=96&d=mm&r=g\",\"contentUrl\":\"https:\\\/\\\/secure.gravatar.com\\\/avatar\\\/f4be75a97d6a27aad47c779bf7bfef9978f4ce4cf5a3c6160d97f893788ce445?s=96&d=mm&r=g\",\"caption\":\"Antonio Barros\"},\"url\":\"https:\\\/\\\/imredd.fr\\\/en\\\/author\\\/imredd-com\\\/\"}]}<\/script>\n<!-- \/ Yoast SEO Premium plugin. -->","yoast_head_json":{"title":"The Nice Tramway in the colours of Universit\u00e9 C\u00f4te d'Azur and IMREDD - IMREDD - Universit\u00e9 C\u00f4te d'Azur","robots":{"index":"index","follow":"follow","max-snippet":"max-snippet:-1","max-image-preview":"max-image-preview:large","max-video-preview":"max-video-preview:-1"},"canonical":"https:\/\/imredd.fr\/en\/the-nice-tramway-in-the-colours-of-universite-cote-dazur-and-imredd\/","og_locale":"en_GB","og_type":"article","og_title":"The Nice Tramway in the colors of Universit\u00e9 C\u00f4te d'Azur and IMREDD","og_description":"The campaign highlights IMREDD\u2019s mission to be a place of collaboration between the academic world, businesses and the territory, and an incubator for training in smart city professions.","og_url":"https:\/\/imredd.fr\/en\/the-nice-tramway-in-the-colours-of-universite-cote-dazur-and-imredd\/","og_site_name":"IMREDD - Universit\u00e9 C\u00f4te d&#039;Azur","article_publisher":"http:\/\/facebook.com\/imredd.uca","article_published_time":"2020-02-24T14:49:41+00:00","article_modified_time":"2026-01-12T17:26:35+00:00","og_image":[{"width":2560,"height":1920,"url":"https:\/\/imredd.fr\/wp-content\/uploads\/2020\/02\/IMG_5367-scaled.jpg","type":"image\/jpeg"}],"author":"Antonio Barros","twitter_card":"summary_large_image","twitter_misc":{"Written by":"Antonio Barros"},"schema":{"@context":"https:\/\/schema.org","@graph":[{"@type":"Article","@id":"https:\/\/imredd.fr\/en\/the-nice-tramway-in-the-colours-of-universite-cote-dazur-and-imredd\/#article","isPartOf":{"@id":"https:\/\/imredd.fr\/en\/the-nice-tramway-in-the-colours-of-universite-cote-dazur-and-imredd\/"},"author":{"name":"Antonio Barros","@id":"https:\/\/imredd.fr\/#\/schema\/person\/41e50290e799cf196e315345a93c68de"},"headline":"The Nice Tramway in the colors of Universit\u00e9 C\u00f4te d&rsquo;Azur and IMREDD","datePublished":"2020-02-24T14:49:41+00:00","dateModified":"2026-01-12T17:26:35+00:00","mainEntityOfPage":{"@id":"https:\/\/imredd.fr\/en\/the-nice-tramway-in-the-colours-of-universite-cote-dazur-and-imredd\/"},"wordCount":100,"commentCount":0,"publisher":{"@id":"https:\/\/imredd.fr\/#organization"},"image":{"@id":"https:\/\/imredd.fr\/en\/the-nice-tramway-in-the-colours-of-universite-cote-dazur-and-imredd\/#primaryimage"},"thumbnailUrl":"https:\/\/imredd.fr\/wp-content\/uploads\/2020\/02\/IMG_5367-scaled.jpg","articleSection":["Institutionnel"],"inLanguage":"en-GB","potentialAction":[{"@type":"CommentAction","name":"Comment","target":["https:\/\/imredd.fr\/en\/the-nice-tramway-in-the-colours-of-universite-cote-dazur-and-imredd\/#respond"]}]},{"@type":"WebPage","@id":"https:\/\/imredd.fr\/en\/the-nice-tramway-in-the-colours-of-universite-cote-dazur-and-imredd\/","url":"https:\/\/imredd.fr\/en\/the-nice-tramway-in-the-colours-of-universite-cote-dazur-and-imredd\/","name":"The Nice Tramway in the colours of Universit\u00e9 C\u00f4te d'Azur and IMREDD - IMREDD - Universit\u00e9 C\u00f4te d'Azur","isPartOf":{"@id":"https:\/\/imredd.fr\/#website"},"primaryImageOfPage":{"@id":"https:\/\/imredd.fr\/en\/the-nice-tramway-in-the-colours-of-universite-cote-dazur-and-imredd\/#primaryimage"},"image":{"@id":"https:\/\/imredd.fr\/en\/the-nice-tramway-in-the-colours-of-universite-cote-dazur-and-imredd\/#primaryimage"},"thumbnailUrl":"https:\/\/imredd.fr\/wp-content\/uploads\/2020\/02\/IMG_5367-scaled.jpg","datePublished":"2020-02-24T14:49:41+00:00","dateModified":"2026-01-12T17:26:35+00:00","breadcrumb":{"@id":"https:\/\/imredd.fr\/en\/the-nice-tramway-in-the-colours-of-universite-cote-dazur-and-imredd\/#breadcrumb"},"inLanguage":"en-GB","potentialAction":[{"@type":"ReadAction","target":["https:\/\/imredd.fr\/en\/the-nice-tramway-in-the-colours-of-universite-cote-dazur-and-imredd\/"]}]},{"@type":"ImageObject","inLanguage":"en-GB","@id":"https:\/\/imredd.fr\/en\/the-nice-tramway-in-the-colours-of-universite-cote-dazur-and-imredd\/#primaryimage","url":"https:\/\/imredd.fr\/wp-content\/uploads\/2020\/02\/IMG_5367-scaled.jpg","contentUrl":"https:\/\/imredd.fr\/wp-content\/uploads\/2020\/02\/IMG_5367-scaled.jpg","width":2560,"height":1920},{"@type":"BreadcrumbList","@id":"https:\/\/imredd.fr\/en\/the-nice-tramway-in-the-colours-of-universite-cote-dazur-and-imredd\/#breadcrumb","itemListElement":[{"@type":"ListItem","position":1,"name":"Accueil","item":"https:\/\/imredd.fr\/"},{"@type":"ListItem","position":2,"name":"The Nice Tramway in the colors of Universit\u00e9 C\u00f4te d&rsquo;Azur and IMREDD"}]},{"@type":"WebSite","@id":"https:\/\/imredd.fr\/#website","url":"https:\/\/imredd.fr\/","name":"IMREDD - C\u00f4te d'Azur University","description":"Mediterranean Institute for Risk, Environment and Sustainable Development","publisher":{"@id":"https:\/\/imredd.fr\/#organization"},"potentialAction":[{"@type":"SearchAction","target":{"@type":"EntryPoint","urlTemplate":"https:\/\/imredd.fr\/?s={search_term_string}"},"query-input":{"@type":"PropertyValueSpecification","valueRequired":true,"valueName":"search_term_string"}}],"inLanguage":"en-GB"},{"@type":"Organization","@id":"https:\/\/imredd.fr\/#organization","name":"IMREDD - Mediterranean Institute for Risk, Environment and Sustainable Development","url":"https:\/\/imredd.fr\/","logo":{"@type":"ImageObject","inLanguage":"en-GB","@id":"https:\/\/imredd.fr\/#\/schema\/logo\/image\/","url":"https:\/\/imredd.fr\/wp-content\/uploads\/2025\/07\/IMREDD-Logo-couleurs-transparent.png","contentUrl":"https:\/\/imredd.fr\/wp-content\/uploads\/2025\/07\/IMREDD-Logo-couleurs-transparent.png","width":959,"height":164,"caption":"IMREDD - Institut M\u00e9diterran\u00e9en du Risque, de l'Environnement et du D\u00e9veloppement Durable"},"image":{"@id":"https:\/\/imredd.fr\/#\/schema\/logo\/image\/"},"sameAs":["http:\/\/facebook.com\/imredd.uca","http:\/\/linkedin.com\/showcase\/imredd"]},{"@type":"Person","@id":"https:\/\/imredd.fr\/#\/schema\/person\/41e50290e799cf196e315345a93c68de","name":"Antonio Barros","image":{"@type":"ImageObject","inLanguage":"en-GB","@id":"https:\/\/secure.gravatar.com\/avatar\/f4be75a97d6a27aad47c779bf7bfef9978f4ce4cf5a3c6160d97f893788ce445?s=96&d=mm&r=g","url":"https:\/\/secure.gravatar.com\/avatar\/f4be75a97d6a27aad47c779bf7bfef9978f4ce4cf5a3c6160d97f893788ce445?s=96&d=mm&r=g","contentUrl":"https:\/\/secure.gravatar.com\/avatar\/f4be75a97d6a27aad47c779bf7bfef9978f4ce4cf5a3c6160d97f893788ce445?s=96&d=mm&r=g","caption":"Antonio Barros"},"url":"https:\/\/imredd.fr\/en\/author\/imredd-com\/"}]}},"_links":{"self":[{"href":"https:\/\/imredd.fr\/en\/wp-json\/wp\/v2\/posts\/13695","targetHints":{"allow":["GET"]}}],"collection":[{"href":"https:\/\/imredd.fr\/en\/wp-json\/wp\/v2\/posts"}],"about":[{"href":"https:\/\/imredd.fr\/en\/wp-json\/wp\/v2\/types\/post"}],"author":[{"embeddable":true,"href":"https:\/\/imredd.fr\/en\/wp-json\/wp\/v2\/users\/2"}],"replies":[{"embeddable":true,"href":"https:\/\/imredd.fr\/en\/wp-json\/wp\/v2\/comments?post=13695"}],"version-history":[{"count":0,"href":"https:\/\/imredd.fr\/en\/wp-json\/wp\/v2\/posts\/13695\/revisions"}],"wp:featuredmedia":[{"embeddable":true,"href":"https:\/\/imredd.fr\/en\/wp-json\/wp\/v2\/media\/13523"}],"wp:attachment":[{"href":"https:\/\/imredd.fr\/en\/wp-json\/wp\/v2\/media?parent=13695"}],"wp:term":[{"taxonomy":"category","embeddable":true,"href":"https:\/\/imredd.fr\/en\/wp-json\/wp\/v2\/categories?post=13695"},{"taxonomy":"post_tag","embeddable":true,"href":"https:\/\/imredd.fr\/en\/wp-json\/wp\/v2\/tags?post=13695"}],"curies":[{"name":"wp","href":"https:\/\/api.w.org\/{rel}","templated":true}]}}