{"id":13715,"date":"2020-03-26T16:56:26","date_gmt":"2020-03-26T15:56:26","guid":{"rendered":"https:\/\/imredd.fr\/?p=13715"},"modified":"2026-01-08T12:22:36","modified_gmt":"2026-01-08T11:22:36","slug":"during-lockdown-follow-the-online-courses-from-the-smart-city-philosophy-and-ethics-chair","status":"publish","type":"post","link":"https:\/\/imredd.fr\/en\/pendant-le-confinement-suivez-les-cours-en-ligne-de-la-chaire-smart-city-philosophie-et-ethique\/","title":{"rendered":"During the lockdown, follow the online courses of the Smart City Chair: Philosophy and Ethics"},"content":{"rendered":"<p>Following the cancellation of the Philosophy for Smart City Encounters due to the coronavirus epidemic, the Smart City Chair is now offering <a href=\"http:\/\/philosophiedelasmartcity.fr\/cours_en_ligne\" target=\"_blank\" rel=\"noopener noreferrer\">online courses<\/a> for those who wish to better understand the key philosophical and societal stakes of the smart city.<\/p>\n<p>The Smart City Chair's Essentials series features short videos, accompanied by reading suggestions, to further explore the ideas presented by Dr Laurence Vanin.<\/p>\n<p>The videos are shared on <a href=\"https:\/\/www.facebook.com\/philosophiedelasmartcity\/\" target=\"_blank\" rel=\"noopener noreferrer\">Facebook<\/a> and <a href=\"https:\/\/www.youtube.com\/playlist?list=PLdBWFtXGUX0cTv6aIW1Tww7V8DC6LHD4K\" target=\"_blank\" rel=\"noopener noreferrer\">YouTube<\/a> and the texts are available on the <a href=\"http:\/\/philosophiedelasmartcity.fr\/cours_en_ligne\" target=\"_blank\" rel=\"noopener noreferrer\">Chair's website<\/a>.<\/p>\n<p><!--themify_builder_static--><!--\/themify_builder_static--><\/p>","protected":false},"excerpt":{"rendered":"<p>The Smart City Chair's Essentials series features short videos with reading suggestions.<\/p>","protected":false},"author":2,"featured_media":13716,"comment_status":"open","ping_status":"open","sticky":false,"template":"","format":"standard","meta":{"footnotes":""},"categories":[36],"tags":[94],"class_list":["post-13715","post","type-post","status-publish","format-standard","has-post-thumbnail","hentry","category-formations","tag-smart-city-philo","has-post-title","has-post-date","has-post-category","has-post-tag","has-post-comment","has-post-author",""],"yoast_head":"<!-- This site is optimized with the Yoast SEO Premium plugin v27.4 (Yoast SEO v27.4) - https:\/\/yoast.com\/product\/yoast-seo-premium-wordpress\/ -->\n<title>Pendant le confinement, suivez les cours en ligne de la Chaire Smart City : Philosophie et \u00c9thique - IMREDD - Universit\u00e9 C\u00f4te d&#039;Azur<\/title>\n<meta name=\"robots\" content=\"index, follow, max-snippet:-1, max-image-preview:large, max-video-preview:-1\" \/>\n<link rel=\"canonical\" href=\"https:\/\/imredd.fr\/en\/during-lockdown-follow-the-online-courses-from-the-smart-city-philosophy-and-ethics-chair\/\" \/>\n<meta property=\"og:locale\" content=\"en_GB\" \/>\n<meta property=\"og:type\" content=\"article\" \/>\n<meta property=\"og:title\" content=\"Pendant le confinement, suivez les cours en ligne de la Chaire Smart City : Philosophie et \u00c9thique\" \/>\n<meta property=\"og:description\" content=\"La s\u00e9rie Les Essentiels de la Chaire Smart City comporte des vid\u00e9os courtes accompagn\u00e9es de suggestions de lecture\" \/>\n<meta property=\"og:url\" content=\"https:\/\/imredd.fr\/en\/during-lockdown-follow-the-online-courses-from-the-smart-city-philosophy-and-ethics-chair\/\" \/>\n<meta property=\"og:site_name\" content=\"IMREDD - Universit\u00e9 C\u00f4te d&#039;Azur\" \/>\n<meta property=\"article:publisher\" content=\"http:\/\/facebook.com\/imredd.uca\" \/>\n<meta property=\"article:published_time\" content=\"2020-03-26T15:56:26+00:00\" \/>\n<meta property=\"article:modified_time\" content=\"2026-01-08T11:22:36+00:00\" \/>\n<meta property=\"og:image\" content=\"https:\/\/imredd.fr\/wp-content\/uploads\/2020\/03\/cours_3_cover.jpg\" \/>\n\t<meta property=\"og:image:width\" content=\"1920\" \/>\n\t<meta property=\"og:image:height\" content=\"1080\" \/>\n\t<meta property=\"og:image:type\" content=\"image\/jpeg\" \/>\n<meta name=\"author\" content=\"Antonio Barros\" \/>\n<meta name=\"twitter:card\" content=\"summary_large_image\" \/>\n<meta name=\"twitter:label1\" content=\"Written by\" \/>\n\t<meta name=\"twitter:data1\" content=\"Antonio Barros\" \/>\n\t<meta name=\"twitter:label2\" content=\"Estimated reading time\" \/>\n\t<meta name=\"twitter:data2\" content=\"1 minute\" \/>\n<script type=\"application\/ld+json\" class=\"yoast-schema-graph\">{\"@context\":\"https:\\\/\\\/schema.org\",\"@graph\":[{\"@type\":\"Article\",\"@id\":\"https:\\\/\\\/imredd.fr\\\/en\\\/during-lockdown-follow-the-online-courses-from-the-smart-city-philosophy-and-ethics-chair\\\/#article\",\"isPartOf\":{\"@id\":\"https:\\\/\\\/imredd.fr\\\/en\\\/during-lockdown-follow-the-online-courses-from-the-smart-city-philosophy-and-ethics-chair\\\/\"},\"author\":{\"name\":\"Antonio Barros\",\"@id\":\"https:\\\/\\\/imredd.fr\\\/#\\\/schema\\\/person\\\/41e50290e799cf196e315345a93c68de\"},\"headline\":\"Pendant le confinement, suivez les cours en ligne de la Chaire Smart City : Philosophie et \u00c9thique\",\"datePublished\":\"2020-03-26T15:56:26+00:00\",\"dateModified\":\"2026-01-08T11:22:36+00:00\",\"mainEntityOfPage\":{\"@id\":\"https:\\\/\\\/imredd.fr\\\/en\\\/during-lockdown-follow-the-online-courses-from-the-smart-city-philosophy-and-ethics-chair\\\/\"},\"wordCount\":119,\"commentCount\":0,\"publisher\":{\"@id\":\"https:\\\/\\\/imredd.fr\\\/#organization\"},\"image\":{\"@id\":\"https:\\\/\\\/imredd.fr\\\/en\\\/during-lockdown-follow-the-online-courses-from-the-smart-city-philosophy-and-ethics-chair\\\/#primaryimage\"},\"thumbnailUrl\":\"https:\\\/\\\/imredd.fr\\\/wp-content\\\/uploads\\\/2020\\\/03\\\/cours_3_cover.jpg\",\"keywords\":[\"Chaire Smart City : Philosophie et \u00c9thique\"],\"articleSection\":[\"Formations\"],\"inLanguage\":\"en-GB\",\"potentialAction\":[{\"@type\":\"CommentAction\",\"name\":\"Comment\",\"target\":[\"https:\\\/\\\/imredd.fr\\\/en\\\/during-lockdown-follow-the-online-courses-from-the-smart-city-philosophy-and-ethics-chair\\\/#respond\"]}]},{\"@type\":\"WebPage\",\"@id\":\"https:\\\/\\\/imredd.fr\\\/en\\\/during-lockdown-follow-the-online-courses-from-the-smart-city-philosophy-and-ethics-chair\\\/\",\"url\":\"https:\\\/\\\/imredd.fr\\\/en\\\/during-lockdown-follow-the-online-courses-from-the-smart-city-philosophy-and-ethics-chair\\\/\",\"name\":\"Pendant le confinement, suivez les cours en ligne de la Chaire Smart City : Philosophie et \u00c9thique - IMREDD - Universit\u00e9 C\u00f4te d&#039;Azur\",\"isPartOf\":{\"@id\":\"https:\\\/\\\/imredd.fr\\\/#website\"},\"primaryImageOfPage\":{\"@id\":\"https:\\\/\\\/imredd.fr\\\/en\\\/during-lockdown-follow-the-online-courses-from-the-smart-city-philosophy-and-ethics-chair\\\/#primaryimage\"},\"image\":{\"@id\":\"https:\\\/\\\/imredd.fr\\\/en\\\/during-lockdown-follow-the-online-courses-from-the-smart-city-philosophy-and-ethics-chair\\\/#primaryimage\"},\"thumbnailUrl\":\"https:\\\/\\\/imredd.fr\\\/wp-content\\\/uploads\\\/2020\\\/03\\\/cours_3_cover.jpg\",\"datePublished\":\"2020-03-26T15:56:26+00:00\",\"dateModified\":\"2026-01-08T11:22:36+00:00\",\"breadcrumb\":{\"@id\":\"https:\\\/\\\/imredd.fr\\\/en\\\/during-lockdown-follow-the-online-courses-from-the-smart-city-philosophy-and-ethics-chair\\\/#breadcrumb\"},\"inLanguage\":\"en-GB\",\"potentialAction\":[{\"@type\":\"ReadAction\",\"target\":[\"https:\\\/\\\/imredd.fr\\\/en\\\/during-lockdown-follow-the-online-courses-from-the-smart-city-philosophy-and-ethics-chair\\\/\"]}]},{\"@type\":\"ImageObject\",\"inLanguage\":\"en-GB\",\"@id\":\"https:\\\/\\\/imredd.fr\\\/en\\\/during-lockdown-follow-the-online-courses-from-the-smart-city-philosophy-and-ethics-chair\\\/#primaryimage\",\"url\":\"https:\\\/\\\/imredd.fr\\\/wp-content\\\/uploads\\\/2020\\\/03\\\/cours_3_cover.jpg\",\"contentUrl\":\"https:\\\/\\\/imredd.fr\\\/wp-content\\\/uploads\\\/2020\\\/03\\\/cours_3_cover.jpg\",\"width\":1920,\"height\":1080},{\"@type\":\"BreadcrumbList\",\"@id\":\"https:\\\/\\\/imredd.fr\\\/en\\\/during-lockdown-follow-the-online-courses-from-the-smart-city-philosophy-and-ethics-chair\\\/#breadcrumb\",\"itemListElement\":[{\"@type\":\"ListItem\",\"position\":1,\"name\":\"Accueil\",\"item\":\"https:\\\/\\\/imredd.fr\\\/\"},{\"@type\":\"ListItem\",\"position\":2,\"name\":\"Pendant le confinement, suivez les cours en ligne de la Chaire Smart City : Philosophie et \u00c9thique\"}]},{\"@type\":\"WebSite\",\"@id\":\"https:\\\/\\\/imredd.fr\\\/#website\",\"url\":\"https:\\\/\\\/imredd.fr\\\/\",\"name\":\"IMREDD - Universit\u00e9 C\u00f4te d'Azur\",\"description\":\"Institut M\u00e9diterran\u00e9en du Risque, de l&#039;Environnement et du D\u00e9veloppement Durable\",\"publisher\":{\"@id\":\"https:\\\/\\\/imredd.fr\\\/#organization\"},\"potentialAction\":[{\"@type\":\"SearchAction\",\"target\":{\"@type\":\"EntryPoint\",\"urlTemplate\":\"https:\\\/\\\/imredd.fr\\\/?s={search_term_string}\"},\"query-input\":{\"@type\":\"PropertyValueSpecification\",\"valueRequired\":true,\"valueName\":\"search_term_string\"}}],\"inLanguage\":\"en-GB\"},{\"@type\":\"Organization\",\"@id\":\"https:\\\/\\\/imredd.fr\\\/#organization\",\"name\":\"IMREDD - Institut M\u00e9diterran\u00e9en du Risque, de l'Environnement et du D\u00e9veloppement Durable\",\"url\":\"https:\\\/\\\/imredd.fr\\\/\",\"logo\":{\"@type\":\"ImageObject\",\"inLanguage\":\"en-GB\",\"@id\":\"https:\\\/\\\/imredd.fr\\\/#\\\/schema\\\/logo\\\/image\\\/\",\"url\":\"https:\\\/\\\/imredd.fr\\\/wp-content\\\/uploads\\\/2025\\\/07\\\/IMREDD-Logo-couleurs-transparent.png\",\"contentUrl\":\"https:\\\/\\\/imredd.fr\\\/wp-content\\\/uploads\\\/2025\\\/07\\\/IMREDD-Logo-couleurs-transparent.png\",\"width\":959,\"height\":164,\"caption\":\"IMREDD - Institut M\u00e9diterran\u00e9en du Risque, de l'Environnement et du D\u00e9veloppement Durable\"},\"image\":{\"@id\":\"https:\\\/\\\/imredd.fr\\\/#\\\/schema\\\/logo\\\/image\\\/\"},\"sameAs\":[\"http:\\\/\\\/facebook.com\\\/imredd.uca\",\"http:\\\/\\\/linkedin.com\\\/showcase\\\/imredd\"]},{\"@type\":\"Person\",\"@id\":\"https:\\\/\\\/imredd.fr\\\/#\\\/schema\\\/person\\\/41e50290e799cf196e315345a93c68de\",\"name\":\"Antonio Barros\",\"image\":{\"@type\":\"ImageObject\",\"inLanguage\":\"en-GB\",\"@id\":\"https:\\\/\\\/secure.gravatar.com\\\/avatar\\\/f4be75a97d6a27aad47c779bf7bfef9978f4ce4cf5a3c6160d97f893788ce445?s=96&d=mm&r=g\",\"url\":\"https:\\\/\\\/secure.gravatar.com\\\/avatar\\\/f4be75a97d6a27aad47c779bf7bfef9978f4ce4cf5a3c6160d97f893788ce445?s=96&d=mm&r=g\",\"contentUrl\":\"https:\\\/\\\/secure.gravatar.com\\\/avatar\\\/f4be75a97d6a27aad47c779bf7bfef9978f4ce4cf5a3c6160d97f893788ce445?s=96&d=mm&r=g\",\"caption\":\"Antonio Barros\"},\"url\":\"https:\\\/\\\/imredd.fr\\\/en\\\/author\\\/imredd-com\\\/\"}]}<\/script>\n<!-- \/ Yoast SEO Premium plugin. -->","yoast_head_json":{"title":"During lockdown, follow the online courses of the Smart City Chair: Philosophy and Ethics - IMREDD - Universit\u00e9 C\u00f4te d'Azur","robots":{"index":"index","follow":"follow","max-snippet":"max-snippet:-1","max-image-preview":"max-image-preview:large","max-video-preview":"max-video-preview:-1"},"canonical":"https:\/\/imredd.fr\/en\/during-lockdown-follow-the-online-courses-from-the-smart-city-philosophy-and-ethics-chair\/","og_locale":"en_GB","og_type":"article","og_title":"Pendant le confinement, suivez les cours en ligne de la Chaire Smart City : Philosophie et \u00c9thique","og_description":"La s\u00e9rie Les Essentiels de la Chaire Smart City comporte des vid\u00e9os courtes accompagn\u00e9es de suggestions de lecture","og_url":"https:\/\/imredd.fr\/en\/during-lockdown-follow-the-online-courses-from-the-smart-city-philosophy-and-ethics-chair\/","og_site_name":"IMREDD - Universit\u00e9 C\u00f4te d&#039;Azur","article_publisher":"http:\/\/facebook.com\/imredd.uca","article_published_time":"2020-03-26T15:56:26+00:00","article_modified_time":"2026-01-08T11:22:36+00:00","og_image":[{"width":1920,"height":1080,"url":"https:\/\/imredd.fr\/wp-content\/uploads\/2020\/03\/cours_3_cover.jpg","type":"image\/jpeg"}],"author":"Antonio Barros","twitter_card":"summary_large_image","twitter_misc":{"Written by":"Antonio Barros","Estimated reading time":"1 minute"},"schema":{"@context":"https:\/\/schema.org","@graph":[{"@type":"Article","@id":"https:\/\/imredd.fr\/en\/during-lockdown-follow-the-online-courses-from-the-smart-city-philosophy-and-ethics-chair\/#article","isPartOf":{"@id":"https:\/\/imredd.fr\/en\/during-lockdown-follow-the-online-courses-from-the-smart-city-philosophy-and-ethics-chair\/"},"author":{"name":"Antonio Barros","@id":"https:\/\/imredd.fr\/#\/schema\/person\/41e50290e799cf196e315345a93c68de"},"headline":"Pendant le confinement, suivez les cours en ligne de la Chaire Smart City : Philosophie et \u00c9thique","datePublished":"2020-03-26T15:56:26+00:00","dateModified":"2026-01-08T11:22:36+00:00","mainEntityOfPage":{"@id":"https:\/\/imredd.fr\/en\/during-lockdown-follow-the-online-courses-from-the-smart-city-philosophy-and-ethics-chair\/"},"wordCount":119,"commentCount":0,"publisher":{"@id":"https:\/\/imredd.fr\/#organization"},"image":{"@id":"https:\/\/imredd.fr\/en\/during-lockdown-follow-the-online-courses-from-the-smart-city-philosophy-and-ethics-chair\/#primaryimage"},"thumbnailUrl":"https:\/\/imredd.fr\/wp-content\/uploads\/2020\/03\/cours_3_cover.jpg","keywords":["Chaire Smart City : Philosophie et \u00c9thique"],"articleSection":["Formations"],"inLanguage":"en-GB","potentialAction":[{"@type":"CommentAction","name":"Comment","target":["https:\/\/imredd.fr\/en\/during-lockdown-follow-the-online-courses-from-the-smart-city-philosophy-and-ethics-chair\/#respond"]}]},{"@type":"WebPage","@id":"https:\/\/imredd.fr\/en\/during-lockdown-follow-the-online-courses-from-the-smart-city-philosophy-and-ethics-chair\/","url":"https:\/\/imredd.fr\/en\/during-lockdown-follow-the-online-courses-from-the-smart-city-philosophy-and-ethics-chair\/","name":"During lockdown, follow the online courses of the Smart City Chair: Philosophy and Ethics - IMREDD - Universit\u00e9 C\u00f4te d'Azur","isPartOf":{"@id":"https:\/\/imredd.fr\/#website"},"primaryImageOfPage":{"@id":"https:\/\/imredd.fr\/en\/during-lockdown-follow-the-online-courses-from-the-smart-city-philosophy-and-ethics-chair\/#primaryimage"},"image":{"@id":"https:\/\/imredd.fr\/en\/during-lockdown-follow-the-online-courses-from-the-smart-city-philosophy-and-ethics-chair\/#primaryimage"},"thumbnailUrl":"https:\/\/imredd.fr\/wp-content\/uploads\/2020\/03\/cours_3_cover.jpg","datePublished":"2020-03-26T15:56:26+00:00","dateModified":"2026-01-08T11:22:36+00:00","breadcrumb":{"@id":"https:\/\/imredd.fr\/en\/during-lockdown-follow-the-online-courses-from-the-smart-city-philosophy-and-ethics-chair\/#breadcrumb"},"inLanguage":"en-GB","potentialAction":[{"@type":"ReadAction","target":["https:\/\/imredd.fr\/en\/during-lockdown-follow-the-online-courses-from-the-smart-city-philosophy-and-ethics-chair\/"]}]},{"@type":"ImageObject","inLanguage":"en-GB","@id":"https:\/\/imredd.fr\/en\/during-lockdown-follow-the-online-courses-from-the-smart-city-philosophy-and-ethics-chair\/#primaryimage","url":"https:\/\/imredd.fr\/wp-content\/uploads\/2020\/03\/cours_3_cover.jpg","contentUrl":"https:\/\/imredd.fr\/wp-content\/uploads\/2020\/03\/cours_3_cover.jpg","width":1920,"height":1080},{"@type":"BreadcrumbList","@id":"https:\/\/imredd.fr\/en\/during-lockdown-follow-the-online-courses-from-the-smart-city-philosophy-and-ethics-chair\/#breadcrumb","itemListElement":[{"@type":"ListItem","position":1,"name":"Accueil","item":"https:\/\/imredd.fr\/"},{"@type":"ListItem","position":2,"name":"Pendant le confinement, suivez les cours en ligne de la Chaire Smart City : Philosophie et \u00c9thique"}]},{"@type":"WebSite","@id":"https:\/\/imredd.fr\/#website","url":"https:\/\/imredd.fr\/","name":"IMREDD - C\u00f4te d'Azur University","description":"Mediterranean Institute for Risk, Environment and Sustainable Development","publisher":{"@id":"https:\/\/imredd.fr\/#organization"},"potentialAction":[{"@type":"SearchAction","target":{"@type":"EntryPoint","urlTemplate":"https:\/\/imredd.fr\/?s={search_term_string}"},"query-input":{"@type":"PropertyValueSpecification","valueRequired":true,"valueName":"search_term_string"}}],"inLanguage":"en-GB"},{"@type":"Organization","@id":"https:\/\/imredd.fr\/#organization","name":"IMREDD - Mediterranean Institute for Risk, Environment and Sustainable Development","url":"https:\/\/imredd.fr\/","logo":{"@type":"ImageObject","inLanguage":"en-GB","@id":"https:\/\/imredd.fr\/#\/schema\/logo\/image\/","url":"https:\/\/imredd.fr\/wp-content\/uploads\/2025\/07\/IMREDD-Logo-couleurs-transparent.png","contentUrl":"https:\/\/imredd.fr\/wp-content\/uploads\/2025\/07\/IMREDD-Logo-couleurs-transparent.png","width":959,"height":164,"caption":"IMREDD - Institut M\u00e9diterran\u00e9en du Risque, de l'Environnement et du D\u00e9veloppement Durable"},"image":{"@id":"https:\/\/imredd.fr\/#\/schema\/logo\/image\/"},"sameAs":["http:\/\/facebook.com\/imredd.uca","http:\/\/linkedin.com\/showcase\/imredd"]},{"@type":"Person","@id":"https:\/\/imredd.fr\/#\/schema\/person\/41e50290e799cf196e315345a93c68de","name":"Antonio Barros","image":{"@type":"ImageObject","inLanguage":"en-GB","@id":"https:\/\/secure.gravatar.com\/avatar\/f4be75a97d6a27aad47c779bf7bfef9978f4ce4cf5a3c6160d97f893788ce445?s=96&d=mm&r=g","url":"https:\/\/secure.gravatar.com\/avatar\/f4be75a97d6a27aad47c779bf7bfef9978f4ce4cf5a3c6160d97f893788ce445?s=96&d=mm&r=g","contentUrl":"https:\/\/secure.gravatar.com\/avatar\/f4be75a97d6a27aad47c779bf7bfef9978f4ce4cf5a3c6160d97f893788ce445?s=96&d=mm&r=g","caption":"Antonio Barros"},"url":"https:\/\/imredd.fr\/en\/author\/imredd-com\/"}]}},"_links":{"self":[{"href":"https:\/\/imredd.fr\/en\/wp-json\/wp\/v2\/posts\/13715","targetHints":{"allow":["GET"]}}],"collection":[{"href":"https:\/\/imredd.fr\/en\/wp-json\/wp\/v2\/posts"}],"about":[{"href":"https:\/\/imredd.fr\/en\/wp-json\/wp\/v2\/types\/post"}],"author":[{"embeddable":true,"href":"https:\/\/imredd.fr\/en\/wp-json\/wp\/v2\/users\/2"}],"replies":[{"embeddable":true,"href":"https:\/\/imredd.fr\/en\/wp-json\/wp\/v2\/comments?post=13715"}],"version-history":[{"count":0,"href":"https:\/\/imredd.fr\/en\/wp-json\/wp\/v2\/posts\/13715\/revisions"}],"wp:featuredmedia":[{"embeddable":true,"href":"https:\/\/imredd.fr\/en\/wp-json\/wp\/v2\/media\/13716"}],"wp:attachment":[{"href":"https:\/\/imredd.fr\/en\/wp-json\/wp\/v2\/media?parent=13715"}],"wp:term":[{"taxonomy":"category","embeddable":true,"href":"https:\/\/imredd.fr\/en\/wp-json\/wp\/v2\/categories?post=13715"},{"taxonomy":"post_tag","embeddable":true,"href":"https:\/\/imredd.fr\/en\/wp-json\/wp\/v2\/tags?post=13715"}],"curies":[{"name":"wp","href":"https:\/\/api.w.org\/{rel}","templated":true}]}}