{"id":19380,"date":"2021-07-09T14:24:06","date_gmt":"2021-07-09T12:24:06","guid":{"rendered":"https:\/\/imredd.fr\/?p=19380"},"modified":"2026-01-12T18:47:32","modified_gmt":"2026-01-12T17:47:32","slug":"siradel-event-digital-twin-and-smart-territories","status":"publish","type":"post","link":"https:\/\/imredd.fr\/en\/evenement-siradel-imredd-jumeau-numerique-et-territoires-intelligents\/","title":{"rendered":"SIRADEL - IMREDD event : Digital Twinning and Intelligent Territories"},"content":{"rendered":"<p>Today <a href=\"https:\/\/www.siradel.com\/\">SIRADEL<\/a> and IMREDD officially presented their partnership to various partners and the media. Their collaboration takes the form of innovative projects aimed at building ever more sustainable and resilient territories.<!--more--><\/p>\n<p>SIRADEL's expertise lies in the creation of digital city models, a kind of digital twin which, when combined with simulation software using city data, becomes a powerful tool for analysis, management and anticipation for our cities and our region.<\/p>\n<p>The morning continued with a demonstration on the digital transition, energy efficiency, resilience and respect for the environment.<\/p>\n<p><!--themify_builder_static--><!--\/themify_builder_static--><\/p>","protected":false},"excerpt":{"rendered":"<p>On Friday 9 July, SIRADEL and IMREDD officially presented their partnership to various partners and the media. Their collaboration is being realised through innovative projects aimed at building ever-more sustainable and resilient territories.<\/p>","protected":false},"author":2,"featured_media":19381,"comment_status":"open","ping_status":"open","sticky":false,"template":"","format":"standard","meta":{"footnotes":""},"categories":[505,504],"tags":[],"class_list":["post-19380","post","type-post","status-publish","format-standard","has-post-thumbnail","hentry","category-evenements","category-projets-et-recherche","has-post-title","has-post-date","has-post-category","has-post-tag","has-post-comment","has-post-author",""],"yoast_head":"<!-- This site is optimized with the Yoast SEO Premium plugin v27.4 (Yoast SEO v27.4) - https:\/\/yoast.com\/product\/yoast-seo-premium-wordpress\/ -->\n<title>Ev\u00e9nement SIRADEL - IMREDD : Jumeau Num\u00e9rique et Territoires Intelligents - IMREDD - Universit\u00e9 C\u00f4te d&#039;Azur<\/title>\n<meta name=\"robots\" content=\"index, follow, max-snippet:-1, max-image-preview:large, max-video-preview:-1\" \/>\n<link rel=\"canonical\" href=\"https:\/\/imredd.fr\/en\/siradel-event-digital-twin-and-smart-territories\/\" \/>\n<meta property=\"og:locale\" content=\"en_GB\" \/>\n<meta property=\"og:type\" content=\"article\" \/>\n<meta property=\"og:title\" content=\"Ev\u00e9nement SIRADEL - IMREDD : Jumeau Num\u00e9rique et Territoires Intelligents\" \/>\n<meta property=\"og:description\" content=\"Le vendredi 9 juillet, SIRADEL et l\u2019IMREDD ont pr\u00e9sent\u00e9 officiellement leur partenariat aupr\u00e8s de diff\u00e9rents partenaires et m\u00e9dias. Leur collaboration se concr\u00e9tise dans des projets innovants au service de la construction de territoires toujours plus durables et r\u00e9silients.\" \/>\n<meta property=\"og:url\" content=\"https:\/\/imredd.fr\/en\/siradel-event-digital-twin-and-smart-territories\/\" \/>\n<meta property=\"og:site_name\" content=\"IMREDD - Universit\u00e9 C\u00f4te d&#039;Azur\" \/>\n<meta property=\"article:publisher\" content=\"http:\/\/facebook.com\/imredd.uca\" \/>\n<meta property=\"article:published_time\" content=\"2021-07-09T12:24:06+00:00\" \/>\n<meta property=\"article:modified_time\" content=\"2026-01-12T17:47:32+00:00\" \/>\n<meta property=\"og:image\" content=\"https:\/\/imredd.fr\/wp-content\/uploads\/2021\/07\/SIRADEL_IMREDD_Event.png\" \/>\n\t<meta property=\"og:image:width\" content=\"799\" \/>\n\t<meta property=\"og:image:height\" content=\"533\" \/>\n\t<meta property=\"og:image:type\" content=\"image\/png\" \/>\n<meta name=\"author\" content=\"Antonio Barros\" \/>\n<meta name=\"twitter:card\" content=\"summary_large_image\" \/>\n<meta name=\"twitter:label1\" content=\"Written by\" \/>\n\t<meta name=\"twitter:data1\" content=\"Antonio Barros\" \/>\n\t<meta name=\"twitter:label2\" content=\"Estimated reading time\" \/>\n\t<meta name=\"twitter:data2\" content=\"1 minute\" \/>\n<script type=\"application\/ld+json\" class=\"yoast-schema-graph\">{\"@context\":\"https:\\\/\\\/schema.org\",\"@graph\":[{\"@type\":\"Article\",\"@id\":\"https:\\\/\\\/imredd.fr\\\/en\\\/siradel-event-digital-twin-and-smart-territories\\\/#article\",\"isPartOf\":{\"@id\":\"https:\\\/\\\/imredd.fr\\\/en\\\/siradel-event-digital-twin-and-smart-territories\\\/\"},\"author\":{\"name\":\"Antonio Barros\",\"@id\":\"https:\\\/\\\/imredd.fr\\\/#\\\/schema\\\/person\\\/41e50290e799cf196e315345a93c68de\"},\"headline\":\"Ev\u00e9nement SIRADEL &#8211; IMREDD : Jumeau Num\u00e9rique et Territoires Intelligents\",\"datePublished\":\"2021-07-09T12:24:06+00:00\",\"dateModified\":\"2026-01-12T17:47:32+00:00\",\"mainEntityOfPage\":{\"@id\":\"https:\\\/\\\/imredd.fr\\\/en\\\/siradel-event-digital-twin-and-smart-territories\\\/\"},\"wordCount\":133,\"commentCount\":0,\"publisher\":{\"@id\":\"https:\\\/\\\/imredd.fr\\\/#organization\"},\"image\":{\"@id\":\"https:\\\/\\\/imredd.fr\\\/en\\\/siradel-event-digital-twin-and-smart-territories\\\/#primaryimage\"},\"thumbnailUrl\":\"https:\\\/\\\/imredd.fr\\\/wp-content\\\/uploads\\\/2021\\\/07\\\/SIRADEL_IMREDD_Event.png\",\"articleSection\":[\"\u00c9v\u00e9nements\",\"Projets et Recherche\"],\"inLanguage\":\"en-GB\",\"potentialAction\":[{\"@type\":\"CommentAction\",\"name\":\"Comment\",\"target\":[\"https:\\\/\\\/imredd.fr\\\/en\\\/siradel-event-digital-twin-and-smart-territories\\\/#respond\"]}]},{\"@type\":\"WebPage\",\"@id\":\"https:\\\/\\\/imredd.fr\\\/en\\\/siradel-event-digital-twin-and-smart-territories\\\/\",\"url\":\"https:\\\/\\\/imredd.fr\\\/en\\\/siradel-event-digital-twin-and-smart-territories\\\/\",\"name\":\"Ev\u00e9nement SIRADEL - IMREDD : Jumeau Num\u00e9rique et Territoires Intelligents - IMREDD - Universit\u00e9 C\u00f4te d&#039;Azur\",\"isPartOf\":{\"@id\":\"https:\\\/\\\/imredd.fr\\\/#website\"},\"primaryImageOfPage\":{\"@id\":\"https:\\\/\\\/imredd.fr\\\/en\\\/siradel-event-digital-twin-and-smart-territories\\\/#primaryimage\"},\"image\":{\"@id\":\"https:\\\/\\\/imredd.fr\\\/en\\\/siradel-event-digital-twin-and-smart-territories\\\/#primaryimage\"},\"thumbnailUrl\":\"https:\\\/\\\/imredd.fr\\\/wp-content\\\/uploads\\\/2021\\\/07\\\/SIRADEL_IMREDD_Event.png\",\"datePublished\":\"2021-07-09T12:24:06+00:00\",\"dateModified\":\"2026-01-12T17:47:32+00:00\",\"breadcrumb\":{\"@id\":\"https:\\\/\\\/imredd.fr\\\/en\\\/siradel-event-digital-twin-and-smart-territories\\\/#breadcrumb\"},\"inLanguage\":\"en-GB\",\"potentialAction\":[{\"@type\":\"ReadAction\",\"target\":[\"https:\\\/\\\/imredd.fr\\\/en\\\/siradel-event-digital-twin-and-smart-territories\\\/\"]}]},{\"@type\":\"ImageObject\",\"inLanguage\":\"en-GB\",\"@id\":\"https:\\\/\\\/imredd.fr\\\/en\\\/siradel-event-digital-twin-and-smart-territories\\\/#primaryimage\",\"url\":\"https:\\\/\\\/imredd.fr\\\/wp-content\\\/uploads\\\/2021\\\/07\\\/SIRADEL_IMREDD_Event.png\",\"contentUrl\":\"https:\\\/\\\/imredd.fr\\\/wp-content\\\/uploads\\\/2021\\\/07\\\/SIRADEL_IMREDD_Event.png\",\"width\":799,\"height\":533},{\"@type\":\"BreadcrumbList\",\"@id\":\"https:\\\/\\\/imredd.fr\\\/en\\\/siradel-event-digital-twin-and-smart-territories\\\/#breadcrumb\",\"itemListElement\":[{\"@type\":\"ListItem\",\"position\":1,\"name\":\"Accueil\",\"item\":\"https:\\\/\\\/imredd.fr\\\/\"},{\"@type\":\"ListItem\",\"position\":2,\"name\":\"Ev\u00e9nement SIRADEL &#8211; IMREDD : Jumeau Num\u00e9rique et Territoires Intelligents\"}]},{\"@type\":\"WebSite\",\"@id\":\"https:\\\/\\\/imredd.fr\\\/#website\",\"url\":\"https:\\\/\\\/imredd.fr\\\/\",\"name\":\"IMREDD - Universit\u00e9 C\u00f4te d'Azur\",\"description\":\"Institut M\u00e9diterran\u00e9en du Risque, de l&#039;Environnement et du D\u00e9veloppement Durable\",\"publisher\":{\"@id\":\"https:\\\/\\\/imredd.fr\\\/#organization\"},\"potentialAction\":[{\"@type\":\"SearchAction\",\"target\":{\"@type\":\"EntryPoint\",\"urlTemplate\":\"https:\\\/\\\/imredd.fr\\\/?s={search_term_string}\"},\"query-input\":{\"@type\":\"PropertyValueSpecification\",\"valueRequired\":true,\"valueName\":\"search_term_string\"}}],\"inLanguage\":\"en-GB\"},{\"@type\":\"Organization\",\"@id\":\"https:\\\/\\\/imredd.fr\\\/#organization\",\"name\":\"IMREDD - Institut M\u00e9diterran\u00e9en du Risque, de l'Environnement et du D\u00e9veloppement Durable\",\"url\":\"https:\\\/\\\/imredd.fr\\\/\",\"logo\":{\"@type\":\"ImageObject\",\"inLanguage\":\"en-GB\",\"@id\":\"https:\\\/\\\/imredd.fr\\\/#\\\/schema\\\/logo\\\/image\\\/\",\"url\":\"https:\\\/\\\/imredd.fr\\\/wp-content\\\/uploads\\\/2025\\\/07\\\/IMREDD-Logo-couleurs-transparent.png\",\"contentUrl\":\"https:\\\/\\\/imredd.fr\\\/wp-content\\\/uploads\\\/2025\\\/07\\\/IMREDD-Logo-couleurs-transparent.png\",\"width\":959,\"height\":164,\"caption\":\"IMREDD - Institut M\u00e9diterran\u00e9en du Risque, de l'Environnement et du D\u00e9veloppement Durable\"},\"image\":{\"@id\":\"https:\\\/\\\/imredd.fr\\\/#\\\/schema\\\/logo\\\/image\\\/\"},\"sameAs\":[\"http:\\\/\\\/facebook.com\\\/imredd.uca\",\"http:\\\/\\\/linkedin.com\\\/showcase\\\/imredd\"]},{\"@type\":\"Person\",\"@id\":\"https:\\\/\\\/imredd.fr\\\/#\\\/schema\\\/person\\\/41e50290e799cf196e315345a93c68de\",\"name\":\"Antonio Barros\",\"image\":{\"@type\":\"ImageObject\",\"inLanguage\":\"en-GB\",\"@id\":\"https:\\\/\\\/secure.gravatar.com\\\/avatar\\\/f4be75a97d6a27aad47c779bf7bfef9978f4ce4cf5a3c6160d97f893788ce445?s=96&d=mm&r=g\",\"url\":\"https:\\\/\\\/secure.gravatar.com\\\/avatar\\\/f4be75a97d6a27aad47c779bf7bfef9978f4ce4cf5a3c6160d97f893788ce445?s=96&d=mm&r=g\",\"contentUrl\":\"https:\\\/\\\/secure.gravatar.com\\\/avatar\\\/f4be75a97d6a27aad47c779bf7bfef9978f4ce4cf5a3c6160d97f893788ce445?s=96&d=mm&r=g\",\"caption\":\"Antonio Barros\"},\"url\":\"https:\\\/\\\/imredd.fr\\\/en\\\/author\\\/imredd-com\\\/\"}]}<\/script>\n<!-- \/ Yoast SEO Premium plugin. -->","yoast_head_json":{"title":"SIRADEL event - IMREDD : Digital Twinning and Intelligent Territories - IMREDD - Universit\u00e9 C\u00f4te d'Azur","robots":{"index":"index","follow":"follow","max-snippet":"max-snippet:-1","max-image-preview":"max-image-preview:large","max-video-preview":"max-video-preview:-1"},"canonical":"https:\/\/imredd.fr\/en\/siradel-event-digital-twin-and-smart-territories\/","og_locale":"en_GB","og_type":"article","og_title":"Ev\u00e9nement SIRADEL - IMREDD : Jumeau Num\u00e9rique et Territoires Intelligents","og_description":"Le vendredi 9 juillet, SIRADEL et l\u2019IMREDD ont pr\u00e9sent\u00e9 officiellement leur partenariat aupr\u00e8s de diff\u00e9rents partenaires et m\u00e9dias. Leur collaboration se concr\u00e9tise dans des projets innovants au service de la construction de territoires toujours plus durables et r\u00e9silients.","og_url":"https:\/\/imredd.fr\/en\/siradel-event-digital-twin-and-smart-territories\/","og_site_name":"IMREDD - Universit\u00e9 C\u00f4te d&#039;Azur","article_publisher":"http:\/\/facebook.com\/imredd.uca","article_published_time":"2021-07-09T12:24:06+00:00","article_modified_time":"2026-01-12T17:47:32+00:00","og_image":[{"width":799,"height":533,"url":"https:\/\/imredd.fr\/wp-content\/uploads\/2021\/07\/SIRADEL_IMREDD_Event.png","type":"image\/png"}],"author":"Antonio Barros","twitter_card":"summary_large_image","twitter_misc":{"Written by":"Antonio Barros","Estimated reading time":"1 minute"},"schema":{"@context":"https:\/\/schema.org","@graph":[{"@type":"Article","@id":"https:\/\/imredd.fr\/en\/siradel-event-digital-twin-and-smart-territories\/#article","isPartOf":{"@id":"https:\/\/imredd.fr\/en\/siradel-event-digital-twin-and-smart-territories\/"},"author":{"name":"Antonio Barros","@id":"https:\/\/imredd.fr\/#\/schema\/person\/41e50290e799cf196e315345a93c68de"},"headline":"Ev\u00e9nement SIRADEL &#8211; IMREDD : Jumeau Num\u00e9rique et Territoires Intelligents","datePublished":"2021-07-09T12:24:06+00:00","dateModified":"2026-01-12T17:47:32+00:00","mainEntityOfPage":{"@id":"https:\/\/imredd.fr\/en\/siradel-event-digital-twin-and-smart-territories\/"},"wordCount":133,"commentCount":0,"publisher":{"@id":"https:\/\/imredd.fr\/#organization"},"image":{"@id":"https:\/\/imredd.fr\/en\/siradel-event-digital-twin-and-smart-territories\/#primaryimage"},"thumbnailUrl":"https:\/\/imredd.fr\/wp-content\/uploads\/2021\/07\/SIRADEL_IMREDD_Event.png","articleSection":["\u00c9v\u00e9nements","Projets et Recherche"],"inLanguage":"en-GB","potentialAction":[{"@type":"CommentAction","name":"Comment","target":["https:\/\/imredd.fr\/en\/siradel-event-digital-twin-and-smart-territories\/#respond"]}]},{"@type":"WebPage","@id":"https:\/\/imredd.fr\/en\/siradel-event-digital-twin-and-smart-territories\/","url":"https:\/\/imredd.fr\/en\/siradel-event-digital-twin-and-smart-territories\/","name":"SIRADEL event - IMREDD : Digital Twinning and Intelligent Territories - IMREDD - Universit\u00e9 C\u00f4te d'Azur","isPartOf":{"@id":"https:\/\/imredd.fr\/#website"},"primaryImageOfPage":{"@id":"https:\/\/imredd.fr\/en\/siradel-event-digital-twin-and-smart-territories\/#primaryimage"},"image":{"@id":"https:\/\/imredd.fr\/en\/siradel-event-digital-twin-and-smart-territories\/#primaryimage"},"thumbnailUrl":"https:\/\/imredd.fr\/wp-content\/uploads\/2021\/07\/SIRADEL_IMREDD_Event.png","datePublished":"2021-07-09T12:24:06+00:00","dateModified":"2026-01-12T17:47:32+00:00","breadcrumb":{"@id":"https:\/\/imredd.fr\/en\/siradel-event-digital-twin-and-smart-territories\/#breadcrumb"},"inLanguage":"en-GB","potentialAction":[{"@type":"ReadAction","target":["https:\/\/imredd.fr\/en\/siradel-event-digital-twin-and-smart-territories\/"]}]},{"@type":"ImageObject","inLanguage":"en-GB","@id":"https:\/\/imredd.fr\/en\/siradel-event-digital-twin-and-smart-territories\/#primaryimage","url":"https:\/\/imredd.fr\/wp-content\/uploads\/2021\/07\/SIRADEL_IMREDD_Event.png","contentUrl":"https:\/\/imredd.fr\/wp-content\/uploads\/2021\/07\/SIRADEL_IMREDD_Event.png","width":799,"height":533},{"@type":"BreadcrumbList","@id":"https:\/\/imredd.fr\/en\/siradel-event-digital-twin-and-smart-territories\/#breadcrumb","itemListElement":[{"@type":"ListItem","position":1,"name":"Accueil","item":"https:\/\/imredd.fr\/"},{"@type":"ListItem","position":2,"name":"Ev\u00e9nement SIRADEL &#8211; IMREDD : Jumeau Num\u00e9rique et Territoires Intelligents"}]},{"@type":"WebSite","@id":"https:\/\/imredd.fr\/#website","url":"https:\/\/imredd.fr\/","name":"IMREDD - C\u00f4te d'Azur University","description":"Mediterranean Institute for Risk, Environment and Sustainable Development","publisher":{"@id":"https:\/\/imredd.fr\/#organization"},"potentialAction":[{"@type":"SearchAction","target":{"@type":"EntryPoint","urlTemplate":"https:\/\/imredd.fr\/?s={search_term_string}"},"query-input":{"@type":"PropertyValueSpecification","valueRequired":true,"valueName":"search_term_string"}}],"inLanguage":"en-GB"},{"@type":"Organization","@id":"https:\/\/imredd.fr\/#organization","name":"IMREDD - Mediterranean Institute for Risk, Environment and Sustainable Development","url":"https:\/\/imredd.fr\/","logo":{"@type":"ImageObject","inLanguage":"en-GB","@id":"https:\/\/imredd.fr\/#\/schema\/logo\/image\/","url":"https:\/\/imredd.fr\/wp-content\/uploads\/2025\/07\/IMREDD-Logo-couleurs-transparent.png","contentUrl":"https:\/\/imredd.fr\/wp-content\/uploads\/2025\/07\/IMREDD-Logo-couleurs-transparent.png","width":959,"height":164,"caption":"IMREDD - Institut M\u00e9diterran\u00e9en du Risque, de l'Environnement et du D\u00e9veloppement Durable"},"image":{"@id":"https:\/\/imredd.fr\/#\/schema\/logo\/image\/"},"sameAs":["http:\/\/facebook.com\/imredd.uca","http:\/\/linkedin.com\/showcase\/imredd"]},{"@type":"Person","@id":"https:\/\/imredd.fr\/#\/schema\/person\/41e50290e799cf196e315345a93c68de","name":"Antonio Barros","image":{"@type":"ImageObject","inLanguage":"en-GB","@id":"https:\/\/secure.gravatar.com\/avatar\/f4be75a97d6a27aad47c779bf7bfef9978f4ce4cf5a3c6160d97f893788ce445?s=96&d=mm&r=g","url":"https:\/\/secure.gravatar.com\/avatar\/f4be75a97d6a27aad47c779bf7bfef9978f4ce4cf5a3c6160d97f893788ce445?s=96&d=mm&r=g","contentUrl":"https:\/\/secure.gravatar.com\/avatar\/f4be75a97d6a27aad47c779bf7bfef9978f4ce4cf5a3c6160d97f893788ce445?s=96&d=mm&r=g","caption":"Antonio Barros"},"url":"https:\/\/imredd.fr\/en\/author\/imredd-com\/"}]}},"_links":{"self":[{"href":"https:\/\/imredd.fr\/en\/wp-json\/wp\/v2\/posts\/19380","targetHints":{"allow":["GET"]}}],"collection":[{"href":"https:\/\/imredd.fr\/en\/wp-json\/wp\/v2\/posts"}],"about":[{"href":"https:\/\/imredd.fr\/en\/wp-json\/wp\/v2\/types\/post"}],"author":[{"embeddable":true,"href":"https:\/\/imredd.fr\/en\/wp-json\/wp\/v2\/users\/2"}],"replies":[{"embeddable":true,"href":"https:\/\/imredd.fr\/en\/wp-json\/wp\/v2\/comments?post=19380"}],"version-history":[{"count":0,"href":"https:\/\/imredd.fr\/en\/wp-json\/wp\/v2\/posts\/19380\/revisions"}],"wp:featuredmedia":[{"embeddable":true,"href":"https:\/\/imredd.fr\/en\/wp-json\/wp\/v2\/media\/19381"}],"wp:attachment":[{"href":"https:\/\/imredd.fr\/en\/wp-json\/wp\/v2\/media?parent=19380"}],"wp:term":[{"taxonomy":"category","embeddable":true,"href":"https:\/\/imredd.fr\/en\/wp-json\/wp\/v2\/categories?post=19380"},{"taxonomy":"post_tag","embeddable":true,"href":"https:\/\/imredd.fr\/en\/wp-json\/wp\/v2\/tags?post=19380"}],"curies":[{"name":"wp","href":"https:\/\/api.w.org\/{rel}","templated":true}]}}