{"id":19407,"date":"2021-07-02T16:06:44","date_gmt":"2021-07-02T14:06:44","guid":{"rendered":"https:\/\/imredd.fr\/?p=19407"},"modified":"2026-01-12T18:39:22","modified_gmt":"2026-01-12T17:39:22","slug":"launch-of-the-security-design-lab","status":"publish","type":"post","link":"https:\/\/imredd.fr\/en\/lancement-du-security-design-lab\/","title":{"rendered":"Launch of the Security Design Lab"},"content":{"rendered":"<p>Universit\u00e9 C\u00f4te d\u2019Azur, through its IMREDD Innovation and Partnerships Institute, and the National Telecommunications Institute of Brazil (Inatel) are launching the Security Design Lab partnership, with the support of cybersecurity company SIKUR. The objective is to contribute with the latest security technology for the prevention of breaches in IoT environments for businesses and governments in this era of hyper-connectivity. <a href=\"https:\/\/www.securitydesignlab.com\/\">Security Design Lab<\/a> (SDL) is a vast collaboration network with UCA \/ IMREDD, which will generate discussions and disseminate knowledge to improve the security of IoT devices from the source.<\/p>\n<p>The launch of the partnership took place during a <a href=\"https:\/\/youtu.be\/AjWXg-yj_Qs\">Online event<\/a> this Thursday, 8 July, which was attended by Paulo Alvim, Secretary for Entrepreneurship and Innovation of the Ministry of Science, Technology and Innovation of Brazil (MCTI); Jos\u00e9 Gustavo Gontijo, Director of the Department of Digital Sciences, Technologies and Innovations of the MCTI; Marcos Mandacaru, Special Advisor to the Vice-Governor of the State of Minas Gerais; Paulo Venancio, Presales Director of Digital Solutions at Embratel; Marcelo Motta, Global Director of Cybersecurity at Huawei; Carlos Nazareth Motta Marins, Director of Inatel; Guilherme Aquino, Deputy Coordinator of the CxSC; Paulo Moura, Head of Innovation and Strategic Partnerships at IMREDD; and F\u00e1bio Fisher, CEO of SIKUR.<\/p>\n<p>This partnership is well suited to address the major security challenges related to mobility, autonomous vehicles, smart homes, smart cities, the smart grid, Industry 4.0, and the trends of \u00abremote work and access\u00bb. The SDL is committed to ensuring privacy and security in highly distributed environments, by offering advanced studies in authentication, privileged access, and H2H and M2M digital interactions, while developing applied research in artificial intelligence, mobile edge computing, and quantum cybersecurity.<\/p>\n<p>Paulo Moura, Head of Innovation and Strategic Partnerships at IMREDD, believes that \u00abthe most important problem on the market today is how to ensure the interoperability, security, and confidentiality of data, applications, software, and hardware, by integrating under the same umbrella, IoT devices, the network, the cloud, and human authentication.\u00bb Paulo is confident in the potential of this innovative laboratory to tackle these urgent issues, which are at the heart of the industry.<\/p>\n<p><!--themify_builder_static--><!--\/themify_builder_static--><\/p>","protected":false},"excerpt":{"rendered":"<p>IMREDD and Inatel have launched the Security Design Lab partnership, with the support of cybersecurity company SIKUR, which aims to contribute with the latest security technology for the prevention of breaches in IoT environments for businesses and governments.<\/p>","protected":false},"author":2,"featured_media":19413,"comment_status":"open","ping_status":"open","sticky":false,"template":"","format":"standard","meta":{"footnotes":""},"categories":[504],"tags":[],"class_list":["post-19407","post","type-post","status-publish","format-standard","has-post-thumbnail","hentry","category-projets-et-recherche","has-post-title","has-post-date","has-post-category","has-post-tag","has-post-comment","has-post-author",""],"yoast_head":"<!-- This site is optimized with the Yoast SEO Premium plugin v27.4 (Yoast SEO v27.4) - https:\/\/yoast.com\/product\/yoast-seo-premium-wordpress\/ -->\n<title>Lancement du Security Design Lab - IMREDD - Universit\u00e9 C\u00f4te d&#039;Azur<\/title>\n<meta name=\"robots\" content=\"index, follow, max-snippet:-1, max-image-preview:large, max-video-preview:-1\" \/>\n<link rel=\"canonical\" href=\"https:\/\/imredd.fr\/en\/launch-of-the-security-design-lab\/\" \/>\n<meta property=\"og:locale\" content=\"en_GB\" \/>\n<meta property=\"og:type\" content=\"article\" \/>\n<meta property=\"og:title\" content=\"Lancement du Security Design Lab\" \/>\n<meta property=\"og:description\" content=\"IMREDD et Inatel lancent le partenariat Security Design Lab, avec le soutien de la soci\u00e9t\u00e9 de cybers\u00e9curit\u00e9 SIKUR, dont l&#039;objectif est de contribuer avec la derni\u00e8re technologie de s\u00e9curit\u00e9 pour la pr\u00e9vention des br\u00e8ches dans les environnements IoT pour les entreprises et les gouvernements\" \/>\n<meta property=\"og:url\" content=\"https:\/\/imredd.fr\/en\/launch-of-the-security-design-lab\/\" \/>\n<meta property=\"og:site_name\" content=\"IMREDD - Universit\u00e9 C\u00f4te d&#039;Azur\" \/>\n<meta property=\"article:publisher\" content=\"http:\/\/facebook.com\/imredd.uca\" \/>\n<meta property=\"article:published_time\" content=\"2021-07-02T14:06:44+00:00\" \/>\n<meta property=\"article:modified_time\" content=\"2026-01-12T17:39:22+00:00\" \/>\n<meta property=\"og:image\" content=\"https:\/\/imredd.fr\/wp-content\/uploads\/2021\/07\/lancement-SDL.jpg\" \/>\n\t<meta property=\"og:image:width\" content=\"800\" \/>\n\t<meta property=\"og:image:height\" content=\"391\" \/>\n\t<meta property=\"og:image:type\" content=\"image\/jpeg\" \/>\n<meta name=\"author\" content=\"Antonio Barros\" \/>\n<meta name=\"twitter:card\" content=\"summary_large_image\" \/>\n<meta name=\"twitter:label1\" content=\"Written by\" \/>\n\t<meta name=\"twitter:data1\" content=\"Antonio Barros\" \/>\n\t<meta name=\"twitter:label2\" content=\"Estimated reading time\" \/>\n\t<meta name=\"twitter:data2\" content=\"2 minutes\" \/>\n<script type=\"application\/ld+json\" class=\"yoast-schema-graph\">{\"@context\":\"https:\\\/\\\/schema.org\",\"@graph\":[{\"@type\":\"Article\",\"@id\":\"https:\\\/\\\/imredd.fr\\\/en\\\/launch-of-the-security-design-lab\\\/#article\",\"isPartOf\":{\"@id\":\"https:\\\/\\\/imredd.fr\\\/en\\\/launch-of-the-security-design-lab\\\/\"},\"author\":{\"name\":\"Antonio Barros\",\"@id\":\"https:\\\/\\\/imredd.fr\\\/#\\\/schema\\\/person\\\/41e50290e799cf196e315345a93c68de\"},\"headline\":\"Lancement du Security Design Lab\",\"datePublished\":\"2021-07-02T14:06:44+00:00\",\"dateModified\":\"2026-01-12T17:39:22+00:00\",\"mainEntityOfPage\":{\"@id\":\"https:\\\/\\\/imredd.fr\\\/en\\\/launch-of-the-security-design-lab\\\/\"},\"wordCount\":459,\"commentCount\":0,\"publisher\":{\"@id\":\"https:\\\/\\\/imredd.fr\\\/#organization\"},\"image\":{\"@id\":\"https:\\\/\\\/imredd.fr\\\/en\\\/launch-of-the-security-design-lab\\\/#primaryimage\"},\"thumbnailUrl\":\"https:\\\/\\\/imredd.fr\\\/wp-content\\\/uploads\\\/2021\\\/07\\\/lancement-SDL.jpg\",\"articleSection\":[\"Projets et Recherche\"],\"inLanguage\":\"en-GB\",\"potentialAction\":[{\"@type\":\"CommentAction\",\"name\":\"Comment\",\"target\":[\"https:\\\/\\\/imredd.fr\\\/en\\\/launch-of-the-security-design-lab\\\/#respond\"]}]},{\"@type\":\"WebPage\",\"@id\":\"https:\\\/\\\/imredd.fr\\\/en\\\/launch-of-the-security-design-lab\\\/\",\"url\":\"https:\\\/\\\/imredd.fr\\\/en\\\/launch-of-the-security-design-lab\\\/\",\"name\":\"Lancement du Security Design Lab - IMREDD - Universit\u00e9 C\u00f4te d&#039;Azur\",\"isPartOf\":{\"@id\":\"https:\\\/\\\/imredd.fr\\\/#website\"},\"primaryImageOfPage\":{\"@id\":\"https:\\\/\\\/imredd.fr\\\/en\\\/launch-of-the-security-design-lab\\\/#primaryimage\"},\"image\":{\"@id\":\"https:\\\/\\\/imredd.fr\\\/en\\\/launch-of-the-security-design-lab\\\/#primaryimage\"},\"thumbnailUrl\":\"https:\\\/\\\/imredd.fr\\\/wp-content\\\/uploads\\\/2021\\\/07\\\/lancement-SDL.jpg\",\"datePublished\":\"2021-07-02T14:06:44+00:00\",\"dateModified\":\"2026-01-12T17:39:22+00:00\",\"breadcrumb\":{\"@id\":\"https:\\\/\\\/imredd.fr\\\/en\\\/launch-of-the-security-design-lab\\\/#breadcrumb\"},\"inLanguage\":\"en-GB\",\"potentialAction\":[{\"@type\":\"ReadAction\",\"target\":[\"https:\\\/\\\/imredd.fr\\\/en\\\/launch-of-the-security-design-lab\\\/\"]}]},{\"@type\":\"ImageObject\",\"inLanguage\":\"en-GB\",\"@id\":\"https:\\\/\\\/imredd.fr\\\/en\\\/launch-of-the-security-design-lab\\\/#primaryimage\",\"url\":\"https:\\\/\\\/imredd.fr\\\/wp-content\\\/uploads\\\/2021\\\/07\\\/lancement-SDL.jpg\",\"contentUrl\":\"https:\\\/\\\/imredd.fr\\\/wp-content\\\/uploads\\\/2021\\\/07\\\/lancement-SDL.jpg\",\"width\":800,\"height\":391},{\"@type\":\"BreadcrumbList\",\"@id\":\"https:\\\/\\\/imredd.fr\\\/en\\\/launch-of-the-security-design-lab\\\/#breadcrumb\",\"itemListElement\":[{\"@type\":\"ListItem\",\"position\":1,\"name\":\"Accueil\",\"item\":\"https:\\\/\\\/imredd.fr\\\/\"},{\"@type\":\"ListItem\",\"position\":2,\"name\":\"Lancement du Security Design Lab\"}]},{\"@type\":\"WebSite\",\"@id\":\"https:\\\/\\\/imredd.fr\\\/#website\",\"url\":\"https:\\\/\\\/imredd.fr\\\/\",\"name\":\"IMREDD - Universit\u00e9 C\u00f4te d'Azur\",\"description\":\"Institut M\u00e9diterran\u00e9en du Risque, de l&#039;Environnement et du D\u00e9veloppement Durable\",\"publisher\":{\"@id\":\"https:\\\/\\\/imredd.fr\\\/#organization\"},\"potentialAction\":[{\"@type\":\"SearchAction\",\"target\":{\"@type\":\"EntryPoint\",\"urlTemplate\":\"https:\\\/\\\/imredd.fr\\\/?s={search_term_string}\"},\"query-input\":{\"@type\":\"PropertyValueSpecification\",\"valueRequired\":true,\"valueName\":\"search_term_string\"}}],\"inLanguage\":\"en-GB\"},{\"@type\":\"Organization\",\"@id\":\"https:\\\/\\\/imredd.fr\\\/#organization\",\"name\":\"IMREDD - Institut M\u00e9diterran\u00e9en du Risque, de l'Environnement et du D\u00e9veloppement Durable\",\"url\":\"https:\\\/\\\/imredd.fr\\\/\",\"logo\":{\"@type\":\"ImageObject\",\"inLanguage\":\"en-GB\",\"@id\":\"https:\\\/\\\/imredd.fr\\\/#\\\/schema\\\/logo\\\/image\\\/\",\"url\":\"https:\\\/\\\/imredd.fr\\\/wp-content\\\/uploads\\\/2025\\\/07\\\/IMREDD-Logo-couleurs-transparent.png\",\"contentUrl\":\"https:\\\/\\\/imredd.fr\\\/wp-content\\\/uploads\\\/2025\\\/07\\\/IMREDD-Logo-couleurs-transparent.png\",\"width\":959,\"height\":164,\"caption\":\"IMREDD - Institut M\u00e9diterran\u00e9en du Risque, de l'Environnement et du D\u00e9veloppement Durable\"},\"image\":{\"@id\":\"https:\\\/\\\/imredd.fr\\\/#\\\/schema\\\/logo\\\/image\\\/\"},\"sameAs\":[\"http:\\\/\\\/facebook.com\\\/imredd.uca\",\"http:\\\/\\\/linkedin.com\\\/showcase\\\/imredd\"]},{\"@type\":\"Person\",\"@id\":\"https:\\\/\\\/imredd.fr\\\/#\\\/schema\\\/person\\\/41e50290e799cf196e315345a93c68de\",\"name\":\"Antonio Barros\",\"image\":{\"@type\":\"ImageObject\",\"inLanguage\":\"en-GB\",\"@id\":\"https:\\\/\\\/secure.gravatar.com\\\/avatar\\\/f4be75a97d6a27aad47c779bf7bfef9978f4ce4cf5a3c6160d97f893788ce445?s=96&d=mm&r=g\",\"url\":\"https:\\\/\\\/secure.gravatar.com\\\/avatar\\\/f4be75a97d6a27aad47c779bf7bfef9978f4ce4cf5a3c6160d97f893788ce445?s=96&d=mm&r=g\",\"contentUrl\":\"https:\\\/\\\/secure.gravatar.com\\\/avatar\\\/f4be75a97d6a27aad47c779bf7bfef9978f4ce4cf5a3c6160d97f893788ce445?s=96&d=mm&r=g\",\"caption\":\"Antonio Barros\"},\"url\":\"https:\\\/\\\/imredd.fr\\\/en\\\/author\\\/imredd-com\\\/\"}]}<\/script>\n<!-- \/ Yoast SEO Premium plugin. -->","yoast_head_json":{"title":"Launch of the Security Design Lab - IMREDD - Universit\u00e9 C\u00f4te d'Azur","robots":{"index":"index","follow":"follow","max-snippet":"max-snippet:-1","max-image-preview":"max-image-preview:large","max-video-preview":"max-video-preview:-1"},"canonical":"https:\/\/imredd.fr\/en\/launch-of-the-security-design-lab\/","og_locale":"en_GB","og_type":"article","og_title":"Lancement du Security Design Lab","og_description":"IMREDD et Inatel lancent le partenariat Security Design Lab, avec le soutien de la soci\u00e9t\u00e9 de cybers\u00e9curit\u00e9 SIKUR, dont l'objectif est de contribuer avec la derni\u00e8re technologie de s\u00e9curit\u00e9 pour la pr\u00e9vention des br\u00e8ches dans les environnements IoT pour les entreprises et les gouvernements","og_url":"https:\/\/imredd.fr\/en\/launch-of-the-security-design-lab\/","og_site_name":"IMREDD - Universit\u00e9 C\u00f4te d&#039;Azur","article_publisher":"http:\/\/facebook.com\/imredd.uca","article_published_time":"2021-07-02T14:06:44+00:00","article_modified_time":"2026-01-12T17:39:22+00:00","og_image":[{"width":800,"height":391,"url":"https:\/\/imredd.fr\/wp-content\/uploads\/2021\/07\/lancement-SDL.jpg","type":"image\/jpeg"}],"author":"Antonio Barros","twitter_card":"summary_large_image","twitter_misc":{"Written by":"Antonio Barros","Estimated reading time":"2 minutes"},"schema":{"@context":"https:\/\/schema.org","@graph":[{"@type":"Article","@id":"https:\/\/imredd.fr\/en\/launch-of-the-security-design-lab\/#article","isPartOf":{"@id":"https:\/\/imredd.fr\/en\/launch-of-the-security-design-lab\/"},"author":{"name":"Antonio Barros","@id":"https:\/\/imredd.fr\/#\/schema\/person\/41e50290e799cf196e315345a93c68de"},"headline":"Lancement du Security Design Lab","datePublished":"2021-07-02T14:06:44+00:00","dateModified":"2026-01-12T17:39:22+00:00","mainEntityOfPage":{"@id":"https:\/\/imredd.fr\/en\/launch-of-the-security-design-lab\/"},"wordCount":459,"commentCount":0,"publisher":{"@id":"https:\/\/imredd.fr\/#organization"},"image":{"@id":"https:\/\/imredd.fr\/en\/launch-of-the-security-design-lab\/#primaryimage"},"thumbnailUrl":"https:\/\/imredd.fr\/wp-content\/uploads\/2021\/07\/lancement-SDL.jpg","articleSection":["Projets et Recherche"],"inLanguage":"en-GB","potentialAction":[{"@type":"CommentAction","name":"Comment","target":["https:\/\/imredd.fr\/en\/launch-of-the-security-design-lab\/#respond"]}]},{"@type":"WebPage","@id":"https:\/\/imredd.fr\/en\/launch-of-the-security-design-lab\/","url":"https:\/\/imredd.fr\/en\/launch-of-the-security-design-lab\/","name":"Launch of the Security Design Lab - IMREDD - Universit\u00e9 C\u00f4te d'Azur","isPartOf":{"@id":"https:\/\/imredd.fr\/#website"},"primaryImageOfPage":{"@id":"https:\/\/imredd.fr\/en\/launch-of-the-security-design-lab\/#primaryimage"},"image":{"@id":"https:\/\/imredd.fr\/en\/launch-of-the-security-design-lab\/#primaryimage"},"thumbnailUrl":"https:\/\/imredd.fr\/wp-content\/uploads\/2021\/07\/lancement-SDL.jpg","datePublished":"2021-07-02T14:06:44+00:00","dateModified":"2026-01-12T17:39:22+00:00","breadcrumb":{"@id":"https:\/\/imredd.fr\/en\/launch-of-the-security-design-lab\/#breadcrumb"},"inLanguage":"en-GB","potentialAction":[{"@type":"ReadAction","target":["https:\/\/imredd.fr\/en\/launch-of-the-security-design-lab\/"]}]},{"@type":"ImageObject","inLanguage":"en-GB","@id":"https:\/\/imredd.fr\/en\/launch-of-the-security-design-lab\/#primaryimage","url":"https:\/\/imredd.fr\/wp-content\/uploads\/2021\/07\/lancement-SDL.jpg","contentUrl":"https:\/\/imredd.fr\/wp-content\/uploads\/2021\/07\/lancement-SDL.jpg","width":800,"height":391},{"@type":"BreadcrumbList","@id":"https:\/\/imredd.fr\/en\/launch-of-the-security-design-lab\/#breadcrumb","itemListElement":[{"@type":"ListItem","position":1,"name":"Accueil","item":"https:\/\/imredd.fr\/"},{"@type":"ListItem","position":2,"name":"Lancement du Security Design Lab"}]},{"@type":"WebSite","@id":"https:\/\/imredd.fr\/#website","url":"https:\/\/imredd.fr\/","name":"IMREDD - C\u00f4te d'Azur University","description":"Mediterranean Institute for Risk, Environment and Sustainable Development","publisher":{"@id":"https:\/\/imredd.fr\/#organization"},"potentialAction":[{"@type":"SearchAction","target":{"@type":"EntryPoint","urlTemplate":"https:\/\/imredd.fr\/?s={search_term_string}"},"query-input":{"@type":"PropertyValueSpecification","valueRequired":true,"valueName":"search_term_string"}}],"inLanguage":"en-GB"},{"@type":"Organization","@id":"https:\/\/imredd.fr\/#organization","name":"IMREDD - Mediterranean Institute for Risk, Environment and Sustainable Development","url":"https:\/\/imredd.fr\/","logo":{"@type":"ImageObject","inLanguage":"en-GB","@id":"https:\/\/imredd.fr\/#\/schema\/logo\/image\/","url":"https:\/\/imredd.fr\/wp-content\/uploads\/2025\/07\/IMREDD-Logo-couleurs-transparent.png","contentUrl":"https:\/\/imredd.fr\/wp-content\/uploads\/2025\/07\/IMREDD-Logo-couleurs-transparent.png","width":959,"height":164,"caption":"IMREDD - Institut M\u00e9diterran\u00e9en du Risque, de l'Environnement et du D\u00e9veloppement Durable"},"image":{"@id":"https:\/\/imredd.fr\/#\/schema\/logo\/image\/"},"sameAs":["http:\/\/facebook.com\/imredd.uca","http:\/\/linkedin.com\/showcase\/imredd"]},{"@type":"Person","@id":"https:\/\/imredd.fr\/#\/schema\/person\/41e50290e799cf196e315345a93c68de","name":"Antonio Barros","image":{"@type":"ImageObject","inLanguage":"en-GB","@id":"https:\/\/secure.gravatar.com\/avatar\/f4be75a97d6a27aad47c779bf7bfef9978f4ce4cf5a3c6160d97f893788ce445?s=96&d=mm&r=g","url":"https:\/\/secure.gravatar.com\/avatar\/f4be75a97d6a27aad47c779bf7bfef9978f4ce4cf5a3c6160d97f893788ce445?s=96&d=mm&r=g","contentUrl":"https:\/\/secure.gravatar.com\/avatar\/f4be75a97d6a27aad47c779bf7bfef9978f4ce4cf5a3c6160d97f893788ce445?s=96&d=mm&r=g","caption":"Antonio Barros"},"url":"https:\/\/imredd.fr\/en\/author\/imredd-com\/"}]}},"_links":{"self":[{"href":"https:\/\/imredd.fr\/en\/wp-json\/wp\/v2\/posts\/19407","targetHints":{"allow":["GET"]}}],"collection":[{"href":"https:\/\/imredd.fr\/en\/wp-json\/wp\/v2\/posts"}],"about":[{"href":"https:\/\/imredd.fr\/en\/wp-json\/wp\/v2\/types\/post"}],"author":[{"embeddable":true,"href":"https:\/\/imredd.fr\/en\/wp-json\/wp\/v2\/users\/2"}],"replies":[{"embeddable":true,"href":"https:\/\/imredd.fr\/en\/wp-json\/wp\/v2\/comments?post=19407"}],"version-history":[{"count":0,"href":"https:\/\/imredd.fr\/en\/wp-json\/wp\/v2\/posts\/19407\/revisions"}],"wp:featuredmedia":[{"embeddable":true,"href":"https:\/\/imredd.fr\/en\/wp-json\/wp\/v2\/media\/19413"}],"wp:attachment":[{"href":"https:\/\/imredd.fr\/en\/wp-json\/wp\/v2\/media?parent=19407"}],"wp:term":[{"taxonomy":"category","embeddable":true,"href":"https:\/\/imredd.fr\/en\/wp-json\/wp\/v2\/categories?post=19407"},{"taxonomy":"post_tag","embeddable":true,"href":"https:\/\/imredd.fr\/en\/wp-json\/wp\/v2\/tags?post=19407"}],"curies":[{"name":"wp","href":"https:\/\/api.w.org\/{rel}","templated":true}]}}