{"id":19752,"date":"2021-10-04T10:40:09","date_gmt":"2021-10-04T08:40:09","guid":{"rendered":"https:\/\/imredd.fr\/?p=19752"},"modified":"2026-01-08T12:22:45","modified_gmt":"2026-01-08T11:22:45","slug":"review-of-the-conference-event-on-the-future-of-europe-at-limredd","status":"publish","type":"post","link":"https:\/\/imredd.fr\/en\/retour-sur-evenement-conference-sur-lavenir-de-leurope-a-limredd\/","title":{"rendered":"Event recap: Conference on the Future of Europe at IMREDD"},"content":{"rendered":"<p>As part of its \u00abBusiness Hub\u00bb partnership with Nice Matin, IMREDD hosted a conference named \u00abThe Future of Europe\u00bb at its Learning Centre on Friday, 1st October.<!--more--><\/p>\n<p>Broadcast live on the channels <a href=\"https:\/\/www.facebook.com\/parlementeuropeenmarseille\">Facebook<\/a> and <a href=\"https:\/\/www.youtube.com\/channel\/UCJv_661HxzmNhM1v3VHeAVw\">YouTube<\/a> Of the European Parliament, the conference aimed to answer the question: What priorities (economic, social, cultural, scientific, geopolitical, etc.) should the European Union set for itself to prepare for the world of tomorrow?<\/p>\n<p>MEPs Caroline Roose and Sandro Gozi, and national MP Alexandra Valetta Ardisson participated in the debate.<\/p>\n<p>Watch the conference here: <a href=\"https:\/\/www.facebook.com\/watch\/live\/?ref=watch_permalink&amp;v=2161237347359019\">Live debate \u2013 The Future of Europe \u2013 1 October 2021<\/a><\/p>\n<div id='gallery-1' class='gallery galleryid-19752 gallery-columns-3 gallery-size-large'><figure class='gallery-item'>\n\t\t\t<div class='gallery-icon landscape'>\n\t\t\t\t<a href='https:\/\/imredd.fr\/en\/pkg00434\/'><img loading=\"lazy\" decoding=\"async\" width=\"800\" height=\"533\" src=\"https:\/\/imredd.fr\/wp-content\/uploads\/2021\/10\/PKG00434.jpeg\" class=\"attachment-large size-large\" alt=\"\" srcset=\"https:\/\/imredd.fr\/wp-content\/uploads\/2021\/10\/PKG00434.jpeg 800w, https:\/\/imredd.fr\/wp-content\/uploads\/2021\/10\/PKG00434-300x200.jpeg 300w, https:\/\/imredd.fr\/wp-content\/uploads\/2021\/10\/PKG00434-768x512.jpeg 768w\" sizes=\"auto, (max-width: 800px) 100vw, 800px\" \/><\/a>\n\t\t\t<\/div><\/figure><figure class='gallery-item'>\n\t\t\t<div class='gallery-icon landscape'>\n\t\t\t\t<a href='https:\/\/imredd.fr\/en\/pkg00545\/'><img loading=\"lazy\" decoding=\"async\" width=\"800\" height=\"533\" src=\"https:\/\/imredd.fr\/wp-content\/uploads\/2021\/10\/PKG00545.jpeg\" class=\"attachment-large size-large\" alt=\"\" srcset=\"https:\/\/imredd.fr\/wp-content\/uploads\/2021\/10\/PKG00545.jpeg 800w, https:\/\/imredd.fr\/wp-content\/uploads\/2021\/10\/PKG00545-300x200.jpeg 300w, https:\/\/imredd.fr\/wp-content\/uploads\/2021\/10\/PKG00545-768x512.jpeg 768w\" sizes=\"auto, (max-width: 800px) 100vw, 800px\" \/><\/a>\n\t\t\t<\/div><\/figure><figure class='gallery-item'>\n\t\t\t<div class='gallery-icon landscape'>\n\t\t\t\t<a href='https:\/\/imredd.fr\/en\/pkg00390\/'><img loading=\"lazy\" decoding=\"async\" width=\"800\" height=\"533\" src=\"https:\/\/imredd.fr\/wp-content\/uploads\/2021\/10\/PKG00390.jpeg\" class=\"attachment-large size-large\" alt=\"\" srcset=\"https:\/\/imredd.fr\/wp-content\/uploads\/2021\/10\/PKG00390.jpeg 800w, https:\/\/imredd.fr\/wp-content\/uploads\/2021\/10\/PKG00390-300x200.jpeg 300w, https:\/\/imredd.fr\/wp-content\/uploads\/2021\/10\/PKG00390-768x512.jpeg 768w\" sizes=\"auto, (max-width: 800px) 100vw, 800px\" \/><\/a>\n\t\t\t<\/div><\/figure><figure class='gallery-item'>\n\t\t\t<div class='gallery-icon landscape'>\n\t\t\t\t<a href='https:\/\/imredd.fr\/en\/pkg00564\/'><img loading=\"lazy\" decoding=\"async\" width=\"800\" height=\"533\" src=\"https:\/\/imredd.fr\/wp-content\/uploads\/2021\/10\/PKG00564.jpeg\" class=\"attachment-large size-large\" alt=\"\" srcset=\"https:\/\/imredd.fr\/wp-content\/uploads\/2021\/10\/PKG00564.jpeg 800w, https:\/\/imredd.fr\/wp-content\/uploads\/2021\/10\/PKG00564-300x200.jpeg 300w, https:\/\/imredd.fr\/wp-content\/uploads\/2021\/10\/PKG00564-768x512.jpeg 768w\" sizes=\"auto, (max-width: 800px) 100vw, 800px\" \/><\/a>\n\t\t\t<\/div><\/figure><figure class='gallery-item'>\n\t\t\t<div class='gallery-icon landscape'>\n\t\t\t\t<a href='https:\/\/imredd.fr\/en\/pkg01168\/'><img loading=\"lazy\" decoding=\"async\" width=\"800\" height=\"533\" src=\"https:\/\/imredd.fr\/wp-content\/uploads\/2021\/10\/PKG01168.jpeg\" class=\"attachment-large size-large\" alt=\"\" srcset=\"https:\/\/imredd.fr\/wp-content\/uploads\/2021\/10\/PKG01168.jpeg 800w, https:\/\/imredd.fr\/wp-content\/uploads\/2021\/10\/PKG01168-300x200.jpeg 300w, https:\/\/imredd.fr\/wp-content\/uploads\/2021\/10\/PKG01168-768x512.jpeg 768w\" sizes=\"auto, (max-width: 800px) 100vw, 800px\" \/><\/a>\n\t\t\t<\/div><\/figure><figure class='gallery-item'>\n\t\t\t<div class='gallery-icon landscape'>\n\t\t\t\t<a href='https:\/\/imredd.fr\/en\/pkg09768\/'><img loading=\"lazy\" decoding=\"async\" width=\"800\" height=\"533\" src=\"https:\/\/imredd.fr\/wp-content\/uploads\/2021\/10\/PKG09768.jpeg\" class=\"attachment-large size-large\" alt=\"\" srcset=\"https:\/\/imredd.fr\/wp-content\/uploads\/2021\/10\/PKG09768.jpeg 800w, https:\/\/imredd.fr\/wp-content\/uploads\/2021\/10\/PKG09768-300x200.jpeg 300w, https:\/\/imredd.fr\/wp-content\/uploads\/2021\/10\/PKG09768-768x512.jpeg 768w\" sizes=\"auto, (max-width: 800px) 100vw, 800px\" \/><\/a>\n\t\t\t<\/div><\/figure><figure class='gallery-item'>\n\t\t\t<div class='gallery-icon landscape'>\n\t\t\t\t<a href='https:\/\/imredd.fr\/en\/pkg09603\/'><img loading=\"lazy\" decoding=\"async\" width=\"800\" height=\"533\" src=\"https:\/\/imredd.fr\/wp-content\/uploads\/2021\/10\/PKG09603.jpeg\" class=\"attachment-large size-large\" alt=\"\" srcset=\"https:\/\/imredd.fr\/wp-content\/uploads\/2021\/10\/PKG09603.jpeg 800w, https:\/\/imredd.fr\/wp-content\/uploads\/2021\/10\/PKG09603-300x200.jpeg 300w, https:\/\/imredd.fr\/wp-content\/uploads\/2021\/10\/PKG09603-768x512.jpeg 768w\" sizes=\"auto, (max-width: 800px) 100vw, 800px\" \/><\/a>\n\t\t\t<\/div><\/figure><figure class='gallery-item'>\n\t\t\t<div class='gallery-icon landscape'>\n\t\t\t\t<a href='https:\/\/imredd.fr\/en\/pkg09907\/'><img loading=\"lazy\" decoding=\"async\" width=\"800\" height=\"533\" src=\"https:\/\/imredd.fr\/wp-content\/uploads\/2021\/10\/PKG09907.jpeg\" class=\"attachment-large size-large\" alt=\"\" srcset=\"https:\/\/imredd.fr\/wp-content\/uploads\/2021\/10\/PKG09907.jpeg 800w, https:\/\/imredd.fr\/wp-content\/uploads\/2021\/10\/PKG09907-300x200.jpeg 300w, https:\/\/imredd.fr\/wp-content\/uploads\/2021\/10\/PKG09907-768x512.jpeg 768w\" sizes=\"auto, (max-width: 800px) 100vw, 800px\" \/><\/a>\n\t\t\t<\/div><\/figure><figure class='gallery-item'>\n\t\t\t<div class='gallery-icon landscape'>\n\t\t\t\t<a href='https:\/\/imredd.fr\/en\/pkg09951\/'><img loading=\"lazy\" decoding=\"async\" width=\"800\" height=\"516\" src=\"https:\/\/imredd.fr\/wp-content\/uploads\/2021\/10\/PKG09951.jpeg\" class=\"attachment-large size-large\" alt=\"\" srcset=\"https:\/\/imredd.fr\/wp-content\/uploads\/2021\/10\/PKG09951.jpeg 800w, https:\/\/imredd.fr\/wp-content\/uploads\/2021\/10\/PKG09951-300x194.jpeg 300w, https:\/\/imredd.fr\/wp-content\/uploads\/2021\/10\/PKG09951-768x495.jpeg 768w\" sizes=\"auto, (max-width: 800px) 100vw, 800px\" \/><\/a>\n\t\t\t<\/div><\/figure>\n\t\t<\/div>\n\n<p><!--themify_builder_static--><!--\/themify_builder_static--><\/p>","protected":false},"excerpt":{"rendered":"<p>As part of its \u00abBusiness Hub\u00bb partnership with Nice Matin, IMREDD hosted a conference named \u00abThe Future of Europe\u00bb at its Learning Centre on Friday, 1st October.<\/p>","protected":false},"author":2,"featured_media":19763,"comment_status":"open","ping_status":"open","sticky":false,"template":"","format":"standard","meta":{"footnotes":""},"categories":[26],"tags":[],"class_list":["post-19752","post","type-post","status-publish","format-standard","has-post-thumbnail","hentry","category-institutionnel","has-post-title","has-post-date","has-post-category","has-post-tag","has-post-comment","has-post-author",""],"yoast_head":"<!-- This site is optimized with the Yoast SEO Premium plugin v27.4 (Yoast SEO v27.4) - https:\/\/yoast.com\/product\/yoast-seo-premium-wordpress\/ -->\n<title>Retour sur \u00e9v\u00e9nement : Conf\u00e9rence sur l&#039;avenir de l&#039;Europe \u00e0 l&#039;IMREDD - IMREDD - Universit\u00e9 C\u00f4te d&#039;Azur<\/title>\n<meta name=\"robots\" content=\"index, follow, max-snippet:-1, max-image-preview:large, max-video-preview:-1\" \/>\n<link rel=\"canonical\" href=\"https:\/\/imredd.fr\/en\/review-of-the-conference-event-on-the-future-of-europe-at-limredd\/\" \/>\n<meta property=\"og:locale\" content=\"en_GB\" \/>\n<meta property=\"og:type\" content=\"article\" \/>\n<meta property=\"og:title\" content=\"Retour sur \u00e9v\u00e9nement : Conf\u00e9rence sur l&#039;avenir de l&#039;Europe \u00e0 l&#039;IMREDD\" \/>\n<meta property=\"og:description\" content=\"Dans le cadre de son partenariat \u00ab Hub business \u00bb avec Nice Matin, l\u2019IMREDD a accueilli au sein de son Learning Center le vendredi 1er octobre, une conf\u00e9rence nomm\u00e9e &quot;L\u2019Avenir de l\u2019Europe&quot;.\" \/>\n<meta property=\"og:url\" content=\"https:\/\/imredd.fr\/en\/review-of-the-conference-event-on-the-future-of-europe-at-limredd\/\" \/>\n<meta property=\"og:site_name\" content=\"IMREDD - Universit\u00e9 C\u00f4te d&#039;Azur\" \/>\n<meta property=\"article:publisher\" content=\"http:\/\/facebook.com\/imredd.uca\" \/>\n<meta property=\"article:published_time\" content=\"2021-10-04T08:40:09+00:00\" \/>\n<meta property=\"article:modified_time\" content=\"2026-01-08T11:22:45+00:00\" \/>\n<meta property=\"og:image\" content=\"https:\/\/imredd.fr\/wp-content\/uploads\/2021\/10\/PKG00181.jpeg\" \/>\n\t<meta property=\"og:image:width\" content=\"800\" \/>\n\t<meta property=\"og:image:height\" content=\"533\" \/>\n\t<meta property=\"og:image:type\" content=\"image\/jpeg\" \/>\n<meta name=\"author\" content=\"Antonio Barros\" \/>\n<meta name=\"twitter:card\" content=\"summary_large_image\" \/>\n<meta name=\"twitter:label1\" content=\"Written by\" \/>\n\t<meta name=\"twitter:data1\" content=\"Antonio Barros\" \/>\n\t<meta name=\"twitter:label2\" content=\"Estimated reading time\" \/>\n\t<meta name=\"twitter:data2\" content=\"1 minute\" \/>\n<script type=\"application\/ld+json\" class=\"yoast-schema-graph\">{\"@context\":\"https:\\\/\\\/schema.org\",\"@graph\":[{\"@type\":\"Article\",\"@id\":\"https:\\\/\\\/imredd.fr\\\/retour-sur-evenement-conference-sur-lavenir-de-leurope-a-limredd\\\/#article\",\"isPartOf\":{\"@id\":\"https:\\\/\\\/imredd.fr\\\/retour-sur-evenement-conference-sur-lavenir-de-leurope-a-limredd\\\/\"},\"author\":{\"name\":\"Antonio Barros\",\"@id\":\"https:\\\/\\\/imredd.fr\\\/#\\\/schema\\\/person\\\/41e50290e799cf196e315345a93c68de\"},\"headline\":\"Retour sur \u00e9v\u00e9nement : Conf\u00e9rence sur l&rsquo;avenir de l&rsquo;Europe \u00e0 l&rsquo;IMREDD\",\"datePublished\":\"2021-10-04T08:40:09+00:00\",\"dateModified\":\"2026-01-08T11:22:45+00:00\",\"mainEntityOfPage\":{\"@id\":\"https:\\\/\\\/imredd.fr\\\/retour-sur-evenement-conference-sur-lavenir-de-leurope-a-limredd\\\/\"},\"wordCount\":147,\"commentCount\":0,\"publisher\":{\"@id\":\"https:\\\/\\\/imredd.fr\\\/#organization\"},\"image\":{\"@id\":\"https:\\\/\\\/imredd.fr\\\/retour-sur-evenement-conference-sur-lavenir-de-leurope-a-limredd\\\/#primaryimage\"},\"thumbnailUrl\":\"https:\\\/\\\/imredd.fr\\\/wp-content\\\/uploads\\\/2021\\\/10\\\/PKG00181.jpeg\",\"articleSection\":[\"Institutionnel\"],\"inLanguage\":\"en-GB\",\"potentialAction\":[{\"@type\":\"CommentAction\",\"name\":\"Comment\",\"target\":[\"https:\\\/\\\/imredd.fr\\\/retour-sur-evenement-conference-sur-lavenir-de-leurope-a-limredd\\\/#respond\"]}]},{\"@type\":\"WebPage\",\"@id\":\"https:\\\/\\\/imredd.fr\\\/retour-sur-evenement-conference-sur-lavenir-de-leurope-a-limredd\\\/\",\"url\":\"https:\\\/\\\/imredd.fr\\\/retour-sur-evenement-conference-sur-lavenir-de-leurope-a-limredd\\\/\",\"name\":\"Retour sur \u00e9v\u00e9nement : Conf\u00e9rence sur l'avenir de l'Europe \u00e0 l'IMREDD - IMREDD - Universit\u00e9 C\u00f4te d&#039;Azur\",\"isPartOf\":{\"@id\":\"https:\\\/\\\/imredd.fr\\\/#website\"},\"primaryImageOfPage\":{\"@id\":\"https:\\\/\\\/imredd.fr\\\/retour-sur-evenement-conference-sur-lavenir-de-leurope-a-limredd\\\/#primaryimage\"},\"image\":{\"@id\":\"https:\\\/\\\/imredd.fr\\\/retour-sur-evenement-conference-sur-lavenir-de-leurope-a-limredd\\\/#primaryimage\"},\"thumbnailUrl\":\"https:\\\/\\\/imredd.fr\\\/wp-content\\\/uploads\\\/2021\\\/10\\\/PKG00181.jpeg\",\"datePublished\":\"2021-10-04T08:40:09+00:00\",\"dateModified\":\"2026-01-08T11:22:45+00:00\",\"breadcrumb\":{\"@id\":\"https:\\\/\\\/imredd.fr\\\/retour-sur-evenement-conference-sur-lavenir-de-leurope-a-limredd\\\/#breadcrumb\"},\"inLanguage\":\"en-GB\",\"potentialAction\":[{\"@type\":\"ReadAction\",\"target\":[\"https:\\\/\\\/imredd.fr\\\/retour-sur-evenement-conference-sur-lavenir-de-leurope-a-limredd\\\/\"]}]},{\"@type\":\"ImageObject\",\"inLanguage\":\"en-GB\",\"@id\":\"https:\\\/\\\/imredd.fr\\\/retour-sur-evenement-conference-sur-lavenir-de-leurope-a-limredd\\\/#primaryimage\",\"url\":\"https:\\\/\\\/imredd.fr\\\/wp-content\\\/uploads\\\/2021\\\/10\\\/PKG00181.jpeg\",\"contentUrl\":\"https:\\\/\\\/imredd.fr\\\/wp-content\\\/uploads\\\/2021\\\/10\\\/PKG00181.jpeg\",\"width\":800,\"height\":533},{\"@type\":\"BreadcrumbList\",\"@id\":\"https:\\\/\\\/imredd.fr\\\/retour-sur-evenement-conference-sur-lavenir-de-leurope-a-limredd\\\/#breadcrumb\",\"itemListElement\":[{\"@type\":\"ListItem\",\"position\":1,\"name\":\"Accueil\",\"item\":\"https:\\\/\\\/imredd.fr\\\/\"},{\"@type\":\"ListItem\",\"position\":2,\"name\":\"Retour sur \u00e9v\u00e9nement : Conf\u00e9rence sur l&rsquo;avenir de l&rsquo;Europe \u00e0 l&rsquo;IMREDD\"}]},{\"@type\":\"WebSite\",\"@id\":\"https:\\\/\\\/imredd.fr\\\/#website\",\"url\":\"https:\\\/\\\/imredd.fr\\\/\",\"name\":\"IMREDD - Universit\u00e9 C\u00f4te d'Azur\",\"description\":\"Institut M\u00e9diterran\u00e9en du Risque, de l&#039;Environnement et du D\u00e9veloppement Durable\",\"publisher\":{\"@id\":\"https:\\\/\\\/imredd.fr\\\/#organization\"},\"potentialAction\":[{\"@type\":\"SearchAction\",\"target\":{\"@type\":\"EntryPoint\",\"urlTemplate\":\"https:\\\/\\\/imredd.fr\\\/?s={search_term_string}\"},\"query-input\":{\"@type\":\"PropertyValueSpecification\",\"valueRequired\":true,\"valueName\":\"search_term_string\"}}],\"inLanguage\":\"en-GB\"},{\"@type\":\"Organization\",\"@id\":\"https:\\\/\\\/imredd.fr\\\/#organization\",\"name\":\"IMREDD - Institut M\u00e9diterran\u00e9en du Risque, de l'Environnement et du D\u00e9veloppement Durable\",\"url\":\"https:\\\/\\\/imredd.fr\\\/\",\"logo\":{\"@type\":\"ImageObject\",\"inLanguage\":\"en-GB\",\"@id\":\"https:\\\/\\\/imredd.fr\\\/#\\\/schema\\\/logo\\\/image\\\/\",\"url\":\"https:\\\/\\\/imredd.fr\\\/wp-content\\\/uploads\\\/2025\\\/07\\\/IMREDD-Logo-couleurs-transparent.png\",\"contentUrl\":\"https:\\\/\\\/imredd.fr\\\/wp-content\\\/uploads\\\/2025\\\/07\\\/IMREDD-Logo-couleurs-transparent.png\",\"width\":959,\"height\":164,\"caption\":\"IMREDD - Institut M\u00e9diterran\u00e9en du Risque, de l'Environnement et du D\u00e9veloppement Durable\"},\"image\":{\"@id\":\"https:\\\/\\\/imredd.fr\\\/#\\\/schema\\\/logo\\\/image\\\/\"},\"sameAs\":[\"http:\\\/\\\/facebook.com\\\/imredd.uca\",\"http:\\\/\\\/linkedin.com\\\/showcase\\\/imredd\"]},{\"@type\":\"Person\",\"@id\":\"https:\\\/\\\/imredd.fr\\\/#\\\/schema\\\/person\\\/41e50290e799cf196e315345a93c68de\",\"name\":\"Antonio Barros\",\"image\":{\"@type\":\"ImageObject\",\"inLanguage\":\"en-GB\",\"@id\":\"https:\\\/\\\/secure.gravatar.com\\\/avatar\\\/f4be75a97d6a27aad47c779bf7bfef9978f4ce4cf5a3c6160d97f893788ce445?s=96&d=mm&r=g\",\"url\":\"https:\\\/\\\/secure.gravatar.com\\\/avatar\\\/f4be75a97d6a27aad47c779bf7bfef9978f4ce4cf5a3c6160d97f893788ce445?s=96&d=mm&r=g\",\"contentUrl\":\"https:\\\/\\\/secure.gravatar.com\\\/avatar\\\/f4be75a97d6a27aad47c779bf7bfef9978f4ce4cf5a3c6160d97f893788ce445?s=96&d=mm&r=g\",\"caption\":\"Antonio Barros\"},\"url\":\"https:\\\/\\\/imredd.fr\\\/en\\\/author\\\/imredd-com\\\/\"}]}<\/script>\n<!-- \/ Yoast SEO Premium plugin. -->","yoast_head_json":{"title":"Event recap: Conference on the Future of Europe at IMREDD - IMREDD - Universit\u00e9 C\u00f4te d'Azur","robots":{"index":"index","follow":"follow","max-snippet":"max-snippet:-1","max-image-preview":"max-image-preview:large","max-video-preview":"max-video-preview:-1"},"canonical":"https:\/\/imredd.fr\/en\/review-of-the-conference-event-on-the-future-of-europe-at-limredd\/","og_locale":"en_GB","og_type":"article","og_title":"Retour sur \u00e9v\u00e9nement : Conf\u00e9rence sur l'avenir de l'Europe \u00e0 l'IMREDD","og_description":"Dans le cadre de son partenariat \u00ab Hub business \u00bb avec Nice Matin, l\u2019IMREDD a accueilli au sein de son Learning Center le vendredi 1er octobre, une conf\u00e9rence nomm\u00e9e \"L\u2019Avenir de l\u2019Europe\".","og_url":"https:\/\/imredd.fr\/en\/review-of-the-conference-event-on-the-future-of-europe-at-limredd\/","og_site_name":"IMREDD - Universit\u00e9 C\u00f4te d&#039;Azur","article_publisher":"http:\/\/facebook.com\/imredd.uca","article_published_time":"2021-10-04T08:40:09+00:00","article_modified_time":"2026-01-08T11:22:45+00:00","og_image":[{"width":800,"height":533,"url":"https:\/\/imredd.fr\/wp-content\/uploads\/2021\/10\/PKG00181.jpeg","type":"image\/jpeg"}],"author":"Antonio Barros","twitter_card":"summary_large_image","twitter_misc":{"Written by":"Antonio Barros","Estimated reading time":"1 minute"},"schema":{"@context":"https:\/\/schema.org","@graph":[{"@type":"Article","@id":"https:\/\/imredd.fr\/retour-sur-evenement-conference-sur-lavenir-de-leurope-a-limredd\/#article","isPartOf":{"@id":"https:\/\/imredd.fr\/retour-sur-evenement-conference-sur-lavenir-de-leurope-a-limredd\/"},"author":{"name":"Antonio Barros","@id":"https:\/\/imredd.fr\/#\/schema\/person\/41e50290e799cf196e315345a93c68de"},"headline":"Retour sur \u00e9v\u00e9nement : Conf\u00e9rence sur l&rsquo;avenir de l&rsquo;Europe \u00e0 l&rsquo;IMREDD","datePublished":"2021-10-04T08:40:09+00:00","dateModified":"2026-01-08T11:22:45+00:00","mainEntityOfPage":{"@id":"https:\/\/imredd.fr\/retour-sur-evenement-conference-sur-lavenir-de-leurope-a-limredd\/"},"wordCount":147,"commentCount":0,"publisher":{"@id":"https:\/\/imredd.fr\/#organization"},"image":{"@id":"https:\/\/imredd.fr\/retour-sur-evenement-conference-sur-lavenir-de-leurope-a-limredd\/#primaryimage"},"thumbnailUrl":"https:\/\/imredd.fr\/wp-content\/uploads\/2021\/10\/PKG00181.jpeg","articleSection":["Institutionnel"],"inLanguage":"en-GB","potentialAction":[{"@type":"CommentAction","name":"Comment","target":["https:\/\/imredd.fr\/retour-sur-evenement-conference-sur-lavenir-de-leurope-a-limredd\/#respond"]}]},{"@type":"WebPage","@id":"https:\/\/imredd.fr\/retour-sur-evenement-conference-sur-lavenir-de-leurope-a-limredd\/","url":"https:\/\/imredd.fr\/retour-sur-evenement-conference-sur-lavenir-de-leurope-a-limredd\/","name":"Event recap: Conference on the Future of Europe at IMREDD - IMREDD - Universit\u00e9 C\u00f4te d'Azur","isPartOf":{"@id":"https:\/\/imredd.fr\/#website"},"primaryImageOfPage":{"@id":"https:\/\/imredd.fr\/retour-sur-evenement-conference-sur-lavenir-de-leurope-a-limredd\/#primaryimage"},"image":{"@id":"https:\/\/imredd.fr\/retour-sur-evenement-conference-sur-lavenir-de-leurope-a-limredd\/#primaryimage"},"thumbnailUrl":"https:\/\/imredd.fr\/wp-content\/uploads\/2021\/10\/PKG00181.jpeg","datePublished":"2021-10-04T08:40:09+00:00","dateModified":"2026-01-08T11:22:45+00:00","breadcrumb":{"@id":"https:\/\/imredd.fr\/retour-sur-evenement-conference-sur-lavenir-de-leurope-a-limredd\/#breadcrumb"},"inLanguage":"en-GB","potentialAction":[{"@type":"ReadAction","target":["https:\/\/imredd.fr\/retour-sur-evenement-conference-sur-lavenir-de-leurope-a-limredd\/"]}]},{"@type":"ImageObject","inLanguage":"en-GB","@id":"https:\/\/imredd.fr\/retour-sur-evenement-conference-sur-lavenir-de-leurope-a-limredd\/#primaryimage","url":"https:\/\/imredd.fr\/wp-content\/uploads\/2021\/10\/PKG00181.jpeg","contentUrl":"https:\/\/imredd.fr\/wp-content\/uploads\/2021\/10\/PKG00181.jpeg","width":800,"height":533},{"@type":"BreadcrumbList","@id":"https:\/\/imredd.fr\/retour-sur-evenement-conference-sur-lavenir-de-leurope-a-limredd\/#breadcrumb","itemListElement":[{"@type":"ListItem","position":1,"name":"Accueil","item":"https:\/\/imredd.fr\/"},{"@type":"ListItem","position":2,"name":"Retour sur \u00e9v\u00e9nement : Conf\u00e9rence sur l&rsquo;avenir de l&rsquo;Europe \u00e0 l&rsquo;IMREDD"}]},{"@type":"WebSite","@id":"https:\/\/imredd.fr\/#website","url":"https:\/\/imredd.fr\/","name":"IMREDD - C\u00f4te d'Azur University","description":"Mediterranean Institute for Risk, Environment and Sustainable Development","publisher":{"@id":"https:\/\/imredd.fr\/#organization"},"potentialAction":[{"@type":"SearchAction","target":{"@type":"EntryPoint","urlTemplate":"https:\/\/imredd.fr\/?s={search_term_string}"},"query-input":{"@type":"PropertyValueSpecification","valueRequired":true,"valueName":"search_term_string"}}],"inLanguage":"en-GB"},{"@type":"Organization","@id":"https:\/\/imredd.fr\/#organization","name":"IMREDD - Mediterranean Institute for Risk, Environment and Sustainable Development","url":"https:\/\/imredd.fr\/","logo":{"@type":"ImageObject","inLanguage":"en-GB","@id":"https:\/\/imredd.fr\/#\/schema\/logo\/image\/","url":"https:\/\/imredd.fr\/wp-content\/uploads\/2025\/07\/IMREDD-Logo-couleurs-transparent.png","contentUrl":"https:\/\/imredd.fr\/wp-content\/uploads\/2025\/07\/IMREDD-Logo-couleurs-transparent.png","width":959,"height":164,"caption":"IMREDD - Institut M\u00e9diterran\u00e9en du Risque, de l'Environnement et du D\u00e9veloppement Durable"},"image":{"@id":"https:\/\/imredd.fr\/#\/schema\/logo\/image\/"},"sameAs":["http:\/\/facebook.com\/imredd.uca","http:\/\/linkedin.com\/showcase\/imredd"]},{"@type":"Person","@id":"https:\/\/imredd.fr\/#\/schema\/person\/41e50290e799cf196e315345a93c68de","name":"Antonio Barros","image":{"@type":"ImageObject","inLanguage":"en-GB","@id":"https:\/\/secure.gravatar.com\/avatar\/f4be75a97d6a27aad47c779bf7bfef9978f4ce4cf5a3c6160d97f893788ce445?s=96&d=mm&r=g","url":"https:\/\/secure.gravatar.com\/avatar\/f4be75a97d6a27aad47c779bf7bfef9978f4ce4cf5a3c6160d97f893788ce445?s=96&d=mm&r=g","contentUrl":"https:\/\/secure.gravatar.com\/avatar\/f4be75a97d6a27aad47c779bf7bfef9978f4ce4cf5a3c6160d97f893788ce445?s=96&d=mm&r=g","caption":"Antonio Barros"},"url":"https:\/\/imredd.fr\/en\/author\/imredd-com\/"}]}},"_links":{"self":[{"href":"https:\/\/imredd.fr\/en\/wp-json\/wp\/v2\/posts\/19752","targetHints":{"allow":["GET"]}}],"collection":[{"href":"https:\/\/imredd.fr\/en\/wp-json\/wp\/v2\/posts"}],"about":[{"href":"https:\/\/imredd.fr\/en\/wp-json\/wp\/v2\/types\/post"}],"author":[{"embeddable":true,"href":"https:\/\/imredd.fr\/en\/wp-json\/wp\/v2\/users\/2"}],"replies":[{"embeddable":true,"href":"https:\/\/imredd.fr\/en\/wp-json\/wp\/v2\/comments?post=19752"}],"version-history":[{"count":0,"href":"https:\/\/imredd.fr\/en\/wp-json\/wp\/v2\/posts\/19752\/revisions"}],"wp:featuredmedia":[{"embeddable":true,"href":"https:\/\/imredd.fr\/en\/wp-json\/wp\/v2\/media\/19763"}],"wp:attachment":[{"href":"https:\/\/imredd.fr\/en\/wp-json\/wp\/v2\/media?parent=19752"}],"wp:term":[{"taxonomy":"category","embeddable":true,"href":"https:\/\/imredd.fr\/en\/wp-json\/wp\/v2\/categories?post=19752"},{"taxonomy":"post_tag","embeddable":true,"href":"https:\/\/imredd.fr\/en\/wp-json\/wp\/v2\/tags?post=19752"}],"curies":[{"name":"wp","href":"https:\/\/api.w.org\/{rel}","templated":true}]}}