{"id":20953,"date":"2022-02-22T14:17:50","date_gmt":"2022-02-22T13:17:50","guid":{"rendered":"https:\/\/imredd.fr\/?p=20953"},"modified":"2026-01-08T12:22:47","modified_gmt":"2026-01-08T11:22:47","slug":"new-short-courses-future-industry-and-smart-tech","status":"publish","type":"post","link":"https:\/\/imredd.fr\/en\/nouvelles-formations-courtes-industrie-du-futur-et-smart-tech\/","title":{"rendered":"New \u00abIndustry of the Future\u00bb and \u00abSmart Tech\u00bb short courses\u00bb"},"content":{"rendered":"<p>Starting in March 2022, IMREDD is launching a new range of short, applied training courses in the fields of industrial production, science and technology, R&amp;D engineering, and bioengineering. These courses have been designed to support, through the <strong>Continuing vocational training,<\/strong> the development and updating of skills <strong>employees, job seekers, and young people<\/strong> (16-29 years old) on strategic courses such as future industry and Smart Tech.<\/p>\n<h4>Sign up for our Open Day<\/h4>\n<div class='ajde_evcal_calendar eventon_single_event eventon_event evo_sin_box sev cev color esty_2 etttc_custom' ><div class='evo-data'   data-ux_val='3' data-exturl='' data-mapscroll='true' data-mapformat='roadmap' data-mapzoom='18' ><\/div><div class='evo_cal_data' data-sc='{\"excerpt\":\"\",\"expanded\":\"no\",\"ux_val\":3,\"exturl\":\"\",\"mapscroll\":\"true\",\"mapformat\":\"roadmap\",\"mapzoom\":\"18\",\"maps_load\":\"no\"}'><\/div><div id='evcal_list' class='eventon_events_list'>Missing Event Data<\/div><\/div>\n<p>&nbsp;<\/p>\n<h3>Formation \u00ab <a href=\"https:\/\/imredd.fr\/en\/fabrication-additive\/\">Additive Polymer and Metal Fabrication: Understanding and Manipulation<\/a> \u00bb<\/h3>\n<p><img loading=\"lazy\" decoding=\"async\" class=\"size-medium wp-image-20554 alignright\" src=\"https:\/\/imredd.fr\/wp-content\/uploads\/2022\/01\/fabrication_additive-300x162.jpg\" alt=\"Close-up of a 3D printer printing a part\" width=\"300\" height=\"162\" srcset=\"https:\/\/imredd.fr\/wp-content\/uploads\/2022\/01\/fabrication_additive-300x162.jpg 300w, https:\/\/imredd.fr\/wp-content\/uploads\/2022\/01\/fabrication_additive-1024x553.jpg 1024w, https:\/\/imredd.fr\/wp-content\/uploads\/2022\/01\/fabrication_additive-768x414.jpg 768w, https:\/\/imredd.fr\/wp-content\/uploads\/2022\/01\/fabrication_additive-1536x829.jpg 1536w, https:\/\/imredd.fr\/wp-content\/uploads\/2022\/01\/fabrication_additive.jpg 1920w\" sizes=\"auto, (max-width: 300px) 100vw, 300px\" \/><\/p>\n<p>Reviewed by 3Dnatives as one of the <a href=\"https:\/\/www.3dnatives.com\/formation-en-impression-3d-04072018\/?utm_source=Mailing+Principal&amp;utm_campaign=a84f670a30-EMAIL_CAMPAIGN_2022_02_14_04_07_COPY_01&amp;utm_medium=email&amp;utm_term=0_39cb2d16f6-a84f670a30-75845749&amp;mc_cid=a84f670a30&amp;mc_eid=a66bfc9632\">Best additive manufacturing training courses in France<\/a>, This training covers several methods (FDM, SLA, MJF and BMD), polymer recycling, and the HSE rules associated with these methods. Learning is achieved through mini-projects, by operating the equipment, and with the involvement of industry experts.<\/p>\n<h3><\/h3>\n<p>&nbsp;<\/p>\n<h3><\/h3>\n<h3><\/h3>\n<h3>Formation \u00ab <a href=\"https:\/\/imredd.fr\/en\/bioimpression-3d\/\">Bioimpression 3D<\/a> \u00bb<\/h3>\n<p><img loading=\"lazy\" decoding=\"async\" class=\"size-medium wp-image-20954 alignright\" src=\"https:\/\/imredd.fr\/wp-content\/uploads\/2022\/02\/Formation-Bioimpression-3D-300x200.jpeg\" alt=\"3D printing of cells onto an electrode\" width=\"300\" height=\"200\" \/><\/p>\n<p>Bioprinting is a method used to create cellular structures from bio-inks loaded with stem cells. Layer by layer, the biomaterial is deposited to design skin, tissue, or even an organ. This training, provided by scientific experts, allows participants to learn how to handle equipment by covering two methods: extrusion and stereolithography.<\/p>\n<h3><\/h3>\n<p>&nbsp;<\/p>\n<h3><\/h3>\n<p>&nbsp;<\/p>\n<h3><\/h3>\n<h3>Formation \u00ab <a href=\"https:\/\/imredd.fr\/en\/apprendre-a-faire-son-objet-connecte\/\">Design and create a connected object<\/a> \u00bb<\/h3>\n<p><img loading=\"lazy\" decoding=\"async\" class=\"size-medium wp-image-20955 alignright\" src=\"https:\/\/imredd.fr\/wp-content\/uploads\/2022\/02\/Formation-Concevoir-et-Re%CC%81aliser-un-Objet-Connecte%CC%81-300x200.jpeg\" alt=\"\" width=\"300\" height=\"200\" \/><\/p>\n<p>This training course offers an introduction to and in-depth study of the design of connected objects, as well as support for a personal project. It covers all the stages and skills required to create a connected object, from its initial concept, the creation of its 3D casing, the integration of an embedded computer with its sensors and actuators, the necessary software development, its implementation, and its promotion.<\/p>\n<h3><\/h3>\n<h3><\/h3>\n<h3><\/h3>\n<p>&nbsp;<\/p>\n<p>&nbsp;<\/p>\n<h3><\/h3>\n<h3 class=\"null\">Possibility of training support<\/h3>\n<p>Jobseekers (whether registered with P\u00f4le Emploi or not) as well as precarious workers (fixed-term contract employees, part-time employees, business creators) can benefit from financial support within the framework of the <strong>Regional continuing professional development programme<\/strong> supported by the Sud Provence-Alpes-C\u00f4te d\u2019Azur Region. For more information, register for the <a href=\"\/en\/jpo\/\">Open Days<\/a> you contact the <u><a title=\"mailto:imredd.formations@univ-cotedazur.fr?subject=Prise%20en%20charge%20de%20la%20formation\" contenteditable=\"false\" href=\"mailto:imredd.formations@univ-cotedazur.fr?subject=Prise%20en%20charge%20de%20la%20formation\" target=\"_blank\" rel=\"noopener\">IMREDD Training Centre<\/a><\/u>.<\/p>\n<p><!--themify_builder_static--><!--\/themify_builder_static--><\/p>","protected":false},"excerpt":{"rendered":"<p>From March 2022, IMREDD is launching a new range of short, applied training courses in industrial production, science and technology, R&amp;D engineering and bioengineering. These courses have been designed to support the development and updating of skills for employees, jobseekers and young people (aged 16-29) in strategic sectors such as the industry of the future and Smart Tech, via continuing vocational training.<\/p>","protected":false},"author":2,"featured_media":20966,"comment_status":"open","ping_status":"open","sticky":false,"template":"","format":"standard","meta":{"footnotes":""},"categories":[36,153],"tags":[],"class_list":["post-20953","post","type-post","status-publish","format-standard","has-post-thumbnail","hentry","category-formations","category-plateforme-technologique","has-post-title","has-post-date","has-post-category","has-post-tag","has-post-comment","has-post-author",""],"yoast_head":"<!-- This site is optimized with the Yoast SEO Premium plugin v27.4 (Yoast SEO v27.4) - https:\/\/yoast.com\/product\/yoast-seo-premium-wordpress\/ -->\n<title>Nouvelles formations courtes \u00ab Industrie du Futur \u00bb et \u00ab\u00a0Smart Tech\u00a0\u00bb<\/title>\n<meta name=\"description\" content=\"L\u2019IMREDD lance une nouvelle offre de formations courtes et appliqu\u00e9es dans les domaines de la production industrielle, R&amp;D et bioing\u00e9nierie.\" \/>\n<meta name=\"robots\" content=\"index, follow, max-snippet:-1, max-image-preview:large, max-video-preview:-1\" \/>\n<link rel=\"canonical\" href=\"https:\/\/imredd.fr\/en\/new-short-courses-future-industry-and-smart-tech\/\" \/>\n<meta property=\"og:locale\" content=\"en_GB\" \/>\n<meta property=\"og:type\" content=\"article\" \/>\n<meta property=\"og:title\" content=\"Nouvelles formations courtes \u00ab Industrie du Futur \u00bb et \u00ab\u00a0Smart Tech\u00a0\u00bb\" \/>\n<meta property=\"og:description\" content=\"L\u2019IMREDD lance une nouvelle offre de formations courtes et appliqu\u00e9es dans les domaines de la production industrielle, R&amp;D et bioing\u00e9nierie.\" \/>\n<meta property=\"og:url\" content=\"https:\/\/imredd.fr\/en\/new-short-courses-future-industry-and-smart-tech\/\" \/>\n<meta property=\"og:site_name\" content=\"IMREDD - Universit\u00e9 C\u00f4te d&#039;Azur\" \/>\n<meta property=\"article:publisher\" content=\"http:\/\/facebook.com\/imredd.uca\" \/>\n<meta property=\"article:published_time\" content=\"2022-02-22T13:17:50+00:00\" \/>\n<meta property=\"article:modified_time\" content=\"2026-01-08T11:22:47+00:00\" \/>\n<meta property=\"og:image\" content=\"https:\/\/imredd.fr\/wp-content\/uploads\/2022\/02\/formations-courtes-actualites.jpg\" \/>\n\t<meta property=\"og:image:width\" content=\"800\" \/>\n\t<meta property=\"og:image:height\" content=\"600\" \/>\n\t<meta property=\"og:image:type\" content=\"image\/jpeg\" \/>\n<meta name=\"author\" content=\"Antonio Barros\" \/>\n<meta name=\"twitter:card\" content=\"summary_large_image\" \/>\n<meta name=\"twitter:label1\" content=\"Written by\" \/>\n\t<meta name=\"twitter:data1\" content=\"Antonio Barros\" \/>\n\t<meta name=\"twitter:label2\" content=\"Estimated reading time\" \/>\n\t<meta name=\"twitter:data2\" content=\"3 minutes\" \/>\n<script type=\"application\/ld+json\" class=\"yoast-schema-graph\">{\"@context\":\"https:\\\/\\\/schema.org\",\"@graph\":[{\"@type\":\"Article\",\"@id\":\"https:\\\/\\\/imredd.fr\\\/en\\\/new-short-courses-future-industry-and-smart-tech\\\/#article\",\"isPartOf\":{\"@id\":\"https:\\\/\\\/imredd.fr\\\/en\\\/new-short-courses-future-industry-and-smart-tech\\\/\"},\"author\":{\"name\":\"Antonio Barros\",\"@id\":\"https:\\\/\\\/imredd.fr\\\/#\\\/schema\\\/person\\\/41e50290e799cf196e315345a93c68de\"},\"headline\":\"Nouvelles formations courtes \u00ab Industrie du Futur \u00bb et \u00ab\u00a0Smart Tech\u00a0\u00bb\",\"datePublished\":\"2022-02-22T13:17:50+00:00\",\"dateModified\":\"2026-01-08T11:22:47+00:00\",\"mainEntityOfPage\":{\"@id\":\"https:\\\/\\\/imredd.fr\\\/en\\\/new-short-courses-future-industry-and-smart-tech\\\/\"},\"wordCount\":443,\"commentCount\":0,\"publisher\":{\"@id\":\"https:\\\/\\\/imredd.fr\\\/#organization\"},\"image\":{\"@id\":\"https:\\\/\\\/imredd.fr\\\/en\\\/new-short-courses-future-industry-and-smart-tech\\\/#primaryimage\"},\"thumbnailUrl\":\"https:\\\/\\\/imredd.fr\\\/wp-content\\\/uploads\\\/2022\\\/02\\\/formations-courtes-actualites.jpg\",\"articleSection\":[\"Formations\",\"Plateforme Technologique\"],\"inLanguage\":\"en-GB\",\"potentialAction\":[{\"@type\":\"CommentAction\",\"name\":\"Comment\",\"target\":[\"https:\\\/\\\/imredd.fr\\\/en\\\/new-short-courses-future-industry-and-smart-tech\\\/#respond\"]}]},{\"@type\":\"WebPage\",\"@id\":\"https:\\\/\\\/imredd.fr\\\/en\\\/new-short-courses-future-industry-and-smart-tech\\\/\",\"url\":\"https:\\\/\\\/imredd.fr\\\/en\\\/new-short-courses-future-industry-and-smart-tech\\\/\",\"name\":\"Nouvelles formations courtes \u00ab Industrie du Futur \u00bb et \u00ab\u00a0Smart Tech\u00a0\u00bb\",\"isPartOf\":{\"@id\":\"https:\\\/\\\/imredd.fr\\\/#website\"},\"primaryImageOfPage\":{\"@id\":\"https:\\\/\\\/imredd.fr\\\/en\\\/new-short-courses-future-industry-and-smart-tech\\\/#primaryimage\"},\"image\":{\"@id\":\"https:\\\/\\\/imredd.fr\\\/en\\\/new-short-courses-future-industry-and-smart-tech\\\/#primaryimage\"},\"thumbnailUrl\":\"https:\\\/\\\/imredd.fr\\\/wp-content\\\/uploads\\\/2022\\\/02\\\/formations-courtes-actualites.jpg\",\"datePublished\":\"2022-02-22T13:17:50+00:00\",\"dateModified\":\"2026-01-08T11:22:47+00:00\",\"description\":\"L\u2019IMREDD lance une nouvelle offre de formations courtes et appliqu\u00e9es dans les domaines de la production industrielle, R&D et bioing\u00e9nierie.\",\"breadcrumb\":{\"@id\":\"https:\\\/\\\/imredd.fr\\\/en\\\/new-short-courses-future-industry-and-smart-tech\\\/#breadcrumb\"},\"inLanguage\":\"en-GB\",\"potentialAction\":[{\"@type\":\"ReadAction\",\"target\":[\"https:\\\/\\\/imredd.fr\\\/en\\\/new-short-courses-future-industry-and-smart-tech\\\/\"]}]},{\"@type\":\"ImageObject\",\"inLanguage\":\"en-GB\",\"@id\":\"https:\\\/\\\/imredd.fr\\\/en\\\/new-short-courses-future-industry-and-smart-tech\\\/#primaryimage\",\"url\":\"https:\\\/\\\/imredd.fr\\\/wp-content\\\/uploads\\\/2022\\\/02\\\/formations-courtes-actualites.jpg\",\"contentUrl\":\"https:\\\/\\\/imredd.fr\\\/wp-content\\\/uploads\\\/2022\\\/02\\\/formations-courtes-actualites.jpg\",\"width\":800,\"height\":600},{\"@type\":\"BreadcrumbList\",\"@id\":\"https:\\\/\\\/imredd.fr\\\/en\\\/new-short-courses-future-industry-and-smart-tech\\\/#breadcrumb\",\"itemListElement\":[{\"@type\":\"ListItem\",\"position\":1,\"name\":\"Accueil\",\"item\":\"https:\\\/\\\/imredd.fr\\\/\"},{\"@type\":\"ListItem\",\"position\":2,\"name\":\"Nouvelles formations courtes \u00ab Industrie du Futur \u00bb et \u00ab\u00a0Smart Tech\u00a0\u00bb\"}]},{\"@type\":\"WebSite\",\"@id\":\"https:\\\/\\\/imredd.fr\\\/#website\",\"url\":\"https:\\\/\\\/imredd.fr\\\/\",\"name\":\"IMREDD - Universit\u00e9 C\u00f4te d'Azur\",\"description\":\"Institut M\u00e9diterran\u00e9en du Risque, de l&#039;Environnement et du D\u00e9veloppement Durable\",\"publisher\":{\"@id\":\"https:\\\/\\\/imredd.fr\\\/#organization\"},\"potentialAction\":[{\"@type\":\"SearchAction\",\"target\":{\"@type\":\"EntryPoint\",\"urlTemplate\":\"https:\\\/\\\/imredd.fr\\\/?s={search_term_string}\"},\"query-input\":{\"@type\":\"PropertyValueSpecification\",\"valueRequired\":true,\"valueName\":\"search_term_string\"}}],\"inLanguage\":\"en-GB\"},{\"@type\":\"Organization\",\"@id\":\"https:\\\/\\\/imredd.fr\\\/#organization\",\"name\":\"IMREDD - Institut M\u00e9diterran\u00e9en du Risque, de l'Environnement et du D\u00e9veloppement Durable\",\"url\":\"https:\\\/\\\/imredd.fr\\\/\",\"logo\":{\"@type\":\"ImageObject\",\"inLanguage\":\"en-GB\",\"@id\":\"https:\\\/\\\/imredd.fr\\\/#\\\/schema\\\/logo\\\/image\\\/\",\"url\":\"https:\\\/\\\/imredd.fr\\\/wp-content\\\/uploads\\\/2025\\\/07\\\/IMREDD-Logo-couleurs-transparent.png\",\"contentUrl\":\"https:\\\/\\\/imredd.fr\\\/wp-content\\\/uploads\\\/2025\\\/07\\\/IMREDD-Logo-couleurs-transparent.png\",\"width\":959,\"height\":164,\"caption\":\"IMREDD - Institut M\u00e9diterran\u00e9en du Risque, de l'Environnement et du D\u00e9veloppement Durable\"},\"image\":{\"@id\":\"https:\\\/\\\/imredd.fr\\\/#\\\/schema\\\/logo\\\/image\\\/\"},\"sameAs\":[\"http:\\\/\\\/facebook.com\\\/imredd.uca\",\"http:\\\/\\\/linkedin.com\\\/showcase\\\/imredd\"]},{\"@type\":\"Person\",\"@id\":\"https:\\\/\\\/imredd.fr\\\/#\\\/schema\\\/person\\\/41e50290e799cf196e315345a93c68de\",\"name\":\"Antonio Barros\",\"image\":{\"@type\":\"ImageObject\",\"inLanguage\":\"en-GB\",\"@id\":\"https:\\\/\\\/secure.gravatar.com\\\/avatar\\\/f4be75a97d6a27aad47c779bf7bfef9978f4ce4cf5a3c6160d97f893788ce445?s=96&d=mm&r=g\",\"url\":\"https:\\\/\\\/secure.gravatar.com\\\/avatar\\\/f4be75a97d6a27aad47c779bf7bfef9978f4ce4cf5a3c6160d97f893788ce445?s=96&d=mm&r=g\",\"contentUrl\":\"https:\\\/\\\/secure.gravatar.com\\\/avatar\\\/f4be75a97d6a27aad47c779bf7bfef9978f4ce4cf5a3c6160d97f893788ce445?s=96&d=mm&r=g\",\"caption\":\"Antonio Barros\"},\"url\":\"https:\\\/\\\/imredd.fr\\\/en\\\/author\\\/imredd-com\\\/\"}]}<\/script>\n<!-- \/ Yoast SEO Premium plugin. -->","yoast_head_json":{"title":"New \u00abIndustry of the Future\u00bb and \u00abSmart Tech\u00bb short courses\u00bb","description":"The IMREDD is launching a new range of short, applied training courses in the fields of industrial production, R&amp;D, and bioengineering.","robots":{"index":"index","follow":"follow","max-snippet":"max-snippet:-1","max-image-preview":"max-image-preview:large","max-video-preview":"max-video-preview:-1"},"canonical":"https:\/\/imredd.fr\/en\/new-short-courses-future-industry-and-smart-tech\/","og_locale":"en_GB","og_type":"article","og_title":"Nouvelles formations courtes \u00ab Industrie du Futur \u00bb et \u00ab\u00a0Smart Tech\u00a0\u00bb","og_description":"L\u2019IMREDD lance une nouvelle offre de formations courtes et appliqu\u00e9es dans les domaines de la production industrielle, R&D et bioing\u00e9nierie.","og_url":"https:\/\/imredd.fr\/en\/new-short-courses-future-industry-and-smart-tech\/","og_site_name":"IMREDD - Universit\u00e9 C\u00f4te d&#039;Azur","article_publisher":"http:\/\/facebook.com\/imredd.uca","article_published_time":"2022-02-22T13:17:50+00:00","article_modified_time":"2026-01-08T11:22:47+00:00","og_image":[{"width":800,"height":600,"url":"https:\/\/imredd.fr\/wp-content\/uploads\/2022\/02\/formations-courtes-actualites.jpg","type":"image\/jpeg"}],"author":"Antonio Barros","twitter_card":"summary_large_image","twitter_misc":{"Written by":"Antonio Barros","Estimated reading time":"3 minutes"},"schema":{"@context":"https:\/\/schema.org","@graph":[{"@type":"Article","@id":"https:\/\/imredd.fr\/en\/new-short-courses-future-industry-and-smart-tech\/#article","isPartOf":{"@id":"https:\/\/imredd.fr\/en\/new-short-courses-future-industry-and-smart-tech\/"},"author":{"name":"Antonio Barros","@id":"https:\/\/imredd.fr\/#\/schema\/person\/41e50290e799cf196e315345a93c68de"},"headline":"Nouvelles formations courtes \u00ab Industrie du Futur \u00bb et \u00ab\u00a0Smart Tech\u00a0\u00bb","datePublished":"2022-02-22T13:17:50+00:00","dateModified":"2026-01-08T11:22:47+00:00","mainEntityOfPage":{"@id":"https:\/\/imredd.fr\/en\/new-short-courses-future-industry-and-smart-tech\/"},"wordCount":443,"commentCount":0,"publisher":{"@id":"https:\/\/imredd.fr\/#organization"},"image":{"@id":"https:\/\/imredd.fr\/en\/new-short-courses-future-industry-and-smart-tech\/#primaryimage"},"thumbnailUrl":"https:\/\/imredd.fr\/wp-content\/uploads\/2022\/02\/formations-courtes-actualites.jpg","articleSection":["Formations","Plateforme Technologique"],"inLanguage":"en-GB","potentialAction":[{"@type":"CommentAction","name":"Comment","target":["https:\/\/imredd.fr\/en\/new-short-courses-future-industry-and-smart-tech\/#respond"]}]},{"@type":"WebPage","@id":"https:\/\/imredd.fr\/en\/new-short-courses-future-industry-and-smart-tech\/","url":"https:\/\/imredd.fr\/en\/new-short-courses-future-industry-and-smart-tech\/","name":"New \u00abIndustry of the Future\u00bb and \u00abSmart Tech\u00bb short courses\u00bb","isPartOf":{"@id":"https:\/\/imredd.fr\/#website"},"primaryImageOfPage":{"@id":"https:\/\/imredd.fr\/en\/new-short-courses-future-industry-and-smart-tech\/#primaryimage"},"image":{"@id":"https:\/\/imredd.fr\/en\/new-short-courses-future-industry-and-smart-tech\/#primaryimage"},"thumbnailUrl":"https:\/\/imredd.fr\/wp-content\/uploads\/2022\/02\/formations-courtes-actualites.jpg","datePublished":"2022-02-22T13:17:50+00:00","dateModified":"2026-01-08T11:22:47+00:00","description":"The IMREDD is launching a new range of short, applied training courses in the fields of industrial production, R&amp;D, and bioengineering.","breadcrumb":{"@id":"https:\/\/imredd.fr\/en\/new-short-courses-future-industry-and-smart-tech\/#breadcrumb"},"inLanguage":"en-GB","potentialAction":[{"@type":"ReadAction","target":["https:\/\/imredd.fr\/en\/new-short-courses-future-industry-and-smart-tech\/"]}]},{"@type":"ImageObject","inLanguage":"en-GB","@id":"https:\/\/imredd.fr\/en\/new-short-courses-future-industry-and-smart-tech\/#primaryimage","url":"https:\/\/imredd.fr\/wp-content\/uploads\/2022\/02\/formations-courtes-actualites.jpg","contentUrl":"https:\/\/imredd.fr\/wp-content\/uploads\/2022\/02\/formations-courtes-actualites.jpg","width":800,"height":600},{"@type":"BreadcrumbList","@id":"https:\/\/imredd.fr\/en\/new-short-courses-future-industry-and-smart-tech\/#breadcrumb","itemListElement":[{"@type":"ListItem","position":1,"name":"Accueil","item":"https:\/\/imredd.fr\/"},{"@type":"ListItem","position":2,"name":"Nouvelles formations courtes \u00ab Industrie du Futur \u00bb et \u00ab\u00a0Smart Tech\u00a0\u00bb"}]},{"@type":"WebSite","@id":"https:\/\/imredd.fr\/#website","url":"https:\/\/imredd.fr\/","name":"IMREDD - C\u00f4te d'Azur University","description":"Mediterranean Institute for Risk, Environment and Sustainable Development","publisher":{"@id":"https:\/\/imredd.fr\/#organization"},"potentialAction":[{"@type":"SearchAction","target":{"@type":"EntryPoint","urlTemplate":"https:\/\/imredd.fr\/?s={search_term_string}"},"query-input":{"@type":"PropertyValueSpecification","valueRequired":true,"valueName":"search_term_string"}}],"inLanguage":"en-GB"},{"@type":"Organization","@id":"https:\/\/imredd.fr\/#organization","name":"IMREDD - Mediterranean Institute for Risk, Environment and Sustainable Development","url":"https:\/\/imredd.fr\/","logo":{"@type":"ImageObject","inLanguage":"en-GB","@id":"https:\/\/imredd.fr\/#\/schema\/logo\/image\/","url":"https:\/\/imredd.fr\/wp-content\/uploads\/2025\/07\/IMREDD-Logo-couleurs-transparent.png","contentUrl":"https:\/\/imredd.fr\/wp-content\/uploads\/2025\/07\/IMREDD-Logo-couleurs-transparent.png","width":959,"height":164,"caption":"IMREDD - Institut M\u00e9diterran\u00e9en du Risque, de l'Environnement et du D\u00e9veloppement Durable"},"image":{"@id":"https:\/\/imredd.fr\/#\/schema\/logo\/image\/"},"sameAs":["http:\/\/facebook.com\/imredd.uca","http:\/\/linkedin.com\/showcase\/imredd"]},{"@type":"Person","@id":"https:\/\/imredd.fr\/#\/schema\/person\/41e50290e799cf196e315345a93c68de","name":"Antonio Barros","image":{"@type":"ImageObject","inLanguage":"en-GB","@id":"https:\/\/secure.gravatar.com\/avatar\/f4be75a97d6a27aad47c779bf7bfef9978f4ce4cf5a3c6160d97f893788ce445?s=96&d=mm&r=g","url":"https:\/\/secure.gravatar.com\/avatar\/f4be75a97d6a27aad47c779bf7bfef9978f4ce4cf5a3c6160d97f893788ce445?s=96&d=mm&r=g","contentUrl":"https:\/\/secure.gravatar.com\/avatar\/f4be75a97d6a27aad47c779bf7bfef9978f4ce4cf5a3c6160d97f893788ce445?s=96&d=mm&r=g","caption":"Antonio Barros"},"url":"https:\/\/imredd.fr\/en\/author\/imredd-com\/"}]}},"_links":{"self":[{"href":"https:\/\/imredd.fr\/en\/wp-json\/wp\/v2\/posts\/20953","targetHints":{"allow":["GET"]}}],"collection":[{"href":"https:\/\/imredd.fr\/en\/wp-json\/wp\/v2\/posts"}],"about":[{"href":"https:\/\/imredd.fr\/en\/wp-json\/wp\/v2\/types\/post"}],"author":[{"embeddable":true,"href":"https:\/\/imredd.fr\/en\/wp-json\/wp\/v2\/users\/2"}],"replies":[{"embeddable":true,"href":"https:\/\/imredd.fr\/en\/wp-json\/wp\/v2\/comments?post=20953"}],"version-history":[{"count":0,"href":"https:\/\/imredd.fr\/en\/wp-json\/wp\/v2\/posts\/20953\/revisions"}],"wp:featuredmedia":[{"embeddable":true,"href":"https:\/\/imredd.fr\/en\/wp-json\/wp\/v2\/media\/20966"}],"wp:attachment":[{"href":"https:\/\/imredd.fr\/en\/wp-json\/wp\/v2\/media?parent=20953"}],"wp:term":[{"taxonomy":"category","embeddable":true,"href":"https:\/\/imredd.fr\/en\/wp-json\/wp\/v2\/categories?post=20953"},{"taxonomy":"post_tag","embeddable":true,"href":"https:\/\/imredd.fr\/en\/wp-json\/wp\/v2\/tags?post=20953"}],"curies":[{"name":"wp","href":"https:\/\/api.w.org\/{rel}","templated":true}]}}