{"id":20970,"date":"2022-02-24T09:50:52","date_gmt":"2022-02-24T08:50:52","guid":{"rendered":"https:\/\/imredd.fr\/?p=20970"},"modified":"2026-01-08T12:22:48","modified_gmt":"2026-01-08T11:22:48","slug":"the-limredd-smart-city-innovation-centre-integrates-the-industry-of-the-future-acceleration-platform-in-the-pracciis-region-and-launches-a-dedicated-service-offering","status":"publish","type":"post","link":"https:\/\/imredd.fr\/en\/le-smart-city-innovation-center-de-limredd-integre-la-plateforme-dacceleration-de-lindustrie-du-futur-en-region-pracciis-et-lance-une-offre-de-services-dediee\/","title":{"rendered":"The IMREDD's Smart City Innovation Centre integrates the Future Industry Acceleration Platform in the Sud Region (PRACCIIS) and is launching a dedicated service offering."},"content":{"rendered":"<p><img loading=\"lazy\" decoding=\"async\" class=\"aligncenter wp-image-20983 size-full\" src=\"https:\/\/imredd.fr\/wp-content\/uploads\/2022\/02\/visuel-pracciis-actu.jpg\" alt=\"\" width=\"800\" height=\"600\" srcset=\"https:\/\/imredd.fr\/wp-content\/uploads\/2022\/02\/visuel-pracciis-actu.jpg 800w, https:\/\/imredd.fr\/wp-content\/uploads\/2022\/02\/visuel-pracciis-actu-300x225.jpg 300w, https:\/\/imredd.fr\/wp-content\/uploads\/2022\/02\/visuel-pracciis-actu-768x576.jpg 768w\" sizes=\"auto, (max-width: 800px) 100vw, 800px\" \/><\/p>\n<p><a href=\"https:\/\/univ-cotedazur.fr\" target=\"_blank\" rel=\"noopener\">University of C\u00f4te d'Azur<\/a> and <a href=\"https:\/\/team-henri-fabre.com\/\" target=\"_blank\" rel=\"noopener\">TEAM Henri-Fabre<\/a>, the project leader for <strong>Regional Acceleration Platform for the Industry of the Future (PRACCIIS)<\/strong> have sealed a long-term partnership to support local businesses in their transformation towards the industry of the future and towards innovation. As part of this project, the\u2019<strong>Mediterranean Institute for Risk, Environment and Sustainable Development (IMREDD)<\/strong> via its collaborative technology platform <a href=\"https:\/\/imredd.fr\/en\/plateforme\/\">\u00abSmart City Innovation Center\u00bb<\/a> a dedicated technology offering to discover, test and integrate the technologies of the industry of the future.<\/p>\n<h3>PRACCIIS or how to remove the obstacles to the transformation of SMEs and SMIs<\/h3>\n<p>The Industry of the Future or Industry 4.0 is a new business model designed to respond to several simultaneous transitions: energy, ecological, digital, organisational and societal. To remain competitive, companies need to embark on a far-reaching transformation, incorporating new technologies and organisational methods, which will enable them to produce customised goods at mass production costs. This 4th industrial revolution is a national challenge and highlights the need to better coordinate, rationalise and accelerate local initiatives to achieve critical mass and increase the potential impact on businesses. PRACCIIS is part of this approach, creating an acceleration platform within a regional ecosystem, bringing together more than twenty partners and combining three actions:<\/p>\n<h4><strong>Raising awareness<\/strong><\/h4>\n<p>Introduce business leaders to the technologies and methods of the industry of the future and link them to concrete economic prospects.<\/p>\n<h4><strong>Test<\/strong><\/h4>\n<p>Reduce technical and technological risks by providing support for prototyping, testing and proof of concept (POC).<\/p>\n<h4><strong>Integrate<\/strong><\/h4>\n<p>Supporting projects through to implementation on the company's production line(s).<\/p>\n<h3>IMREDD's Smart City Innovation Centre: a place for experimentation and demonstration<\/h3>\n<p>Developed since autumn 2020, in the midst of a health crisis, within the new IMREDD building at the heart of the Nice Meridia eco-district, the Smart City Innovation Center completed its first phase of investment at the end of 2021. The investment in scientific equipment represents \u20ac5.7 million, including \u20ac3.75 million in co-financing from public partners and \u20ac1.3 million in direct investment from companies. Covering an area of 1,200 m2, this technology platform provides players in the local and regional ecosystem with an extraordinary range of resources (equipment, expertise and know-how) to solve problems relating to the theme of \u00abIntelligent Territories and Socio-Environmental Challenges\u00bb. Among the hundred or so pieces of equipment on show are facilities for additive manufacturing, metrology and 3D scanning, physico-chemical characterisation, Smart Home, Virtual Reality, Drone technology, energy solutions for buildings, digital simulation, and electric and autonomous mobility.<\/p>\n<h3>As part of the PRACCIIS project, IMREDD will be offering companies a range of services based on three themes<\/h3>\n<h4>Energy solutions for buildings<\/h4>\n<p>Raising awareness of innovative energy solutions for renewable energy production, electrical energy storage and energy management in the buildings of the city of the future.<\/p>\n<h4>Additive manufacturing<\/h4>\n<p>Test 3D printing by designing prototypes using existing or new materials and evaluate the integration of this technology into the company.<\/p>\n<h4>Bioinspiration<\/h4>\n<p>Testing micro-imprint manufacturing to produce innovative materials and\/or surfaces, analyse their properties and characterise them. Inspired by life and nature's resilience, this manufacturing technology opens up new prospects in the fields of micro-fluidics, micro-optics, micro-robotics and meta-materials.<\/p>\n<p>&nbsp;<\/p>\n<hr \/>\n<p><small><br \/>\n<a href=\"https:\/\/univ-cotedazur.fr\" target=\"_blank\" rel=\"noopener\"><strong>University of C\u00f4te d'Azur<\/strong><\/a> is a major public institution of a scientific, cultural and professional nature (EPSCP), whose fundamental missions are the education of students and professionals, research and innovation. It aims to develop the 21st century model for French universities, based on new interactions between disciplines (multidisciplinarity and transdisciplinarity), with a desire for a collective dynamic articulating Training-Research-Innovation, as well as solid local, national and international partnerships with the public and private sectors.<\/small><\/p>\n<p>The <a href=\"https:\/\/imredd.fr\/en\/plateforme\/\"><strong>Smart City Innovation Center<\/strong><\/a> The IMREDD project is financed by the European Union through the European Regional Development Fund. The project also benefits from public co-funding from the Nice C\u00f4te d'Azur metropolitan area, the Alpes Maritimes department, the Sud Provence-Alpes C\u00f4te d'Azur region and the French government, notably as part of the \u00abInitiative d'excellence\u00ab scheme under the \u00bbInvestissements d'Avenir\" programme:<\/p>\n<ul>\n<li>European Union - ERDF: \u20ac1.5 million<\/li>\n<li>French government: \u20ac0.4 million<\/li>\n<li>Sud Provence-Alpes-C\u00f4te d'Azur region: \u20ac0.6 million<\/li>\n<li>Alpes Maritimes department: \u20ac0.5 million<\/li>\n<li>Nice C\u00f4te d'Azur Metropolitan Area: \u20ac0.75 million<\/li>\n<li>Universit\u00e9 C\u00f4te d'Azur: \u20ac0.65 million<\/li>\n<\/ul>\n<p>La <a href=\"https:\/\/team-henri-fabre.com\/\" target=\"_blank\" rel=\"noopener\"><strong>TEAM Henri-Fabre <\/strong><\/a>is an emblematic regional project for the economy of the Provence-Alpes-C\u00f4te d'Azur region, as well as a multi-sector project to \u00abbuild the Industry of the Future together\u00bb. The Henri-Fabre project is a unique public-private project that will enable the partners to pool their expertise, resources, skills and projects, and build a network with all the players involved in innovation and research. The project covers 7 sectors, including aeronautics, energy, medical, naval and transport. The development of this new model is based on collaboration between manufacturers of all sizes, the world of research and the world of employment and training, around mechanics, materials and industrial processes, as well as advanced services for industry.<\/p>\n<p><strong>PRESS CONTACTS<\/strong><\/p>\n<p>Universit\u00e9 C\u00f4te d'Azur - <a href=\"mailto:delphine.sanfilippo@univ-cotedazur.fr\">Delphine Sanfilippo<\/a><\/p>\n<p>TEAM Henri-Fabre - <a href=\"mailto:ludivine.cunat-maudieu@team-henri-fabre.com\">Ludivine Cunat-Maudieu<\/a><\/p>\n<p><a href=\"https:\/\/imredd.fr\/wp-content\/uploads\/2022\/02\/2022_02_21-CP-Lancement-Offre-SCIC-IMREDD-UCA-PRACCIIS.pdf\" target=\"\" rel=\"noopener\">Download the press release<\/a><\/p>\n<p>&nbsp;<\/p>\n<div id='gallery-1' class='gallery galleryid-20970 gallery-columns-3 gallery-size-medium'><figure class='gallery-item'>\n\t\t\t<div class='gallery-icon landscape'>\n\t\t\t\t<a href='https:\/\/imredd.fr\/wp-content\/uploads\/2022\/02\/340A5281.jpeg'><img loading=\"lazy\" decoding=\"async\" width=\"300\" height=\"200\" src=\"https:\/\/imredd.fr\/wp-content\/uploads\/2022\/02\/340A5281-300x200.jpeg\" class=\"attachment-medium size-medium\" alt=\"\" srcset=\"https:\/\/imredd.fr\/wp-content\/uploads\/2022\/02\/340A5281-300x200.jpeg 300w, https:\/\/imredd.fr\/wp-content\/uploads\/2022\/02\/340A5281-1024x683.jpeg 1024w, https:\/\/imredd.fr\/wp-content\/uploads\/2022\/02\/340A5281-768x512.jpeg 768w, https:\/\/imredd.fr\/wp-content\/uploads\/2022\/02\/340A5281-1536x1024.jpeg 1536w, https:\/\/imredd.fr\/wp-content\/uploads\/2022\/02\/340A5281.jpeg 1920w\" sizes=\"auto, (max-width: 300px) 100vw, 300px\" \/><\/a>\n\t\t\t<\/div><\/figure><figure class='gallery-item'>\n\t\t\t<div class='gallery-icon landscape'>\n\t\t\t\t<a href='https:\/\/imredd.fr\/wp-content\/uploads\/2022\/02\/340A5288.jpeg'><img loading=\"lazy\" decoding=\"async\" width=\"300\" height=\"200\" src=\"https:\/\/imredd.fr\/wp-content\/uploads\/2022\/02\/340A5288-300x200.jpeg\" class=\"attachment-medium size-medium\" alt=\"\" srcset=\"https:\/\/imredd.fr\/wp-content\/uploads\/2022\/02\/340A5288-300x200.jpeg 300w, https:\/\/imredd.fr\/wp-content\/uploads\/2022\/02\/340A5288-1024x683.jpeg 1024w, https:\/\/imredd.fr\/wp-content\/uploads\/2022\/02\/340A5288-768x512.jpeg 768w, https:\/\/imredd.fr\/wp-content\/uploads\/2022\/02\/340A5288-1536x1024.jpeg 1536w, https:\/\/imredd.fr\/wp-content\/uploads\/2022\/02\/340A5288.jpeg 1920w\" sizes=\"auto, (max-width: 300px) 100vw, 300px\" \/><\/a>\n\t\t\t<\/div><\/figure><figure class='gallery-item'>\n\t\t\t<div class='gallery-icon landscape'>\n\t\t\t\t<a href='https:\/\/imredd.fr\/wp-content\/uploads\/2022\/02\/340A5296.jpeg'><img loading=\"lazy\" decoding=\"async\" width=\"300\" height=\"200\" src=\"https:\/\/imredd.fr\/wp-content\/uploads\/2022\/02\/340A5296-300x200.jpeg\" class=\"attachment-medium size-medium\" alt=\"\" srcset=\"https:\/\/imredd.fr\/wp-content\/uploads\/2022\/02\/340A5296-300x200.jpeg 300w, https:\/\/imredd.fr\/wp-content\/uploads\/2022\/02\/340A5296-1024x683.jpeg 1024w, https:\/\/imredd.fr\/wp-content\/uploads\/2022\/02\/340A5296-768x512.jpeg 768w, https:\/\/imredd.fr\/wp-content\/uploads\/2022\/02\/340A5296-1536x1024.jpeg 1536w, https:\/\/imredd.fr\/wp-content\/uploads\/2022\/02\/340A5296.jpeg 1920w\" sizes=\"auto, (max-width: 300px) 100vw, 300px\" \/><\/a>\n\t\t\t<\/div><\/figure><figure class='gallery-item'>\n\t\t\t<div class='gallery-icon landscape'>\n\t\t\t\t<a href='https:\/\/imredd.fr\/wp-content\/uploads\/2022\/02\/340A5298.jpeg'><img loading=\"lazy\" decoding=\"async\" width=\"300\" height=\"200\" src=\"https:\/\/imredd.fr\/wp-content\/uploads\/2022\/02\/340A5298-300x200.jpeg\" class=\"attachment-medium size-medium\" alt=\"\" srcset=\"https:\/\/imredd.fr\/wp-content\/uploads\/2022\/02\/340A5298-300x200.jpeg 300w, https:\/\/imredd.fr\/wp-content\/uploads\/2022\/02\/340A5298-1024x683.jpeg 1024w, https:\/\/imredd.fr\/wp-content\/uploads\/2022\/02\/340A5298-768x512.jpeg 768w, https:\/\/imredd.fr\/wp-content\/uploads\/2022\/02\/340A5298-1536x1024.jpeg 1536w, https:\/\/imredd.fr\/wp-content\/uploads\/2022\/02\/340A5298.jpeg 1920w\" sizes=\"auto, (max-width: 300px) 100vw, 300px\" \/><\/a>\n\t\t\t<\/div><\/figure><figure class='gallery-item'>\n\t\t\t<div class='gallery-icon landscape'>\n\t\t\t\t<a href='https:\/\/imredd.fr\/wp-content\/uploads\/2022\/02\/340A5310.jpeg'><img loading=\"lazy\" decoding=\"async\" width=\"300\" height=\"200\" src=\"https:\/\/imredd.fr\/wp-content\/uploads\/2022\/02\/340A5310-300x200.jpeg\" class=\"attachment-medium size-medium\" alt=\"\" srcset=\"https:\/\/imredd.fr\/wp-content\/uploads\/2022\/02\/340A5310-300x200.jpeg 300w, https:\/\/imredd.fr\/wp-content\/uploads\/2022\/02\/340A5310-1024x683.jpeg 1024w, https:\/\/imredd.fr\/wp-content\/uploads\/2022\/02\/340A5310-768x512.jpeg 768w, https:\/\/imredd.fr\/wp-content\/uploads\/2022\/02\/340A5310-1536x1024.jpeg 1536w, https:\/\/imredd.fr\/wp-content\/uploads\/2022\/02\/340A5310.jpeg 1920w\" sizes=\"auto, (max-width: 300px) 100vw, 300px\" \/><\/a>\n\t\t\t<\/div><\/figure><figure class='gallery-item'>\n\t\t\t<div class='gallery-icon landscape'>\n\t\t\t\t<a href='https:\/\/imredd.fr\/wp-content\/uploads\/2022\/02\/340A5311.jpeg'><img loading=\"lazy\" decoding=\"async\" width=\"300\" height=\"200\" src=\"https:\/\/imredd.fr\/wp-content\/uploads\/2022\/02\/340A5311-300x200.jpeg\" class=\"attachment-medium size-medium\" alt=\"\" srcset=\"https:\/\/imredd.fr\/wp-content\/uploads\/2022\/02\/340A5311-300x200.jpeg 300w, https:\/\/imredd.fr\/wp-content\/uploads\/2022\/02\/340A5311-1024x683.jpeg 1024w, https:\/\/imredd.fr\/wp-content\/uploads\/2022\/02\/340A5311-768x512.jpeg 768w, https:\/\/imredd.fr\/wp-content\/uploads\/2022\/02\/340A5311-1536x1024.jpeg 1536w, https:\/\/imredd.fr\/wp-content\/uploads\/2022\/02\/340A5311.jpeg 1920w\" sizes=\"auto, (max-width: 300px) 100vw, 300px\" \/><\/a>\n\t\t\t<\/div><\/figure><figure class='gallery-item'>\n\t\t\t<div class='gallery-icon landscape'>\n\t\t\t\t<a href='https:\/\/imredd.fr\/wp-content\/uploads\/2022\/02\/340A5316.jpeg'><img loading=\"lazy\" decoding=\"async\" width=\"300\" height=\"200\" src=\"https:\/\/imredd.fr\/wp-content\/uploads\/2022\/02\/340A5316-300x200.jpeg\" class=\"attachment-medium size-medium\" alt=\"\" srcset=\"https:\/\/imredd.fr\/wp-content\/uploads\/2022\/02\/340A5316-300x200.jpeg 300w, https:\/\/imredd.fr\/wp-content\/uploads\/2022\/02\/340A5316-1024x683.jpeg 1024w, https:\/\/imredd.fr\/wp-content\/uploads\/2022\/02\/340A5316-768x512.jpeg 768w, https:\/\/imredd.fr\/wp-content\/uploads\/2022\/02\/340A5316-1536x1024.jpeg 1536w, https:\/\/imredd.fr\/wp-content\/uploads\/2022\/02\/340A5316.jpeg 1920w\" sizes=\"auto, (max-width: 300px) 100vw, 300px\" \/><\/a>\n\t\t\t<\/div><\/figure><figure class='gallery-item'>\n\t\t\t<div class='gallery-icon landscape'>\n\t\t\t\t<a href='https:\/\/imredd.fr\/wp-content\/uploads\/2022\/02\/340A5318.jpeg'><img loading=\"lazy\" decoding=\"async\" width=\"300\" height=\"200\" src=\"https:\/\/imredd.fr\/wp-content\/uploads\/2022\/02\/340A5318-300x200.jpeg\" class=\"attachment-medium size-medium\" alt=\"\" srcset=\"https:\/\/imredd.fr\/wp-content\/uploads\/2022\/02\/340A5318-300x200.jpeg 300w, https:\/\/imredd.fr\/wp-content\/uploads\/2022\/02\/340A5318-1024x683.jpeg 1024w, https:\/\/imredd.fr\/wp-content\/uploads\/2022\/02\/340A5318-768x512.jpeg 768w, https:\/\/imredd.fr\/wp-content\/uploads\/2022\/02\/340A5318-1536x1024.jpeg 1536w, https:\/\/imredd.fr\/wp-content\/uploads\/2022\/02\/340A5318.jpeg 1920w\" sizes=\"auto, (max-width: 300px) 100vw, 300px\" \/><\/a>\n\t\t\t<\/div><\/figure><figure class='gallery-item'>\n\t\t\t<div class='gallery-icon landscape'>\n\t\t\t\t<a href='https:\/\/imredd.fr\/wp-content\/uploads\/2022\/02\/340A5322.jpeg'><img loading=\"lazy\" decoding=\"async\" width=\"300\" height=\"200\" src=\"https:\/\/imredd.fr\/wp-content\/uploads\/2022\/02\/340A5322-300x200.jpeg\" class=\"attachment-medium size-medium\" alt=\"\" srcset=\"https:\/\/imredd.fr\/wp-content\/uploads\/2022\/02\/340A5322-300x200.jpeg 300w, https:\/\/imredd.fr\/wp-content\/uploads\/2022\/02\/340A5322-1024x683.jpeg 1024w, https:\/\/imredd.fr\/wp-content\/uploads\/2022\/02\/340A5322-768x512.jpeg 768w, https:\/\/imredd.fr\/wp-content\/uploads\/2022\/02\/340A5322-1536x1024.jpeg 1536w, https:\/\/imredd.fr\/wp-content\/uploads\/2022\/02\/340A5322.jpeg 1920w\" sizes=\"auto, (max-width: 300px) 100vw, 300px\" \/><\/a>\n\t\t\t<\/div><\/figure><figure class='gallery-item'>\n\t\t\t<div class='gallery-icon landscape'>\n\t\t\t\t<a href='https:\/\/imredd.fr\/wp-content\/uploads\/2022\/02\/340A5335.jpeg'><img loading=\"lazy\" decoding=\"async\" width=\"300\" height=\"200\" src=\"https:\/\/imredd.fr\/wp-content\/uploads\/2022\/02\/340A5335-300x200.jpeg\" class=\"attachment-medium size-medium\" alt=\"\" srcset=\"https:\/\/imredd.fr\/wp-content\/uploads\/2022\/02\/340A5335-300x200.jpeg 300w, https:\/\/imredd.fr\/wp-content\/uploads\/2022\/02\/340A5335-1024x683.jpeg 1024w, https:\/\/imredd.fr\/wp-content\/uploads\/2022\/02\/340A5335-768x512.jpeg 768w, https:\/\/imredd.fr\/wp-content\/uploads\/2022\/02\/340A5335-1536x1024.jpeg 1536w, https:\/\/imredd.fr\/wp-content\/uploads\/2022\/02\/340A5335.jpeg 1920w\" sizes=\"auto, (max-width: 300px) 100vw, 300px\" \/><\/a>\n\t\t\t<\/div><\/figure><figure class='gallery-item'>\n\t\t\t<div class='gallery-icon landscape'>\n\t\t\t\t<a href='https:\/\/imredd.fr\/wp-content\/uploads\/2022\/02\/340A5346.jpeg'><img loading=\"lazy\" decoding=\"async\" width=\"300\" height=\"200\" src=\"https:\/\/imredd.fr\/wp-content\/uploads\/2022\/02\/340A5346-300x200.jpeg\" class=\"attachment-medium size-medium\" alt=\"\" srcset=\"https:\/\/imredd.fr\/wp-content\/uploads\/2022\/02\/340A5346-300x200.jpeg 300w, https:\/\/imredd.fr\/wp-content\/uploads\/2022\/02\/340A5346-1024x683.jpeg 1024w, https:\/\/imredd.fr\/wp-content\/uploads\/2022\/02\/340A5346-768x512.jpeg 768w, https:\/\/imredd.fr\/wp-content\/uploads\/2022\/02\/340A5346-1536x1024.jpeg 1536w, https:\/\/imredd.fr\/wp-content\/uploads\/2022\/02\/340A5346.jpeg 1920w\" sizes=\"auto, (max-width: 300px) 100vw, 300px\" \/><\/a>\n\t\t\t<\/div><\/figure><figure class='gallery-item'>\n\t\t\t<div class='gallery-icon landscape'>\n\t\t\t\t<a href='https:\/\/imredd.fr\/wp-content\/uploads\/2022\/02\/340A5350.jpeg'><img loading=\"lazy\" decoding=\"async\" width=\"300\" height=\"200\" src=\"https:\/\/imredd.fr\/wp-content\/uploads\/2022\/02\/340A5350-300x200.jpeg\" class=\"attachment-medium size-medium\" alt=\"\" srcset=\"https:\/\/imredd.fr\/wp-content\/uploads\/2022\/02\/340A5350-300x200.jpeg 300w, https:\/\/imredd.fr\/wp-content\/uploads\/2022\/02\/340A5350-1024x683.jpeg 1024w, https:\/\/imredd.fr\/wp-content\/uploads\/2022\/02\/340A5350-768x512.jpeg 768w, https:\/\/imredd.fr\/wp-content\/uploads\/2022\/02\/340A5350-1536x1024.jpeg 1536w, https:\/\/imredd.fr\/wp-content\/uploads\/2022\/02\/340A5350.jpeg 1920w\" sizes=\"auto, (max-width: 300px) 100vw, 300px\" \/><\/a>\n\t\t\t<\/div><\/figure><figure class='gallery-item'>\n\t\t\t<div class='gallery-icon landscape'>\n\t\t\t\t<a href='https:\/\/imredd.fr\/wp-content\/uploads\/2022\/02\/340A5354.jpeg'><img loading=\"lazy\" decoding=\"async\" width=\"300\" height=\"200\" src=\"https:\/\/imredd.fr\/wp-content\/uploads\/2022\/02\/340A5354-300x200.jpeg\" class=\"attachment-medium size-medium\" alt=\"\" srcset=\"https:\/\/imredd.fr\/wp-content\/uploads\/2022\/02\/340A5354-300x200.jpeg 300w, https:\/\/imredd.fr\/wp-content\/uploads\/2022\/02\/340A5354-1024x683.jpeg 1024w, https:\/\/imredd.fr\/wp-content\/uploads\/2022\/02\/340A5354-768x512.jpeg 768w, https:\/\/imredd.fr\/wp-content\/uploads\/2022\/02\/340A5354-1536x1024.jpeg 1536w, https:\/\/imredd.fr\/wp-content\/uploads\/2022\/02\/340A5354.jpeg 1920w\" sizes=\"auto, (max-width: 300px) 100vw, 300px\" \/><\/a>\n\t\t\t<\/div><\/figure><figure class='gallery-item'>\n\t\t\t<div class='gallery-icon landscape'>\n\t\t\t\t<a href='https:\/\/imredd.fr\/wp-content\/uploads\/2022\/02\/340A5355.jpeg'><img loading=\"lazy\" decoding=\"async\" width=\"300\" height=\"200\" src=\"https:\/\/imredd.fr\/wp-content\/uploads\/2022\/02\/340A5355-300x200.jpeg\" class=\"attachment-medium size-medium\" alt=\"\" srcset=\"https:\/\/imredd.fr\/wp-content\/uploads\/2022\/02\/340A5355-300x200.jpeg 300w, https:\/\/imredd.fr\/wp-content\/uploads\/2022\/02\/340A5355-1024x683.jpeg 1024w, https:\/\/imredd.fr\/wp-content\/uploads\/2022\/02\/340A5355-768x512.jpeg 768w, https:\/\/imredd.fr\/wp-content\/uploads\/2022\/02\/340A5355-1536x1024.jpeg 1536w, https:\/\/imredd.fr\/wp-content\/uploads\/2022\/02\/340A5355.jpeg 1920w\" sizes=\"auto, (max-width: 300px) 100vw, 300px\" \/><\/a>\n\t\t\t<\/div><\/figure><figure class='gallery-item'>\n\t\t\t<div class='gallery-icon landscape'>\n\t\t\t\t<a href='https:\/\/imredd.fr\/wp-content\/uploads\/2022\/02\/340A5361.jpeg'><img loading=\"lazy\" decoding=\"async\" width=\"300\" height=\"200\" src=\"https:\/\/imredd.fr\/wp-content\/uploads\/2022\/02\/340A5361-300x200.jpeg\" class=\"attachment-medium size-medium\" alt=\"\" srcset=\"https:\/\/imredd.fr\/wp-content\/uploads\/2022\/02\/340A5361-300x200.jpeg 300w, https:\/\/imredd.fr\/wp-content\/uploads\/2022\/02\/340A5361-1024x683.jpeg 1024w, https:\/\/imredd.fr\/wp-content\/uploads\/2022\/02\/340A5361-768x512.jpeg 768w, https:\/\/imredd.fr\/wp-content\/uploads\/2022\/02\/340A5361-1536x1024.jpeg 1536w, https:\/\/imredd.fr\/wp-content\/uploads\/2022\/02\/340A5361.jpeg 1920w\" sizes=\"auto, (max-width: 300px) 100vw, 300px\" \/><\/a>\n\t\t\t<\/div><\/figure><figure class='gallery-item'>\n\t\t\t<div class='gallery-icon landscape'>\n\t\t\t\t<a href='https:\/\/imredd.fr\/wp-content\/uploads\/2022\/02\/340A5364.jpeg'><img loading=\"lazy\" decoding=\"async\" width=\"300\" height=\"200\" src=\"https:\/\/imredd.fr\/wp-content\/uploads\/2022\/02\/340A5364-300x200.jpeg\" class=\"attachment-medium size-medium\" alt=\"\" srcset=\"https:\/\/imredd.fr\/wp-content\/uploads\/2022\/02\/340A5364-300x200.jpeg 300w, https:\/\/imredd.fr\/wp-content\/uploads\/2022\/02\/340A5364-1024x683.jpeg 1024w, https:\/\/imredd.fr\/wp-content\/uploads\/2022\/02\/340A5364-768x512.jpeg 768w, https:\/\/imredd.fr\/wp-content\/uploads\/2022\/02\/340A5364-1536x1024.jpeg 1536w, https:\/\/imredd.fr\/wp-content\/uploads\/2022\/02\/340A5364.jpeg 1920w\" sizes=\"auto, (max-width: 300px) 100vw, 300px\" \/><\/a>\n\t\t\t<\/div><\/figure><figure class='gallery-item'>\n\t\t\t<div class='gallery-icon landscape'>\n\t\t\t\t<a href='https:\/\/imredd.fr\/wp-content\/uploads\/2022\/02\/340A5388.jpeg'><img loading=\"lazy\" decoding=\"async\" width=\"300\" height=\"200\" src=\"https:\/\/imredd.fr\/wp-content\/uploads\/2022\/02\/340A5388-300x200.jpeg\" class=\"attachment-medium size-medium\" alt=\"\" srcset=\"https:\/\/imredd.fr\/wp-content\/uploads\/2022\/02\/340A5388-300x200.jpeg 300w, https:\/\/imredd.fr\/wp-content\/uploads\/2022\/02\/340A5388-1024x683.jpeg 1024w, https:\/\/imredd.fr\/wp-content\/uploads\/2022\/02\/340A5388-768x512.jpeg 768w, https:\/\/imredd.fr\/wp-content\/uploads\/2022\/02\/340A5388-1536x1024.jpeg 1536w, https:\/\/imredd.fr\/wp-content\/uploads\/2022\/02\/340A5388.jpeg 1920w\" sizes=\"auto, (max-width: 300px) 100vw, 300px\" \/><\/a>\n\t\t\t<\/div><\/figure><figure class='gallery-item'>\n\t\t\t<div class='gallery-icon landscape'>\n\t\t\t\t<a href='https:\/\/imredd.fr\/wp-content\/uploads\/2022\/02\/IMG_2856.jpeg'><img loading=\"lazy\" decoding=\"async\" width=\"300\" height=\"225\" src=\"https:\/\/imredd.fr\/wp-content\/uploads\/2022\/02\/IMG_2856-300x225.jpeg\" class=\"attachment-medium size-medium\" alt=\"\" srcset=\"https:\/\/imredd.fr\/wp-content\/uploads\/2022\/02\/IMG_2856-300x225.jpeg 300w, https:\/\/imredd.fr\/wp-content\/uploads\/2022\/02\/IMG_2856-1024x768.jpeg 1024w, https:\/\/imredd.fr\/wp-content\/uploads\/2022\/02\/IMG_2856-768x576.jpeg 768w, https:\/\/imredd.fr\/wp-content\/uploads\/2022\/02\/IMG_2856-1536x1152.jpeg 1536w, https:\/\/imredd.fr\/wp-content\/uploads\/2022\/02\/IMG_2856-16x12.jpeg 16w, https:\/\/imredd.fr\/wp-content\/uploads\/2022\/02\/IMG_2856.jpeg 1920w\" sizes=\"auto, (max-width: 300px) 100vw, 300px\" \/><\/a>\n\t\t\t<\/div><\/figure><figure class='gallery-item'>\n\t\t\t<div class='gallery-icon landscape'>\n\t\t\t\t<a href='https:\/\/imredd.fr\/wp-content\/uploads\/2022\/02\/IMG_2858.jpeg'><img loading=\"lazy\" decoding=\"async\" width=\"300\" height=\"225\" src=\"https:\/\/imredd.fr\/wp-content\/uploads\/2022\/02\/IMG_2858-300x225.jpeg\" class=\"attachment-medium size-medium\" alt=\"\" srcset=\"https:\/\/imredd.fr\/wp-content\/uploads\/2022\/02\/IMG_2858-300x225.jpeg 300w, https:\/\/imredd.fr\/wp-content\/uploads\/2022\/02\/IMG_2858-1024x768.jpeg 1024w, https:\/\/imredd.fr\/wp-content\/uploads\/2022\/02\/IMG_2858-768x576.jpeg 768w, https:\/\/imredd.fr\/wp-content\/uploads\/2022\/02\/IMG_2858-1536x1152.jpeg 1536w, https:\/\/imredd.fr\/wp-content\/uploads\/2022\/02\/IMG_2858.jpeg 1920w\" sizes=\"auto, (max-width: 300px) 100vw, 300px\" \/><\/a>\n\t\t\t<\/div><\/figure>\n\t\t<\/div>\n\n<p><!--themify_builder_static--><!--\/themify_builder_static--><\/p>","protected":false},"excerpt":{"rendered":"<p>Universit\u00e9 C\u00f4te d\u2019Azur and TEAM Henri-Fabre cement a lasting partnership to support businesses in the region in their transformation towards future industry and innovation. As part of the PRACCIIS project, IMREDD will offer, via its collaborative technological platform \u00abSmart City Innovation Center,\u00bb a dedicated technological service to discover, test, and integrate future industry technologies.<\/p>","protected":false},"author":2,"featured_media":20985,"comment_status":"open","ping_status":"open","sticky":false,"template":"","format":"standard","meta":{"footnotes":""},"categories":[26,153],"tags":[355],"class_list":["post-20970","post","type-post","status-publish","format-standard","has-post-thumbnail","hentry","category-institutionnel","category-plateforme-technologique","tag-pracciis","has-post-title","has-post-date","has-post-category","has-post-tag","has-post-comment","has-post-author",""],"yoast_head":"<!-- This site is optimized with the Yoast SEO Premium plugin v27.4 (Yoast SEO v27.4) - https:\/\/yoast.com\/product\/yoast-seo-premium-wordpress\/ -->\n<title>Le Smart City Innovation Center de l\u2019IMREDD int\u00e8gre la Plateforme d\u2019Acc\u00e9l\u00e9ration de l\u2019Industrie du futur en R\u00e9gion Sud (PRACCIIS) et lance une offre de services d\u00e9di\u00e9e - IMREDD - Universit\u00e9 C\u00f4te d&#039;Azur<\/title>\n<meta name=\"description\" content=\"Universit\u00e9 C\u00f4te d\u2019Azur et TEAM Henri-Fabre scellent un partenariat durable pour accompagner les entreprises du territoire dans leur transformation vers l\u2019industrie du futur et vers l\u2019innovation.\" \/>\n<meta name=\"robots\" content=\"index, follow, max-snippet:-1, max-image-preview:large, max-video-preview:-1\" \/>\n<link rel=\"canonical\" href=\"https:\/\/imredd.fr\/en\/the-limredd-smart-city-innovation-centre-integrates-the-industry-of-the-future-acceleration-platform-in-the-pracciis-region-and-launches-a-dedicated-service-offering\/\" \/>\n<meta property=\"og:locale\" content=\"en_GB\" \/>\n<meta property=\"og:type\" content=\"article\" \/>\n<meta property=\"og:title\" content=\"Le Smart City Innovation Center de l\u2019IMREDD int\u00e8gre la Plateforme d\u2019Acc\u00e9l\u00e9ration de l\u2019Industrie du futur en R\u00e9gion Sud (PRACCIIS) et lance une offre de services d\u00e9di\u00e9e\" \/>\n<meta property=\"og:description\" content=\"Universit\u00e9 C\u00f4te d\u2019Azur et TEAM Henri-Fabre scellent un partenariat durable pour accompagner les entreprises du territoire dans leur transformation vers l\u2019industrie du futur et vers l\u2019innovation.\" \/>\n<meta property=\"og:url\" content=\"https:\/\/imredd.fr\/en\/the-limredd-smart-city-innovation-centre-integrates-the-industry-of-the-future-acceleration-platform-in-the-pracciis-region-and-launches-a-dedicated-service-offering\/\" \/>\n<meta property=\"og:site_name\" content=\"IMREDD - Universit\u00e9 C\u00f4te d&#039;Azur\" \/>\n<meta property=\"article:publisher\" content=\"http:\/\/facebook.com\/imredd.uca\" \/>\n<meta property=\"article:published_time\" content=\"2022-02-24T08:50:52+00:00\" \/>\n<meta property=\"article:modified_time\" content=\"2026-01-08T11:22:48+00:00\" \/>\n<meta property=\"og:image\" content=\"https:\/\/imredd.fr\/wp-content\/uploads\/2022\/02\/PRACCIIS_800x600Artboard-3-100.jpg\" \/>\n\t<meta property=\"og:image:width\" content=\"800\" \/>\n\t<meta property=\"og:image:height\" content=\"600\" \/>\n\t<meta property=\"og:image:type\" content=\"image\/jpeg\" \/>\n<meta name=\"author\" content=\"Antonio Barros\" \/>\n<meta name=\"twitter:card\" content=\"summary_large_image\" \/>\n<meta name=\"twitter:label1\" content=\"Written by\" \/>\n\t<meta name=\"twitter:data1\" content=\"Antonio Barros\" \/>\n\t<meta name=\"twitter:label2\" content=\"Estimated reading time\" \/>\n\t<meta name=\"twitter:data2\" content=\"4 minutes\" \/>\n<script type=\"application\/ld+json\" class=\"yoast-schema-graph\">{\"@context\":\"https:\\\/\\\/schema.org\",\"@graph\":[{\"@type\":\"Article\",\"@id\":\"https:\\\/\\\/imredd.fr\\\/le-smart-city-innovation-center-de-limredd-integre-la-plateforme-dacceleration-de-lindustrie-du-futur-en-region-pracciis-et-lance-une-offre-de-services-dediee\\\/#article\",\"isPartOf\":{\"@id\":\"https:\\\/\\\/imredd.fr\\\/le-smart-city-innovation-center-de-limredd-integre-la-plateforme-dacceleration-de-lindustrie-du-futur-en-region-pracciis-et-lance-une-offre-de-services-dediee\\\/\"},\"author\":{\"name\":\"Antonio Barros\",\"@id\":\"https:\\\/\\\/imredd.fr\\\/#\\\/schema\\\/person\\\/41e50290e799cf196e315345a93c68de\"},\"headline\":\"Le Smart City Innovation Center de l\u2019IMREDD int\u00e8gre la Plateforme d\u2019Acc\u00e9l\u00e9ration de l\u2019Industrie du futur en R\u00e9gion Sud (PRACCIIS) et lance une offre de services d\u00e9di\u00e9e\",\"datePublished\":\"2022-02-24T08:50:52+00:00\",\"dateModified\":\"2026-01-08T11:22:48+00:00\",\"mainEntityOfPage\":{\"@id\":\"https:\\\/\\\/imredd.fr\\\/le-smart-city-innovation-center-de-limredd-integre-la-plateforme-dacceleration-de-lindustrie-du-futur-en-region-pracciis-et-lance-une-offre-de-services-dediee\\\/\"},\"wordCount\":1074,\"commentCount\":0,\"publisher\":{\"@id\":\"https:\\\/\\\/imredd.fr\\\/#organization\"},\"image\":{\"@id\":\"https:\\\/\\\/imredd.fr\\\/le-smart-city-innovation-center-de-limredd-integre-la-plateforme-dacceleration-de-lindustrie-du-futur-en-region-pracciis-et-lance-une-offre-de-services-dediee\\\/#primaryimage\"},\"thumbnailUrl\":\"https:\\\/\\\/imredd.fr\\\/wp-content\\\/uploads\\\/2022\\\/02\\\/PRACCIIS_800x600Artboard-3-100.jpg\",\"keywords\":[\"PRACCIIS\"],\"articleSection\":[\"Institutionnel\",\"Plateforme Technologique\"],\"inLanguage\":\"en-GB\",\"potentialAction\":[{\"@type\":\"CommentAction\",\"name\":\"Comment\",\"target\":[\"https:\\\/\\\/imredd.fr\\\/le-smart-city-innovation-center-de-limredd-integre-la-plateforme-dacceleration-de-lindustrie-du-futur-en-region-pracciis-et-lance-une-offre-de-services-dediee\\\/#respond\"]}]},{\"@type\":\"WebPage\",\"@id\":\"https:\\\/\\\/imredd.fr\\\/le-smart-city-innovation-center-de-limredd-integre-la-plateforme-dacceleration-de-lindustrie-du-futur-en-region-pracciis-et-lance-une-offre-de-services-dediee\\\/\",\"url\":\"https:\\\/\\\/imredd.fr\\\/le-smart-city-innovation-center-de-limredd-integre-la-plateforme-dacceleration-de-lindustrie-du-futur-en-region-pracciis-et-lance-une-offre-de-services-dediee\\\/\",\"name\":\"Le Smart City Innovation Center de l\u2019IMREDD int\u00e8gre la Plateforme d\u2019Acc\u00e9l\u00e9ration de l\u2019Industrie du futur en R\u00e9gion Sud (PRACCIIS) et lance une offre de services d\u00e9di\u00e9e - IMREDD - Universit\u00e9 C\u00f4te d&#039;Azur\",\"isPartOf\":{\"@id\":\"https:\\\/\\\/imredd.fr\\\/#website\"},\"primaryImageOfPage\":{\"@id\":\"https:\\\/\\\/imredd.fr\\\/le-smart-city-innovation-center-de-limredd-integre-la-plateforme-dacceleration-de-lindustrie-du-futur-en-region-pracciis-et-lance-une-offre-de-services-dediee\\\/#primaryimage\"},\"image\":{\"@id\":\"https:\\\/\\\/imredd.fr\\\/le-smart-city-innovation-center-de-limredd-integre-la-plateforme-dacceleration-de-lindustrie-du-futur-en-region-pracciis-et-lance-une-offre-de-services-dediee\\\/#primaryimage\"},\"thumbnailUrl\":\"https:\\\/\\\/imredd.fr\\\/wp-content\\\/uploads\\\/2022\\\/02\\\/PRACCIIS_800x600Artboard-3-100.jpg\",\"datePublished\":\"2022-02-24T08:50:52+00:00\",\"dateModified\":\"2026-01-08T11:22:48+00:00\",\"description\":\"Universit\u00e9 C\u00f4te d\u2019Azur et TEAM Henri-Fabre scellent un partenariat durable pour accompagner les entreprises du territoire dans leur transformation vers l\u2019industrie du futur et vers l\u2019innovation.\",\"breadcrumb\":{\"@id\":\"https:\\\/\\\/imredd.fr\\\/le-smart-city-innovation-center-de-limredd-integre-la-plateforme-dacceleration-de-lindustrie-du-futur-en-region-pracciis-et-lance-une-offre-de-services-dediee\\\/#breadcrumb\"},\"inLanguage\":\"en-GB\",\"potentialAction\":[{\"@type\":\"ReadAction\",\"target\":[\"https:\\\/\\\/imredd.fr\\\/le-smart-city-innovation-center-de-limredd-integre-la-plateforme-dacceleration-de-lindustrie-du-futur-en-region-pracciis-et-lance-une-offre-de-services-dediee\\\/\"]}]},{\"@type\":\"ImageObject\",\"inLanguage\":\"en-GB\",\"@id\":\"https:\\\/\\\/imredd.fr\\\/le-smart-city-innovation-center-de-limredd-integre-la-plateforme-dacceleration-de-lindustrie-du-futur-en-region-pracciis-et-lance-une-offre-de-services-dediee\\\/#primaryimage\",\"url\":\"https:\\\/\\\/imredd.fr\\\/wp-content\\\/uploads\\\/2022\\\/02\\\/PRACCIIS_800x600Artboard-3-100.jpg\",\"contentUrl\":\"https:\\\/\\\/imredd.fr\\\/wp-content\\\/uploads\\\/2022\\\/02\\\/PRACCIIS_800x600Artboard-3-100.jpg\",\"width\":800,\"height\":600},{\"@type\":\"BreadcrumbList\",\"@id\":\"https:\\\/\\\/imredd.fr\\\/le-smart-city-innovation-center-de-limredd-integre-la-plateforme-dacceleration-de-lindustrie-du-futur-en-region-pracciis-et-lance-une-offre-de-services-dediee\\\/#breadcrumb\",\"itemListElement\":[{\"@type\":\"ListItem\",\"position\":1,\"name\":\"Accueil\",\"item\":\"https:\\\/\\\/imredd.fr\\\/\"},{\"@type\":\"ListItem\",\"position\":2,\"name\":\"Le Smart City Innovation Center de l\u2019IMREDD int\u00e8gre la Plateforme d\u2019Acc\u00e9l\u00e9ration de l\u2019Industrie du futur en R\u00e9gion Sud (PRACCIIS) et lance une offre de services d\u00e9di\u00e9e\"}]},{\"@type\":\"WebSite\",\"@id\":\"https:\\\/\\\/imredd.fr\\\/#website\",\"url\":\"https:\\\/\\\/imredd.fr\\\/\",\"name\":\"IMREDD - Universit\u00e9 C\u00f4te d'Azur\",\"description\":\"Institut M\u00e9diterran\u00e9en du Risque, de l&#039;Environnement et du D\u00e9veloppement Durable\",\"publisher\":{\"@id\":\"https:\\\/\\\/imredd.fr\\\/#organization\"},\"potentialAction\":[{\"@type\":\"SearchAction\",\"target\":{\"@type\":\"EntryPoint\",\"urlTemplate\":\"https:\\\/\\\/imredd.fr\\\/?s={search_term_string}\"},\"query-input\":{\"@type\":\"PropertyValueSpecification\",\"valueRequired\":true,\"valueName\":\"search_term_string\"}}],\"inLanguage\":\"en-GB\"},{\"@type\":\"Organization\",\"@id\":\"https:\\\/\\\/imredd.fr\\\/#organization\",\"name\":\"IMREDD - Institut M\u00e9diterran\u00e9en du Risque, de l'Environnement et du D\u00e9veloppement Durable\",\"url\":\"https:\\\/\\\/imredd.fr\\\/\",\"logo\":{\"@type\":\"ImageObject\",\"inLanguage\":\"en-GB\",\"@id\":\"https:\\\/\\\/imredd.fr\\\/#\\\/schema\\\/logo\\\/image\\\/\",\"url\":\"https:\\\/\\\/imredd.fr\\\/wp-content\\\/uploads\\\/2025\\\/07\\\/IMREDD-Logo-couleurs-transparent.png\",\"contentUrl\":\"https:\\\/\\\/imredd.fr\\\/wp-content\\\/uploads\\\/2025\\\/07\\\/IMREDD-Logo-couleurs-transparent.png\",\"width\":959,\"height\":164,\"caption\":\"IMREDD - Institut M\u00e9diterran\u00e9en du Risque, de l'Environnement et du D\u00e9veloppement Durable\"},\"image\":{\"@id\":\"https:\\\/\\\/imredd.fr\\\/#\\\/schema\\\/logo\\\/image\\\/\"},\"sameAs\":[\"http:\\\/\\\/facebook.com\\\/imredd.uca\",\"http:\\\/\\\/linkedin.com\\\/showcase\\\/imredd\"]},{\"@type\":\"Person\",\"@id\":\"https:\\\/\\\/imredd.fr\\\/#\\\/schema\\\/person\\\/41e50290e799cf196e315345a93c68de\",\"name\":\"Antonio Barros\",\"image\":{\"@type\":\"ImageObject\",\"inLanguage\":\"en-GB\",\"@id\":\"https:\\\/\\\/secure.gravatar.com\\\/avatar\\\/f4be75a97d6a27aad47c779bf7bfef9978f4ce4cf5a3c6160d97f893788ce445?s=96&d=mm&r=g\",\"url\":\"https:\\\/\\\/secure.gravatar.com\\\/avatar\\\/f4be75a97d6a27aad47c779bf7bfef9978f4ce4cf5a3c6160d97f893788ce445?s=96&d=mm&r=g\",\"contentUrl\":\"https:\\\/\\\/secure.gravatar.com\\\/avatar\\\/f4be75a97d6a27aad47c779bf7bfef9978f4ce4cf5a3c6160d97f893788ce445?s=96&d=mm&r=g\",\"caption\":\"Antonio Barros\"},\"url\":\"https:\\\/\\\/imredd.fr\\\/en\\\/author\\\/imredd-com\\\/\"}]}<\/script>\n<!-- \/ Yoast SEO Premium plugin. -->","yoast_head_json":{"title":"The IMREDD Smart City Innovation Centre integrates the Future Industry Acceleration Platform in the Sud Region (PRACCIIS) and launches a dedicated service offering - IMREDD - Universit\u00e9 C\u00f4te d'Azur","description":"Universit\u00e9 C\u00f4te d\u2019Azur and TEAM Henri-Fabre seal a lasting partnership to support businesses in the region in their transformation towards the factory of the future and innovation.","robots":{"index":"index","follow":"follow","max-snippet":"max-snippet:-1","max-image-preview":"max-image-preview:large","max-video-preview":"max-video-preview:-1"},"canonical":"https:\/\/imredd.fr\/en\/the-limredd-smart-city-innovation-centre-integrates-the-industry-of-the-future-acceleration-platform-in-the-pracciis-region-and-launches-a-dedicated-service-offering\/","og_locale":"en_GB","og_type":"article","og_title":"Le Smart City Innovation Center de l\u2019IMREDD int\u00e8gre la Plateforme d\u2019Acc\u00e9l\u00e9ration de l\u2019Industrie du futur en R\u00e9gion Sud (PRACCIIS) et lance une offre de services d\u00e9di\u00e9e","og_description":"Universit\u00e9 C\u00f4te d\u2019Azur et TEAM Henri-Fabre scellent un partenariat durable pour accompagner les entreprises du territoire dans leur transformation vers l\u2019industrie du futur et vers l\u2019innovation.","og_url":"https:\/\/imredd.fr\/en\/the-limredd-smart-city-innovation-centre-integrates-the-industry-of-the-future-acceleration-platform-in-the-pracciis-region-and-launches-a-dedicated-service-offering\/","og_site_name":"IMREDD - Universit\u00e9 C\u00f4te d&#039;Azur","article_publisher":"http:\/\/facebook.com\/imredd.uca","article_published_time":"2022-02-24T08:50:52+00:00","article_modified_time":"2026-01-08T11:22:48+00:00","og_image":[{"width":800,"height":600,"url":"https:\/\/imredd.fr\/wp-content\/uploads\/2022\/02\/PRACCIIS_800x600Artboard-3-100.jpg","type":"image\/jpeg"}],"author":"Antonio Barros","twitter_card":"summary_large_image","twitter_misc":{"Written by":"Antonio Barros","Estimated reading time":"4 minutes"},"schema":{"@context":"https:\/\/schema.org","@graph":[{"@type":"Article","@id":"https:\/\/imredd.fr\/le-smart-city-innovation-center-de-limredd-integre-la-plateforme-dacceleration-de-lindustrie-du-futur-en-region-pracciis-et-lance-une-offre-de-services-dediee\/#article","isPartOf":{"@id":"https:\/\/imredd.fr\/le-smart-city-innovation-center-de-limredd-integre-la-plateforme-dacceleration-de-lindustrie-du-futur-en-region-pracciis-et-lance-une-offre-de-services-dediee\/"},"author":{"name":"Antonio Barros","@id":"https:\/\/imredd.fr\/#\/schema\/person\/41e50290e799cf196e315345a93c68de"},"headline":"Le Smart City Innovation Center de l\u2019IMREDD int\u00e8gre la Plateforme d\u2019Acc\u00e9l\u00e9ration de l\u2019Industrie du futur en R\u00e9gion Sud (PRACCIIS) et lance une offre de services d\u00e9di\u00e9e","datePublished":"2022-02-24T08:50:52+00:00","dateModified":"2026-01-08T11:22:48+00:00","mainEntityOfPage":{"@id":"https:\/\/imredd.fr\/le-smart-city-innovation-center-de-limredd-integre-la-plateforme-dacceleration-de-lindustrie-du-futur-en-region-pracciis-et-lance-une-offre-de-services-dediee\/"},"wordCount":1074,"commentCount":0,"publisher":{"@id":"https:\/\/imredd.fr\/#organization"},"image":{"@id":"https:\/\/imredd.fr\/le-smart-city-innovation-center-de-limredd-integre-la-plateforme-dacceleration-de-lindustrie-du-futur-en-region-pracciis-et-lance-une-offre-de-services-dediee\/#primaryimage"},"thumbnailUrl":"https:\/\/imredd.fr\/wp-content\/uploads\/2022\/02\/PRACCIIS_800x600Artboard-3-100.jpg","keywords":["PRACCIIS"],"articleSection":["Institutionnel","Plateforme Technologique"],"inLanguage":"en-GB","potentialAction":[{"@type":"CommentAction","name":"Comment","target":["https:\/\/imredd.fr\/le-smart-city-innovation-center-de-limredd-integre-la-plateforme-dacceleration-de-lindustrie-du-futur-en-region-pracciis-et-lance-une-offre-de-services-dediee\/#respond"]}]},{"@type":"WebPage","@id":"https:\/\/imredd.fr\/le-smart-city-innovation-center-de-limredd-integre-la-plateforme-dacceleration-de-lindustrie-du-futur-en-region-pracciis-et-lance-une-offre-de-services-dediee\/","url":"https:\/\/imredd.fr\/le-smart-city-innovation-center-de-limredd-integre-la-plateforme-dacceleration-de-lindustrie-du-futur-en-region-pracciis-et-lance-une-offre-de-services-dediee\/","name":"The IMREDD Smart City Innovation Centre integrates the Future Industry Acceleration Platform in the Sud Region (PRACCIIS) and launches a dedicated service offering - IMREDD - Universit\u00e9 C\u00f4te d'Azur","isPartOf":{"@id":"https:\/\/imredd.fr\/#website"},"primaryImageOfPage":{"@id":"https:\/\/imredd.fr\/le-smart-city-innovation-center-de-limredd-integre-la-plateforme-dacceleration-de-lindustrie-du-futur-en-region-pracciis-et-lance-une-offre-de-services-dediee\/#primaryimage"},"image":{"@id":"https:\/\/imredd.fr\/le-smart-city-innovation-center-de-limredd-integre-la-plateforme-dacceleration-de-lindustrie-du-futur-en-region-pracciis-et-lance-une-offre-de-services-dediee\/#primaryimage"},"thumbnailUrl":"https:\/\/imredd.fr\/wp-content\/uploads\/2022\/02\/PRACCIIS_800x600Artboard-3-100.jpg","datePublished":"2022-02-24T08:50:52+00:00","dateModified":"2026-01-08T11:22:48+00:00","description":"Universit\u00e9 C\u00f4te d\u2019Azur and TEAM Henri-Fabre seal a lasting partnership to support businesses in the region in their transformation towards the factory of the future and innovation.","breadcrumb":{"@id":"https:\/\/imredd.fr\/le-smart-city-innovation-center-de-limredd-integre-la-plateforme-dacceleration-de-lindustrie-du-futur-en-region-pracciis-et-lance-une-offre-de-services-dediee\/#breadcrumb"},"inLanguage":"en-GB","potentialAction":[{"@type":"ReadAction","target":["https:\/\/imredd.fr\/le-smart-city-innovation-center-de-limredd-integre-la-plateforme-dacceleration-de-lindustrie-du-futur-en-region-pracciis-et-lance-une-offre-de-services-dediee\/"]}]},{"@type":"ImageObject","inLanguage":"en-GB","@id":"https:\/\/imredd.fr\/le-smart-city-innovation-center-de-limredd-integre-la-plateforme-dacceleration-de-lindustrie-du-futur-en-region-pracciis-et-lance-une-offre-de-services-dediee\/#primaryimage","url":"https:\/\/imredd.fr\/wp-content\/uploads\/2022\/02\/PRACCIIS_800x600Artboard-3-100.jpg","contentUrl":"https:\/\/imredd.fr\/wp-content\/uploads\/2022\/02\/PRACCIIS_800x600Artboard-3-100.jpg","width":800,"height":600},{"@type":"BreadcrumbList","@id":"https:\/\/imredd.fr\/le-smart-city-innovation-center-de-limredd-integre-la-plateforme-dacceleration-de-lindustrie-du-futur-en-region-pracciis-et-lance-une-offre-de-services-dediee\/#breadcrumb","itemListElement":[{"@type":"ListItem","position":1,"name":"Accueil","item":"https:\/\/imredd.fr\/"},{"@type":"ListItem","position":2,"name":"Le Smart City Innovation Center de l\u2019IMREDD int\u00e8gre la Plateforme d\u2019Acc\u00e9l\u00e9ration de l\u2019Industrie du futur en R\u00e9gion Sud (PRACCIIS) et lance une offre de services d\u00e9di\u00e9e"}]},{"@type":"WebSite","@id":"https:\/\/imredd.fr\/#website","url":"https:\/\/imredd.fr\/","name":"IMREDD - C\u00f4te d'Azur University","description":"Mediterranean Institute for Risk, Environment and Sustainable Development","publisher":{"@id":"https:\/\/imredd.fr\/#organization"},"potentialAction":[{"@type":"SearchAction","target":{"@type":"EntryPoint","urlTemplate":"https:\/\/imredd.fr\/?s={search_term_string}"},"query-input":{"@type":"PropertyValueSpecification","valueRequired":true,"valueName":"search_term_string"}}],"inLanguage":"en-GB"},{"@type":"Organization","@id":"https:\/\/imredd.fr\/#organization","name":"IMREDD - Mediterranean Institute for Risk, Environment and Sustainable Development","url":"https:\/\/imredd.fr\/","logo":{"@type":"ImageObject","inLanguage":"en-GB","@id":"https:\/\/imredd.fr\/#\/schema\/logo\/image\/","url":"https:\/\/imredd.fr\/wp-content\/uploads\/2025\/07\/IMREDD-Logo-couleurs-transparent.png","contentUrl":"https:\/\/imredd.fr\/wp-content\/uploads\/2025\/07\/IMREDD-Logo-couleurs-transparent.png","width":959,"height":164,"caption":"IMREDD - Institut M\u00e9diterran\u00e9en du Risque, de l'Environnement et du D\u00e9veloppement Durable"},"image":{"@id":"https:\/\/imredd.fr\/#\/schema\/logo\/image\/"},"sameAs":["http:\/\/facebook.com\/imredd.uca","http:\/\/linkedin.com\/showcase\/imredd"]},{"@type":"Person","@id":"https:\/\/imredd.fr\/#\/schema\/person\/41e50290e799cf196e315345a93c68de","name":"Antonio Barros","image":{"@type":"ImageObject","inLanguage":"en-GB","@id":"https:\/\/secure.gravatar.com\/avatar\/f4be75a97d6a27aad47c779bf7bfef9978f4ce4cf5a3c6160d97f893788ce445?s=96&d=mm&r=g","url":"https:\/\/secure.gravatar.com\/avatar\/f4be75a97d6a27aad47c779bf7bfef9978f4ce4cf5a3c6160d97f893788ce445?s=96&d=mm&r=g","contentUrl":"https:\/\/secure.gravatar.com\/avatar\/f4be75a97d6a27aad47c779bf7bfef9978f4ce4cf5a3c6160d97f893788ce445?s=96&d=mm&r=g","caption":"Antonio Barros"},"url":"https:\/\/imredd.fr\/en\/author\/imredd-com\/"}]}},"_links":{"self":[{"href":"https:\/\/imredd.fr\/en\/wp-json\/wp\/v2\/posts\/20970","targetHints":{"allow":["GET"]}}],"collection":[{"href":"https:\/\/imredd.fr\/en\/wp-json\/wp\/v2\/posts"}],"about":[{"href":"https:\/\/imredd.fr\/en\/wp-json\/wp\/v2\/types\/post"}],"author":[{"embeddable":true,"href":"https:\/\/imredd.fr\/en\/wp-json\/wp\/v2\/users\/2"}],"replies":[{"embeddable":true,"href":"https:\/\/imredd.fr\/en\/wp-json\/wp\/v2\/comments?post=20970"}],"version-history":[{"count":0,"href":"https:\/\/imredd.fr\/en\/wp-json\/wp\/v2\/posts\/20970\/revisions"}],"wp:featuredmedia":[{"embeddable":true,"href":"https:\/\/imredd.fr\/en\/wp-json\/wp\/v2\/media\/20985"}],"wp:attachment":[{"href":"https:\/\/imredd.fr\/en\/wp-json\/wp\/v2\/media?parent=20970"}],"wp:term":[{"taxonomy":"category","embeddable":true,"href":"https:\/\/imredd.fr\/en\/wp-json\/wp\/v2\/categories?post=20970"},{"taxonomy":"post_tag","embeddable":true,"href":"https:\/\/imredd.fr\/en\/wp-json\/wp\/v2\/tags?post=20970"}],"curies":[{"name":"wp","href":"https:\/\/api.w.org\/{rel}","templated":true}]}}