{"id":21013,"date":"2022-02-25T10:52:06","date_gmt":"2022-02-25T09:52:06","guid":{"rendered":"https:\/\/imredd.fr\/?p=21013"},"modified":"2026-01-08T12:22:48","modified_gmt":"2026-01-08T11:22:48","slug":"review-of-the-launch-of-services-offered-by-the-smart-city-innovation-centre","status":"publish","type":"post","link":"https:\/\/imredd.fr\/en\/retour-sur-lancement-offre-de-services-delivree-par-le-smart-city-innovation-center\/","title":{"rendered":"Review of: Launch of the service offering delivered by the Smart City Innovation Centre"},"content":{"rendered":"<p>On Thursday 24 February 2022, IMREDD - Universit\u00e9 C\u00f4te d'Azur and TEAM Henri-Favre signed a partnership agreement as part of the PRACCIIS project.<!--more-->, with the launch of the services provided by the Smart City Innovation Center.<\/p>\n<p>Relive the best moments of this day of inauguration and visit of the IMREDD technological platform.<\/p>\n<div id='gallery-1' class='gallery galleryid-21013 gallery-columns-4 gallery-size-medium'><figure class='gallery-item'>\n\t\t\t<div class='gallery-icon landscape'>\n\t\t\t\t<a href='https:\/\/imredd.fr\/en\/imredd-pracciis-20\/'><img loading=\"lazy\" decoding=\"async\" width=\"300\" height=\"200\" src=\"https:\/\/imredd.fr\/wp-content\/uploads\/2022\/02\/Evenement_PRACCIS_000-300x200.jpeg\" class=\"attachment-medium size-medium\" alt=\"\" srcset=\"https:\/\/imredd.fr\/wp-content\/uploads\/2022\/02\/Evenement_PRACCIS_000-300x200.jpeg 300w, https:\/\/imredd.fr\/wp-content\/uploads\/2022\/02\/Evenement_PRACCIS_000-1024x683.jpeg 1024w, https:\/\/imredd.fr\/wp-content\/uploads\/2022\/02\/Evenement_PRACCIS_000-768x512.jpeg 768w, https:\/\/imredd.fr\/wp-content\/uploads\/2022\/02\/Evenement_PRACCIS_000-1536x1024.jpeg 1536w, https:\/\/imredd.fr\/wp-content\/uploads\/2022\/02\/Evenement_PRACCIS_000-18x12.jpeg 18w, https:\/\/imredd.fr\/wp-content\/uploads\/2022\/02\/Evenement_PRACCIS_000.jpeg 1920w\" sizes=\"auto, (max-width: 300px) 100vw, 300px\" \/><\/a>\n\t\t\t<\/div><\/figure><figure class='gallery-item'>\n\t\t\t<div class='gallery-icon landscape'>\n\t\t\t\t<a href='https:\/\/imredd.fr\/en\/imredd-pracciis-21\/'><img loading=\"lazy\" decoding=\"async\" width=\"300\" height=\"200\" src=\"https:\/\/imredd.fr\/wp-content\/uploads\/2022\/02\/Evenement_PRACCIS_002-300x200.jpeg\" class=\"attachment-medium size-medium\" alt=\"\" srcset=\"https:\/\/imredd.fr\/wp-content\/uploads\/2022\/02\/Evenement_PRACCIS_002-300x200.jpeg 300w, https:\/\/imredd.fr\/wp-content\/uploads\/2022\/02\/Evenement_PRACCIS_002-1024x683.jpeg 1024w, https:\/\/imredd.fr\/wp-content\/uploads\/2022\/02\/Evenement_PRACCIS_002-768x512.jpeg 768w, https:\/\/imredd.fr\/wp-content\/uploads\/2022\/02\/Evenement_PRACCIS_002-1536x1024.jpeg 1536w, https:\/\/imredd.fr\/wp-content\/uploads\/2022\/02\/Evenement_PRACCIS_002-18x12.jpeg 18w, https:\/\/imredd.fr\/wp-content\/uploads\/2022\/02\/Evenement_PRACCIS_002.jpeg 1920w\" sizes=\"auto, (max-width: 300px) 100vw, 300px\" \/><\/a>\n\t\t\t<\/div><\/figure><figure class='gallery-item'>\n\t\t\t<div class='gallery-icon landscape'>\n\t\t\t\t<a href='https:\/\/imredd.fr\/en\/imredd-pracciis-22\/'><img loading=\"lazy\" decoding=\"async\" width=\"300\" height=\"200\" src=\"https:\/\/imredd.fr\/wp-content\/uploads\/2022\/02\/Evenement_PRACCIS_003-300x200.jpeg\" class=\"attachment-medium size-medium\" alt=\"\" srcset=\"https:\/\/imredd.fr\/wp-content\/uploads\/2022\/02\/Evenement_PRACCIS_003-300x200.jpeg 300w, https:\/\/imredd.fr\/wp-content\/uploads\/2022\/02\/Evenement_PRACCIS_003-1024x683.jpeg 1024w, https:\/\/imredd.fr\/wp-content\/uploads\/2022\/02\/Evenement_PRACCIS_003-768x512.jpeg 768w, https:\/\/imredd.fr\/wp-content\/uploads\/2022\/02\/Evenement_PRACCIS_003-1536x1024.jpeg 1536w, https:\/\/imredd.fr\/wp-content\/uploads\/2022\/02\/Evenement_PRACCIS_003.jpeg 1920w\" sizes=\"auto, (max-width: 300px) 100vw, 300px\" \/><\/a>\n\t\t\t<\/div><\/figure><figure class='gallery-item'>\n\t\t\t<div class='gallery-icon landscape'>\n\t\t\t\t<a href='https:\/\/imredd.fr\/en\/imredd-pracciis-23\/'><img loading=\"lazy\" decoding=\"async\" width=\"300\" height=\"200\" src=\"https:\/\/imredd.fr\/wp-content\/uploads\/2022\/02\/Evenement_PRACCIS_004-300x200.jpeg\" class=\"attachment-medium size-medium\" alt=\"\" srcset=\"https:\/\/imredd.fr\/wp-content\/uploads\/2022\/02\/Evenement_PRACCIS_004-300x200.jpeg 300w, https:\/\/imredd.fr\/wp-content\/uploads\/2022\/02\/Evenement_PRACCIS_004-1024x683.jpeg 1024w, https:\/\/imredd.fr\/wp-content\/uploads\/2022\/02\/Evenement_PRACCIS_004-768x512.jpeg 768w, https:\/\/imredd.fr\/wp-content\/uploads\/2022\/02\/Evenement_PRACCIS_004-1536x1024.jpeg 1536w, https:\/\/imredd.fr\/wp-content\/uploads\/2022\/02\/Evenement_PRACCIS_004.jpeg 1920w\" sizes=\"auto, (max-width: 300px) 100vw, 300px\" \/><\/a>\n\t\t\t<\/div><\/figure><figure class='gallery-item'>\n\t\t\t<div class='gallery-icon landscape'>\n\t\t\t\t<a href='https:\/\/imredd.fr\/en\/imredd-pracciis-24\/'><img loading=\"lazy\" decoding=\"async\" width=\"300\" height=\"200\" src=\"https:\/\/imredd.fr\/wp-content\/uploads\/2022\/02\/Evenement_PRACCIS_005-300x200.jpeg\" class=\"attachment-medium size-medium\" alt=\"\" srcset=\"https:\/\/imredd.fr\/wp-content\/uploads\/2022\/02\/Evenement_PRACCIS_005-300x200.jpeg 300w, https:\/\/imredd.fr\/wp-content\/uploads\/2022\/02\/Evenement_PRACCIS_005-1024x683.jpeg 1024w, https:\/\/imredd.fr\/wp-content\/uploads\/2022\/02\/Evenement_PRACCIS_005-768x512.jpeg 768w, https:\/\/imredd.fr\/wp-content\/uploads\/2022\/02\/Evenement_PRACCIS_005-1536x1024.jpeg 1536w, https:\/\/imredd.fr\/wp-content\/uploads\/2022\/02\/Evenement_PRACCIS_005.jpeg 1920w\" sizes=\"auto, (max-width: 300px) 100vw, 300px\" \/><\/a>\n\t\t\t<\/div><\/figure><figure class='gallery-item'>\n\t\t\t<div class='gallery-icon landscape'>\n\t\t\t\t<a href='https:\/\/imredd.fr\/en\/imredd-pracciis-25\/'><img loading=\"lazy\" decoding=\"async\" width=\"300\" height=\"200\" src=\"https:\/\/imredd.fr\/wp-content\/uploads\/2022\/02\/Evenement_PRACCIS_010-300x200.jpeg\" class=\"attachment-medium size-medium\" alt=\"\" srcset=\"https:\/\/imredd.fr\/wp-content\/uploads\/2022\/02\/Evenement_PRACCIS_010-300x200.jpeg 300w, https:\/\/imredd.fr\/wp-content\/uploads\/2022\/02\/Evenement_PRACCIS_010-1024x683.jpeg 1024w, https:\/\/imredd.fr\/wp-content\/uploads\/2022\/02\/Evenement_PRACCIS_010-768x512.jpeg 768w, https:\/\/imredd.fr\/wp-content\/uploads\/2022\/02\/Evenement_PRACCIS_010-1536x1024.jpeg 1536w, https:\/\/imredd.fr\/wp-content\/uploads\/2022\/02\/Evenement_PRACCIS_010.jpeg 1920w\" sizes=\"auto, (max-width: 300px) 100vw, 300px\" \/><\/a>\n\t\t\t<\/div><\/figure><figure class='gallery-item'>\n\t\t\t<div class='gallery-icon landscape'>\n\t\t\t\t<a href='https:\/\/imredd.fr\/en\/imredd-pracciis-26\/'><img loading=\"lazy\" decoding=\"async\" width=\"300\" height=\"200\" src=\"https:\/\/imredd.fr\/wp-content\/uploads\/2022\/02\/Evenement_PRACCIS_011-300x200.jpeg\" class=\"attachment-medium size-medium\" alt=\"\" srcset=\"https:\/\/imredd.fr\/wp-content\/uploads\/2022\/02\/Evenement_PRACCIS_011-300x200.jpeg 300w, https:\/\/imredd.fr\/wp-content\/uploads\/2022\/02\/Evenement_PRACCIS_011-1024x683.jpeg 1024w, https:\/\/imredd.fr\/wp-content\/uploads\/2022\/02\/Evenement_PRACCIS_011-768x512.jpeg 768w, https:\/\/imredd.fr\/wp-content\/uploads\/2022\/02\/Evenement_PRACCIS_011-1536x1024.jpeg 1536w, https:\/\/imredd.fr\/wp-content\/uploads\/2022\/02\/Evenement_PRACCIS_011.jpeg 1920w\" sizes=\"auto, (max-width: 300px) 100vw, 300px\" \/><\/a>\n\t\t\t<\/div><\/figure><figure class='gallery-item'>\n\t\t\t<div class='gallery-icon landscape'>\n\t\t\t\t<a href='https:\/\/imredd.fr\/en\/imredd-pracciis-27\/'><img loading=\"lazy\" decoding=\"async\" width=\"300\" height=\"200\" src=\"https:\/\/imredd.fr\/wp-content\/uploads\/2022\/02\/Evenement_PRACCIS_012-300x200.jpeg\" class=\"attachment-medium size-medium\" alt=\"\" srcset=\"https:\/\/imredd.fr\/wp-content\/uploads\/2022\/02\/Evenement_PRACCIS_012-300x200.jpeg 300w, https:\/\/imredd.fr\/wp-content\/uploads\/2022\/02\/Evenement_PRACCIS_012-1024x683.jpeg 1024w, https:\/\/imredd.fr\/wp-content\/uploads\/2022\/02\/Evenement_PRACCIS_012-768x512.jpeg 768w, https:\/\/imredd.fr\/wp-content\/uploads\/2022\/02\/Evenement_PRACCIS_012-1536x1024.jpeg 1536w, https:\/\/imredd.fr\/wp-content\/uploads\/2022\/02\/Evenement_PRACCIS_012.jpeg 1920w\" sizes=\"auto, (max-width: 300px) 100vw, 300px\" \/><\/a>\n\t\t\t<\/div><\/figure><figure class='gallery-item'>\n\t\t\t<div class='gallery-icon landscape'>\n\t\t\t\t<a href='https:\/\/imredd.fr\/en\/imredd-pracciis-28\/'><img loading=\"lazy\" decoding=\"async\" width=\"300\" height=\"200\" src=\"https:\/\/imredd.fr\/wp-content\/uploads\/2022\/02\/Evenement_PRACCIS_013-300x200.jpeg\" class=\"attachment-medium size-medium\" alt=\"\" srcset=\"https:\/\/imredd.fr\/wp-content\/uploads\/2022\/02\/Evenement_PRACCIS_013-300x200.jpeg 300w, https:\/\/imredd.fr\/wp-content\/uploads\/2022\/02\/Evenement_PRACCIS_013-1024x683.jpeg 1024w, https:\/\/imredd.fr\/wp-content\/uploads\/2022\/02\/Evenement_PRACCIS_013-768x512.jpeg 768w, https:\/\/imredd.fr\/wp-content\/uploads\/2022\/02\/Evenement_PRACCIS_013-1536x1024.jpeg 1536w, https:\/\/imredd.fr\/wp-content\/uploads\/2022\/02\/Evenement_PRACCIS_013-18x12.jpeg 18w, https:\/\/imredd.fr\/wp-content\/uploads\/2022\/02\/Evenement_PRACCIS_013.jpeg 1920w\" sizes=\"auto, (max-width: 300px) 100vw, 300px\" \/><\/a>\n\t\t\t<\/div><\/figure><figure class='gallery-item'>\n\t\t\t<div class='gallery-icon landscape'>\n\t\t\t\t<a href='https:\/\/imredd.fr\/en\/imredd-pracciis-29\/'><img loading=\"lazy\" decoding=\"async\" width=\"300\" height=\"200\" src=\"https:\/\/imredd.fr\/wp-content\/uploads\/2022\/02\/Evenement_PRACCIS_016-300x200.jpeg\" class=\"attachment-medium size-medium\" alt=\"\" srcset=\"https:\/\/imredd.fr\/wp-content\/uploads\/2022\/02\/Evenement_PRACCIS_016-300x200.jpeg 300w, https:\/\/imredd.fr\/wp-content\/uploads\/2022\/02\/Evenement_PRACCIS_016-1024x683.jpeg 1024w, https:\/\/imredd.fr\/wp-content\/uploads\/2022\/02\/Evenement_PRACCIS_016-768x512.jpeg 768w, https:\/\/imredd.fr\/wp-content\/uploads\/2022\/02\/Evenement_PRACCIS_016-1536x1024.jpeg 1536w, https:\/\/imredd.fr\/wp-content\/uploads\/2022\/02\/Evenement_PRACCIS_016-18x12.jpeg 18w, https:\/\/imredd.fr\/wp-content\/uploads\/2022\/02\/Evenement_PRACCIS_016.jpeg 1920w\" sizes=\"auto, (max-width: 300px) 100vw, 300px\" \/><\/a>\n\t\t\t<\/div><\/figure><figure class='gallery-item'>\n\t\t\t<div class='gallery-icon landscape'>\n\t\t\t\t<a href='https:\/\/imredd.fr\/en\/imredd-pracciis-30\/'><img loading=\"lazy\" decoding=\"async\" width=\"300\" height=\"200\" src=\"https:\/\/imredd.fr\/wp-content\/uploads\/2022\/02\/Evenement_PRACCIS_017-300x200.jpeg\" class=\"attachment-medium size-medium\" alt=\"\" srcset=\"https:\/\/imredd.fr\/wp-content\/uploads\/2022\/02\/Evenement_PRACCIS_017-300x200.jpeg 300w, https:\/\/imredd.fr\/wp-content\/uploads\/2022\/02\/Evenement_PRACCIS_017-1024x683.jpeg 1024w, https:\/\/imredd.fr\/wp-content\/uploads\/2022\/02\/Evenement_PRACCIS_017-768x512.jpeg 768w, https:\/\/imredd.fr\/wp-content\/uploads\/2022\/02\/Evenement_PRACCIS_017-1536x1024.jpeg 1536w, https:\/\/imredd.fr\/wp-content\/uploads\/2022\/02\/Evenement_PRACCIS_017.jpeg 1920w\" sizes=\"auto, (max-width: 300px) 100vw, 300px\" \/><\/a>\n\t\t\t<\/div><\/figure><figure class='gallery-item'>\n\t\t\t<div class='gallery-icon landscape'>\n\t\t\t\t<a href='https:\/\/imredd.fr\/en\/imredd-pracciis-31\/'><img loading=\"lazy\" decoding=\"async\" width=\"300\" height=\"225\" src=\"https:\/\/imredd.fr\/wp-content\/uploads\/2022\/02\/Evenement_PRACCIS_018-e1645784314458-300x225.jpeg\" class=\"attachment-medium size-medium\" alt=\"\" srcset=\"https:\/\/imredd.fr\/wp-content\/uploads\/2022\/02\/Evenement_PRACCIS_018-e1645784314458-300x225.jpeg 300w, https:\/\/imredd.fr\/wp-content\/uploads\/2022\/02\/Evenement_PRACCIS_018-e1645784314458-1024x768.jpeg 1024w, https:\/\/imredd.fr\/wp-content\/uploads\/2022\/02\/Evenement_PRACCIS_018-e1645784314458-768x576.jpeg 768w, https:\/\/imredd.fr\/wp-content\/uploads\/2022\/02\/Evenement_PRACCIS_018-e1645784314458-1536x1152.jpeg 1536w, https:\/\/imredd.fr\/wp-content\/uploads\/2022\/02\/Evenement_PRACCIS_018-e1645784314458-16x12.jpeg 16w, https:\/\/imredd.fr\/wp-content\/uploads\/2022\/02\/Evenement_PRACCIS_018-e1645784314458.jpeg 1707w\" sizes=\"auto, (max-width: 300px) 100vw, 300px\" \/><\/a>\n\t\t\t<\/div><\/figure>\n\t\t<\/div>\n\n<p><!--themify_builder_static--><!--\/themify_builder_static--><\/p>","protected":false},"excerpt":{"rendered":"<p>On Thursday 24 February 2022, IMREDD - Universit\u00e9 C\u00f4te d'Azur and TEAM Henri-Favre signed a partnership agreement as part of the PRACCIIS project.<\/p>","protected":false},"author":2,"featured_media":21026,"comment_status":"open","ping_status":"open","sticky":false,"template":"","format":"standard","meta":{"footnotes":""},"categories":[153],"tags":[],"class_list":["post-21013","post","type-post","status-publish","format-standard","has-post-thumbnail","hentry","category-plateforme-technologique","has-post-title","has-post-date","has-post-category","has-post-tag","has-post-comment","has-post-author",""],"yoast_head":"<!-- This site is optimized with the Yoast SEO Premium plugin v27.4 (Yoast SEO v27.4) - https:\/\/yoast.com\/product\/yoast-seo-premium-wordpress\/ -->\n<title>Retour sur : Lancement offre de services d\u00e9livr\u00e9e par le Smart City Innovation Center - IMREDD - Universit\u00e9 C\u00f4te d&#039;Azur<\/title>\n<meta name=\"robots\" content=\"index, follow, max-snippet:-1, max-image-preview:large, max-video-preview:-1\" \/>\n<link rel=\"canonical\" href=\"https:\/\/imredd.fr\/en\/review-of-the-launch-of-services-offered-by-the-smart-city-innovation-centre\/\" \/>\n<meta property=\"og:locale\" content=\"en_GB\" \/>\n<meta property=\"og:type\" content=\"article\" \/>\n<meta property=\"og:title\" content=\"Retour sur : Lancement offre de services d\u00e9livr\u00e9e par le Smart City Innovation Center\" \/>\n<meta property=\"og:description\" content=\"Le jeudi 24 f\u00e9vrier 2022, IMREDD &#8211; Universit\u00e9 C\u00f4te d&rsquo;Azur et TEAM Henri-Favre ont sign\u00e9 un partenariat dans le cadre du projet PRACCIIS\" \/>\n<meta property=\"og:url\" content=\"https:\/\/imredd.fr\/en\/review-of-the-launch-of-services-offered-by-the-smart-city-innovation-centre\/\" \/>\n<meta property=\"og:site_name\" content=\"IMREDD - Universit\u00e9 C\u00f4te d&#039;Azur\" \/>\n<meta property=\"article:publisher\" content=\"http:\/\/facebook.com\/imredd.uca\" \/>\n<meta property=\"article:published_time\" content=\"2022-02-25T09:52:06+00:00\" \/>\n<meta property=\"article:modified_time\" content=\"2026-01-08T11:22:48+00:00\" \/>\n<meta property=\"og:image\" content=\"https:\/\/imredd.fr\/wp-content\/uploads\/2022\/02\/Evenement_PRACCIS_019.jpeg\" \/>\n\t<meta property=\"og:image:width\" content=\"1920\" \/>\n\t<meta property=\"og:image:height\" content=\"1440\" \/>\n\t<meta property=\"og:image:type\" content=\"image\/jpeg\" \/>\n<meta name=\"author\" content=\"Antonio Barros\" \/>\n<meta name=\"twitter:card\" content=\"summary_large_image\" \/>\n<meta name=\"twitter:label1\" content=\"Written by\" \/>\n\t<meta name=\"twitter:data1\" content=\"Antonio Barros\" \/>\n\t<meta name=\"twitter:label2\" content=\"Estimated reading time\" \/>\n\t<meta name=\"twitter:data2\" content=\"1 minute\" \/>\n<script type=\"application\/ld+json\" class=\"yoast-schema-graph\">{\"@context\":\"https:\\\/\\\/schema.org\",\"@graph\":[{\"@type\":\"Article\",\"@id\":\"https:\\\/\\\/imredd.fr\\\/en\\\/review-of-the-launch-of-services-offered-by-the-smart-city-innovation-centre\\\/#article\",\"isPartOf\":{\"@id\":\"https:\\\/\\\/imredd.fr\\\/en\\\/review-of-the-launch-of-services-offered-by-the-smart-city-innovation-centre\\\/\"},\"author\":{\"name\":\"Antonio Barros\",\"@id\":\"https:\\\/\\\/imredd.fr\\\/#\\\/schema\\\/person\\\/41e50290e799cf196e315345a93c68de\"},\"headline\":\"Retour sur : Lancement offre de services d\u00e9livr\u00e9e par le Smart City Innovation Center\",\"datePublished\":\"2022-02-25T09:52:06+00:00\",\"dateModified\":\"2026-01-08T11:22:48+00:00\",\"mainEntityOfPage\":{\"@id\":\"https:\\\/\\\/imredd.fr\\\/en\\\/review-of-the-launch-of-services-offered-by-the-smart-city-innovation-centre\\\/\"},\"wordCount\":84,\"commentCount\":0,\"publisher\":{\"@id\":\"https:\\\/\\\/imredd.fr\\\/#organization\"},\"image\":{\"@id\":\"https:\\\/\\\/imredd.fr\\\/en\\\/review-of-the-launch-of-services-offered-by-the-smart-city-innovation-centre\\\/#primaryimage\"},\"thumbnailUrl\":\"https:\\\/\\\/imredd.fr\\\/wp-content\\\/uploads\\\/2022\\\/02\\\/Evenement_PRACCIS_019.jpeg\",\"articleSection\":[\"Plateforme Technologique\"],\"inLanguage\":\"en-GB\",\"potentialAction\":[{\"@type\":\"CommentAction\",\"name\":\"Comment\",\"target\":[\"https:\\\/\\\/imredd.fr\\\/en\\\/review-of-the-launch-of-services-offered-by-the-smart-city-innovation-centre\\\/#respond\"]}]},{\"@type\":\"WebPage\",\"@id\":\"https:\\\/\\\/imredd.fr\\\/en\\\/review-of-the-launch-of-services-offered-by-the-smart-city-innovation-centre\\\/\",\"url\":\"https:\\\/\\\/imredd.fr\\\/en\\\/review-of-the-launch-of-services-offered-by-the-smart-city-innovation-centre\\\/\",\"name\":\"Retour sur : Lancement offre de services d\u00e9livr\u00e9e par le Smart City Innovation Center - IMREDD - Universit\u00e9 C\u00f4te d&#039;Azur\",\"isPartOf\":{\"@id\":\"https:\\\/\\\/imredd.fr\\\/#website\"},\"primaryImageOfPage\":{\"@id\":\"https:\\\/\\\/imredd.fr\\\/en\\\/review-of-the-launch-of-services-offered-by-the-smart-city-innovation-centre\\\/#primaryimage\"},\"image\":{\"@id\":\"https:\\\/\\\/imredd.fr\\\/en\\\/review-of-the-launch-of-services-offered-by-the-smart-city-innovation-centre\\\/#primaryimage\"},\"thumbnailUrl\":\"https:\\\/\\\/imredd.fr\\\/wp-content\\\/uploads\\\/2022\\\/02\\\/Evenement_PRACCIS_019.jpeg\",\"datePublished\":\"2022-02-25T09:52:06+00:00\",\"dateModified\":\"2026-01-08T11:22:48+00:00\",\"breadcrumb\":{\"@id\":\"https:\\\/\\\/imredd.fr\\\/en\\\/review-of-the-launch-of-services-offered-by-the-smart-city-innovation-centre\\\/#breadcrumb\"},\"inLanguage\":\"en-GB\",\"potentialAction\":[{\"@type\":\"ReadAction\",\"target\":[\"https:\\\/\\\/imredd.fr\\\/en\\\/review-of-the-launch-of-services-offered-by-the-smart-city-innovation-centre\\\/\"]}]},{\"@type\":\"ImageObject\",\"inLanguage\":\"en-GB\",\"@id\":\"https:\\\/\\\/imredd.fr\\\/en\\\/review-of-the-launch-of-services-offered-by-the-smart-city-innovation-centre\\\/#primaryimage\",\"url\":\"https:\\\/\\\/imredd.fr\\\/wp-content\\\/uploads\\\/2022\\\/02\\\/Evenement_PRACCIS_019.jpeg\",\"contentUrl\":\"https:\\\/\\\/imredd.fr\\\/wp-content\\\/uploads\\\/2022\\\/02\\\/Evenement_PRACCIS_019.jpeg\",\"width\":1920,\"height\":1440,\"caption\":\"Lancement de l'offre de services du Smart City Innovation Center de l'IMREDD dans le cadre du projet PRACCIIS.\"},{\"@type\":\"BreadcrumbList\",\"@id\":\"https:\\\/\\\/imredd.fr\\\/en\\\/review-of-the-launch-of-services-offered-by-the-smart-city-innovation-centre\\\/#breadcrumb\",\"itemListElement\":[{\"@type\":\"ListItem\",\"position\":1,\"name\":\"Accueil\",\"item\":\"https:\\\/\\\/imredd.fr\\\/\"},{\"@type\":\"ListItem\",\"position\":2,\"name\":\"Retour sur : Lancement offre de services d\u00e9livr\u00e9e par le Smart City Innovation Center\"}]},{\"@type\":\"WebSite\",\"@id\":\"https:\\\/\\\/imredd.fr\\\/#website\",\"url\":\"https:\\\/\\\/imredd.fr\\\/\",\"name\":\"IMREDD - Universit\u00e9 C\u00f4te d'Azur\",\"description\":\"Institut M\u00e9diterran\u00e9en du Risque, de l&#039;Environnement et du D\u00e9veloppement Durable\",\"publisher\":{\"@id\":\"https:\\\/\\\/imredd.fr\\\/#organization\"},\"potentialAction\":[{\"@type\":\"SearchAction\",\"target\":{\"@type\":\"EntryPoint\",\"urlTemplate\":\"https:\\\/\\\/imredd.fr\\\/?s={search_term_string}\"},\"query-input\":{\"@type\":\"PropertyValueSpecification\",\"valueRequired\":true,\"valueName\":\"search_term_string\"}}],\"inLanguage\":\"en-GB\"},{\"@type\":\"Organization\",\"@id\":\"https:\\\/\\\/imredd.fr\\\/#organization\",\"name\":\"IMREDD - Institut M\u00e9diterran\u00e9en du Risque, de l'Environnement et du D\u00e9veloppement Durable\",\"url\":\"https:\\\/\\\/imredd.fr\\\/\",\"logo\":{\"@type\":\"ImageObject\",\"inLanguage\":\"en-GB\",\"@id\":\"https:\\\/\\\/imredd.fr\\\/#\\\/schema\\\/logo\\\/image\\\/\",\"url\":\"https:\\\/\\\/imredd.fr\\\/wp-content\\\/uploads\\\/2025\\\/07\\\/IMREDD-Logo-couleurs-transparent.png\",\"contentUrl\":\"https:\\\/\\\/imredd.fr\\\/wp-content\\\/uploads\\\/2025\\\/07\\\/IMREDD-Logo-couleurs-transparent.png\",\"width\":959,\"height\":164,\"caption\":\"IMREDD - Institut M\u00e9diterran\u00e9en du Risque, de l'Environnement et du D\u00e9veloppement Durable\"},\"image\":{\"@id\":\"https:\\\/\\\/imredd.fr\\\/#\\\/schema\\\/logo\\\/image\\\/\"},\"sameAs\":[\"http:\\\/\\\/facebook.com\\\/imredd.uca\",\"http:\\\/\\\/linkedin.com\\\/showcase\\\/imredd\"]},{\"@type\":\"Person\",\"@id\":\"https:\\\/\\\/imredd.fr\\\/#\\\/schema\\\/person\\\/41e50290e799cf196e315345a93c68de\",\"name\":\"Antonio Barros\",\"image\":{\"@type\":\"ImageObject\",\"inLanguage\":\"en-GB\",\"@id\":\"https:\\\/\\\/secure.gravatar.com\\\/avatar\\\/f4be75a97d6a27aad47c779bf7bfef9978f4ce4cf5a3c6160d97f893788ce445?s=96&d=mm&r=g\",\"url\":\"https:\\\/\\\/secure.gravatar.com\\\/avatar\\\/f4be75a97d6a27aad47c779bf7bfef9978f4ce4cf5a3c6160d97f893788ce445?s=96&d=mm&r=g\",\"contentUrl\":\"https:\\\/\\\/secure.gravatar.com\\\/avatar\\\/f4be75a97d6a27aad47c779bf7bfef9978f4ce4cf5a3c6160d97f893788ce445?s=96&d=mm&r=g\",\"caption\":\"Antonio Barros\"},\"url\":\"https:\\\/\\\/imredd.fr\\\/en\\\/author\\\/imredd-com\\\/\"}]}<\/script>\n<!-- \/ Yoast SEO Premium plugin. -->","yoast_head_json":{"title":"Review: Launch of service offering provided by the Smart City Innovation Centre - IMREDD - Universit\u00e9 C\u00f4te d'Azur","robots":{"index":"index","follow":"follow","max-snippet":"max-snippet:-1","max-image-preview":"max-image-preview:large","max-video-preview":"max-video-preview:-1"},"canonical":"https:\/\/imredd.fr\/en\/review-of-the-launch-of-services-offered-by-the-smart-city-innovation-centre\/","og_locale":"en_GB","og_type":"article","og_title":"Retour sur : Lancement offre de services d\u00e9livr\u00e9e par le Smart City Innovation Center","og_description":"Le jeudi 24 f\u00e9vrier 2022, IMREDD &#8211; Universit\u00e9 C\u00f4te d&rsquo;Azur et TEAM Henri-Favre ont sign\u00e9 un partenariat dans le cadre du projet PRACCIIS","og_url":"https:\/\/imredd.fr\/en\/review-of-the-launch-of-services-offered-by-the-smart-city-innovation-centre\/","og_site_name":"IMREDD - Universit\u00e9 C\u00f4te d&#039;Azur","article_publisher":"http:\/\/facebook.com\/imredd.uca","article_published_time":"2022-02-25T09:52:06+00:00","article_modified_time":"2026-01-08T11:22:48+00:00","og_image":[{"width":1920,"height":1440,"url":"https:\/\/imredd.fr\/wp-content\/uploads\/2022\/02\/Evenement_PRACCIS_019.jpeg","type":"image\/jpeg"}],"author":"Antonio Barros","twitter_card":"summary_large_image","twitter_misc":{"Written by":"Antonio Barros","Estimated reading time":"1 minute"},"schema":{"@context":"https:\/\/schema.org","@graph":[{"@type":"Article","@id":"https:\/\/imredd.fr\/en\/review-of-the-launch-of-services-offered-by-the-smart-city-innovation-centre\/#article","isPartOf":{"@id":"https:\/\/imredd.fr\/en\/review-of-the-launch-of-services-offered-by-the-smart-city-innovation-centre\/"},"author":{"name":"Antonio Barros","@id":"https:\/\/imredd.fr\/#\/schema\/person\/41e50290e799cf196e315345a93c68de"},"headline":"Retour sur : Lancement offre de services d\u00e9livr\u00e9e par le Smart City Innovation Center","datePublished":"2022-02-25T09:52:06+00:00","dateModified":"2026-01-08T11:22:48+00:00","mainEntityOfPage":{"@id":"https:\/\/imredd.fr\/en\/review-of-the-launch-of-services-offered-by-the-smart-city-innovation-centre\/"},"wordCount":84,"commentCount":0,"publisher":{"@id":"https:\/\/imredd.fr\/#organization"},"image":{"@id":"https:\/\/imredd.fr\/en\/review-of-the-launch-of-services-offered-by-the-smart-city-innovation-centre\/#primaryimage"},"thumbnailUrl":"https:\/\/imredd.fr\/wp-content\/uploads\/2022\/02\/Evenement_PRACCIS_019.jpeg","articleSection":["Plateforme Technologique"],"inLanguage":"en-GB","potentialAction":[{"@type":"CommentAction","name":"Comment","target":["https:\/\/imredd.fr\/en\/review-of-the-launch-of-services-offered-by-the-smart-city-innovation-centre\/#respond"]}]},{"@type":"WebPage","@id":"https:\/\/imredd.fr\/en\/review-of-the-launch-of-services-offered-by-the-smart-city-innovation-centre\/","url":"https:\/\/imredd.fr\/en\/review-of-the-launch-of-services-offered-by-the-smart-city-innovation-centre\/","name":"Review: Launch of service offering provided by the Smart City Innovation Centre - IMREDD - Universit\u00e9 C\u00f4te d'Azur","isPartOf":{"@id":"https:\/\/imredd.fr\/#website"},"primaryImageOfPage":{"@id":"https:\/\/imredd.fr\/en\/review-of-the-launch-of-services-offered-by-the-smart-city-innovation-centre\/#primaryimage"},"image":{"@id":"https:\/\/imredd.fr\/en\/review-of-the-launch-of-services-offered-by-the-smart-city-innovation-centre\/#primaryimage"},"thumbnailUrl":"https:\/\/imredd.fr\/wp-content\/uploads\/2022\/02\/Evenement_PRACCIS_019.jpeg","datePublished":"2022-02-25T09:52:06+00:00","dateModified":"2026-01-08T11:22:48+00:00","breadcrumb":{"@id":"https:\/\/imredd.fr\/en\/review-of-the-launch-of-services-offered-by-the-smart-city-innovation-centre\/#breadcrumb"},"inLanguage":"en-GB","potentialAction":[{"@type":"ReadAction","target":["https:\/\/imredd.fr\/en\/review-of-the-launch-of-services-offered-by-the-smart-city-innovation-centre\/"]}]},{"@type":"ImageObject","inLanguage":"en-GB","@id":"https:\/\/imredd.fr\/en\/review-of-the-launch-of-services-offered-by-the-smart-city-innovation-centre\/#primaryimage","url":"https:\/\/imredd.fr\/wp-content\/uploads\/2022\/02\/Evenement_PRACCIS_019.jpeg","contentUrl":"https:\/\/imredd.fr\/wp-content\/uploads\/2022\/02\/Evenement_PRACCIS_019.jpeg","width":1920,"height":1440,"caption":"Lancement de l'offre de services du Smart City Innovation Center de l'IMREDD dans le cadre du projet PRACCIIS."},{"@type":"BreadcrumbList","@id":"https:\/\/imredd.fr\/en\/review-of-the-launch-of-services-offered-by-the-smart-city-innovation-centre\/#breadcrumb","itemListElement":[{"@type":"ListItem","position":1,"name":"Accueil","item":"https:\/\/imredd.fr\/"},{"@type":"ListItem","position":2,"name":"Retour sur : Lancement offre de services d\u00e9livr\u00e9e par le Smart City Innovation Center"}]},{"@type":"WebSite","@id":"https:\/\/imredd.fr\/#website","url":"https:\/\/imredd.fr\/","name":"IMREDD - C\u00f4te d'Azur University","description":"Mediterranean Institute for Risk, Environment and Sustainable Development","publisher":{"@id":"https:\/\/imredd.fr\/#organization"},"potentialAction":[{"@type":"SearchAction","target":{"@type":"EntryPoint","urlTemplate":"https:\/\/imredd.fr\/?s={search_term_string}"},"query-input":{"@type":"PropertyValueSpecification","valueRequired":true,"valueName":"search_term_string"}}],"inLanguage":"en-GB"},{"@type":"Organization","@id":"https:\/\/imredd.fr\/#organization","name":"IMREDD - Mediterranean Institute for Risk, Environment and Sustainable Development","url":"https:\/\/imredd.fr\/","logo":{"@type":"ImageObject","inLanguage":"en-GB","@id":"https:\/\/imredd.fr\/#\/schema\/logo\/image\/","url":"https:\/\/imredd.fr\/wp-content\/uploads\/2025\/07\/IMREDD-Logo-couleurs-transparent.png","contentUrl":"https:\/\/imredd.fr\/wp-content\/uploads\/2025\/07\/IMREDD-Logo-couleurs-transparent.png","width":959,"height":164,"caption":"IMREDD - Institut M\u00e9diterran\u00e9en du Risque, de l'Environnement et du D\u00e9veloppement Durable"},"image":{"@id":"https:\/\/imredd.fr\/#\/schema\/logo\/image\/"},"sameAs":["http:\/\/facebook.com\/imredd.uca","http:\/\/linkedin.com\/showcase\/imredd"]},{"@type":"Person","@id":"https:\/\/imredd.fr\/#\/schema\/person\/41e50290e799cf196e315345a93c68de","name":"Antonio Barros","image":{"@type":"ImageObject","inLanguage":"en-GB","@id":"https:\/\/secure.gravatar.com\/avatar\/f4be75a97d6a27aad47c779bf7bfef9978f4ce4cf5a3c6160d97f893788ce445?s=96&d=mm&r=g","url":"https:\/\/secure.gravatar.com\/avatar\/f4be75a97d6a27aad47c779bf7bfef9978f4ce4cf5a3c6160d97f893788ce445?s=96&d=mm&r=g","contentUrl":"https:\/\/secure.gravatar.com\/avatar\/f4be75a97d6a27aad47c779bf7bfef9978f4ce4cf5a3c6160d97f893788ce445?s=96&d=mm&r=g","caption":"Antonio Barros"},"url":"https:\/\/imredd.fr\/en\/author\/imredd-com\/"}]}},"_links":{"self":[{"href":"https:\/\/imredd.fr\/en\/wp-json\/wp\/v2\/posts\/21013","targetHints":{"allow":["GET"]}}],"collection":[{"href":"https:\/\/imredd.fr\/en\/wp-json\/wp\/v2\/posts"}],"about":[{"href":"https:\/\/imredd.fr\/en\/wp-json\/wp\/v2\/types\/post"}],"author":[{"embeddable":true,"href":"https:\/\/imredd.fr\/en\/wp-json\/wp\/v2\/users\/2"}],"replies":[{"embeddable":true,"href":"https:\/\/imredd.fr\/en\/wp-json\/wp\/v2\/comments?post=21013"}],"version-history":[{"count":0,"href":"https:\/\/imredd.fr\/en\/wp-json\/wp\/v2\/posts\/21013\/revisions"}],"wp:featuredmedia":[{"embeddable":true,"href":"https:\/\/imredd.fr\/en\/wp-json\/wp\/v2\/media\/21026"}],"wp:attachment":[{"href":"https:\/\/imredd.fr\/en\/wp-json\/wp\/v2\/media?parent=21013"}],"wp:term":[{"taxonomy":"category","embeddable":true,"href":"https:\/\/imredd.fr\/en\/wp-json\/wp\/v2\/categories?post=21013"},{"taxonomy":"post_tag","embeddable":true,"href":"https:\/\/imredd.fr\/en\/wp-json\/wp\/v2\/tags?post=21013"}],"curies":[{"name":"wp","href":"https:\/\/api.w.org\/{rel}","templated":true}]}}