{"id":21050,"date":"2022-03-04T18:14:47","date_gmt":"2022-03-04T17:14:47","guid":{"rendered":"https:\/\/imredd.fr\/?p=21050"},"modified":"2026-01-12T18:34:52","modified_gmt":"2026-01-12T17:34:52","slug":"limredd-welcomes-students-from-thierry-maulnier-for-a-day-on-climate-change","status":"publish","type":"post","link":"https:\/\/imredd.fr\/en\/limredd-accueille-les-eleves-du-thierry-maulnier-pour-une-journee-sur-le-changement-climatique\/","title":{"rendered":"The IMREDD welcomes students from the Thierry Maulnier high school for a day on climate change"},"content":{"rendered":"<p>As part of the cross-border programme <a href=\"https:\/\/imredd.fr\/en\/project\/weather\/\">Piter Alpimed Clima<\/a>, This morning, IMREDD welcomed around twenty students and teachers from Lyc\u00e9e Thierry Maulnier for a themed day focusing on the challenges of global warming. This project aims to improve territorial planning by public institutions for climate change adaptation, particularly in mountainous regions.<\/p>\n<p>The students discovered the climate change adaptation projects led by IMREDD at Isola 2000, and visited the Smart City Innovation Center technology platform and its Showroom. They also participated, with French project partners, in a CLIMASTORY workshop, a fun and educational simulation tool, which proposes considering a fictional territory from the standpoint of climate change and adaptation solutions for 5 economic activity themes.<\/p>\n<div id='gallery-1' class='gallery galleryid-21050 gallery-columns-3 gallery-size-thumbnail'><figure class='gallery-item'>\n\t\t\t<div class='gallery-icon landscape'>\n\t\t\t\t<a href='https:\/\/imredd.fr\/en\/alpimed_thierry_maulnier_00\/'><img loading=\"lazy\" decoding=\"async\" width=\"150\" height=\"150\" src=\"https:\/\/imredd.fr\/wp-content\/uploads\/2022\/03\/ALPIMED_Thierry_Maulnier_00-150x150.jpeg\" class=\"attachment-thumbnail size-thumbnail\" alt=\"\" \/><\/a>\n\t\t\t<\/div><\/figure><figure class='gallery-item'>\n\t\t\t<div class='gallery-icon landscape'>\n\t\t\t\t<a href='https:\/\/imredd.fr\/en\/alpimed_thierry_maulnier_01\/'><img loading=\"lazy\" decoding=\"async\" width=\"150\" height=\"150\" src=\"https:\/\/imredd.fr\/wp-content\/uploads\/2022\/03\/ALPIMED_Thierry_Maulnier_01-150x150.jpeg\" class=\"attachment-thumbnail size-thumbnail\" alt=\"\" \/><\/a>\n\t\t\t<\/div><\/figure><figure class='gallery-item'>\n\t\t\t<div class='gallery-icon landscape'>\n\t\t\t\t<a href='https:\/\/imredd.fr\/en\/alpimed_thierry_maulnier_02\/'><img loading=\"lazy\" decoding=\"async\" width=\"150\" height=\"150\" src=\"https:\/\/imredd.fr\/wp-content\/uploads\/2022\/03\/ALPIMED_Thierry_Maulnier_02-150x150.jpeg\" class=\"attachment-thumbnail size-thumbnail\" alt=\"\" \/><\/a>\n\t\t\t<\/div><\/figure><figure class='gallery-item'>\n\t\t\t<div class='gallery-icon landscape'>\n\t\t\t\t<a href='https:\/\/imredd.fr\/en\/alpimed_thierry_maulnier_03\/'><img loading=\"lazy\" decoding=\"async\" width=\"150\" height=\"150\" src=\"https:\/\/imredd.fr\/wp-content\/uploads\/2022\/03\/ALPIMED_Thierry_Maulnier_03-150x150.jpeg\" class=\"attachment-thumbnail size-thumbnail\" alt=\"\" srcset=\"https:\/\/imredd.fr\/wp-content\/uploads\/2022\/03\/ALPIMED_Thierry_Maulnier_03-150x150.jpeg 150w, https:\/\/imredd.fr\/wp-content\/uploads\/2022\/03\/ALPIMED_Thierry_Maulnier_03-1024x683-47x48.jpeg 47w\" sizes=\"auto, (max-width: 150px) 100vw, 150px\" \/><\/a>\n\t\t\t<\/div><\/figure><figure class='gallery-item'>\n\t\t\t<div class='gallery-icon portrait'>\n\t\t\t\t<a href='https:\/\/imredd.fr\/en\/alpimed_thierry_maulnier_04\/'><img loading=\"lazy\" decoding=\"async\" width=\"150\" height=\"150\" src=\"https:\/\/imredd.fr\/wp-content\/uploads\/2022\/03\/ALPIMED_Thierry_Maulnier_04-150x150.jpeg\" class=\"attachment-thumbnail size-thumbnail\" alt=\"\" \/><\/a>\n\t\t\t<\/div><\/figure>\n\t\t<\/div>\n\n<p><!--themify_builder_static--><!--\/themify_builder_static--><\/p>","protected":false},"excerpt":{"rendered":"<p>As part of the cross-border PITER ALPIMED CLIMA programme, IMREDD hosted around twenty pupils and teachers from Lyc\u00e9e Thierry Maulnier this morning for a themed day focusing on the challenges of global warming.<\/p>","protected":false},"author":2,"featured_media":21054,"comment_status":"open","ping_status":"open","sticky":false,"template":"","format":"standard","meta":{"footnotes":""},"categories":[504],"tags":[273,158],"class_list":["post-21050","post","type-post","status-publish","format-standard","has-post-thumbnail","hentry","category-projets-et-recherche","tag-clima","tag-piter-alpimed","has-post-title","has-post-date","has-post-category","has-post-tag","has-post-comment","has-post-author",""],"yoast_head":"<!-- This site is optimized with the Yoast SEO Premium plugin v27.4 (Yoast SEO v27.4) - https:\/\/yoast.com\/product\/yoast-seo-premium-wordpress\/ -->\n<title>L&#039;IMREDD accueille les \u00e9l\u00e8ves du lyc\u00e9e Thierry Maulnier pour une journ\u00e9e sur le changement climatique - IMREDD - Universit\u00e9 C\u00f4te d&#039;Azur<\/title>\n<meta name=\"robots\" content=\"index, follow, max-snippet:-1, max-image-preview:large, max-video-preview:-1\" \/>\n<link rel=\"canonical\" href=\"https:\/\/imredd.fr\/en\/limredd-welcomes-students-from-thierry-maulnier-for-a-day-on-climate-change\/\" \/>\n<meta property=\"og:locale\" content=\"en_GB\" \/>\n<meta property=\"og:type\" content=\"article\" \/>\n<meta property=\"og:title\" content=\"L&#039;IMREDD accueille les \u00e9l\u00e8ves du lyc\u00e9e Thierry Maulnier pour une journ\u00e9e sur le changement climatique\" \/>\n<meta property=\"og:description\" content=\"Dans le cadre du programme transfrontalier PITER ALPIMED CLIMA, l&#039;IMREDD a accueilli ce matin une vingtaine d&#039;\u00e9l\u00e8ves et enseignants du Lyc\u00e9e Thierry Maulnier pour une journ\u00e9e th\u00e9matique autour des d\u00e9fis du r\u00e9chauffement climatique.\" \/>\n<meta property=\"og:url\" content=\"https:\/\/imredd.fr\/en\/limredd-welcomes-students-from-thierry-maulnier-for-a-day-on-climate-change\/\" \/>\n<meta property=\"og:site_name\" content=\"IMREDD - Universit\u00e9 C\u00f4te d&#039;Azur\" \/>\n<meta property=\"article:publisher\" content=\"http:\/\/facebook.com\/imredd.uca\" \/>\n<meta property=\"article:published_time\" content=\"2022-03-04T17:14:47+00:00\" \/>\n<meta property=\"article:modified_time\" content=\"2026-01-12T17:34:52+00:00\" \/>\n<meta property=\"og:image\" content=\"https:\/\/imredd.fr\/wp-content\/uploads\/2022\/03\/ALPIMED_Thierry_Maulnier_03.jpeg\" \/>\n\t<meta property=\"og:image:width\" content=\"1920\" \/>\n\t<meta property=\"og:image:height\" content=\"1280\" \/>\n\t<meta property=\"og:image:type\" content=\"image\/jpeg\" \/>\n<meta name=\"author\" content=\"Antonio Barros\" \/>\n<meta name=\"twitter:card\" content=\"summary_large_image\" \/>\n<meta name=\"twitter:label1\" content=\"Written by\" \/>\n\t<meta name=\"twitter:data1\" content=\"Antonio Barros\" \/>\n\t<meta name=\"twitter:label2\" content=\"Estimated reading time\" \/>\n\t<meta name=\"twitter:data2\" content=\"1 minute\" \/>\n<script type=\"application\/ld+json\" class=\"yoast-schema-graph\">{\"@context\":\"https:\\\/\\\/schema.org\",\"@graph\":[{\"@type\":\"Article\",\"@id\":\"https:\\\/\\\/imredd.fr\\\/en\\\/limredd-welcomes-students-from-thierry-maulnier-for-a-day-on-climate-change\\\/#article\",\"isPartOf\":{\"@id\":\"https:\\\/\\\/imredd.fr\\\/en\\\/limredd-welcomes-students-from-thierry-maulnier-for-a-day-on-climate-change\\\/\"},\"author\":{\"name\":\"Antonio Barros\",\"@id\":\"https:\\\/\\\/imredd.fr\\\/#\\\/schema\\\/person\\\/41e50290e799cf196e315345a93c68de\"},\"headline\":\"L&rsquo;IMREDD accueille les \u00e9l\u00e8ves du lyc\u00e9e Thierry Maulnier pour une journ\u00e9e sur le changement climatique\",\"datePublished\":\"2022-03-04T17:14:47+00:00\",\"dateModified\":\"2026-01-12T17:34:52+00:00\",\"mainEntityOfPage\":{\"@id\":\"https:\\\/\\\/imredd.fr\\\/en\\\/limredd-welcomes-students-from-thierry-maulnier-for-a-day-on-climate-change\\\/\"},\"wordCount\":169,\"commentCount\":0,\"publisher\":{\"@id\":\"https:\\\/\\\/imredd.fr\\\/#organization\"},\"image\":{\"@id\":\"https:\\\/\\\/imredd.fr\\\/en\\\/limredd-welcomes-students-from-thierry-maulnier-for-a-day-on-climate-change\\\/#primaryimage\"},\"thumbnailUrl\":\"https:\\\/\\\/imredd.fr\\\/wp-content\\\/uploads\\\/2022\\\/03\\\/ALPIMED_Thierry_Maulnier_03.jpeg\",\"keywords\":[\"Clima\",\"PITER ALPIMED\"],\"articleSection\":[\"Projets et Recherche\"],\"inLanguage\":\"en-GB\",\"potentialAction\":[{\"@type\":\"CommentAction\",\"name\":\"Comment\",\"target\":[\"https:\\\/\\\/imredd.fr\\\/en\\\/limredd-welcomes-students-from-thierry-maulnier-for-a-day-on-climate-change\\\/#respond\"]}]},{\"@type\":\"WebPage\",\"@id\":\"https:\\\/\\\/imredd.fr\\\/en\\\/limredd-welcomes-students-from-thierry-maulnier-for-a-day-on-climate-change\\\/\",\"url\":\"https:\\\/\\\/imredd.fr\\\/en\\\/limredd-welcomes-students-from-thierry-maulnier-for-a-day-on-climate-change\\\/\",\"name\":\"L'IMREDD accueille les \u00e9l\u00e8ves du lyc\u00e9e Thierry Maulnier pour une journ\u00e9e sur le changement climatique - IMREDD - Universit\u00e9 C\u00f4te d&#039;Azur\",\"isPartOf\":{\"@id\":\"https:\\\/\\\/imredd.fr\\\/#website\"},\"primaryImageOfPage\":{\"@id\":\"https:\\\/\\\/imredd.fr\\\/en\\\/limredd-welcomes-students-from-thierry-maulnier-for-a-day-on-climate-change\\\/#primaryimage\"},\"image\":{\"@id\":\"https:\\\/\\\/imredd.fr\\\/en\\\/limredd-welcomes-students-from-thierry-maulnier-for-a-day-on-climate-change\\\/#primaryimage\"},\"thumbnailUrl\":\"https:\\\/\\\/imredd.fr\\\/wp-content\\\/uploads\\\/2022\\\/03\\\/ALPIMED_Thierry_Maulnier_03.jpeg\",\"datePublished\":\"2022-03-04T17:14:47+00:00\",\"dateModified\":\"2026-01-12T17:34:52+00:00\",\"breadcrumb\":{\"@id\":\"https:\\\/\\\/imredd.fr\\\/en\\\/limredd-welcomes-students-from-thierry-maulnier-for-a-day-on-climate-change\\\/#breadcrumb\"},\"inLanguage\":\"en-GB\",\"potentialAction\":[{\"@type\":\"ReadAction\",\"target\":[\"https:\\\/\\\/imredd.fr\\\/en\\\/limredd-welcomes-students-from-thierry-maulnier-for-a-day-on-climate-change\\\/\"]}]},{\"@type\":\"ImageObject\",\"inLanguage\":\"en-GB\",\"@id\":\"https:\\\/\\\/imredd.fr\\\/en\\\/limredd-welcomes-students-from-thierry-maulnier-for-a-day-on-climate-change\\\/#primaryimage\",\"url\":\"https:\\\/\\\/imredd.fr\\\/wp-content\\\/uploads\\\/2022\\\/03\\\/ALPIMED_Thierry_Maulnier_03.jpeg\",\"contentUrl\":\"https:\\\/\\\/imredd.fr\\\/wp-content\\\/uploads\\\/2022\\\/03\\\/ALPIMED_Thierry_Maulnier_03.jpeg\",\"width\":1920,\"height\":1280},{\"@type\":\"BreadcrumbList\",\"@id\":\"https:\\\/\\\/imredd.fr\\\/en\\\/limredd-welcomes-students-from-thierry-maulnier-for-a-day-on-climate-change\\\/#breadcrumb\",\"itemListElement\":[{\"@type\":\"ListItem\",\"position\":1,\"name\":\"Accueil\",\"item\":\"https:\\\/\\\/imredd.fr\\\/\"},{\"@type\":\"ListItem\",\"position\":2,\"name\":\"L&rsquo;IMREDD accueille les \u00e9l\u00e8ves du lyc\u00e9e Thierry Maulnier pour une journ\u00e9e sur le changement climatique\"}]},{\"@type\":\"WebSite\",\"@id\":\"https:\\\/\\\/imredd.fr\\\/#website\",\"url\":\"https:\\\/\\\/imredd.fr\\\/\",\"name\":\"IMREDD - Universit\u00e9 C\u00f4te d'Azur\",\"description\":\"Institut M\u00e9diterran\u00e9en du Risque, de l&#039;Environnement et du D\u00e9veloppement Durable\",\"publisher\":{\"@id\":\"https:\\\/\\\/imredd.fr\\\/#organization\"},\"potentialAction\":[{\"@type\":\"SearchAction\",\"target\":{\"@type\":\"EntryPoint\",\"urlTemplate\":\"https:\\\/\\\/imredd.fr\\\/?s={search_term_string}\"},\"query-input\":{\"@type\":\"PropertyValueSpecification\",\"valueRequired\":true,\"valueName\":\"search_term_string\"}}],\"inLanguage\":\"en-GB\"},{\"@type\":\"Organization\",\"@id\":\"https:\\\/\\\/imredd.fr\\\/#organization\",\"name\":\"IMREDD - Institut M\u00e9diterran\u00e9en du Risque, de l'Environnement et du D\u00e9veloppement Durable\",\"url\":\"https:\\\/\\\/imredd.fr\\\/\",\"logo\":{\"@type\":\"ImageObject\",\"inLanguage\":\"en-GB\",\"@id\":\"https:\\\/\\\/imredd.fr\\\/#\\\/schema\\\/logo\\\/image\\\/\",\"url\":\"https:\\\/\\\/imredd.fr\\\/wp-content\\\/uploads\\\/2025\\\/07\\\/IMREDD-Logo-couleurs-transparent.png\",\"contentUrl\":\"https:\\\/\\\/imredd.fr\\\/wp-content\\\/uploads\\\/2025\\\/07\\\/IMREDD-Logo-couleurs-transparent.png\",\"width\":959,\"height\":164,\"caption\":\"IMREDD - Institut M\u00e9diterran\u00e9en du Risque, de l'Environnement et du D\u00e9veloppement Durable\"},\"image\":{\"@id\":\"https:\\\/\\\/imredd.fr\\\/#\\\/schema\\\/logo\\\/image\\\/\"},\"sameAs\":[\"http:\\\/\\\/facebook.com\\\/imredd.uca\",\"http:\\\/\\\/linkedin.com\\\/showcase\\\/imredd\"]},{\"@type\":\"Person\",\"@id\":\"https:\\\/\\\/imredd.fr\\\/#\\\/schema\\\/person\\\/41e50290e799cf196e315345a93c68de\",\"name\":\"Antonio Barros\",\"image\":{\"@type\":\"ImageObject\",\"inLanguage\":\"en-GB\",\"@id\":\"https:\\\/\\\/secure.gravatar.com\\\/avatar\\\/f4be75a97d6a27aad47c779bf7bfef9978f4ce4cf5a3c6160d97f893788ce445?s=96&d=mm&r=g\",\"url\":\"https:\\\/\\\/secure.gravatar.com\\\/avatar\\\/f4be75a97d6a27aad47c779bf7bfef9978f4ce4cf5a3c6160d97f893788ce445?s=96&d=mm&r=g\",\"contentUrl\":\"https:\\\/\\\/secure.gravatar.com\\\/avatar\\\/f4be75a97d6a27aad47c779bf7bfef9978f4ce4cf5a3c6160d97f893788ce445?s=96&d=mm&r=g\",\"caption\":\"Antonio Barros\"},\"url\":\"https:\\\/\\\/imredd.fr\\\/en\\\/author\\\/imredd-com\\\/\"}]}<\/script>\n<!-- \/ Yoast SEO Premium plugin. -->","yoast_head_json":{"title":"IMREDD welcomes students from Thierry Maulnier high school for a day on climate change - IMREDD - Universit\u00e9 C\u00f4te d'Azur","robots":{"index":"index","follow":"follow","max-snippet":"max-snippet:-1","max-image-preview":"max-image-preview:large","max-video-preview":"max-video-preview:-1"},"canonical":"https:\/\/imredd.fr\/en\/limredd-welcomes-students-from-thierry-maulnier-for-a-day-on-climate-change\/","og_locale":"en_GB","og_type":"article","og_title":"L'IMREDD accueille les \u00e9l\u00e8ves du lyc\u00e9e Thierry Maulnier pour une journ\u00e9e sur le changement climatique","og_description":"Dans le cadre du programme transfrontalier PITER ALPIMED CLIMA, l'IMREDD a accueilli ce matin une vingtaine d'\u00e9l\u00e8ves et enseignants du Lyc\u00e9e Thierry Maulnier pour une journ\u00e9e th\u00e9matique autour des d\u00e9fis du r\u00e9chauffement climatique.","og_url":"https:\/\/imredd.fr\/en\/limredd-welcomes-students-from-thierry-maulnier-for-a-day-on-climate-change\/","og_site_name":"IMREDD - Universit\u00e9 C\u00f4te d&#039;Azur","article_publisher":"http:\/\/facebook.com\/imredd.uca","article_published_time":"2022-03-04T17:14:47+00:00","article_modified_time":"2026-01-12T17:34:52+00:00","og_image":[{"width":1920,"height":1280,"url":"https:\/\/imredd.fr\/wp-content\/uploads\/2022\/03\/ALPIMED_Thierry_Maulnier_03.jpeg","type":"image\/jpeg"}],"author":"Antonio Barros","twitter_card":"summary_large_image","twitter_misc":{"Written by":"Antonio Barros","Estimated reading time":"1 minute"},"schema":{"@context":"https:\/\/schema.org","@graph":[{"@type":"Article","@id":"https:\/\/imredd.fr\/en\/limredd-welcomes-students-from-thierry-maulnier-for-a-day-on-climate-change\/#article","isPartOf":{"@id":"https:\/\/imredd.fr\/en\/limredd-welcomes-students-from-thierry-maulnier-for-a-day-on-climate-change\/"},"author":{"name":"Antonio Barros","@id":"https:\/\/imredd.fr\/#\/schema\/person\/41e50290e799cf196e315345a93c68de"},"headline":"L&rsquo;IMREDD accueille les \u00e9l\u00e8ves du lyc\u00e9e Thierry Maulnier pour une journ\u00e9e sur le changement climatique","datePublished":"2022-03-04T17:14:47+00:00","dateModified":"2026-01-12T17:34:52+00:00","mainEntityOfPage":{"@id":"https:\/\/imredd.fr\/en\/limredd-welcomes-students-from-thierry-maulnier-for-a-day-on-climate-change\/"},"wordCount":169,"commentCount":0,"publisher":{"@id":"https:\/\/imredd.fr\/#organization"},"image":{"@id":"https:\/\/imredd.fr\/en\/limredd-welcomes-students-from-thierry-maulnier-for-a-day-on-climate-change\/#primaryimage"},"thumbnailUrl":"https:\/\/imredd.fr\/wp-content\/uploads\/2022\/03\/ALPIMED_Thierry_Maulnier_03.jpeg","keywords":["Clima","PITER ALPIMED"],"articleSection":["Projets et Recherche"],"inLanguage":"en-GB","potentialAction":[{"@type":"CommentAction","name":"Comment","target":["https:\/\/imredd.fr\/en\/limredd-welcomes-students-from-thierry-maulnier-for-a-day-on-climate-change\/#respond"]}]},{"@type":"WebPage","@id":"https:\/\/imredd.fr\/en\/limredd-welcomes-students-from-thierry-maulnier-for-a-day-on-climate-change\/","url":"https:\/\/imredd.fr\/en\/limredd-welcomes-students-from-thierry-maulnier-for-a-day-on-climate-change\/","name":"IMREDD welcomes students from Thierry Maulnier high school for a day on climate change - IMREDD - Universit\u00e9 C\u00f4te d'Azur","isPartOf":{"@id":"https:\/\/imredd.fr\/#website"},"primaryImageOfPage":{"@id":"https:\/\/imredd.fr\/en\/limredd-welcomes-students-from-thierry-maulnier-for-a-day-on-climate-change\/#primaryimage"},"image":{"@id":"https:\/\/imredd.fr\/en\/limredd-welcomes-students-from-thierry-maulnier-for-a-day-on-climate-change\/#primaryimage"},"thumbnailUrl":"https:\/\/imredd.fr\/wp-content\/uploads\/2022\/03\/ALPIMED_Thierry_Maulnier_03.jpeg","datePublished":"2022-03-04T17:14:47+00:00","dateModified":"2026-01-12T17:34:52+00:00","breadcrumb":{"@id":"https:\/\/imredd.fr\/en\/limredd-welcomes-students-from-thierry-maulnier-for-a-day-on-climate-change\/#breadcrumb"},"inLanguage":"en-GB","potentialAction":[{"@type":"ReadAction","target":["https:\/\/imredd.fr\/en\/limredd-welcomes-students-from-thierry-maulnier-for-a-day-on-climate-change\/"]}]},{"@type":"ImageObject","inLanguage":"en-GB","@id":"https:\/\/imredd.fr\/en\/limredd-welcomes-students-from-thierry-maulnier-for-a-day-on-climate-change\/#primaryimage","url":"https:\/\/imredd.fr\/wp-content\/uploads\/2022\/03\/ALPIMED_Thierry_Maulnier_03.jpeg","contentUrl":"https:\/\/imredd.fr\/wp-content\/uploads\/2022\/03\/ALPIMED_Thierry_Maulnier_03.jpeg","width":1920,"height":1280},{"@type":"BreadcrumbList","@id":"https:\/\/imredd.fr\/en\/limredd-welcomes-students-from-thierry-maulnier-for-a-day-on-climate-change\/#breadcrumb","itemListElement":[{"@type":"ListItem","position":1,"name":"Accueil","item":"https:\/\/imredd.fr\/"},{"@type":"ListItem","position":2,"name":"L&rsquo;IMREDD accueille les \u00e9l\u00e8ves du lyc\u00e9e Thierry Maulnier pour une journ\u00e9e sur le changement climatique"}]},{"@type":"WebSite","@id":"https:\/\/imredd.fr\/#website","url":"https:\/\/imredd.fr\/","name":"IMREDD - C\u00f4te d'Azur University","description":"Mediterranean Institute for Risk, Environment and Sustainable Development","publisher":{"@id":"https:\/\/imredd.fr\/#organization"},"potentialAction":[{"@type":"SearchAction","target":{"@type":"EntryPoint","urlTemplate":"https:\/\/imredd.fr\/?s={search_term_string}"},"query-input":{"@type":"PropertyValueSpecification","valueRequired":true,"valueName":"search_term_string"}}],"inLanguage":"en-GB"},{"@type":"Organization","@id":"https:\/\/imredd.fr\/#organization","name":"IMREDD - Mediterranean Institute for Risk, Environment and Sustainable Development","url":"https:\/\/imredd.fr\/","logo":{"@type":"ImageObject","inLanguage":"en-GB","@id":"https:\/\/imredd.fr\/#\/schema\/logo\/image\/","url":"https:\/\/imredd.fr\/wp-content\/uploads\/2025\/07\/IMREDD-Logo-couleurs-transparent.png","contentUrl":"https:\/\/imredd.fr\/wp-content\/uploads\/2025\/07\/IMREDD-Logo-couleurs-transparent.png","width":959,"height":164,"caption":"IMREDD - Institut M\u00e9diterran\u00e9en du Risque, de l'Environnement et du D\u00e9veloppement Durable"},"image":{"@id":"https:\/\/imredd.fr\/#\/schema\/logo\/image\/"},"sameAs":["http:\/\/facebook.com\/imredd.uca","http:\/\/linkedin.com\/showcase\/imredd"]},{"@type":"Person","@id":"https:\/\/imredd.fr\/#\/schema\/person\/41e50290e799cf196e315345a93c68de","name":"Antonio Barros","image":{"@type":"ImageObject","inLanguage":"en-GB","@id":"https:\/\/secure.gravatar.com\/avatar\/f4be75a97d6a27aad47c779bf7bfef9978f4ce4cf5a3c6160d97f893788ce445?s=96&d=mm&r=g","url":"https:\/\/secure.gravatar.com\/avatar\/f4be75a97d6a27aad47c779bf7bfef9978f4ce4cf5a3c6160d97f893788ce445?s=96&d=mm&r=g","contentUrl":"https:\/\/secure.gravatar.com\/avatar\/f4be75a97d6a27aad47c779bf7bfef9978f4ce4cf5a3c6160d97f893788ce445?s=96&d=mm&r=g","caption":"Antonio Barros"},"url":"https:\/\/imredd.fr\/en\/author\/imredd-com\/"}]}},"_links":{"self":[{"href":"https:\/\/imredd.fr\/en\/wp-json\/wp\/v2\/posts\/21050","targetHints":{"allow":["GET"]}}],"collection":[{"href":"https:\/\/imredd.fr\/en\/wp-json\/wp\/v2\/posts"}],"about":[{"href":"https:\/\/imredd.fr\/en\/wp-json\/wp\/v2\/types\/post"}],"author":[{"embeddable":true,"href":"https:\/\/imredd.fr\/en\/wp-json\/wp\/v2\/users\/2"}],"replies":[{"embeddable":true,"href":"https:\/\/imredd.fr\/en\/wp-json\/wp\/v2\/comments?post=21050"}],"version-history":[{"count":0,"href":"https:\/\/imredd.fr\/en\/wp-json\/wp\/v2\/posts\/21050\/revisions"}],"wp:featuredmedia":[{"embeddable":true,"href":"https:\/\/imredd.fr\/en\/wp-json\/wp\/v2\/media\/21054"}],"wp:attachment":[{"href":"https:\/\/imredd.fr\/en\/wp-json\/wp\/v2\/media?parent=21050"}],"wp:term":[{"taxonomy":"category","embeddable":true,"href":"https:\/\/imredd.fr\/en\/wp-json\/wp\/v2\/categories?post=21050"},{"taxonomy":"post_tag","embeddable":true,"href":"https:\/\/imredd.fr\/en\/wp-json\/wp\/v2\/tags?post=21050"}],"curies":[{"name":"wp","href":"https:\/\/api.w.org\/{rel}","templated":true}]}}