{"id":21111,"date":"2022-03-22T15:09:16","date_gmt":"2022-03-22T14:09:16","guid":{"rendered":"https:\/\/imredd.fr\/?p=21111"},"modified":"2026-01-12T18:34:52","modified_gmt":"2026-01-12T17:34:52","slug":"urban-noise-survey","status":"publish","type":"post","link":"https:\/\/imredd.fr\/en\/enquete-sur-le-bruit-urbain\/","title":{"rendered":"Urban noise survey"},"content":{"rendered":"<p>En lien avec le confinement au domicile des populations dans le contexte de la pand\u00e9mie Covid-19, il a \u00e9t\u00e9 constat\u00e9 une diminution globale des bruits urbains : trafic routier, a\u00e9rien et maritime, activit\u00e9s \u00e9conomiques, chantiers et travaux. Le bruit est connu pour avoir un impact n\u00e9gatif sur la qualit\u00e9 de vie et la sant\u00e9 psychique des individus en milieu urbain, pouvant \u00eatre \u00e0 l&rsquo;origine de probl\u00e8mes tels que la d\u00e9pression, l&rsquo;irritabilit\u00e9, l&rsquo;anxi\u00e9t\u00e9, des troubles du sommeil et des conduites addictives. Il est int\u00e9ressant \u00e0 ce titre d\u2019\u00e9valuer l\u2019impact de la diminution de la pollution sonore urbaine sur la sant\u00e9 psychique, en lien avec les diff\u00e9rents confinements impos\u00e9s par la situation sanitaire.<\/p>\n<p>Pour \u00e9tudier les relations entre les variations d\u2019intensit\u00e9 sonore urbaine et des indicateurs de sant\u00e9 des populations (sant\u00e9 psychique et qualit\u00e9 de vie) dans le contexte du confinement li\u00e9 \u00e0 la pand\u00e9mie de covid-19, un questionnaire grand public est lanc\u00e9 permettant \u00e0 chacun de faire part de sa perception relative l&rsquo;environnement sonore (sons, bruits, voire nuisances sonores dans les villes), en lien notamment avec les modifications r\u00e9centes soci\u00e9tales\/\u00e9conomiques impos\u00e9es par les diff\u00e9rents confinements au cours de l\u2019\u00e9pid\u00e9mie de Covid-19.<\/p>\n<p style=\"text-align: center;\">[ti_icon size=\u00a0\u00bbmedium\u00a0\u00bb icon=\u00a0\u00bbti-pencil-alt\u00a0\u00bb text=\u00a0\u00bbParticiper \u00e0 l&rsquo;enqu\u00eate\u00a0\u00bb link=\u00a0\u00bbhttps:\/\/bit.ly\/CoCoNNuts\u00a0\u00bb target=\u00a0\u00bb_blank\u00a0\u00bb style=\u00a0\u00bbicon-left\u00a0\u00bb text_color=\u00a0\u00bbblack\u00a0\u00bb background_color=\u00a0\u00bb#3354a3&Prime; icon_color=\u00a0\u00bb#3354a3&Prime;]<\/p>\n<p>Ce questionnaire anonyme int\u00e8gre le projet CoCoNNuts (Covid-19, Confinement, Noise, gettingNuts) men\u00e9 conjointement par des \u00e9quipes de recherche du CHU de Nice, de l&rsquo;IMREDD (Institut M\u00e9diterran\u00e9en du Risque et du D\u00e9veloppement Durable) de l\u2019Universit\u00e9 C\u00f4te d\u2019Azur, de l&rsquo;EDHEC Business School, de l\u2019IAE de Nice (Institut d\u2019Administration des Entreprises), de la Ville de Nice et de la M\u00e9tropole Nice C\u00f4te d\u2019Azur, du CEA, de Siradel, de l\u2019Observatoire de l\u2019Environnement sonore (Acoucit\u00e9.org) et de l\u2019association Nice Brain.<\/p>\n<p><!--themify_builder_static--><!--\/themify_builder_static--><\/p>\n","protected":false},"excerpt":{"rendered":"<p>As part of the CoCoNNuts project, a public questionnaire is being launched to allow everyone to share their perception of the sound environment (sounds, noises, and even noise pollution in cities), particularly in relation to recent societal\/economic changes imposed by the various lockdowns during the Covid-19 epidemic.<\/p>","protected":false},"author":2,"featured_media":21129,"comment_status":"open","ping_status":"open","sticky":false,"template":"","format":"standard","meta":{"footnotes":""},"categories":[504],"tags":[],"class_list":["post-21111","post","type-post","status-publish","format-standard","has-post-thumbnail","hentry","category-projets-et-recherche","has-post-title","has-post-date","has-post-category","has-post-tag","has-post-comment","has-post-author",""],"yoast_head":"<!-- This site is optimized with the Yoast SEO Premium plugin v27.4 (Yoast SEO v27.4) - https:\/\/yoast.com\/product\/yoast-seo-premium-wordpress\/ -->\n<title>Enqu\u00eate sur le bruit urbain - IMREDD - Universit\u00e9 C\u00f4te d&#039;Azur<\/title>\n<meta name=\"robots\" content=\"index, follow, max-snippet:-1, max-image-preview:large, max-video-preview:-1\" \/>\n<link rel=\"canonical\" href=\"https:\/\/imredd.fr\/en\/urban-noise-survey\/\" \/>\n<meta property=\"og:locale\" content=\"en_GB\" \/>\n<meta property=\"og:type\" content=\"article\" \/>\n<meta property=\"og:title\" content=\"Enqu\u00eate sur le bruit urbain\" \/>\n<meta property=\"og:description\" content=\"Dans le cadre du projet CoCoNNuts, un questionnaire grand public est lanc\u00e9 pour permettre \u00e0 chacun de faire part de sa perception relative l&#039;environnement sonore (sons, bruits, voire nuisances sonores dans les villes), en lien notamment avec les modifications r\u00e9centes soci\u00e9tales\/\u00e9conomiques impos\u00e9es par les diff\u00e9rents confinements au cours de l\u2019\u00e9pid\u00e9mie de Covid-19.\" \/>\n<meta property=\"og:url\" content=\"https:\/\/imredd.fr\/en\/urban-noise-survey\/\" \/>\n<meta property=\"og:site_name\" content=\"IMREDD - Universit\u00e9 C\u00f4te d&#039;Azur\" \/>\n<meta property=\"article:publisher\" content=\"http:\/\/facebook.com\/imredd.uca\" \/>\n<meta property=\"article:published_time\" content=\"2022-03-22T14:09:16+00:00\" \/>\n<meta property=\"article:modified_time\" content=\"2026-01-12T17:34:52+00:00\" \/>\n<meta property=\"og:image\" content=\"https:\/\/imredd.fr\/wp-content\/uploads\/2022\/03\/enquete-coconnuts.jpg\" \/>\n\t<meta property=\"og:image:width\" content=\"1920\" \/>\n\t<meta property=\"og:image:height\" content=\"1080\" \/>\n\t<meta property=\"og:image:type\" content=\"image\/jpeg\" \/>\n<meta name=\"author\" content=\"Antonio Barros\" \/>\n<meta name=\"twitter:card\" content=\"summary_large_image\" \/>\n<meta name=\"twitter:label1\" content=\"Written by\" \/>\n\t<meta name=\"twitter:data1\" content=\"Antonio Barros\" \/>\n\t<meta name=\"twitter:label2\" content=\"Estimated reading time\" \/>\n\t<meta name=\"twitter:data2\" content=\"2 minutes\" \/>\n<script type=\"application\/ld+json\" class=\"yoast-schema-graph\">{\"@context\":\"https:\\\/\\\/schema.org\",\"@graph\":[{\"@type\":\"Article\",\"@id\":\"https:\\\/\\\/imredd.fr\\\/en\\\/urban-noise-survey\\\/#article\",\"isPartOf\":{\"@id\":\"https:\\\/\\\/imredd.fr\\\/en\\\/urban-noise-survey\\\/\"},\"author\":{\"name\":\"Antonio Barros\",\"@id\":\"https:\\\/\\\/imredd.fr\\\/#\\\/schema\\\/person\\\/41e50290e799cf196e315345a93c68de\"},\"headline\":\"Enqu\u00eate sur le bruit urbain\",\"datePublished\":\"2022-03-22T14:09:16+00:00\",\"dateModified\":\"2026-01-12T17:34:52+00:00\",\"mainEntityOfPage\":{\"@id\":\"https:\\\/\\\/imredd.fr\\\/en\\\/urban-noise-survey\\\/\"},\"wordCount\":338,\"commentCount\":0,\"publisher\":{\"@id\":\"https:\\\/\\\/imredd.fr\\\/#organization\"},\"image\":{\"@id\":\"https:\\\/\\\/imredd.fr\\\/en\\\/urban-noise-survey\\\/#primaryimage\"},\"thumbnailUrl\":\"https:\\\/\\\/imredd.fr\\\/wp-content\\\/uploads\\\/2022\\\/03\\\/enquete-coconnuts.jpg\",\"articleSection\":[\"Projets et Recherche\"],\"inLanguage\":\"en-GB\",\"potentialAction\":[{\"@type\":\"CommentAction\",\"name\":\"Comment\",\"target\":[\"https:\\\/\\\/imredd.fr\\\/en\\\/urban-noise-survey\\\/#respond\"]}]},{\"@type\":\"WebPage\",\"@id\":\"https:\\\/\\\/imredd.fr\\\/en\\\/urban-noise-survey\\\/\",\"url\":\"https:\\\/\\\/imredd.fr\\\/en\\\/urban-noise-survey\\\/\",\"name\":\"Enqu\u00eate sur le bruit urbain - IMREDD - Universit\u00e9 C\u00f4te d&#039;Azur\",\"isPartOf\":{\"@id\":\"https:\\\/\\\/imredd.fr\\\/#website\"},\"primaryImageOfPage\":{\"@id\":\"https:\\\/\\\/imredd.fr\\\/en\\\/urban-noise-survey\\\/#primaryimage\"},\"image\":{\"@id\":\"https:\\\/\\\/imredd.fr\\\/en\\\/urban-noise-survey\\\/#primaryimage\"},\"thumbnailUrl\":\"https:\\\/\\\/imredd.fr\\\/wp-content\\\/uploads\\\/2022\\\/03\\\/enquete-coconnuts.jpg\",\"datePublished\":\"2022-03-22T14:09:16+00:00\",\"dateModified\":\"2026-01-12T17:34:52+00:00\",\"breadcrumb\":{\"@id\":\"https:\\\/\\\/imredd.fr\\\/en\\\/urban-noise-survey\\\/#breadcrumb\"},\"inLanguage\":\"en-GB\",\"potentialAction\":[{\"@type\":\"ReadAction\",\"target\":[\"https:\\\/\\\/imredd.fr\\\/en\\\/urban-noise-survey\\\/\"]}]},{\"@type\":\"ImageObject\",\"inLanguage\":\"en-GB\",\"@id\":\"https:\\\/\\\/imredd.fr\\\/en\\\/urban-noise-survey\\\/#primaryimage\",\"url\":\"https:\\\/\\\/imredd.fr\\\/wp-content\\\/uploads\\\/2022\\\/03\\\/enquete-coconnuts.jpg\",\"contentUrl\":\"https:\\\/\\\/imredd.fr\\\/wp-content\\\/uploads\\\/2022\\\/03\\\/enquete-coconnuts.jpg\",\"width\":1920,\"height\":1080},{\"@type\":\"BreadcrumbList\",\"@id\":\"https:\\\/\\\/imredd.fr\\\/en\\\/urban-noise-survey\\\/#breadcrumb\",\"itemListElement\":[{\"@type\":\"ListItem\",\"position\":1,\"name\":\"Accueil\",\"item\":\"https:\\\/\\\/imredd.fr\\\/\"},{\"@type\":\"ListItem\",\"position\":2,\"name\":\"Enqu\u00eate sur le bruit urbain\"}]},{\"@type\":\"WebSite\",\"@id\":\"https:\\\/\\\/imredd.fr\\\/#website\",\"url\":\"https:\\\/\\\/imredd.fr\\\/\",\"name\":\"IMREDD - Universit\u00e9 C\u00f4te d'Azur\",\"description\":\"Institut M\u00e9diterran\u00e9en du Risque, de l&#039;Environnement et du D\u00e9veloppement Durable\",\"publisher\":{\"@id\":\"https:\\\/\\\/imredd.fr\\\/#organization\"},\"potentialAction\":[{\"@type\":\"SearchAction\",\"target\":{\"@type\":\"EntryPoint\",\"urlTemplate\":\"https:\\\/\\\/imredd.fr\\\/?s={search_term_string}\"},\"query-input\":{\"@type\":\"PropertyValueSpecification\",\"valueRequired\":true,\"valueName\":\"search_term_string\"}}],\"inLanguage\":\"en-GB\"},{\"@type\":\"Organization\",\"@id\":\"https:\\\/\\\/imredd.fr\\\/#organization\",\"name\":\"IMREDD - Institut M\u00e9diterran\u00e9en du Risque, de l'Environnement et du D\u00e9veloppement Durable\",\"url\":\"https:\\\/\\\/imredd.fr\\\/\",\"logo\":{\"@type\":\"ImageObject\",\"inLanguage\":\"en-GB\",\"@id\":\"https:\\\/\\\/imredd.fr\\\/#\\\/schema\\\/logo\\\/image\\\/\",\"url\":\"https:\\\/\\\/imredd.fr\\\/wp-content\\\/uploads\\\/2025\\\/07\\\/IMREDD-Logo-couleurs-transparent.png\",\"contentUrl\":\"https:\\\/\\\/imredd.fr\\\/wp-content\\\/uploads\\\/2025\\\/07\\\/IMREDD-Logo-couleurs-transparent.png\",\"width\":959,\"height\":164,\"caption\":\"IMREDD - Institut M\u00e9diterran\u00e9en du Risque, de l'Environnement et du D\u00e9veloppement Durable\"},\"image\":{\"@id\":\"https:\\\/\\\/imredd.fr\\\/#\\\/schema\\\/logo\\\/image\\\/\"},\"sameAs\":[\"http:\\\/\\\/facebook.com\\\/imredd.uca\",\"http:\\\/\\\/linkedin.com\\\/showcase\\\/imredd\"]},{\"@type\":\"Person\",\"@id\":\"https:\\\/\\\/imredd.fr\\\/#\\\/schema\\\/person\\\/41e50290e799cf196e315345a93c68de\",\"name\":\"Antonio Barros\",\"image\":{\"@type\":\"ImageObject\",\"inLanguage\":\"en-GB\",\"@id\":\"https:\\\/\\\/secure.gravatar.com\\\/avatar\\\/f4be75a97d6a27aad47c779bf7bfef9978f4ce4cf5a3c6160d97f893788ce445?s=96&d=mm&r=g\",\"url\":\"https:\\\/\\\/secure.gravatar.com\\\/avatar\\\/f4be75a97d6a27aad47c779bf7bfef9978f4ce4cf5a3c6160d97f893788ce445?s=96&d=mm&r=g\",\"contentUrl\":\"https:\\\/\\\/secure.gravatar.com\\\/avatar\\\/f4be75a97d6a27aad47c779bf7bfef9978f4ce4cf5a3c6160d97f893788ce445?s=96&d=mm&r=g\",\"caption\":\"Antonio Barros\"},\"url\":\"https:\\\/\\\/imredd.fr\\\/en\\\/author\\\/imredd-com\\\/\"}]}<\/script>\n<!-- \/ Yoast SEO Premium plugin. -->","yoast_head_json":{"title":"Urban Noise Survey - IMREDD - University of C\u00f4te d'Azur","robots":{"index":"index","follow":"follow","max-snippet":"max-snippet:-1","max-image-preview":"max-image-preview:large","max-video-preview":"max-video-preview:-1"},"canonical":"https:\/\/imredd.fr\/en\/urban-noise-survey\/","og_locale":"en_GB","og_type":"article","og_title":"Enqu\u00eate sur le bruit urbain","og_description":"Dans le cadre du projet CoCoNNuts, un questionnaire grand public est lanc\u00e9 pour permettre \u00e0 chacun de faire part de sa perception relative l'environnement sonore (sons, bruits, voire nuisances sonores dans les villes), en lien notamment avec les modifications r\u00e9centes soci\u00e9tales\/\u00e9conomiques impos\u00e9es par les diff\u00e9rents confinements au cours de l\u2019\u00e9pid\u00e9mie de Covid-19.","og_url":"https:\/\/imredd.fr\/en\/urban-noise-survey\/","og_site_name":"IMREDD - Universit\u00e9 C\u00f4te d&#039;Azur","article_publisher":"http:\/\/facebook.com\/imredd.uca","article_published_time":"2022-03-22T14:09:16+00:00","article_modified_time":"2026-01-12T17:34:52+00:00","og_image":[{"width":1920,"height":1080,"url":"https:\/\/imredd.fr\/wp-content\/uploads\/2022\/03\/enquete-coconnuts.jpg","type":"image\/jpeg"}],"author":"Antonio Barros","twitter_card":"summary_large_image","twitter_misc":{"Written by":"Antonio Barros","Estimated reading time":"2 minutes"},"schema":{"@context":"https:\/\/schema.org","@graph":[{"@type":"Article","@id":"https:\/\/imredd.fr\/en\/urban-noise-survey\/#article","isPartOf":{"@id":"https:\/\/imredd.fr\/en\/urban-noise-survey\/"},"author":{"name":"Antonio Barros","@id":"https:\/\/imredd.fr\/#\/schema\/person\/41e50290e799cf196e315345a93c68de"},"headline":"Enqu\u00eate sur le bruit urbain","datePublished":"2022-03-22T14:09:16+00:00","dateModified":"2026-01-12T17:34:52+00:00","mainEntityOfPage":{"@id":"https:\/\/imredd.fr\/en\/urban-noise-survey\/"},"wordCount":338,"commentCount":0,"publisher":{"@id":"https:\/\/imredd.fr\/#organization"},"image":{"@id":"https:\/\/imredd.fr\/en\/urban-noise-survey\/#primaryimage"},"thumbnailUrl":"https:\/\/imredd.fr\/wp-content\/uploads\/2022\/03\/enquete-coconnuts.jpg","articleSection":["Projets et Recherche"],"inLanguage":"en-GB","potentialAction":[{"@type":"CommentAction","name":"Comment","target":["https:\/\/imredd.fr\/en\/urban-noise-survey\/#respond"]}]},{"@type":"WebPage","@id":"https:\/\/imredd.fr\/en\/urban-noise-survey\/","url":"https:\/\/imredd.fr\/en\/urban-noise-survey\/","name":"Urban Noise Survey - IMREDD - University of C\u00f4te d'Azur","isPartOf":{"@id":"https:\/\/imredd.fr\/#website"},"primaryImageOfPage":{"@id":"https:\/\/imredd.fr\/en\/urban-noise-survey\/#primaryimage"},"image":{"@id":"https:\/\/imredd.fr\/en\/urban-noise-survey\/#primaryimage"},"thumbnailUrl":"https:\/\/imredd.fr\/wp-content\/uploads\/2022\/03\/enquete-coconnuts.jpg","datePublished":"2022-03-22T14:09:16+00:00","dateModified":"2026-01-12T17:34:52+00:00","breadcrumb":{"@id":"https:\/\/imredd.fr\/en\/urban-noise-survey\/#breadcrumb"},"inLanguage":"en-GB","potentialAction":[{"@type":"ReadAction","target":["https:\/\/imredd.fr\/en\/urban-noise-survey\/"]}]},{"@type":"ImageObject","inLanguage":"en-GB","@id":"https:\/\/imredd.fr\/en\/urban-noise-survey\/#primaryimage","url":"https:\/\/imredd.fr\/wp-content\/uploads\/2022\/03\/enquete-coconnuts.jpg","contentUrl":"https:\/\/imredd.fr\/wp-content\/uploads\/2022\/03\/enquete-coconnuts.jpg","width":1920,"height":1080},{"@type":"BreadcrumbList","@id":"https:\/\/imredd.fr\/en\/urban-noise-survey\/#breadcrumb","itemListElement":[{"@type":"ListItem","position":1,"name":"Accueil","item":"https:\/\/imredd.fr\/"},{"@type":"ListItem","position":2,"name":"Enqu\u00eate sur le bruit urbain"}]},{"@type":"WebSite","@id":"https:\/\/imredd.fr\/#website","url":"https:\/\/imredd.fr\/","name":"IMREDD - C\u00f4te d'Azur University","description":"Mediterranean Institute for Risk, Environment and Sustainable Development","publisher":{"@id":"https:\/\/imredd.fr\/#organization"},"potentialAction":[{"@type":"SearchAction","target":{"@type":"EntryPoint","urlTemplate":"https:\/\/imredd.fr\/?s={search_term_string}"},"query-input":{"@type":"PropertyValueSpecification","valueRequired":true,"valueName":"search_term_string"}}],"inLanguage":"en-GB"},{"@type":"Organization","@id":"https:\/\/imredd.fr\/#organization","name":"IMREDD - Mediterranean Institute for Risk, Environment and Sustainable Development","url":"https:\/\/imredd.fr\/","logo":{"@type":"ImageObject","inLanguage":"en-GB","@id":"https:\/\/imredd.fr\/#\/schema\/logo\/image\/","url":"https:\/\/imredd.fr\/wp-content\/uploads\/2025\/07\/IMREDD-Logo-couleurs-transparent.png","contentUrl":"https:\/\/imredd.fr\/wp-content\/uploads\/2025\/07\/IMREDD-Logo-couleurs-transparent.png","width":959,"height":164,"caption":"IMREDD - Institut M\u00e9diterran\u00e9en du Risque, de l'Environnement et du D\u00e9veloppement Durable"},"image":{"@id":"https:\/\/imredd.fr\/#\/schema\/logo\/image\/"},"sameAs":["http:\/\/facebook.com\/imredd.uca","http:\/\/linkedin.com\/showcase\/imredd"]},{"@type":"Person","@id":"https:\/\/imredd.fr\/#\/schema\/person\/41e50290e799cf196e315345a93c68de","name":"Antonio Barros","image":{"@type":"ImageObject","inLanguage":"en-GB","@id":"https:\/\/secure.gravatar.com\/avatar\/f4be75a97d6a27aad47c779bf7bfef9978f4ce4cf5a3c6160d97f893788ce445?s=96&d=mm&r=g","url":"https:\/\/secure.gravatar.com\/avatar\/f4be75a97d6a27aad47c779bf7bfef9978f4ce4cf5a3c6160d97f893788ce445?s=96&d=mm&r=g","contentUrl":"https:\/\/secure.gravatar.com\/avatar\/f4be75a97d6a27aad47c779bf7bfef9978f4ce4cf5a3c6160d97f893788ce445?s=96&d=mm&r=g","caption":"Antonio Barros"},"url":"https:\/\/imredd.fr\/en\/author\/imredd-com\/"}]}},"_links":{"self":[{"href":"https:\/\/imredd.fr\/en\/wp-json\/wp\/v2\/posts\/21111","targetHints":{"allow":["GET"]}}],"collection":[{"href":"https:\/\/imredd.fr\/en\/wp-json\/wp\/v2\/posts"}],"about":[{"href":"https:\/\/imredd.fr\/en\/wp-json\/wp\/v2\/types\/post"}],"author":[{"embeddable":true,"href":"https:\/\/imredd.fr\/en\/wp-json\/wp\/v2\/users\/2"}],"replies":[{"embeddable":true,"href":"https:\/\/imredd.fr\/en\/wp-json\/wp\/v2\/comments?post=21111"}],"version-history":[{"count":0,"href":"https:\/\/imredd.fr\/en\/wp-json\/wp\/v2\/posts\/21111\/revisions"}],"wp:featuredmedia":[{"embeddable":true,"href":"https:\/\/imredd.fr\/en\/wp-json\/wp\/v2\/media\/21129"}],"wp:attachment":[{"href":"https:\/\/imredd.fr\/en\/wp-json\/wp\/v2\/media?parent=21111"}],"wp:term":[{"taxonomy":"category","embeddable":true,"href":"https:\/\/imredd.fr\/en\/wp-json\/wp\/v2\/categories?post=21111"},{"taxonomy":"post_tag","embeddable":true,"href":"https:\/\/imredd.fr\/en\/wp-json\/wp\/v2\/tags?post=21111"}],"curies":[{"name":"wp","href":"https:\/\/api.w.org\/{rel}","templated":true}]}}