{"id":21348,"date":"2022-05-24T11:23:38","date_gmt":"2022-05-24T09:23:38","guid":{"rendered":"https:\/\/imredd.fr\/?p=21348"},"modified":"2026-01-12T18:34:51","modified_gmt":"2026-01-12T17:34:51","slug":"welcome-to-limred-students-of-thierry-maulnier-high-school","status":"publish","type":"post","link":"https:\/\/imredd.fr\/en\/limredd-accueil-des-eleves-du-lycee-thierry-maulnier\/","title":{"rendered":"The IMREDD welcomes students from the Thierry Maulnier high school"},"content":{"rendered":"<p>This Tuesday, May 24th, the IMREDD opened its doors to 30 students from the Thierry Maulnier high school in Nice. Always in the spirit of openness, exchanges and mutual enrichment, the institute offered a complete tour of its innovative building., <!--more-->with 3 different routes around<\/p>\n<ul>\n<li>from its Smart City Innovation Centre technology platform (1000m\u00b2 technical platform and showroom space)<\/li>\n<li>from his smart home, located within the technology platform<\/li>\n<li>smart installations in the field of renewable energy<\/li>\n<\/ul>\n<p>Awareness of plastic pollution and innovation in ideas was also proposed through the project <em>EarthWake<\/em> Presented by Georges FRITSCH.<\/p>\n<div id='gallery-1' class='gallery galleryid-21348 gallery-columns-4 gallery-size-medium'><figure class='gallery-item'>\n\t\t\t<div class='gallery-icon landscape'>\n\t\t\t\t<a href='https:\/\/imredd.fr\/en\/img_4006\/'><img loading=\"lazy\" decoding=\"async\" width=\"300\" height=\"225\" src=\"https:\/\/imredd.fr\/wp-content\/uploads\/2022\/05\/IMG_4006-scaled-1-300x225.jpg\" class=\"attachment-medium size-medium\" alt=\"\" srcset=\"https:\/\/imredd.fr\/wp-content\/uploads\/2022\/05\/IMG_4006-scaled-1-300x225.jpg 300w, https:\/\/imredd.fr\/wp-content\/uploads\/2022\/05\/IMG_4006-scaled-1-1024x768.jpg 1024w, https:\/\/imredd.fr\/wp-content\/uploads\/2022\/05\/IMG_4006-scaled-1-768x576.jpg 768w, https:\/\/imredd.fr\/wp-content\/uploads\/2022\/05\/IMG_4006-scaled-1-1536x1152.jpg 1536w, https:\/\/imredd.fr\/wp-content\/uploads\/2022\/05\/IMG_4006-scaled-1-2048x1536.jpg 2048w, https:\/\/imredd.fr\/wp-content\/uploads\/2022\/05\/IMG_4006-scaled-1-16x12.jpg 16w\" sizes=\"auto, (max-width: 300px) 100vw, 300px\" \/><\/a>\n\t\t\t<\/div><\/figure><figure class='gallery-item'>\n\t\t\t<div class='gallery-icon landscape'>\n\t\t\t\t<a href='https:\/\/imredd.fr\/en\/img_3998\/'><img loading=\"lazy\" decoding=\"async\" width=\"300\" height=\"225\" src=\"https:\/\/imredd.fr\/wp-content\/uploads\/2022\/05\/IMG_3998-300x225.png\" class=\"attachment-medium size-medium\" alt=\"\" srcset=\"https:\/\/imredd.fr\/wp-content\/uploads\/2022\/05\/IMG_3998-300x225.png 300w, https:\/\/imredd.fr\/wp-content\/uploads\/2022\/05\/IMG_3998-1024x768.png 1024w, https:\/\/imredd.fr\/wp-content\/uploads\/2022\/05\/IMG_3998-768x576.png 768w, https:\/\/imredd.fr\/wp-content\/uploads\/2022\/05\/IMG_3998-1536x1152.png 1536w, https:\/\/imredd.fr\/wp-content\/uploads\/2022\/05\/IMG_3998-2048x1536.png 2048w, https:\/\/imredd.fr\/wp-content\/uploads\/2022\/05\/IMG_3998-16x12.png 16w\" sizes=\"auto, (max-width: 300px) 100vw, 300px\" \/><\/a>\n\t\t\t<\/div><\/figure><figure class='gallery-item'>\n\t\t\t<div class='gallery-icon landscape'>\n\t\t\t\t<a href='https:\/\/imredd.fr\/en\/img_4019\/'><img loading=\"lazy\" decoding=\"async\" width=\"300\" height=\"225\" src=\"https:\/\/imredd.fr\/wp-content\/uploads\/2022\/05\/IMG_4019-scaled-1-300x225.jpg\" class=\"attachment-medium size-medium\" alt=\"\" srcset=\"https:\/\/imredd.fr\/wp-content\/uploads\/2022\/05\/IMG_4019-scaled-1-300x225.jpg 300w, https:\/\/imredd.fr\/wp-content\/uploads\/2022\/05\/IMG_4019-scaled-1-1024x768.jpg 1024w, https:\/\/imredd.fr\/wp-content\/uploads\/2022\/05\/IMG_4019-scaled-1-768x576.jpg 768w, https:\/\/imredd.fr\/wp-content\/uploads\/2022\/05\/IMG_4019-scaled-1-1536x1152.jpg 1536w, https:\/\/imredd.fr\/wp-content\/uploads\/2022\/05\/IMG_4019-scaled-1-2048x1536.jpg 2048w, https:\/\/imredd.fr\/wp-content\/uploads\/2022\/05\/IMG_4019-scaled-1-16x12.jpg 16w\" sizes=\"auto, (max-width: 300px) 100vw, 300px\" \/><\/a>\n\t\t\t<\/div><\/figure><figure class='gallery-item'>\n\t\t\t<div class='gallery-icon landscape'>\n\t\t\t\t<a href='https:\/\/imredd.fr\/en\/img_4013\/'><img loading=\"lazy\" decoding=\"async\" width=\"300\" height=\"225\" src=\"https:\/\/imredd.fr\/wp-content\/uploads\/2022\/05\/IMG_4013-scaled-1-300x225.jpg\" class=\"attachment-medium size-medium\" alt=\"\" srcset=\"https:\/\/imredd.fr\/wp-content\/uploads\/2022\/05\/IMG_4013-scaled-1-300x225.jpg 300w, https:\/\/imredd.fr\/wp-content\/uploads\/2022\/05\/IMG_4013-scaled-1-1024x768.jpg 1024w, https:\/\/imredd.fr\/wp-content\/uploads\/2022\/05\/IMG_4013-scaled-1-768x576.jpg 768w, https:\/\/imredd.fr\/wp-content\/uploads\/2022\/05\/IMG_4013-scaled-1-1536x1152.jpg 1536w, https:\/\/imredd.fr\/wp-content\/uploads\/2022\/05\/IMG_4013-scaled-1-2048x1536.jpg 2048w, https:\/\/imredd.fr\/wp-content\/uploads\/2022\/05\/IMG_4013-scaled-1-16x12.jpg 16w\" sizes=\"auto, (max-width: 300px) 100vw, 300px\" \/><\/a>\n\t\t\t<\/div><\/figure>\n\t\t<\/div>\n\n<p><!--themify_builder_static--><!--\/themify_builder_static--><\/p>","protected":false},"excerpt":{"rendered":"<p>This Tuesday, 24th May, IMREDD opened its doors to 30 students from Thierry Maulnier high school in Nice. Maintaining its spirit of openness, exchange, and mutual enrichment, the institute offered a comprehensive tour of its innovative building. An awareness session on plastic depollution and innovation in ideas was also presented through the EarthWake project.<\/p>","protected":false},"author":2,"featured_media":21349,"comment_status":"open","ping_status":"open","sticky":false,"template":"","format":"standard","meta":{"footnotes":""},"categories":[504],"tags":[],"class_list":["post-21348","post","type-post","status-publish","format-standard","has-post-thumbnail","hentry","category-projets-et-recherche","has-post-title","has-post-date","has-post-category","has-post-tag","has-post-comment","has-post-author",""],"yoast_head":"<!-- This site is optimized with the Yoast SEO Premium plugin v27.4 (Yoast SEO v27.4) - https:\/\/yoast.com\/product\/yoast-seo-premium-wordpress\/ -->\n<title>L&#039;IMREDD accueille des \u00e9l\u00e8ves du lyc\u00e9e Thierry Maulnier - IMREDD - Universit\u00e9 C\u00f4te d&#039;Azur<\/title>\n<meta name=\"robots\" content=\"index, follow, max-snippet:-1, max-image-preview:large, max-video-preview:-1\" \/>\n<link rel=\"canonical\" href=\"https:\/\/imredd.fr\/en\/welcome-to-limred-students-of-thierry-maulnier-high-school\/\" \/>\n<meta property=\"og:locale\" content=\"en_GB\" \/>\n<meta property=\"og:type\" content=\"article\" \/>\n<meta property=\"og:title\" content=\"L&#039;IMREDD accueille des \u00e9l\u00e8ves du lyc\u00e9e Thierry Maulnier\" \/>\n<meta property=\"og:description\" content=\"Ce mardi 24 mai, l&#039;IMREDD a ouvert ses portes \u00e0 30 \u00e9l\u00e8ves du lyc\u00e9e Thierry Maulnier \u00e0 Nice. Toujours dans l&#039;esprit d&#039;une ouverture, d&#039;\u00e9changes et d&#039;enrichissement mutuel, l&#039;institut a propos\u00e9 une visite compl\u00e8te de son b\u00e2timent innovant. Une sensibilisation autour de la d\u00e9pollution plastique et de l&#039;innovation dans les id\u00e9es a \u00e9galement \u00e9t\u00e9 propos\u00e9e via le projet EarthWake.\" \/>\n<meta property=\"og:url\" content=\"https:\/\/imredd.fr\/en\/welcome-to-limred-students-of-thierry-maulnier-high-school\/\" \/>\n<meta property=\"og:site_name\" content=\"IMREDD - Universit\u00e9 C\u00f4te d&#039;Azur\" \/>\n<meta property=\"article:publisher\" content=\"http:\/\/facebook.com\/imredd.uca\" \/>\n<meta property=\"article:published_time\" content=\"2022-05-24T09:23:38+00:00\" \/>\n<meta property=\"article:modified_time\" content=\"2026-01-12T17:34:51+00:00\" \/>\n<meta property=\"og:image\" content=\"https:\/\/imredd.fr\/wp-content\/uploads\/2022\/05\/IMG_3995-scaled-1.jpg\" \/>\n\t<meta property=\"og:image:width\" content=\"2560\" \/>\n\t<meta property=\"og:image:height\" content=\"1920\" \/>\n\t<meta property=\"og:image:type\" content=\"image\/jpeg\" \/>\n<meta name=\"author\" content=\"Antonio Barros\" \/>\n<meta name=\"twitter:card\" content=\"summary_large_image\" \/>\n<meta name=\"twitter:label1\" content=\"Written by\" \/>\n\t<meta name=\"twitter:data1\" content=\"Antonio Barros\" \/>\n\t<meta name=\"twitter:label2\" content=\"Estimated reading time\" \/>\n\t<meta name=\"twitter:data2\" content=\"1 minute\" \/>\n<script type=\"application\/ld+json\" class=\"yoast-schema-graph\">{\"@context\":\"https:\\\/\\\/schema.org\",\"@graph\":[{\"@type\":\"Article\",\"@id\":\"https:\\\/\\\/imredd.fr\\\/en\\\/welcome-to-limred-students-of-thierry-maulnier-high-school\\\/#article\",\"isPartOf\":{\"@id\":\"https:\\\/\\\/imredd.fr\\\/en\\\/welcome-to-limred-students-of-thierry-maulnier-high-school\\\/\"},\"author\":{\"name\":\"Antonio Barros\",\"@id\":\"https:\\\/\\\/imredd.fr\\\/#\\\/schema\\\/person\\\/41e50290e799cf196e315345a93c68de\"},\"headline\":\"L&rsquo;IMREDD accueille des \u00e9l\u00e8ves du lyc\u00e9e Thierry Maulnier\",\"datePublished\":\"2022-05-24T09:23:38+00:00\",\"dateModified\":\"2026-01-12T17:34:51+00:00\",\"mainEntityOfPage\":{\"@id\":\"https:\\\/\\\/imredd.fr\\\/en\\\/welcome-to-limred-students-of-thierry-maulnier-high-school\\\/\"},\"wordCount\":134,\"commentCount\":0,\"publisher\":{\"@id\":\"https:\\\/\\\/imredd.fr\\\/#organization\"},\"image\":{\"@id\":\"https:\\\/\\\/imredd.fr\\\/en\\\/welcome-to-limred-students-of-thierry-maulnier-high-school\\\/#primaryimage\"},\"thumbnailUrl\":\"https:\\\/\\\/imredd.fr\\\/wp-content\\\/uploads\\\/2022\\\/05\\\/IMG_3995-scaled-1.jpg\",\"articleSection\":[\"Projets et Recherche\"],\"inLanguage\":\"en-GB\",\"potentialAction\":[{\"@type\":\"CommentAction\",\"name\":\"Comment\",\"target\":[\"https:\\\/\\\/imredd.fr\\\/en\\\/welcome-to-limred-students-of-thierry-maulnier-high-school\\\/#respond\"]}]},{\"@type\":\"WebPage\",\"@id\":\"https:\\\/\\\/imredd.fr\\\/en\\\/welcome-to-limred-students-of-thierry-maulnier-high-school\\\/\",\"url\":\"https:\\\/\\\/imredd.fr\\\/en\\\/welcome-to-limred-students-of-thierry-maulnier-high-school\\\/\",\"name\":\"L'IMREDD accueille des \u00e9l\u00e8ves du lyc\u00e9e Thierry Maulnier - IMREDD - Universit\u00e9 C\u00f4te d&#039;Azur\",\"isPartOf\":{\"@id\":\"https:\\\/\\\/imredd.fr\\\/#website\"},\"primaryImageOfPage\":{\"@id\":\"https:\\\/\\\/imredd.fr\\\/en\\\/welcome-to-limred-students-of-thierry-maulnier-high-school\\\/#primaryimage\"},\"image\":{\"@id\":\"https:\\\/\\\/imredd.fr\\\/en\\\/welcome-to-limred-students-of-thierry-maulnier-high-school\\\/#primaryimage\"},\"thumbnailUrl\":\"https:\\\/\\\/imredd.fr\\\/wp-content\\\/uploads\\\/2022\\\/05\\\/IMG_3995-scaled-1.jpg\",\"datePublished\":\"2022-05-24T09:23:38+00:00\",\"dateModified\":\"2026-01-12T17:34:51+00:00\",\"breadcrumb\":{\"@id\":\"https:\\\/\\\/imredd.fr\\\/en\\\/welcome-to-limred-students-of-thierry-maulnier-high-school\\\/#breadcrumb\"},\"inLanguage\":\"en-GB\",\"potentialAction\":[{\"@type\":\"ReadAction\",\"target\":[\"https:\\\/\\\/imredd.fr\\\/en\\\/welcome-to-limred-students-of-thierry-maulnier-high-school\\\/\"]}]},{\"@type\":\"ImageObject\",\"inLanguage\":\"en-GB\",\"@id\":\"https:\\\/\\\/imredd.fr\\\/en\\\/welcome-to-limred-students-of-thierry-maulnier-high-school\\\/#primaryimage\",\"url\":\"https:\\\/\\\/imredd.fr\\\/wp-content\\\/uploads\\\/2022\\\/05\\\/IMG_3995-scaled-1.jpg\",\"contentUrl\":\"https:\\\/\\\/imredd.fr\\\/wp-content\\\/uploads\\\/2022\\\/05\\\/IMG_3995-scaled-1.jpg\",\"width\":2560,\"height\":1920},{\"@type\":\"BreadcrumbList\",\"@id\":\"https:\\\/\\\/imredd.fr\\\/en\\\/welcome-to-limred-students-of-thierry-maulnier-high-school\\\/#breadcrumb\",\"itemListElement\":[{\"@type\":\"ListItem\",\"position\":1,\"name\":\"Accueil\",\"item\":\"https:\\\/\\\/imredd.fr\\\/\"},{\"@type\":\"ListItem\",\"position\":2,\"name\":\"L&rsquo;IMREDD accueille des \u00e9l\u00e8ves du lyc\u00e9e Thierry Maulnier\"}]},{\"@type\":\"WebSite\",\"@id\":\"https:\\\/\\\/imredd.fr\\\/#website\",\"url\":\"https:\\\/\\\/imredd.fr\\\/\",\"name\":\"IMREDD - Universit\u00e9 C\u00f4te d'Azur\",\"description\":\"Institut M\u00e9diterran\u00e9en du Risque, de l&#039;Environnement et du D\u00e9veloppement Durable\",\"publisher\":{\"@id\":\"https:\\\/\\\/imredd.fr\\\/#organization\"},\"potentialAction\":[{\"@type\":\"SearchAction\",\"target\":{\"@type\":\"EntryPoint\",\"urlTemplate\":\"https:\\\/\\\/imredd.fr\\\/?s={search_term_string}\"},\"query-input\":{\"@type\":\"PropertyValueSpecification\",\"valueRequired\":true,\"valueName\":\"search_term_string\"}}],\"inLanguage\":\"en-GB\"},{\"@type\":\"Organization\",\"@id\":\"https:\\\/\\\/imredd.fr\\\/#organization\",\"name\":\"IMREDD - Institut M\u00e9diterran\u00e9en du Risque, de l'Environnement et du D\u00e9veloppement Durable\",\"url\":\"https:\\\/\\\/imredd.fr\\\/\",\"logo\":{\"@type\":\"ImageObject\",\"inLanguage\":\"en-GB\",\"@id\":\"https:\\\/\\\/imredd.fr\\\/#\\\/schema\\\/logo\\\/image\\\/\",\"url\":\"https:\\\/\\\/imredd.fr\\\/wp-content\\\/uploads\\\/2025\\\/07\\\/IMREDD-Logo-couleurs-transparent.png\",\"contentUrl\":\"https:\\\/\\\/imredd.fr\\\/wp-content\\\/uploads\\\/2025\\\/07\\\/IMREDD-Logo-couleurs-transparent.png\",\"width\":959,\"height\":164,\"caption\":\"IMREDD - Institut M\u00e9diterran\u00e9en du Risque, de l'Environnement et du D\u00e9veloppement Durable\"},\"image\":{\"@id\":\"https:\\\/\\\/imredd.fr\\\/#\\\/schema\\\/logo\\\/image\\\/\"},\"sameAs\":[\"http:\\\/\\\/facebook.com\\\/imredd.uca\",\"http:\\\/\\\/linkedin.com\\\/showcase\\\/imredd\"]},{\"@type\":\"Person\",\"@id\":\"https:\\\/\\\/imredd.fr\\\/#\\\/schema\\\/person\\\/41e50290e799cf196e315345a93c68de\",\"name\":\"Antonio Barros\",\"image\":{\"@type\":\"ImageObject\",\"inLanguage\":\"en-GB\",\"@id\":\"https:\\\/\\\/secure.gravatar.com\\\/avatar\\\/f4be75a97d6a27aad47c779bf7bfef9978f4ce4cf5a3c6160d97f893788ce445?s=96&d=mm&r=g\",\"url\":\"https:\\\/\\\/secure.gravatar.com\\\/avatar\\\/f4be75a97d6a27aad47c779bf7bfef9978f4ce4cf5a3c6160d97f893788ce445?s=96&d=mm&r=g\",\"contentUrl\":\"https:\\\/\\\/secure.gravatar.com\\\/avatar\\\/f4be75a97d6a27aad47c779bf7bfef9978f4ce4cf5a3c6160d97f893788ce445?s=96&d=mm&r=g\",\"caption\":\"Antonio Barros\"},\"url\":\"https:\\\/\\\/imredd.fr\\\/en\\\/author\\\/imredd-com\\\/\"}]}<\/script>\n<!-- \/ Yoast SEO Premium plugin. -->","yoast_head_json":{"title":"IMREDD welcomes students from Thierry Maulnier high school - IMREDD - Universit\u00e9 C\u00f4te d'Azur","robots":{"index":"index","follow":"follow","max-snippet":"max-snippet:-1","max-image-preview":"max-image-preview:large","max-video-preview":"max-video-preview:-1"},"canonical":"https:\/\/imredd.fr\/en\/welcome-to-limred-students-of-thierry-maulnier-high-school\/","og_locale":"en_GB","og_type":"article","og_title":"L'IMREDD accueille des \u00e9l\u00e8ves du lyc\u00e9e Thierry Maulnier","og_description":"Ce mardi 24 mai, l'IMREDD a ouvert ses portes \u00e0 30 \u00e9l\u00e8ves du lyc\u00e9e Thierry Maulnier \u00e0 Nice. Toujours dans l'esprit d'une ouverture, d'\u00e9changes et d'enrichissement mutuel, l'institut a propos\u00e9 une visite compl\u00e8te de son b\u00e2timent innovant. Une sensibilisation autour de la d\u00e9pollution plastique et de l'innovation dans les id\u00e9es a \u00e9galement \u00e9t\u00e9 propos\u00e9e via le projet EarthWake.","og_url":"https:\/\/imredd.fr\/en\/welcome-to-limred-students-of-thierry-maulnier-high-school\/","og_site_name":"IMREDD - Universit\u00e9 C\u00f4te d&#039;Azur","article_publisher":"http:\/\/facebook.com\/imredd.uca","article_published_time":"2022-05-24T09:23:38+00:00","article_modified_time":"2026-01-12T17:34:51+00:00","og_image":[{"width":2560,"height":1920,"url":"https:\/\/imredd.fr\/wp-content\/uploads\/2022\/05\/IMG_3995-scaled-1.jpg","type":"image\/jpeg"}],"author":"Antonio Barros","twitter_card":"summary_large_image","twitter_misc":{"Written by":"Antonio Barros","Estimated reading time":"1 minute"},"schema":{"@context":"https:\/\/schema.org","@graph":[{"@type":"Article","@id":"https:\/\/imredd.fr\/en\/welcome-to-limred-students-of-thierry-maulnier-high-school\/#article","isPartOf":{"@id":"https:\/\/imredd.fr\/en\/welcome-to-limred-students-of-thierry-maulnier-high-school\/"},"author":{"name":"Antonio Barros","@id":"https:\/\/imredd.fr\/#\/schema\/person\/41e50290e799cf196e315345a93c68de"},"headline":"L&rsquo;IMREDD accueille des \u00e9l\u00e8ves du lyc\u00e9e Thierry Maulnier","datePublished":"2022-05-24T09:23:38+00:00","dateModified":"2026-01-12T17:34:51+00:00","mainEntityOfPage":{"@id":"https:\/\/imredd.fr\/en\/welcome-to-limred-students-of-thierry-maulnier-high-school\/"},"wordCount":134,"commentCount":0,"publisher":{"@id":"https:\/\/imredd.fr\/#organization"},"image":{"@id":"https:\/\/imredd.fr\/en\/welcome-to-limred-students-of-thierry-maulnier-high-school\/#primaryimage"},"thumbnailUrl":"https:\/\/imredd.fr\/wp-content\/uploads\/2022\/05\/IMG_3995-scaled-1.jpg","articleSection":["Projets et Recherche"],"inLanguage":"en-GB","potentialAction":[{"@type":"CommentAction","name":"Comment","target":["https:\/\/imredd.fr\/en\/welcome-to-limred-students-of-thierry-maulnier-high-school\/#respond"]}]},{"@type":"WebPage","@id":"https:\/\/imredd.fr\/en\/welcome-to-limred-students-of-thierry-maulnier-high-school\/","url":"https:\/\/imredd.fr\/en\/welcome-to-limred-students-of-thierry-maulnier-high-school\/","name":"IMREDD welcomes students from Thierry Maulnier high school - IMREDD - Universit\u00e9 C\u00f4te d'Azur","isPartOf":{"@id":"https:\/\/imredd.fr\/#website"},"primaryImageOfPage":{"@id":"https:\/\/imredd.fr\/en\/welcome-to-limred-students-of-thierry-maulnier-high-school\/#primaryimage"},"image":{"@id":"https:\/\/imredd.fr\/en\/welcome-to-limred-students-of-thierry-maulnier-high-school\/#primaryimage"},"thumbnailUrl":"https:\/\/imredd.fr\/wp-content\/uploads\/2022\/05\/IMG_3995-scaled-1.jpg","datePublished":"2022-05-24T09:23:38+00:00","dateModified":"2026-01-12T17:34:51+00:00","breadcrumb":{"@id":"https:\/\/imredd.fr\/en\/welcome-to-limred-students-of-thierry-maulnier-high-school\/#breadcrumb"},"inLanguage":"en-GB","potentialAction":[{"@type":"ReadAction","target":["https:\/\/imredd.fr\/en\/welcome-to-limred-students-of-thierry-maulnier-high-school\/"]}]},{"@type":"ImageObject","inLanguage":"en-GB","@id":"https:\/\/imredd.fr\/en\/welcome-to-limred-students-of-thierry-maulnier-high-school\/#primaryimage","url":"https:\/\/imredd.fr\/wp-content\/uploads\/2022\/05\/IMG_3995-scaled-1.jpg","contentUrl":"https:\/\/imredd.fr\/wp-content\/uploads\/2022\/05\/IMG_3995-scaled-1.jpg","width":2560,"height":1920},{"@type":"BreadcrumbList","@id":"https:\/\/imredd.fr\/en\/welcome-to-limred-students-of-thierry-maulnier-high-school\/#breadcrumb","itemListElement":[{"@type":"ListItem","position":1,"name":"Accueil","item":"https:\/\/imredd.fr\/"},{"@type":"ListItem","position":2,"name":"L&rsquo;IMREDD accueille des \u00e9l\u00e8ves du lyc\u00e9e Thierry Maulnier"}]},{"@type":"WebSite","@id":"https:\/\/imredd.fr\/#website","url":"https:\/\/imredd.fr\/","name":"IMREDD - C\u00f4te d'Azur University","description":"Mediterranean Institute for Risk, Environment and Sustainable Development","publisher":{"@id":"https:\/\/imredd.fr\/#organization"},"potentialAction":[{"@type":"SearchAction","target":{"@type":"EntryPoint","urlTemplate":"https:\/\/imredd.fr\/?s={search_term_string}"},"query-input":{"@type":"PropertyValueSpecification","valueRequired":true,"valueName":"search_term_string"}}],"inLanguage":"en-GB"},{"@type":"Organization","@id":"https:\/\/imredd.fr\/#organization","name":"IMREDD - Mediterranean Institute for Risk, Environment and Sustainable Development","url":"https:\/\/imredd.fr\/","logo":{"@type":"ImageObject","inLanguage":"en-GB","@id":"https:\/\/imredd.fr\/#\/schema\/logo\/image\/","url":"https:\/\/imredd.fr\/wp-content\/uploads\/2025\/07\/IMREDD-Logo-couleurs-transparent.png","contentUrl":"https:\/\/imredd.fr\/wp-content\/uploads\/2025\/07\/IMREDD-Logo-couleurs-transparent.png","width":959,"height":164,"caption":"IMREDD - Institut M\u00e9diterran\u00e9en du Risque, de l'Environnement et du D\u00e9veloppement Durable"},"image":{"@id":"https:\/\/imredd.fr\/#\/schema\/logo\/image\/"},"sameAs":["http:\/\/facebook.com\/imredd.uca","http:\/\/linkedin.com\/showcase\/imredd"]},{"@type":"Person","@id":"https:\/\/imredd.fr\/#\/schema\/person\/41e50290e799cf196e315345a93c68de","name":"Antonio Barros","image":{"@type":"ImageObject","inLanguage":"en-GB","@id":"https:\/\/secure.gravatar.com\/avatar\/f4be75a97d6a27aad47c779bf7bfef9978f4ce4cf5a3c6160d97f893788ce445?s=96&d=mm&r=g","url":"https:\/\/secure.gravatar.com\/avatar\/f4be75a97d6a27aad47c779bf7bfef9978f4ce4cf5a3c6160d97f893788ce445?s=96&d=mm&r=g","contentUrl":"https:\/\/secure.gravatar.com\/avatar\/f4be75a97d6a27aad47c779bf7bfef9978f4ce4cf5a3c6160d97f893788ce445?s=96&d=mm&r=g","caption":"Antonio Barros"},"url":"https:\/\/imredd.fr\/en\/author\/imredd-com\/"}]}},"_links":{"self":[{"href":"https:\/\/imredd.fr\/en\/wp-json\/wp\/v2\/posts\/21348","targetHints":{"allow":["GET"]}}],"collection":[{"href":"https:\/\/imredd.fr\/en\/wp-json\/wp\/v2\/posts"}],"about":[{"href":"https:\/\/imredd.fr\/en\/wp-json\/wp\/v2\/types\/post"}],"author":[{"embeddable":true,"href":"https:\/\/imredd.fr\/en\/wp-json\/wp\/v2\/users\/2"}],"replies":[{"embeddable":true,"href":"https:\/\/imredd.fr\/en\/wp-json\/wp\/v2\/comments?post=21348"}],"version-history":[{"count":0,"href":"https:\/\/imredd.fr\/en\/wp-json\/wp\/v2\/posts\/21348\/revisions"}],"wp:featuredmedia":[{"embeddable":true,"href":"https:\/\/imredd.fr\/en\/wp-json\/wp\/v2\/media\/21349"}],"wp:attachment":[{"href":"https:\/\/imredd.fr\/en\/wp-json\/wp\/v2\/media?parent=21348"}],"wp:term":[{"taxonomy":"category","embeddable":true,"href":"https:\/\/imredd.fr\/en\/wp-json\/wp\/v2\/categories?post=21348"},{"taxonomy":"post_tag","embeddable":true,"href":"https:\/\/imredd.fr\/en\/wp-json\/wp\/v2\/tags?post=21348"}],"curies":[{"name":"wp","href":"https:\/\/api.w.org\/{rel}","templated":true}]}}