{"id":21402,"date":"2022-06-09T10:26:11","date_gmt":"2022-06-09T08:26:11","guid":{"rendered":"https:\/\/imredd.fr\/?p=21402"},"modified":"2026-01-08T12:22:50","modified_gmt":"2026-01-08T11:22:50","slug":"limredd-hosts-residents-from-les-baous-care-home-for-a-discovery-of-3d-food-printing","status":"publish","type":"post","link":"https:\/\/imredd.fr\/en\/limredd-accueille-des-residents-du-foyer-les-baous-pour-une-decouverte-de-limpression-3d-alimentaire\/","title":{"rendered":"The IMREDD welcomes residents from the Foyer Les Baous to discover 3D food printing"},"content":{"rendered":"<p>As part of the project <a href=\"https:\/\/imredd.fr\/en\/project\/ca3dreme\/\">CA3DREME<\/a> (3D Food Supplements, Experimental Medico-Educational Research), two residents and four staff members from the Foyer d\u2019Accueil M\u00e9dicalis\u00e9 Les Baous in Vence visited IMREDD and its SCIC Technological Platform to discover food 3D printing.<\/p>\n<p>The project, which aims to study the acceptability of 3D-printed food supplements among dependent elderly people, those with severe disabilities in institutions, and patients with head and neck cancers, is now entering a new phase of data collection on users' and patients' perceptions (opinions, acceptance, disapproval) regarding this new technology.<\/p>\n<div id='gallery-1' class='gallery galleryid-21402 gallery-columns-3 gallery-size-thumbnail'><figure class='gallery-item'>\n\t\t\t<div class='gallery-icon landscape'>\n\t\t\t\t<a href='https:\/\/imredd.fr\/en\/340a5676\/'><img loading=\"lazy\" decoding=\"async\" width=\"150\" height=\"150\" src=\"https:\/\/imredd.fr\/wp-content\/uploads\/2022\/06\/340A5676-150x150.jpeg\" class=\"attachment-thumbnail size-thumbnail\" alt=\"\" \/><\/a>\n\t\t\t<\/div><\/figure><figure class='gallery-item'>\n\t\t\t<div class='gallery-icon landscape'>\n\t\t\t\t<a href='https:\/\/imredd.fr\/en\/340a5697\/'><img loading=\"lazy\" decoding=\"async\" width=\"150\" height=\"150\" src=\"https:\/\/imredd.fr\/wp-content\/uploads\/2022\/06\/340A5697-150x150.jpeg\" class=\"attachment-thumbnail size-thumbnail\" alt=\"\" \/><\/a>\n\t\t\t<\/div><\/figure><figure class='gallery-item'>\n\t\t\t<div class='gallery-icon landscape'>\n\t\t\t\t<a href='https:\/\/imredd.fr\/en\/340a5719\/'><img loading=\"lazy\" decoding=\"async\" width=\"150\" height=\"150\" src=\"https:\/\/imredd.fr\/wp-content\/uploads\/2022\/06\/340A5719-150x150.jpeg\" class=\"attachment-thumbnail size-thumbnail\" alt=\"\" \/><\/a>\n\t\t\t<\/div><\/figure><figure class='gallery-item'>\n\t\t\t<div class='gallery-icon landscape'>\n\t\t\t\t<a href='https:\/\/imredd.fr\/en\/340a5814\/'><img loading=\"lazy\" decoding=\"async\" width=\"150\" height=\"150\" src=\"https:\/\/imredd.fr\/wp-content\/uploads\/2022\/06\/340A5814-150x150.jpeg\" class=\"attachment-thumbnail size-thumbnail\" alt=\"\" \/><\/a>\n\t\t\t<\/div><\/figure><figure class='gallery-item'>\n\t\t\t<div class='gallery-icon landscape'>\n\t\t\t\t<a href='https:\/\/imredd.fr\/en\/340a5754\/'><img loading=\"lazy\" decoding=\"async\" width=\"150\" height=\"150\" src=\"https:\/\/imredd.fr\/wp-content\/uploads\/2022\/06\/340A5754-150x150.jpeg\" class=\"attachment-thumbnail size-thumbnail\" alt=\"\" \/><\/a>\n\t\t\t<\/div><\/figure><figure class='gallery-item'>\n\t\t\t<div class='gallery-icon landscape'>\n\t\t\t\t<a href='https:\/\/imredd.fr\/en\/340a5743\/'><img loading=\"lazy\" decoding=\"async\" width=\"150\" height=\"150\" src=\"https:\/\/imredd.fr\/wp-content\/uploads\/2022\/06\/340A5743-150x150.jpeg\" class=\"attachment-thumbnail size-thumbnail\" alt=\"\" \/><\/a>\n\t\t\t<\/div><\/figure><figure class='gallery-item'>\n\t\t\t<div class='gallery-icon landscape'>\n\t\t\t\t<a href='https:\/\/imredd.fr\/en\/340a5737\/'><img loading=\"lazy\" decoding=\"async\" width=\"150\" height=\"150\" src=\"https:\/\/imredd.fr\/wp-content\/uploads\/2022\/06\/340A5737-150x150.jpeg\" class=\"attachment-thumbnail size-thumbnail\" alt=\"\" \/><\/a>\n\t\t\t<\/div><\/figure><figure class='gallery-item'>\n\t\t\t<div class='gallery-icon landscape'>\n\t\t\t\t<a href='https:\/\/imredd.fr\/en\/340a5793\/'><img loading=\"lazy\" decoding=\"async\" width=\"150\" height=\"150\" src=\"https:\/\/imredd.fr\/wp-content\/uploads\/2022\/06\/340A5793-150x150.jpeg\" class=\"attachment-thumbnail size-thumbnail\" alt=\"\" \/><\/a>\n\t\t\t<\/div><\/figure><figure class='gallery-item'>\n\t\t\t<div class='gallery-icon landscape'>\n\t\t\t\t<a href='https:\/\/imredd.fr\/en\/340a5771\/'><img loading=\"lazy\" decoding=\"async\" width=\"150\" height=\"150\" src=\"https:\/\/imredd.fr\/wp-content\/uploads\/2022\/06\/340A5771-150x150.jpeg\" class=\"attachment-thumbnail size-thumbnail\" alt=\"\" \/><\/a>\n\t\t\t<\/div><\/figure><figure class='gallery-item'>\n\t\t\t<div class='gallery-icon landscape'>\n\t\t\t\t<a href='https:\/\/imredd.fr\/en\/340a5768\/'><img loading=\"lazy\" decoding=\"async\" width=\"150\" height=\"150\" src=\"https:\/\/imredd.fr\/wp-content\/uploads\/2022\/06\/340A5768-150x150.jpeg\" class=\"attachment-thumbnail size-thumbnail\" alt=\"\" \/><\/a>\n\t\t\t<\/div><\/figure><figure class='gallery-item'>\n\t\t\t<div class='gallery-icon landscape'>\n\t\t\t\t<a href='https:\/\/imredd.fr\/en\/340a5763\/'><img loading=\"lazy\" decoding=\"async\" width=\"150\" height=\"150\" src=\"https:\/\/imredd.fr\/wp-content\/uploads\/2022\/06\/340A5763-150x150.jpeg\" class=\"attachment-thumbnail size-thumbnail\" alt=\"\" \/><\/a>\n\t\t\t<\/div><\/figure><figure class='gallery-item'>\n\t\t\t<div class='gallery-icon landscape'>\n\t\t\t\t<a href='https:\/\/imredd.fr\/en\/340a5733\/'><img loading=\"lazy\" decoding=\"async\" width=\"150\" height=\"150\" src=\"https:\/\/imredd.fr\/wp-content\/uploads\/2022\/06\/340A5733-150x150.jpeg\" class=\"attachment-thumbnail size-thumbnail\" alt=\"\" \/><\/a>\n\t\t\t<\/div><\/figure><figure class='gallery-item'>\n\t\t\t<div class='gallery-icon landscape'>\n\t\t\t\t<a href='https:\/\/imredd.fr\/en\/340a5723\/'><img loading=\"lazy\" decoding=\"async\" width=\"150\" height=\"150\" src=\"https:\/\/imredd.fr\/wp-content\/uploads\/2022\/06\/340A5723-150x150.jpeg\" class=\"attachment-thumbnail size-thumbnail\" alt=\"\" \/><\/a>\n\t\t\t<\/div><\/figure><figure class='gallery-item'>\n\t\t\t<div class='gallery-icon landscape'>\n\t\t\t\t<a href='https:\/\/imredd.fr\/en\/340a5822\/'><img loading=\"lazy\" decoding=\"async\" width=\"150\" height=\"150\" src=\"https:\/\/imredd.fr\/wp-content\/uploads\/2022\/06\/340A5822-150x150.jpeg\" class=\"attachment-thumbnail size-thumbnail\" alt=\"\" \/><\/a>\n\t\t\t<\/div><\/figure>\n\t\t<\/div>\n\n<p><!--themify_builder_static--><!--\/themify_builder_static--><\/p>","protected":false},"excerpt":{"rendered":"<p>As part of the CA3DREME (Compl\u00e9ments Alimentaires en 3D, Recherche Exp\u00e9rimentale M\u00e9dico-\u00c9ducative) project, two residents and four members of staff from the Foyer d'Accueil M\u00e9dicalis\u00e9 Les Baous in Vence visited the IMREDD and its SCIC Technology Platform to find out about 3D food printing.<\/p>","protected":false},"author":2,"featured_media":21403,"comment_status":"open","ping_status":"open","sticky":false,"template":"","format":"standard","meta":{"footnotes":""},"categories":[153],"tags":[292],"class_list":["post-21402","post","type-post","status-publish","format-standard","has-post-thumbnail","hentry","category-plateforme-technologique","tag-ca3dreme","has-post-title","has-post-date","has-post-category","has-post-tag","has-post-comment","has-post-author",""],"yoast_head":"<!-- This site is optimized with the Yoast SEO Premium plugin v27.4 (Yoast SEO v27.4) - https:\/\/yoast.com\/product\/yoast-seo-premium-wordpress\/ -->\n<title>L&#039;IMREDD accueille des r\u00e9sidents du Foyer Les Baous pour une d\u00e9couverte de l&#039;impression 3D alimentaire - IMREDD - Universit\u00e9 C\u00f4te d&#039;Azur<\/title>\n<meta name=\"robots\" content=\"index, follow, max-snippet:-1, max-image-preview:large, max-video-preview:-1\" \/>\n<link rel=\"canonical\" href=\"https:\/\/imredd.fr\/en\/limredd-hosts-residents-from-les-baous-care-home-for-a-discovery-of-3d-food-printing\/\" \/>\n<meta property=\"og:locale\" content=\"en_GB\" \/>\n<meta property=\"og:type\" content=\"article\" \/>\n<meta property=\"og:title\" content=\"L&#039;IMREDD accueille des r\u00e9sidents du Foyer Les Baous pour une d\u00e9couverte de l&#039;impression 3D alimentaire\" \/>\n<meta property=\"og:description\" content=\"Dans le cadre du projet CA3DREME (Compl\u00e9ments Alimentaires en 3D, Recherche Exp\u00e9rimentale M\u00e9dico-\u00c9ducative), deux r\u00e9sidents et quatre membres du personnel du Foyer d&#039;Accueil M\u00e9dicalis\u00e9 Les Baous de Vence ont visit\u00e9 l&#039;IMREDD et sa Platefome Technologique SCIC pour d\u00e9couvrir l&#039;impression 3D alimentaire.\" \/>\n<meta property=\"og:url\" content=\"https:\/\/imredd.fr\/en\/limredd-hosts-residents-from-les-baous-care-home-for-a-discovery-of-3d-food-printing\/\" \/>\n<meta property=\"og:site_name\" content=\"IMREDD - Universit\u00e9 C\u00f4te d&#039;Azur\" \/>\n<meta property=\"article:publisher\" content=\"http:\/\/facebook.com\/imredd.uca\" \/>\n<meta property=\"article:published_time\" content=\"2022-06-09T08:26:11+00:00\" \/>\n<meta property=\"article:modified_time\" content=\"2026-01-08T11:22:50+00:00\" \/>\n<meta property=\"og:image\" content=\"https:\/\/imredd.fr\/wp-content\/uploads\/2022\/06\/22_06_08_CA3DREME.jpeg\" \/>\n\t<meta property=\"og:image:width\" content=\"1920\" \/>\n\t<meta property=\"og:image:height\" content=\"1080\" \/>\n\t<meta property=\"og:image:type\" content=\"image\/jpeg\" \/>\n<meta name=\"author\" content=\"Antonio Barros\" \/>\n<meta name=\"twitter:card\" content=\"summary_large_image\" \/>\n<meta name=\"twitter:label1\" content=\"Written by\" \/>\n\t<meta name=\"twitter:data1\" content=\"Antonio Barros\" \/>\n\t<meta name=\"twitter:label2\" content=\"Estimated reading time\" \/>\n\t<meta name=\"twitter:data2\" content=\"1 minute\" \/>\n<script type=\"application\/ld+json\" class=\"yoast-schema-graph\">{\"@context\":\"https:\\\/\\\/schema.org\",\"@graph\":[{\"@type\":\"Article\",\"@id\":\"https:\\\/\\\/imredd.fr\\\/en\\\/limredd-hosts-residents-from-les-baous-care-home-for-a-discovery-of-3d-food-printing\\\/#article\",\"isPartOf\":{\"@id\":\"https:\\\/\\\/imredd.fr\\\/en\\\/limredd-hosts-residents-from-les-baous-care-home-for-a-discovery-of-3d-food-printing\\\/\"},\"author\":{\"name\":\"Antonio Barros\",\"@id\":\"https:\\\/\\\/imredd.fr\\\/#\\\/schema\\\/person\\\/41e50290e799cf196e315345a93c68de\"},\"headline\":\"L&rsquo;IMREDD accueille des r\u00e9sidents du Foyer Les Baous pour une d\u00e9couverte de l&rsquo;impression 3D alimentaire\",\"datePublished\":\"2022-06-09T08:26:11+00:00\",\"dateModified\":\"2026-01-08T11:22:50+00:00\",\"mainEntityOfPage\":{\"@id\":\"https:\\\/\\\/imredd.fr\\\/en\\\/limredd-hosts-residents-from-les-baous-care-home-for-a-discovery-of-3d-food-printing\\\/\"},\"wordCount\":145,\"commentCount\":0,\"publisher\":{\"@id\":\"https:\\\/\\\/imredd.fr\\\/#organization\"},\"image\":{\"@id\":\"https:\\\/\\\/imredd.fr\\\/en\\\/limredd-hosts-residents-from-les-baous-care-home-for-a-discovery-of-3d-food-printing\\\/#primaryimage\"},\"thumbnailUrl\":\"https:\\\/\\\/imredd.fr\\\/wp-content\\\/uploads\\\/2022\\\/06\\\/22_06_08_CA3DREME.jpeg\",\"keywords\":[\"ca3dreme\"],\"articleSection\":[\"Plateforme Technologique\"],\"inLanguage\":\"en-GB\",\"potentialAction\":[{\"@type\":\"CommentAction\",\"name\":\"Comment\",\"target\":[\"https:\\\/\\\/imredd.fr\\\/en\\\/limredd-hosts-residents-from-les-baous-care-home-for-a-discovery-of-3d-food-printing\\\/#respond\"]}]},{\"@type\":\"WebPage\",\"@id\":\"https:\\\/\\\/imredd.fr\\\/en\\\/limredd-hosts-residents-from-les-baous-care-home-for-a-discovery-of-3d-food-printing\\\/\",\"url\":\"https:\\\/\\\/imredd.fr\\\/en\\\/limredd-hosts-residents-from-les-baous-care-home-for-a-discovery-of-3d-food-printing\\\/\",\"name\":\"L'IMREDD accueille des r\u00e9sidents du Foyer Les Baous pour une d\u00e9couverte de l'impression 3D alimentaire - IMREDD - Universit\u00e9 C\u00f4te d&#039;Azur\",\"isPartOf\":{\"@id\":\"https:\\\/\\\/imredd.fr\\\/#website\"},\"primaryImageOfPage\":{\"@id\":\"https:\\\/\\\/imredd.fr\\\/en\\\/limredd-hosts-residents-from-les-baous-care-home-for-a-discovery-of-3d-food-printing\\\/#primaryimage\"},\"image\":{\"@id\":\"https:\\\/\\\/imredd.fr\\\/en\\\/limredd-hosts-residents-from-les-baous-care-home-for-a-discovery-of-3d-food-printing\\\/#primaryimage\"},\"thumbnailUrl\":\"https:\\\/\\\/imredd.fr\\\/wp-content\\\/uploads\\\/2022\\\/06\\\/22_06_08_CA3DREME.jpeg\",\"datePublished\":\"2022-06-09T08:26:11+00:00\",\"dateModified\":\"2026-01-08T11:22:50+00:00\",\"breadcrumb\":{\"@id\":\"https:\\\/\\\/imredd.fr\\\/en\\\/limredd-hosts-residents-from-les-baous-care-home-for-a-discovery-of-3d-food-printing\\\/#breadcrumb\"},\"inLanguage\":\"en-GB\",\"potentialAction\":[{\"@type\":\"ReadAction\",\"target\":[\"https:\\\/\\\/imredd.fr\\\/en\\\/limredd-hosts-residents-from-les-baous-care-home-for-a-discovery-of-3d-food-printing\\\/\"]}]},{\"@type\":\"ImageObject\",\"inLanguage\":\"en-GB\",\"@id\":\"https:\\\/\\\/imredd.fr\\\/en\\\/limredd-hosts-residents-from-les-baous-care-home-for-a-discovery-of-3d-food-printing\\\/#primaryimage\",\"url\":\"https:\\\/\\\/imredd.fr\\\/wp-content\\\/uploads\\\/2022\\\/06\\\/22_06_08_CA3DREME.jpeg\",\"contentUrl\":\"https:\\\/\\\/imredd.fr\\\/wp-content\\\/uploads\\\/2022\\\/06\\\/22_06_08_CA3DREME.jpeg\",\"width\":1920,\"height\":1080},{\"@type\":\"BreadcrumbList\",\"@id\":\"https:\\\/\\\/imredd.fr\\\/en\\\/limredd-hosts-residents-from-les-baous-care-home-for-a-discovery-of-3d-food-printing\\\/#breadcrumb\",\"itemListElement\":[{\"@type\":\"ListItem\",\"position\":1,\"name\":\"Accueil\",\"item\":\"https:\\\/\\\/imredd.fr\\\/\"},{\"@type\":\"ListItem\",\"position\":2,\"name\":\"L&rsquo;IMREDD accueille des r\u00e9sidents du Foyer Les Baous pour une d\u00e9couverte de l&rsquo;impression 3D alimentaire\"}]},{\"@type\":\"WebSite\",\"@id\":\"https:\\\/\\\/imredd.fr\\\/#website\",\"url\":\"https:\\\/\\\/imredd.fr\\\/\",\"name\":\"IMREDD - Universit\u00e9 C\u00f4te d'Azur\",\"description\":\"Institut M\u00e9diterran\u00e9en du Risque, de l&#039;Environnement et du D\u00e9veloppement Durable\",\"publisher\":{\"@id\":\"https:\\\/\\\/imredd.fr\\\/#organization\"},\"potentialAction\":[{\"@type\":\"SearchAction\",\"target\":{\"@type\":\"EntryPoint\",\"urlTemplate\":\"https:\\\/\\\/imredd.fr\\\/?s={search_term_string}\"},\"query-input\":{\"@type\":\"PropertyValueSpecification\",\"valueRequired\":true,\"valueName\":\"search_term_string\"}}],\"inLanguage\":\"en-GB\"},{\"@type\":\"Organization\",\"@id\":\"https:\\\/\\\/imredd.fr\\\/#organization\",\"name\":\"IMREDD - Institut M\u00e9diterran\u00e9en du Risque, de l'Environnement et du D\u00e9veloppement Durable\",\"url\":\"https:\\\/\\\/imredd.fr\\\/\",\"logo\":{\"@type\":\"ImageObject\",\"inLanguage\":\"en-GB\",\"@id\":\"https:\\\/\\\/imredd.fr\\\/#\\\/schema\\\/logo\\\/image\\\/\",\"url\":\"https:\\\/\\\/imredd.fr\\\/wp-content\\\/uploads\\\/2025\\\/07\\\/IMREDD-Logo-couleurs-transparent.png\",\"contentUrl\":\"https:\\\/\\\/imredd.fr\\\/wp-content\\\/uploads\\\/2025\\\/07\\\/IMREDD-Logo-couleurs-transparent.png\",\"width\":959,\"height\":164,\"caption\":\"IMREDD - Institut M\u00e9diterran\u00e9en du Risque, de l'Environnement et du D\u00e9veloppement Durable\"},\"image\":{\"@id\":\"https:\\\/\\\/imredd.fr\\\/#\\\/schema\\\/logo\\\/image\\\/\"},\"sameAs\":[\"http:\\\/\\\/facebook.com\\\/imredd.uca\",\"http:\\\/\\\/linkedin.com\\\/showcase\\\/imredd\"]},{\"@type\":\"Person\",\"@id\":\"https:\\\/\\\/imredd.fr\\\/#\\\/schema\\\/person\\\/41e50290e799cf196e315345a93c68de\",\"name\":\"Antonio Barros\",\"image\":{\"@type\":\"ImageObject\",\"inLanguage\":\"en-GB\",\"@id\":\"https:\\\/\\\/secure.gravatar.com\\\/avatar\\\/f4be75a97d6a27aad47c779bf7bfef9978f4ce4cf5a3c6160d97f893788ce445?s=96&d=mm&r=g\",\"url\":\"https:\\\/\\\/secure.gravatar.com\\\/avatar\\\/f4be75a97d6a27aad47c779bf7bfef9978f4ce4cf5a3c6160d97f893788ce445?s=96&d=mm&r=g\",\"contentUrl\":\"https:\\\/\\\/secure.gravatar.com\\\/avatar\\\/f4be75a97d6a27aad47c779bf7bfef9978f4ce4cf5a3c6160d97f893788ce445?s=96&d=mm&r=g\",\"caption\":\"Antonio Barros\"},\"url\":\"https:\\\/\\\/imredd.fr\\\/en\\\/author\\\/imredd-com\\\/\"}]}<\/script>\n<!-- \/ Yoast SEO Premium plugin. -->","yoast_head_json":{"title":"IMREDD welcomes residents from Foyer Les Baous for a discovery of 3D food printing - IMREDD - Universit\u00e9 C\u00f4te d'Azur","robots":{"index":"index","follow":"follow","max-snippet":"max-snippet:-1","max-image-preview":"max-image-preview:large","max-video-preview":"max-video-preview:-1"},"canonical":"https:\/\/imredd.fr\/en\/limredd-hosts-residents-from-les-baous-care-home-for-a-discovery-of-3d-food-printing\/","og_locale":"en_GB","og_type":"article","og_title":"L'IMREDD accueille des r\u00e9sidents du Foyer Les Baous pour une d\u00e9couverte de l'impression 3D alimentaire","og_description":"Dans le cadre du projet CA3DREME (Compl\u00e9ments Alimentaires en 3D, Recherche Exp\u00e9rimentale M\u00e9dico-\u00c9ducative), deux r\u00e9sidents et quatre membres du personnel du Foyer d'Accueil M\u00e9dicalis\u00e9 Les Baous de Vence ont visit\u00e9 l'IMREDD et sa Platefome Technologique SCIC pour d\u00e9couvrir l'impression 3D alimentaire.","og_url":"https:\/\/imredd.fr\/en\/limredd-hosts-residents-from-les-baous-care-home-for-a-discovery-of-3d-food-printing\/","og_site_name":"IMREDD - Universit\u00e9 C\u00f4te d&#039;Azur","article_publisher":"http:\/\/facebook.com\/imredd.uca","article_published_time":"2022-06-09T08:26:11+00:00","article_modified_time":"2026-01-08T11:22:50+00:00","og_image":[{"width":1920,"height":1080,"url":"https:\/\/imredd.fr\/wp-content\/uploads\/2022\/06\/22_06_08_CA3DREME.jpeg","type":"image\/jpeg"}],"author":"Antonio Barros","twitter_card":"summary_large_image","twitter_misc":{"Written by":"Antonio Barros","Estimated reading time":"1 minute"},"schema":{"@context":"https:\/\/schema.org","@graph":[{"@type":"Article","@id":"https:\/\/imredd.fr\/en\/limredd-hosts-residents-from-les-baous-care-home-for-a-discovery-of-3d-food-printing\/#article","isPartOf":{"@id":"https:\/\/imredd.fr\/en\/limredd-hosts-residents-from-les-baous-care-home-for-a-discovery-of-3d-food-printing\/"},"author":{"name":"Antonio Barros","@id":"https:\/\/imredd.fr\/#\/schema\/person\/41e50290e799cf196e315345a93c68de"},"headline":"L&rsquo;IMREDD accueille des r\u00e9sidents du Foyer Les Baous pour une d\u00e9couverte de l&rsquo;impression 3D alimentaire","datePublished":"2022-06-09T08:26:11+00:00","dateModified":"2026-01-08T11:22:50+00:00","mainEntityOfPage":{"@id":"https:\/\/imredd.fr\/en\/limredd-hosts-residents-from-les-baous-care-home-for-a-discovery-of-3d-food-printing\/"},"wordCount":145,"commentCount":0,"publisher":{"@id":"https:\/\/imredd.fr\/#organization"},"image":{"@id":"https:\/\/imredd.fr\/en\/limredd-hosts-residents-from-les-baous-care-home-for-a-discovery-of-3d-food-printing\/#primaryimage"},"thumbnailUrl":"https:\/\/imredd.fr\/wp-content\/uploads\/2022\/06\/22_06_08_CA3DREME.jpeg","keywords":["ca3dreme"],"articleSection":["Plateforme Technologique"],"inLanguage":"en-GB","potentialAction":[{"@type":"CommentAction","name":"Comment","target":["https:\/\/imredd.fr\/en\/limredd-hosts-residents-from-les-baous-care-home-for-a-discovery-of-3d-food-printing\/#respond"]}]},{"@type":"WebPage","@id":"https:\/\/imredd.fr\/en\/limredd-hosts-residents-from-les-baous-care-home-for-a-discovery-of-3d-food-printing\/","url":"https:\/\/imredd.fr\/en\/limredd-hosts-residents-from-les-baous-care-home-for-a-discovery-of-3d-food-printing\/","name":"IMREDD welcomes residents from Foyer Les Baous for a discovery of 3D food printing - IMREDD - Universit\u00e9 C\u00f4te d'Azur","isPartOf":{"@id":"https:\/\/imredd.fr\/#website"},"primaryImageOfPage":{"@id":"https:\/\/imredd.fr\/en\/limredd-hosts-residents-from-les-baous-care-home-for-a-discovery-of-3d-food-printing\/#primaryimage"},"image":{"@id":"https:\/\/imredd.fr\/en\/limredd-hosts-residents-from-les-baous-care-home-for-a-discovery-of-3d-food-printing\/#primaryimage"},"thumbnailUrl":"https:\/\/imredd.fr\/wp-content\/uploads\/2022\/06\/22_06_08_CA3DREME.jpeg","datePublished":"2022-06-09T08:26:11+00:00","dateModified":"2026-01-08T11:22:50+00:00","breadcrumb":{"@id":"https:\/\/imredd.fr\/en\/limredd-hosts-residents-from-les-baous-care-home-for-a-discovery-of-3d-food-printing\/#breadcrumb"},"inLanguage":"en-GB","potentialAction":[{"@type":"ReadAction","target":["https:\/\/imredd.fr\/en\/limredd-hosts-residents-from-les-baous-care-home-for-a-discovery-of-3d-food-printing\/"]}]},{"@type":"ImageObject","inLanguage":"en-GB","@id":"https:\/\/imredd.fr\/en\/limredd-hosts-residents-from-les-baous-care-home-for-a-discovery-of-3d-food-printing\/#primaryimage","url":"https:\/\/imredd.fr\/wp-content\/uploads\/2022\/06\/22_06_08_CA3DREME.jpeg","contentUrl":"https:\/\/imredd.fr\/wp-content\/uploads\/2022\/06\/22_06_08_CA3DREME.jpeg","width":1920,"height":1080},{"@type":"BreadcrumbList","@id":"https:\/\/imredd.fr\/en\/limredd-hosts-residents-from-les-baous-care-home-for-a-discovery-of-3d-food-printing\/#breadcrumb","itemListElement":[{"@type":"ListItem","position":1,"name":"Accueil","item":"https:\/\/imredd.fr\/"},{"@type":"ListItem","position":2,"name":"L&rsquo;IMREDD accueille des r\u00e9sidents du Foyer Les Baous pour une d\u00e9couverte de l&rsquo;impression 3D alimentaire"}]},{"@type":"WebSite","@id":"https:\/\/imredd.fr\/#website","url":"https:\/\/imredd.fr\/","name":"IMREDD - C\u00f4te d'Azur University","description":"Mediterranean Institute for Risk, Environment and Sustainable Development","publisher":{"@id":"https:\/\/imredd.fr\/#organization"},"potentialAction":[{"@type":"SearchAction","target":{"@type":"EntryPoint","urlTemplate":"https:\/\/imredd.fr\/?s={search_term_string}"},"query-input":{"@type":"PropertyValueSpecification","valueRequired":true,"valueName":"search_term_string"}}],"inLanguage":"en-GB"},{"@type":"Organization","@id":"https:\/\/imredd.fr\/#organization","name":"IMREDD - Mediterranean Institute for Risk, Environment and Sustainable Development","url":"https:\/\/imredd.fr\/","logo":{"@type":"ImageObject","inLanguage":"en-GB","@id":"https:\/\/imredd.fr\/#\/schema\/logo\/image\/","url":"https:\/\/imredd.fr\/wp-content\/uploads\/2025\/07\/IMREDD-Logo-couleurs-transparent.png","contentUrl":"https:\/\/imredd.fr\/wp-content\/uploads\/2025\/07\/IMREDD-Logo-couleurs-transparent.png","width":959,"height":164,"caption":"IMREDD - Institut M\u00e9diterran\u00e9en du Risque, de l'Environnement et du D\u00e9veloppement Durable"},"image":{"@id":"https:\/\/imredd.fr\/#\/schema\/logo\/image\/"},"sameAs":["http:\/\/facebook.com\/imredd.uca","http:\/\/linkedin.com\/showcase\/imredd"]},{"@type":"Person","@id":"https:\/\/imredd.fr\/#\/schema\/person\/41e50290e799cf196e315345a93c68de","name":"Antonio Barros","image":{"@type":"ImageObject","inLanguage":"en-GB","@id":"https:\/\/secure.gravatar.com\/avatar\/f4be75a97d6a27aad47c779bf7bfef9978f4ce4cf5a3c6160d97f893788ce445?s=96&d=mm&r=g","url":"https:\/\/secure.gravatar.com\/avatar\/f4be75a97d6a27aad47c779bf7bfef9978f4ce4cf5a3c6160d97f893788ce445?s=96&d=mm&r=g","contentUrl":"https:\/\/secure.gravatar.com\/avatar\/f4be75a97d6a27aad47c779bf7bfef9978f4ce4cf5a3c6160d97f893788ce445?s=96&d=mm&r=g","caption":"Antonio Barros"},"url":"https:\/\/imredd.fr\/en\/author\/imredd-com\/"}]}},"_links":{"self":[{"href":"https:\/\/imredd.fr\/en\/wp-json\/wp\/v2\/posts\/21402","targetHints":{"allow":["GET"]}}],"collection":[{"href":"https:\/\/imredd.fr\/en\/wp-json\/wp\/v2\/posts"}],"about":[{"href":"https:\/\/imredd.fr\/en\/wp-json\/wp\/v2\/types\/post"}],"author":[{"embeddable":true,"href":"https:\/\/imredd.fr\/en\/wp-json\/wp\/v2\/users\/2"}],"replies":[{"embeddable":true,"href":"https:\/\/imredd.fr\/en\/wp-json\/wp\/v2\/comments?post=21402"}],"version-history":[{"count":0,"href":"https:\/\/imredd.fr\/en\/wp-json\/wp\/v2\/posts\/21402\/revisions"}],"wp:featuredmedia":[{"embeddable":true,"href":"https:\/\/imredd.fr\/en\/wp-json\/wp\/v2\/media\/21403"}],"wp:attachment":[{"href":"https:\/\/imredd.fr\/en\/wp-json\/wp\/v2\/media?parent=21402"}],"wp:term":[{"taxonomy":"category","embeddable":true,"href":"https:\/\/imredd.fr\/en\/wp-json\/wp\/v2\/categories?post=21402"},{"taxonomy":"post_tag","embeddable":true,"href":"https:\/\/imredd.fr\/en\/wp-json\/wp\/v2\/tags?post=21402"}],"curies":[{"name":"wp","href":"https:\/\/api.w.org\/{rel}","templated":true}]}}