{"id":21509,"date":"2022-06-28T17:21:27","date_gmt":"2022-06-28T15:21:27","guid":{"rendered":"https:\/\/imredd.fr\/?p=21509"},"modified":"2026-01-08T12:22:51","modified_gmt":"2026-01-08T11:22:51","slug":"review-of-the-event-cap-vers-lindustrie-du-futur-et-linnovation","status":"publish","type":"post","link":"https:\/\/imredd.fr\/en\/retour-sur-evenement-cap-vers-lindustrie-du-futur-et-linnovation\/","title":{"rendered":"[Retour sur \u00e9v\u00e8nement] Cap vers l&rsquo;industrie du futur et l&rsquo;innovation"},"content":{"rendered":"<p>On Monday 27 June, IMREDD hosted the event <em><strong>Heading towards the industry of the future and innovation<\/strong><\/em>\u00a0organised by the CCI Nice C\u00f4te d\u2019Azur, bringing together numerous industrial partners from the region.<!--more--><\/p>\n<p>The \u00abIndustry of the Future\u00bb concept is the ability of a company to integrate all the constraints and opportunities of its ecosystem, by addressing them through the integration of new technologies, new processes or new products. Within this framework, two projects were presented: the programme <em><strong>South Industry 4.0 Pathway<\/strong><\/em>, run by the Sud PACA Region and the project <em><strong>PRACCIIS - Regional Platform for Accelerating the Integration of Industry of the Future in the South,<\/strong><\/em>\u00a0borne by Team Henri-Fabre.<\/p>\n<p>As part of the PRACCIIS project, IMREDD provides companies, via its Smart City Innovation Center technological platform, with equipment and expertise for carrying out trials and tests. This is why the morning concluded with a visit to the IMREDD technological platform and the resources made available to our partners.<\/p>\n<p>&nbsp;<\/p>\n<p><!--themify_builder_static--><!--\/themify_builder_static--><\/p>","protected":false},"excerpt":{"rendered":"<p>On Monday 27 June, IMREDD hosted the event \"Cap vers l'industrie du futur et l'innovation\" organised by the CCI Nice C\u00f4te d'Azur, bringing together many industrial partners from the region.<\/p>","protected":false},"author":2,"featured_media":21510,"comment_status":"open","ping_status":"open","sticky":false,"template":"","format":"standard","meta":{"footnotes":""},"categories":[153],"tags":[],"class_list":["post-21509","post","type-post","status-publish","format-standard","has-post-thumbnail","hentry","category-plateforme-technologique","has-post-title","has-post-date","has-post-category","has-post-tag","has-post-comment","has-post-author",""],"yoast_head":"<!-- This site is optimized with the Yoast SEO Premium plugin v27.4 (Yoast SEO v27.4) - https:\/\/yoast.com\/product\/yoast-seo-premium-wordpress\/ -->\n<title>[Retour sur \u00e9v\u00e8nement] Cap vers l&#039;industrie du futur et l&#039;innovation - IMREDD - Universit\u00e9 C\u00f4te d&#039;Azur<\/title>\n<meta name=\"robots\" content=\"index, follow, max-snippet:-1, max-image-preview:large, max-video-preview:-1\" \/>\n<link rel=\"canonical\" href=\"https:\/\/imredd.fr\/en\/review-of-the-event-cap-vers-lindustrie-du-futur-et-linnovation\/\" \/>\n<meta property=\"og:locale\" content=\"en_GB\" \/>\n<meta property=\"og:type\" content=\"article\" \/>\n<meta property=\"og:title\" content=\"[Retour sur \u00e9v\u00e8nement] Cap vers l&#039;industrie du futur et l&#039;innovation\" \/>\n<meta property=\"og:description\" content=\"Le lundi 27 juin l&#039;IMREDD a accueilli l&#039;\u00e9v\u00e8nement Cap vers l&#039;industrie du futur et l&#039;innovation organis\u00e9e par la CCI Nice C\u00f4te d&#039;Azur, r\u00e9unissant de nombreux partenaires industriels de la r\u00e9gion.\" \/>\n<meta property=\"og:url\" content=\"https:\/\/imredd.fr\/en\/review-of-the-event-cap-vers-lindustrie-du-futur-et-linnovation\/\" \/>\n<meta property=\"og:site_name\" content=\"IMREDD - Universit\u00e9 C\u00f4te d&#039;Azur\" \/>\n<meta property=\"article:publisher\" content=\"http:\/\/facebook.com\/imredd.uca\" \/>\n<meta property=\"article:published_time\" content=\"2022-06-28T15:21:27+00:00\" \/>\n<meta property=\"article:modified_time\" content=\"2026-01-08T11:22:51+00:00\" \/>\n<meta name=\"author\" content=\"Antonio Barros\" \/>\n<meta name=\"twitter:card\" content=\"summary_large_image\" \/>\n<meta name=\"twitter:image\" content=\"https:\/\/imredd.fr\/wp-content\/uploads\/2022\/06\/IMG_4504.png\" \/>\n<meta name=\"twitter:label1\" content=\"Written by\" \/>\n\t<meta name=\"twitter:data1\" content=\"Antonio Barros\" \/>\n\t<meta name=\"twitter:label2\" content=\"Estimated reading time\" \/>\n\t<meta name=\"twitter:data2\" content=\"1 minute\" \/>\n<script type=\"application\/ld+json\" class=\"yoast-schema-graph\">{\"@context\":\"https:\\\/\\\/schema.org\",\"@graph\":[{\"@type\":\"Article\",\"@id\":\"https:\\\/\\\/imredd.fr\\\/en\\\/review-of-the-event-cap-vers-lindustrie-du-futur-et-linnovation\\\/#article\",\"isPartOf\":{\"@id\":\"https:\\\/\\\/imredd.fr\\\/en\\\/review-of-the-event-cap-vers-lindustrie-du-futur-et-linnovation\\\/\"},\"author\":{\"name\":\"Antonio Barros\",\"@id\":\"https:\\\/\\\/imredd.fr\\\/#\\\/schema\\\/person\\\/41e50290e799cf196e315345a93c68de\"},\"headline\":\"[Retour sur \u00e9v\u00e8nement] Cap vers l&rsquo;industrie du futur et l&rsquo;innovation\",\"datePublished\":\"2022-06-28T15:21:27+00:00\",\"dateModified\":\"2026-01-08T11:22:51+00:00\",\"mainEntityOfPage\":{\"@id\":\"https:\\\/\\\/imredd.fr\\\/en\\\/review-of-the-event-cap-vers-lindustrie-du-futur-et-linnovation\\\/\"},\"wordCount\":203,\"commentCount\":0,\"publisher\":{\"@id\":\"https:\\\/\\\/imredd.fr\\\/#organization\"},\"image\":{\"@id\":\"https:\\\/\\\/imredd.fr\\\/en\\\/review-of-the-event-cap-vers-lindustrie-du-futur-et-linnovation\\\/#primaryimage\"},\"thumbnailUrl\":\"https:\\\/\\\/imredd.fr\\\/wp-content\\\/uploads\\\/2022\\\/06\\\/IMG_4504.png\",\"articleSection\":[\"Plateforme Technologique\"],\"inLanguage\":\"en-GB\",\"potentialAction\":[{\"@type\":\"CommentAction\",\"name\":\"Comment\",\"target\":[\"https:\\\/\\\/imredd.fr\\\/en\\\/review-of-the-event-cap-vers-lindustrie-du-futur-et-linnovation\\\/#respond\"]}]},{\"@type\":\"WebPage\",\"@id\":\"https:\\\/\\\/imredd.fr\\\/en\\\/review-of-the-event-cap-vers-lindustrie-du-futur-et-linnovation\\\/\",\"url\":\"https:\\\/\\\/imredd.fr\\\/en\\\/review-of-the-event-cap-vers-lindustrie-du-futur-et-linnovation\\\/\",\"name\":\"[Retour sur \u00e9v\u00e8nement] Cap vers l'industrie du futur et l'innovation - IMREDD - Universit\u00e9 C\u00f4te d&#039;Azur\",\"isPartOf\":{\"@id\":\"https:\\\/\\\/imredd.fr\\\/#website\"},\"primaryImageOfPage\":{\"@id\":\"https:\\\/\\\/imredd.fr\\\/en\\\/review-of-the-event-cap-vers-lindustrie-du-futur-et-linnovation\\\/#primaryimage\"},\"image\":{\"@id\":\"https:\\\/\\\/imredd.fr\\\/en\\\/review-of-the-event-cap-vers-lindustrie-du-futur-et-linnovation\\\/#primaryimage\"},\"thumbnailUrl\":\"https:\\\/\\\/imredd.fr\\\/wp-content\\\/uploads\\\/2022\\\/06\\\/IMG_4504.png\",\"datePublished\":\"2022-06-28T15:21:27+00:00\",\"dateModified\":\"2026-01-08T11:22:51+00:00\",\"breadcrumb\":{\"@id\":\"https:\\\/\\\/imredd.fr\\\/en\\\/review-of-the-event-cap-vers-lindustrie-du-futur-et-linnovation\\\/#breadcrumb\"},\"inLanguage\":\"en-GB\",\"potentialAction\":[{\"@type\":\"ReadAction\",\"target\":[\"https:\\\/\\\/imredd.fr\\\/en\\\/review-of-the-event-cap-vers-lindustrie-du-futur-et-linnovation\\\/\"]}]},{\"@type\":\"ImageObject\",\"inLanguage\":\"en-GB\",\"@id\":\"https:\\\/\\\/imredd.fr\\\/en\\\/review-of-the-event-cap-vers-lindustrie-du-futur-et-linnovation\\\/#primaryimage\",\"url\":\"https:\\\/\\\/imredd.fr\\\/wp-content\\\/uploads\\\/2022\\\/06\\\/IMG_4504.png\",\"contentUrl\":\"https:\\\/\\\/imredd.fr\\\/wp-content\\\/uploads\\\/2022\\\/06\\\/IMG_4504.png\",\"width\":1200,\"height\":900},{\"@type\":\"BreadcrumbList\",\"@id\":\"https:\\\/\\\/imredd.fr\\\/en\\\/review-of-the-event-cap-vers-lindustrie-du-futur-et-linnovation\\\/#breadcrumb\",\"itemListElement\":[{\"@type\":\"ListItem\",\"position\":1,\"name\":\"Accueil\",\"item\":\"https:\\\/\\\/imredd.fr\\\/\"},{\"@type\":\"ListItem\",\"position\":2,\"name\":\"[Retour sur \u00e9v\u00e8nement] Cap vers l&rsquo;industrie du futur et l&rsquo;innovation\"}]},{\"@type\":\"WebSite\",\"@id\":\"https:\\\/\\\/imredd.fr\\\/#website\",\"url\":\"https:\\\/\\\/imredd.fr\\\/\",\"name\":\"IMREDD - Universit\u00e9 C\u00f4te d'Azur\",\"description\":\"Institut M\u00e9diterran\u00e9en du Risque, de l&#039;Environnement et du D\u00e9veloppement Durable\",\"publisher\":{\"@id\":\"https:\\\/\\\/imredd.fr\\\/#organization\"},\"potentialAction\":[{\"@type\":\"SearchAction\",\"target\":{\"@type\":\"EntryPoint\",\"urlTemplate\":\"https:\\\/\\\/imredd.fr\\\/?s={search_term_string}\"},\"query-input\":{\"@type\":\"PropertyValueSpecification\",\"valueRequired\":true,\"valueName\":\"search_term_string\"}}],\"inLanguage\":\"en-GB\"},{\"@type\":\"Organization\",\"@id\":\"https:\\\/\\\/imredd.fr\\\/#organization\",\"name\":\"IMREDD - Institut M\u00e9diterran\u00e9en du Risque, de l'Environnement et du D\u00e9veloppement Durable\",\"url\":\"https:\\\/\\\/imredd.fr\\\/\",\"logo\":{\"@type\":\"ImageObject\",\"inLanguage\":\"en-GB\",\"@id\":\"https:\\\/\\\/imredd.fr\\\/#\\\/schema\\\/logo\\\/image\\\/\",\"url\":\"https:\\\/\\\/imredd.fr\\\/wp-content\\\/uploads\\\/2025\\\/07\\\/IMREDD-Logo-couleurs-transparent.png\",\"contentUrl\":\"https:\\\/\\\/imredd.fr\\\/wp-content\\\/uploads\\\/2025\\\/07\\\/IMREDD-Logo-couleurs-transparent.png\",\"width\":959,\"height\":164,\"caption\":\"IMREDD - Institut M\u00e9diterran\u00e9en du Risque, de l'Environnement et du D\u00e9veloppement Durable\"},\"image\":{\"@id\":\"https:\\\/\\\/imredd.fr\\\/#\\\/schema\\\/logo\\\/image\\\/\"},\"sameAs\":[\"http:\\\/\\\/facebook.com\\\/imredd.uca\",\"http:\\\/\\\/linkedin.com\\\/showcase\\\/imredd\"]},{\"@type\":\"Person\",\"@id\":\"https:\\\/\\\/imredd.fr\\\/#\\\/schema\\\/person\\\/41e50290e799cf196e315345a93c68de\",\"name\":\"Antonio Barros\",\"image\":{\"@type\":\"ImageObject\",\"inLanguage\":\"en-GB\",\"@id\":\"https:\\\/\\\/secure.gravatar.com\\\/avatar\\\/f4be75a97d6a27aad47c779bf7bfef9978f4ce4cf5a3c6160d97f893788ce445?s=96&d=mm&r=g\",\"url\":\"https:\\\/\\\/secure.gravatar.com\\\/avatar\\\/f4be75a97d6a27aad47c779bf7bfef9978f4ce4cf5a3c6160d97f893788ce445?s=96&d=mm&r=g\",\"contentUrl\":\"https:\\\/\\\/secure.gravatar.com\\\/avatar\\\/f4be75a97d6a27aad47c779bf7bfef9978f4ce4cf5a3c6160d97f893788ce445?s=96&d=mm&r=g\",\"caption\":\"Antonio Barros\"},\"url\":\"https:\\\/\\\/imredd.fr\\\/en\\\/author\\\/imredd-com\\\/\"}]}<\/script>\n<!-- \/ Yoast SEO Premium plugin. -->","yoast_head_json":{"title":"[Retour sur \u00e9v\u00e8nement] Cap vers l'industrie du futur et l'innovation - IMREDD - Universit\u00e9 C\u00f4te d&#039;Azur","robots":{"index":"index","follow":"follow","max-snippet":"max-snippet:-1","max-image-preview":"max-image-preview:large","max-video-preview":"max-video-preview:-1"},"canonical":"https:\/\/imredd.fr\/en\/review-of-the-event-cap-vers-lindustrie-du-futur-et-linnovation\/","og_locale":"en_GB","og_type":"article","og_title":"[Retour sur \u00e9v\u00e8nement] Cap vers l'industrie du futur et l'innovation","og_description":"Le lundi 27 juin l'IMREDD a accueilli l'\u00e9v\u00e8nement Cap vers l'industrie du futur et l'innovation organis\u00e9e par la CCI Nice C\u00f4te d'Azur, r\u00e9unissant de nombreux partenaires industriels de la r\u00e9gion.","og_url":"https:\/\/imredd.fr\/en\/review-of-the-event-cap-vers-lindustrie-du-futur-et-linnovation\/","og_site_name":"IMREDD - Universit\u00e9 C\u00f4te d&#039;Azur","article_publisher":"http:\/\/facebook.com\/imredd.uca","article_published_time":"2022-06-28T15:21:27+00:00","article_modified_time":"2026-01-08T11:22:51+00:00","author":"Antonio Barros","twitter_card":"summary_large_image","twitter_image":"https:\/\/imredd.fr\/wp-content\/uploads\/2022\/06\/IMG_4504.png","twitter_misc":{"Written by":"Antonio Barros","Estimated reading time":"1 minute"},"schema":{"@context":"https:\/\/schema.org","@graph":[{"@type":"Article","@id":"https:\/\/imredd.fr\/en\/review-of-the-event-cap-vers-lindustrie-du-futur-et-linnovation\/#article","isPartOf":{"@id":"https:\/\/imredd.fr\/en\/review-of-the-event-cap-vers-lindustrie-du-futur-et-linnovation\/"},"author":{"name":"Antonio Barros","@id":"https:\/\/imredd.fr\/#\/schema\/person\/41e50290e799cf196e315345a93c68de"},"headline":"[Retour sur \u00e9v\u00e8nement] Cap vers l&rsquo;industrie du futur et l&rsquo;innovation","datePublished":"2022-06-28T15:21:27+00:00","dateModified":"2026-01-08T11:22:51+00:00","mainEntityOfPage":{"@id":"https:\/\/imredd.fr\/en\/review-of-the-event-cap-vers-lindustrie-du-futur-et-linnovation\/"},"wordCount":203,"commentCount":0,"publisher":{"@id":"https:\/\/imredd.fr\/#organization"},"image":{"@id":"https:\/\/imredd.fr\/en\/review-of-the-event-cap-vers-lindustrie-du-futur-et-linnovation\/#primaryimage"},"thumbnailUrl":"https:\/\/imredd.fr\/wp-content\/uploads\/2022\/06\/IMG_4504.png","articleSection":["Plateforme Technologique"],"inLanguage":"en-GB","potentialAction":[{"@type":"CommentAction","name":"Comment","target":["https:\/\/imredd.fr\/en\/review-of-the-event-cap-vers-lindustrie-du-futur-et-linnovation\/#respond"]}]},{"@type":"WebPage","@id":"https:\/\/imredd.fr\/en\/review-of-the-event-cap-vers-lindustrie-du-futur-et-linnovation\/","url":"https:\/\/imredd.fr\/en\/review-of-the-event-cap-vers-lindustrie-du-futur-et-linnovation\/","name":"[Retour sur \u00e9v\u00e8nement] Cap vers l'industrie du futur et l'innovation - IMREDD - Universit\u00e9 C\u00f4te d&#039;Azur","isPartOf":{"@id":"https:\/\/imredd.fr\/#website"},"primaryImageOfPage":{"@id":"https:\/\/imredd.fr\/en\/review-of-the-event-cap-vers-lindustrie-du-futur-et-linnovation\/#primaryimage"},"image":{"@id":"https:\/\/imredd.fr\/en\/review-of-the-event-cap-vers-lindustrie-du-futur-et-linnovation\/#primaryimage"},"thumbnailUrl":"https:\/\/imredd.fr\/wp-content\/uploads\/2022\/06\/IMG_4504.png","datePublished":"2022-06-28T15:21:27+00:00","dateModified":"2026-01-08T11:22:51+00:00","breadcrumb":{"@id":"https:\/\/imredd.fr\/en\/review-of-the-event-cap-vers-lindustrie-du-futur-et-linnovation\/#breadcrumb"},"inLanguage":"en-GB","potentialAction":[{"@type":"ReadAction","target":["https:\/\/imredd.fr\/en\/review-of-the-event-cap-vers-lindustrie-du-futur-et-linnovation\/"]}]},{"@type":"ImageObject","inLanguage":"en-GB","@id":"https:\/\/imredd.fr\/en\/review-of-the-event-cap-vers-lindustrie-du-futur-et-linnovation\/#primaryimage","url":"https:\/\/imredd.fr\/wp-content\/uploads\/2022\/06\/IMG_4504.png","contentUrl":"https:\/\/imredd.fr\/wp-content\/uploads\/2022\/06\/IMG_4504.png","width":1200,"height":900},{"@type":"BreadcrumbList","@id":"https:\/\/imredd.fr\/en\/review-of-the-event-cap-vers-lindustrie-du-futur-et-linnovation\/#breadcrumb","itemListElement":[{"@type":"ListItem","position":1,"name":"Accueil","item":"https:\/\/imredd.fr\/"},{"@type":"ListItem","position":2,"name":"[Retour sur \u00e9v\u00e8nement] Cap vers l&rsquo;industrie du futur et l&rsquo;innovation"}]},{"@type":"WebSite","@id":"https:\/\/imredd.fr\/#website","url":"https:\/\/imredd.fr\/","name":"IMREDD - C\u00f4te d'Azur University","description":"Mediterranean Institute for Risk, Environment and Sustainable Development","publisher":{"@id":"https:\/\/imredd.fr\/#organization"},"potentialAction":[{"@type":"SearchAction","target":{"@type":"EntryPoint","urlTemplate":"https:\/\/imredd.fr\/?s={search_term_string}"},"query-input":{"@type":"PropertyValueSpecification","valueRequired":true,"valueName":"search_term_string"}}],"inLanguage":"en-GB"},{"@type":"Organization","@id":"https:\/\/imredd.fr\/#organization","name":"IMREDD - Mediterranean Institute for Risk, Environment and Sustainable Development","url":"https:\/\/imredd.fr\/","logo":{"@type":"ImageObject","inLanguage":"en-GB","@id":"https:\/\/imredd.fr\/#\/schema\/logo\/image\/","url":"https:\/\/imredd.fr\/wp-content\/uploads\/2025\/07\/IMREDD-Logo-couleurs-transparent.png","contentUrl":"https:\/\/imredd.fr\/wp-content\/uploads\/2025\/07\/IMREDD-Logo-couleurs-transparent.png","width":959,"height":164,"caption":"IMREDD - Institut M\u00e9diterran\u00e9en du Risque, de l'Environnement et du D\u00e9veloppement Durable"},"image":{"@id":"https:\/\/imredd.fr\/#\/schema\/logo\/image\/"},"sameAs":["http:\/\/facebook.com\/imredd.uca","http:\/\/linkedin.com\/showcase\/imredd"]},{"@type":"Person","@id":"https:\/\/imredd.fr\/#\/schema\/person\/41e50290e799cf196e315345a93c68de","name":"Antonio Barros","image":{"@type":"ImageObject","inLanguage":"en-GB","@id":"https:\/\/secure.gravatar.com\/avatar\/f4be75a97d6a27aad47c779bf7bfef9978f4ce4cf5a3c6160d97f893788ce445?s=96&d=mm&r=g","url":"https:\/\/secure.gravatar.com\/avatar\/f4be75a97d6a27aad47c779bf7bfef9978f4ce4cf5a3c6160d97f893788ce445?s=96&d=mm&r=g","contentUrl":"https:\/\/secure.gravatar.com\/avatar\/f4be75a97d6a27aad47c779bf7bfef9978f4ce4cf5a3c6160d97f893788ce445?s=96&d=mm&r=g","caption":"Antonio Barros"},"url":"https:\/\/imredd.fr\/en\/author\/imredd-com\/"}]}},"_links":{"self":[{"href":"https:\/\/imredd.fr\/en\/wp-json\/wp\/v2\/posts\/21509","targetHints":{"allow":["GET"]}}],"collection":[{"href":"https:\/\/imredd.fr\/en\/wp-json\/wp\/v2\/posts"}],"about":[{"href":"https:\/\/imredd.fr\/en\/wp-json\/wp\/v2\/types\/post"}],"author":[{"embeddable":true,"href":"https:\/\/imredd.fr\/en\/wp-json\/wp\/v2\/users\/2"}],"replies":[{"embeddable":true,"href":"https:\/\/imredd.fr\/en\/wp-json\/wp\/v2\/comments?post=21509"}],"version-history":[{"count":0,"href":"https:\/\/imredd.fr\/en\/wp-json\/wp\/v2\/posts\/21509\/revisions"}],"wp:featuredmedia":[{"embeddable":true,"href":"https:\/\/imredd.fr\/en\/wp-json\/wp\/v2\/media\/21510"}],"wp:attachment":[{"href":"https:\/\/imredd.fr\/en\/wp-json\/wp\/v2\/media?parent=21509"}],"wp:term":[{"taxonomy":"category","embeddable":true,"href":"https:\/\/imredd.fr\/en\/wp-json\/wp\/v2\/categories?post=21509"},{"taxonomy":"post_tag","embeddable":true,"href":"https:\/\/imredd.fr\/en\/wp-json\/wp\/v2\/tags?post=21509"}],"curies":[{"name":"wp","href":"https:\/\/api.w.org\/{rel}","templated":true}]}}