{"id":21918,"date":"2022-09-22T17:58:23","date_gmt":"2022-09-22T15:58:23","guid":{"rendered":"https:\/\/imredd.fr\/?p=21918"},"modified":"2026-01-08T12:22:52","modified_gmt":"2026-01-08T11:22:52","slug":"meridia-district-mobility-day","status":"publish","type":"post","link":"https:\/\/imredd.fr\/en\/journee-de-la-mobilite-du-quartier-meridia\/","title":{"rendered":"M\u00e9ridia District Mobility Day"},"content":{"rendered":"<p>On Thursday 22 September, IMREDD was present at the Mobility Day held at the Campus Sud des M\u00e9tiers with some of the equipment from its Smart City Innovation Center technological platform: the Twinswheel, an autonomous delivery robot, and the Mavic 2 Enterprise professional drone.<\/p>\n<p>Residents of the M\u00e9ridia district had the opportunity to take part in an awareness day on alternative mobility to the private car and to visit the various stands showcasing the City of Nice's mobility options.<\/p>\n<p><!--themify_builder_static--><!--\/themify_builder_static--><\/p>","protected":false},"excerpt":{"rendered":"<p>This Thursday, 22nd September, IMREDD was present at the Mobility Day, which took place at the Campus Sud des M\u00e9tiers, to present its projects in the field of mobility to the users of the M\u00e9ridia district.<\/p>","protected":false},"author":2,"featured_media":21919,"comment_status":"open","ping_status":"open","sticky":false,"template":"","format":"standard","meta":{"footnotes":""},"categories":[153],"tags":[],"class_list":["post-21918","post","type-post","status-publish","format-standard","has-post-thumbnail","hentry","category-plateforme-technologique","has-post-title","has-post-date","has-post-category","has-post-tag","has-post-comment","has-post-author",""],"yoast_head":"<!-- This site is optimized with the Yoast SEO Premium plugin v27.4 (Yoast SEO v27.4) - https:\/\/yoast.com\/product\/yoast-seo-premium-wordpress\/ -->\n<title>Journ\u00e9e de la Mobilit\u00e9 du quartier M\u00e9ridia - IMREDD - Universit\u00e9 C\u00f4te d&#039;Azur<\/title>\n<meta name=\"robots\" content=\"index, follow, max-snippet:-1, max-image-preview:large, max-video-preview:-1\" \/>\n<link rel=\"canonical\" href=\"https:\/\/imredd.fr\/en\/meridia-district-mobility-day\/\" \/>\n<meta property=\"og:locale\" content=\"en_GB\" \/>\n<meta property=\"og:type\" content=\"article\" \/>\n<meta property=\"og:title\" content=\"Journ\u00e9e de la Mobilit\u00e9 du quartier M\u00e9ridia\" \/>\n<meta property=\"og:description\" content=\"Ce jeudi 22 septembre, l\u2019IMREDD a \u00e9t\u00e9 pr\u00e9sent \u00e0 la Journ\u00e9e de la Mobilit\u00e9 qui s\u2019est d\u00e9roul\u00e9e au Campus Sud des M\u00e9tiers pour pr\u00e9senter aux usagers du quarter M\u00e9ridia ses projets dans le domaine de la mobilit\u00e9.\" \/>\n<meta property=\"og:url\" content=\"https:\/\/imredd.fr\/en\/meridia-district-mobility-day\/\" \/>\n<meta property=\"og:site_name\" content=\"IMREDD - Universit\u00e9 C\u00f4te d&#039;Azur\" \/>\n<meta property=\"article:publisher\" content=\"http:\/\/facebook.com\/imredd.uca\" \/>\n<meta property=\"article:published_time\" content=\"2022-09-22T15:58:23+00:00\" \/>\n<meta property=\"article:modified_time\" content=\"2026-01-08T11:22:52+00:00\" \/>\n<meta property=\"og:image\" content=\"https:\/\/imredd.fr\/wp-content\/uploads\/2022\/09\/MicrosoftTeams-image-1-scaled-1.jpg\" \/>\n\t<meta property=\"og:image:width\" content=\"2560\" \/>\n\t<meta property=\"og:image:height\" content=\"1920\" \/>\n\t<meta property=\"og:image:type\" content=\"image\/jpeg\" \/>\n<meta name=\"author\" content=\"Antonio Barros\" \/>\n<meta name=\"twitter:card\" content=\"summary_large_image\" \/>\n<meta name=\"twitter:label1\" content=\"Written by\" \/>\n\t<meta name=\"twitter:data1\" content=\"Antonio Barros\" \/>\n<script type=\"application\/ld+json\" class=\"yoast-schema-graph\">{\"@context\":\"https:\\\/\\\/schema.org\",\"@graph\":[{\"@type\":\"Article\",\"@id\":\"https:\\\/\\\/imredd.fr\\\/en\\\/meridia-district-mobility-day\\\/#article\",\"isPartOf\":{\"@id\":\"https:\\\/\\\/imredd.fr\\\/en\\\/meridia-district-mobility-day\\\/\"},\"author\":{\"name\":\"Antonio Barros\",\"@id\":\"https:\\\/\\\/imredd.fr\\\/#\\\/schema\\\/person\\\/41e50290e799cf196e315345a93c68de\"},\"headline\":\"Journ\u00e9e de la Mobilit\u00e9 du quartier M\u00e9ridia\",\"datePublished\":\"2022-09-22T15:58:23+00:00\",\"dateModified\":\"2026-01-08T11:22:52+00:00\",\"mainEntityOfPage\":{\"@id\":\"https:\\\/\\\/imredd.fr\\\/en\\\/meridia-district-mobility-day\\\/\"},\"wordCount\":103,\"commentCount\":0,\"publisher\":{\"@id\":\"https:\\\/\\\/imredd.fr\\\/#organization\"},\"image\":{\"@id\":\"https:\\\/\\\/imredd.fr\\\/en\\\/meridia-district-mobility-day\\\/#primaryimage\"},\"thumbnailUrl\":\"https:\\\/\\\/imredd.fr\\\/wp-content\\\/uploads\\\/2022\\\/09\\\/MicrosoftTeams-image-1-scaled-1.jpg\",\"articleSection\":[\"Plateforme Technologique\"],\"inLanguage\":\"en-GB\",\"potentialAction\":[{\"@type\":\"CommentAction\",\"name\":\"Comment\",\"target\":[\"https:\\\/\\\/imredd.fr\\\/en\\\/meridia-district-mobility-day\\\/#respond\"]}]},{\"@type\":\"WebPage\",\"@id\":\"https:\\\/\\\/imredd.fr\\\/en\\\/meridia-district-mobility-day\\\/\",\"url\":\"https:\\\/\\\/imredd.fr\\\/en\\\/meridia-district-mobility-day\\\/\",\"name\":\"Journ\u00e9e de la Mobilit\u00e9 du quartier M\u00e9ridia - IMREDD - Universit\u00e9 C\u00f4te d&#039;Azur\",\"isPartOf\":{\"@id\":\"https:\\\/\\\/imredd.fr\\\/#website\"},\"primaryImageOfPage\":{\"@id\":\"https:\\\/\\\/imredd.fr\\\/en\\\/meridia-district-mobility-day\\\/#primaryimage\"},\"image\":{\"@id\":\"https:\\\/\\\/imredd.fr\\\/en\\\/meridia-district-mobility-day\\\/#primaryimage\"},\"thumbnailUrl\":\"https:\\\/\\\/imredd.fr\\\/wp-content\\\/uploads\\\/2022\\\/09\\\/MicrosoftTeams-image-1-scaled-1.jpg\",\"datePublished\":\"2022-09-22T15:58:23+00:00\",\"dateModified\":\"2026-01-08T11:22:52+00:00\",\"breadcrumb\":{\"@id\":\"https:\\\/\\\/imredd.fr\\\/en\\\/meridia-district-mobility-day\\\/#breadcrumb\"},\"inLanguage\":\"en-GB\",\"potentialAction\":[{\"@type\":\"ReadAction\",\"target\":[\"https:\\\/\\\/imredd.fr\\\/en\\\/meridia-district-mobility-day\\\/\"]}]},{\"@type\":\"ImageObject\",\"inLanguage\":\"en-GB\",\"@id\":\"https:\\\/\\\/imredd.fr\\\/en\\\/meridia-district-mobility-day\\\/#primaryimage\",\"url\":\"https:\\\/\\\/imredd.fr\\\/wp-content\\\/uploads\\\/2022\\\/09\\\/MicrosoftTeams-image-1-scaled-1.jpg\",\"contentUrl\":\"https:\\\/\\\/imredd.fr\\\/wp-content\\\/uploads\\\/2022\\\/09\\\/MicrosoftTeams-image-1-scaled-1.jpg\",\"width\":2560,\"height\":1920},{\"@type\":\"BreadcrumbList\",\"@id\":\"https:\\\/\\\/imredd.fr\\\/en\\\/meridia-district-mobility-day\\\/#breadcrumb\",\"itemListElement\":[{\"@type\":\"ListItem\",\"position\":1,\"name\":\"Accueil\",\"item\":\"https:\\\/\\\/imredd.fr\\\/\"},{\"@type\":\"ListItem\",\"position\":2,\"name\":\"Journ\u00e9e de la Mobilit\u00e9 du quartier M\u00e9ridia\"}]},{\"@type\":\"WebSite\",\"@id\":\"https:\\\/\\\/imredd.fr\\\/#website\",\"url\":\"https:\\\/\\\/imredd.fr\\\/\",\"name\":\"IMREDD - Universit\u00e9 C\u00f4te d'Azur\",\"description\":\"Institut M\u00e9diterran\u00e9en du Risque, de l&#039;Environnement et du D\u00e9veloppement Durable\",\"publisher\":{\"@id\":\"https:\\\/\\\/imredd.fr\\\/#organization\"},\"potentialAction\":[{\"@type\":\"SearchAction\",\"target\":{\"@type\":\"EntryPoint\",\"urlTemplate\":\"https:\\\/\\\/imredd.fr\\\/?s={search_term_string}\"},\"query-input\":{\"@type\":\"PropertyValueSpecification\",\"valueRequired\":true,\"valueName\":\"search_term_string\"}}],\"inLanguage\":\"en-GB\"},{\"@type\":\"Organization\",\"@id\":\"https:\\\/\\\/imredd.fr\\\/#organization\",\"name\":\"IMREDD - Institut M\u00e9diterran\u00e9en du Risque, de l'Environnement et du D\u00e9veloppement Durable\",\"url\":\"https:\\\/\\\/imredd.fr\\\/\",\"logo\":{\"@type\":\"ImageObject\",\"inLanguage\":\"en-GB\",\"@id\":\"https:\\\/\\\/imredd.fr\\\/#\\\/schema\\\/logo\\\/image\\\/\",\"url\":\"https:\\\/\\\/imredd.fr\\\/wp-content\\\/uploads\\\/2025\\\/07\\\/IMREDD-Logo-couleurs-transparent.png\",\"contentUrl\":\"https:\\\/\\\/imredd.fr\\\/wp-content\\\/uploads\\\/2025\\\/07\\\/IMREDD-Logo-couleurs-transparent.png\",\"width\":959,\"height\":164,\"caption\":\"IMREDD - Institut M\u00e9diterran\u00e9en du Risque, de l'Environnement et du D\u00e9veloppement Durable\"},\"image\":{\"@id\":\"https:\\\/\\\/imredd.fr\\\/#\\\/schema\\\/logo\\\/image\\\/\"},\"sameAs\":[\"http:\\\/\\\/facebook.com\\\/imredd.uca\",\"http:\\\/\\\/linkedin.com\\\/showcase\\\/imredd\"]},{\"@type\":\"Person\",\"@id\":\"https:\\\/\\\/imredd.fr\\\/#\\\/schema\\\/person\\\/41e50290e799cf196e315345a93c68de\",\"name\":\"Antonio Barros\",\"image\":{\"@type\":\"ImageObject\",\"inLanguage\":\"en-GB\",\"@id\":\"https:\\\/\\\/secure.gravatar.com\\\/avatar\\\/f4be75a97d6a27aad47c779bf7bfef9978f4ce4cf5a3c6160d97f893788ce445?s=96&d=mm&r=g\",\"url\":\"https:\\\/\\\/secure.gravatar.com\\\/avatar\\\/f4be75a97d6a27aad47c779bf7bfef9978f4ce4cf5a3c6160d97f893788ce445?s=96&d=mm&r=g\",\"contentUrl\":\"https:\\\/\\\/secure.gravatar.com\\\/avatar\\\/f4be75a97d6a27aad47c779bf7bfef9978f4ce4cf5a3c6160d97f893788ce445?s=96&d=mm&r=g\",\"caption\":\"Antonio Barros\"},\"url\":\"https:\\\/\\\/imredd.fr\\\/en\\\/author\\\/imredd-com\\\/\"}]}<\/script>\n<!-- \/ Yoast SEO Premium plugin. -->","yoast_head_json":{"title":"M\u00e9ridia Neighbourhood Mobility Day - IMREDD - University of C\u00f4te d'Azur","robots":{"index":"index","follow":"follow","max-snippet":"max-snippet:-1","max-image-preview":"max-image-preview:large","max-video-preview":"max-video-preview:-1"},"canonical":"https:\/\/imredd.fr\/en\/meridia-district-mobility-day\/","og_locale":"en_GB","og_type":"article","og_title":"Journ\u00e9e de la Mobilit\u00e9 du quartier M\u00e9ridia","og_description":"Ce jeudi 22 septembre, l\u2019IMREDD a \u00e9t\u00e9 pr\u00e9sent \u00e0 la Journ\u00e9e de la Mobilit\u00e9 qui s\u2019est d\u00e9roul\u00e9e au Campus Sud des M\u00e9tiers pour pr\u00e9senter aux usagers du quarter M\u00e9ridia ses projets dans le domaine de la mobilit\u00e9.","og_url":"https:\/\/imredd.fr\/en\/meridia-district-mobility-day\/","og_site_name":"IMREDD - Universit\u00e9 C\u00f4te d&#039;Azur","article_publisher":"http:\/\/facebook.com\/imredd.uca","article_published_time":"2022-09-22T15:58:23+00:00","article_modified_time":"2026-01-08T11:22:52+00:00","og_image":[{"width":2560,"height":1920,"url":"https:\/\/imredd.fr\/wp-content\/uploads\/2022\/09\/MicrosoftTeams-image-1-scaled-1.jpg","type":"image\/jpeg"}],"author":"Antonio Barros","twitter_card":"summary_large_image","twitter_misc":{"Written by":"Antonio Barros"},"schema":{"@context":"https:\/\/schema.org","@graph":[{"@type":"Article","@id":"https:\/\/imredd.fr\/en\/meridia-district-mobility-day\/#article","isPartOf":{"@id":"https:\/\/imredd.fr\/en\/meridia-district-mobility-day\/"},"author":{"name":"Antonio Barros","@id":"https:\/\/imredd.fr\/#\/schema\/person\/41e50290e799cf196e315345a93c68de"},"headline":"Journ\u00e9e de la Mobilit\u00e9 du quartier M\u00e9ridia","datePublished":"2022-09-22T15:58:23+00:00","dateModified":"2026-01-08T11:22:52+00:00","mainEntityOfPage":{"@id":"https:\/\/imredd.fr\/en\/meridia-district-mobility-day\/"},"wordCount":103,"commentCount":0,"publisher":{"@id":"https:\/\/imredd.fr\/#organization"},"image":{"@id":"https:\/\/imredd.fr\/en\/meridia-district-mobility-day\/#primaryimage"},"thumbnailUrl":"https:\/\/imredd.fr\/wp-content\/uploads\/2022\/09\/MicrosoftTeams-image-1-scaled-1.jpg","articleSection":["Plateforme Technologique"],"inLanguage":"en-GB","potentialAction":[{"@type":"CommentAction","name":"Comment","target":["https:\/\/imredd.fr\/en\/meridia-district-mobility-day\/#respond"]}]},{"@type":"WebPage","@id":"https:\/\/imredd.fr\/en\/meridia-district-mobility-day\/","url":"https:\/\/imredd.fr\/en\/meridia-district-mobility-day\/","name":"M\u00e9ridia Neighbourhood Mobility Day - IMREDD - University of C\u00f4te d'Azur","isPartOf":{"@id":"https:\/\/imredd.fr\/#website"},"primaryImageOfPage":{"@id":"https:\/\/imredd.fr\/en\/meridia-district-mobility-day\/#primaryimage"},"image":{"@id":"https:\/\/imredd.fr\/en\/meridia-district-mobility-day\/#primaryimage"},"thumbnailUrl":"https:\/\/imredd.fr\/wp-content\/uploads\/2022\/09\/MicrosoftTeams-image-1-scaled-1.jpg","datePublished":"2022-09-22T15:58:23+00:00","dateModified":"2026-01-08T11:22:52+00:00","breadcrumb":{"@id":"https:\/\/imredd.fr\/en\/meridia-district-mobility-day\/#breadcrumb"},"inLanguage":"en-GB","potentialAction":[{"@type":"ReadAction","target":["https:\/\/imredd.fr\/en\/meridia-district-mobility-day\/"]}]},{"@type":"ImageObject","inLanguage":"en-GB","@id":"https:\/\/imredd.fr\/en\/meridia-district-mobility-day\/#primaryimage","url":"https:\/\/imredd.fr\/wp-content\/uploads\/2022\/09\/MicrosoftTeams-image-1-scaled-1.jpg","contentUrl":"https:\/\/imredd.fr\/wp-content\/uploads\/2022\/09\/MicrosoftTeams-image-1-scaled-1.jpg","width":2560,"height":1920},{"@type":"BreadcrumbList","@id":"https:\/\/imredd.fr\/en\/meridia-district-mobility-day\/#breadcrumb","itemListElement":[{"@type":"ListItem","position":1,"name":"Accueil","item":"https:\/\/imredd.fr\/"},{"@type":"ListItem","position":2,"name":"Journ\u00e9e de la Mobilit\u00e9 du quartier M\u00e9ridia"}]},{"@type":"WebSite","@id":"https:\/\/imredd.fr\/#website","url":"https:\/\/imredd.fr\/","name":"IMREDD - C\u00f4te d'Azur University","description":"Mediterranean Institute for Risk, Environment and Sustainable Development","publisher":{"@id":"https:\/\/imredd.fr\/#organization"},"potentialAction":[{"@type":"SearchAction","target":{"@type":"EntryPoint","urlTemplate":"https:\/\/imredd.fr\/?s={search_term_string}"},"query-input":{"@type":"PropertyValueSpecification","valueRequired":true,"valueName":"search_term_string"}}],"inLanguage":"en-GB"},{"@type":"Organization","@id":"https:\/\/imredd.fr\/#organization","name":"IMREDD - Mediterranean Institute for Risk, Environment and Sustainable Development","url":"https:\/\/imredd.fr\/","logo":{"@type":"ImageObject","inLanguage":"en-GB","@id":"https:\/\/imredd.fr\/#\/schema\/logo\/image\/","url":"https:\/\/imredd.fr\/wp-content\/uploads\/2025\/07\/IMREDD-Logo-couleurs-transparent.png","contentUrl":"https:\/\/imredd.fr\/wp-content\/uploads\/2025\/07\/IMREDD-Logo-couleurs-transparent.png","width":959,"height":164,"caption":"IMREDD - Institut M\u00e9diterran\u00e9en du Risque, de l'Environnement et du D\u00e9veloppement Durable"},"image":{"@id":"https:\/\/imredd.fr\/#\/schema\/logo\/image\/"},"sameAs":["http:\/\/facebook.com\/imredd.uca","http:\/\/linkedin.com\/showcase\/imredd"]},{"@type":"Person","@id":"https:\/\/imredd.fr\/#\/schema\/person\/41e50290e799cf196e315345a93c68de","name":"Antonio Barros","image":{"@type":"ImageObject","inLanguage":"en-GB","@id":"https:\/\/secure.gravatar.com\/avatar\/f4be75a97d6a27aad47c779bf7bfef9978f4ce4cf5a3c6160d97f893788ce445?s=96&d=mm&r=g","url":"https:\/\/secure.gravatar.com\/avatar\/f4be75a97d6a27aad47c779bf7bfef9978f4ce4cf5a3c6160d97f893788ce445?s=96&d=mm&r=g","contentUrl":"https:\/\/secure.gravatar.com\/avatar\/f4be75a97d6a27aad47c779bf7bfef9978f4ce4cf5a3c6160d97f893788ce445?s=96&d=mm&r=g","caption":"Antonio Barros"},"url":"https:\/\/imredd.fr\/en\/author\/imredd-com\/"}]}},"_links":{"self":[{"href":"https:\/\/imredd.fr\/en\/wp-json\/wp\/v2\/posts\/21918","targetHints":{"allow":["GET"]}}],"collection":[{"href":"https:\/\/imredd.fr\/en\/wp-json\/wp\/v2\/posts"}],"about":[{"href":"https:\/\/imredd.fr\/en\/wp-json\/wp\/v2\/types\/post"}],"author":[{"embeddable":true,"href":"https:\/\/imredd.fr\/en\/wp-json\/wp\/v2\/users\/2"}],"replies":[{"embeddable":true,"href":"https:\/\/imredd.fr\/en\/wp-json\/wp\/v2\/comments?post=21918"}],"version-history":[{"count":0,"href":"https:\/\/imredd.fr\/en\/wp-json\/wp\/v2\/posts\/21918\/revisions"}],"wp:featuredmedia":[{"embeddable":true,"href":"https:\/\/imredd.fr\/en\/wp-json\/wp\/v2\/media\/21919"}],"wp:attachment":[{"href":"https:\/\/imredd.fr\/en\/wp-json\/wp\/v2\/media?parent=21918"}],"wp:term":[{"taxonomy":"category","embeddable":true,"href":"https:\/\/imredd.fr\/en\/wp-json\/wp\/v2\/categories?post=21918"},{"taxonomy":"post_tag","embeddable":true,"href":"https:\/\/imredd.fr\/en\/wp-json\/wp\/v2\/tags?post=21918"}],"curies":[{"name":"wp","href":"https:\/\/api.w.org\/{rel}","templated":true}]}}