{"id":22021,"date":"2022-11-23T18:11:01","date_gmt":"2022-11-23T17:11:01","guid":{"rendered":"https:\/\/imredd.fr\/?p=22021"},"modified":"2026-01-08T12:22:52","modified_gmt":"2026-01-08T11:22:52","slug":"morning-cafe-practices-reduction-of-energy-consumption-and-decarbonisation","status":"publish","type":"post","link":"https:\/\/imredd.fr\/en\/morning-cafe-pracciis-reduction-de-la-consommation-denergie-et-decarbonation\/","title":{"rendered":"Morning Caf\u00e9 PRACCIIS \u2013 Energy consumption reduction and decarbonisation"},"content":{"rendered":"<p>The current context requires public and private stakeholders to adapt rapidly to reduce their energy consumption in order to cope with supply tensions while reconciling environmental and climate emergencies.<\/p>\n<p>In this context, the IMREDD, the <a href=\"https:\/\/team-henri-fabre.com\/pracciis-le-projet-de-plateforme-dacceleration-vers-lindustrie-du-futur-porte-par-team-henri-fabre\/\">Team Henri-Fabre<\/a> and the <a href=\"https:\/\/www.cote-azur.cci.fr\/\">CCI Nice C\u00f4te d'Azur<\/a> organised a morning of discussions on the energy transition on 23 November 2022, with a focus on the IMREDD building and its solutions and innovations in the field of energy efficiency.<\/p>\n<p>This meeting is part of the project <a href=\"https:\/\/imredd.fr\/en\/project\/precisely\/\">PRACTICES<\/a> (Regional Platform for Accelerating the Integration of Industry of the Future South), supported by the Henri-Fabre Team, whose objective is to foster the development of SMEs and mid-cap companies in the Sud Region through the use of Industry of the Future (IdFu) technologies by enabling them to integrate new technologies or processes. IMREDD participates as a technological partner by offering companies support in the following four areas: energy solutions for buildings; Bio-inspiration: testing platform and manufacturing of living-inspired materials; Additive manufacturing: testing of small-batch manufacturing methods and characterisations; Collaborative work in virtual reality.<\/p>\n<div id='gallery-1' class='gallery galleryid-22021 gallery-columns-3 gallery-size-thumbnail'><figure class='gallery-item'>\n\t\t\t<div class='gallery-icon landscape'>\n\t\t\t\t<a href='https:\/\/imredd.fr\/en\/20221123_morning-cafe-pracciis-energie_06\/'><img loading=\"lazy\" decoding=\"async\" width=\"150\" height=\"150\" src=\"https:\/\/imredd.fr\/wp-content\/uploads\/2022\/12\/20221123_Morning-Cafe-PRACCIIS-Energie_06-150x150.jpeg\" class=\"attachment-thumbnail size-thumbnail\" alt=\"\" \/><\/a>\n\t\t\t<\/div><\/figure><figure class='gallery-item'>\n\t\t\t<div class='gallery-icon landscape'>\n\t\t\t\t<a href='https:\/\/imredd.fr\/en\/20221123_morning-cafe-pracciis-energie_02\/'><img loading=\"lazy\" decoding=\"async\" width=\"150\" height=\"150\" src=\"https:\/\/imredd.fr\/wp-content\/uploads\/2022\/12\/20221123_Morning-Cafe-PRACCIIS-Energie_02-150x150.jpeg\" class=\"attachment-thumbnail size-thumbnail\" alt=\"\" \/><\/a>\n\t\t\t<\/div><\/figure><figure class='gallery-item'>\n\t\t\t<div class='gallery-icon landscape'>\n\t\t\t\t<a href='https:\/\/imredd.fr\/en\/20221123_morning-cafe-pracciis-energie_01\/'><img loading=\"lazy\" decoding=\"async\" width=\"150\" height=\"150\" src=\"https:\/\/imredd.fr\/wp-content\/uploads\/2022\/12\/20221123_Morning-Cafe-PRACCIIS-Energie_01-150x150.jpeg\" class=\"attachment-thumbnail size-thumbnail\" alt=\"\" \/><\/a>\n\t\t\t<\/div><\/figure><figure class='gallery-item'>\n\t\t\t<div class='gallery-icon landscape'>\n\t\t\t\t<a href='https:\/\/imredd.fr\/en\/20221123_morning-cafe-pracciis-energie_09\/'><img loading=\"lazy\" decoding=\"async\" width=\"150\" height=\"150\" src=\"https:\/\/imredd.fr\/wp-content\/uploads\/2022\/12\/20221123_Morning-Cafe-PRACCIIS-Energie_09-150x150.jpeg\" class=\"attachment-thumbnail size-thumbnail\" alt=\"\" \/><\/a>\n\t\t\t<\/div><\/figure><figure class='gallery-item'>\n\t\t\t<div class='gallery-icon landscape'>\n\t\t\t\t<a href='https:\/\/imredd.fr\/en\/20221123_morning-cafe-pracciis-energie_08\/'><img loading=\"lazy\" decoding=\"async\" width=\"150\" height=\"150\" src=\"https:\/\/imredd.fr\/wp-content\/uploads\/2022\/12\/20221123_Morning-Cafe-PRACCIIS-Energie_08-150x150.jpeg\" class=\"attachment-thumbnail size-thumbnail\" alt=\"\" \/><\/a>\n\t\t\t<\/div><\/figure><figure class='gallery-item'>\n\t\t\t<div class='gallery-icon landscape'>\n\t\t\t\t<a href='https:\/\/imredd.fr\/en\/20221123_morning-cafe-pracciis-energie_07\/'><img loading=\"lazy\" decoding=\"async\" width=\"150\" height=\"150\" src=\"https:\/\/imredd.fr\/wp-content\/uploads\/2022\/12\/20221123_Morning-Cafe-PRACCIIS-Energie_07-150x150.jpeg\" class=\"attachment-thumbnail size-thumbnail\" alt=\"\" \/><\/a>\n\t\t\t<\/div><\/figure><figure class='gallery-item'>\n\t\t\t<div class='gallery-icon landscape'>\n\t\t\t\t<a href='https:\/\/imredd.fr\/en\/20221123_morning-cafe-pracciis-energie_05\/'><img loading=\"lazy\" decoding=\"async\" width=\"150\" height=\"150\" src=\"https:\/\/imredd.fr\/wp-content\/uploads\/2022\/12\/20221123_Morning-Cafe-PRACCIIS-Energie_05-150x150.jpeg\" class=\"attachment-thumbnail size-thumbnail\" alt=\"\" \/><\/a>\n\t\t\t<\/div><\/figure><figure class='gallery-item'>\n\t\t\t<div class='gallery-icon landscape'>\n\t\t\t\t<a href='https:\/\/imredd.fr\/en\/20221123_morning-cafe-pracciis-energie_04\/'><img loading=\"lazy\" decoding=\"async\" width=\"150\" height=\"150\" src=\"https:\/\/imredd.fr\/wp-content\/uploads\/2022\/12\/20221123_Morning-Cafe-PRACCIIS-Energie_04-150x150.jpeg\" class=\"attachment-thumbnail size-thumbnail\" alt=\"\" \/><\/a>\n\t\t\t<\/div><\/figure><figure class='gallery-item'>\n\t\t\t<div class='gallery-icon landscape'>\n\t\t\t\t<a href='https:\/\/imredd.fr\/en\/20221123_morning-cafe-pracciis-energie_03\/'><img loading=\"lazy\" decoding=\"async\" width=\"150\" height=\"150\" src=\"https:\/\/imredd.fr\/wp-content\/uploads\/2022\/12\/20221123_Morning-Cafe-PRACCIIS-Energie_03-150x150.jpeg\" class=\"attachment-thumbnail size-thumbnail\" alt=\"\" \/><\/a>\n\t\t\t<\/div><\/figure><figure class='gallery-item'>\n\t\t\t<div class='gallery-icon landscape'>\n\t\t\t\t<a href='https:\/\/imredd.fr\/en\/20221123_morning-cafe-pracciis-energie_11\/'><img loading=\"lazy\" decoding=\"async\" width=\"150\" height=\"150\" src=\"https:\/\/imredd.fr\/wp-content\/uploads\/2022\/12\/20221123_Morning-Cafe-PRACCIIS-Energie_11-150x150.jpeg\" class=\"attachment-thumbnail size-thumbnail\" alt=\"\" \/><\/a>\n\t\t\t<\/div><\/figure><figure class='gallery-item'>\n\t\t\t<div class='gallery-icon landscape'>\n\t\t\t\t<a href='https:\/\/imredd.fr\/en\/20221123_morning-cafe-pracciis-energie_10\/'><img loading=\"lazy\" decoding=\"async\" width=\"150\" height=\"150\" src=\"https:\/\/imredd.fr\/wp-content\/uploads\/2022\/12\/20221123_Morning-Cafe-PRACCIIS-Energie_10-150x150.jpeg\" class=\"attachment-thumbnail size-thumbnail\" alt=\"\" srcset=\"https:\/\/imredd.fr\/wp-content\/uploads\/2022\/12\/20221123_Morning-Cafe-PRACCIIS-Energie_10-150x150.jpeg 150w, https:\/\/imredd.fr\/wp-content\/uploads\/2022\/12\/20221123_Morning-Cafe-PRACCIIS-Energie_10-1024x683-47x48.jpeg 47w\" sizes=\"auto, (max-width: 150px) 100vw, 150px\" \/><\/a>\n\t\t\t<\/div><\/figure>\n\t\t<\/div>\n\n<p><!--themify_builder_static--><!--\/themify_builder_static--><\/p>","protected":false},"excerpt":{"rendered":"<p>The current context requires public and private stakeholders to adapt rapidly to reduce their energy consumption in order to cope with supply tensions while reconciling environmental and climate emergencies.<\/p>\n<p>With this in mind, IMREDD, Team Henri-Fabre and the Nice C\u00f4te d\u2019Azur Chamber of Commerce organised a morning of discussions on the energy transition, with a focus on the IMREDD building and its solutions and innovations in the field of energy efficiency.<\/p>","protected":false},"author":2,"featured_media":22045,"comment_status":"open","ping_status":"open","sticky":false,"template":"","format":"standard","meta":{"footnotes":""},"categories":[153],"tags":[],"class_list":["post-22021","post","type-post","status-publish","format-standard","has-post-thumbnail","hentry","category-plateforme-technologique","has-post-title","has-post-date","has-post-category","has-post-tag","has-post-comment","has-post-author",""],"yoast_head":"<!-- This site is optimized with the Yoast SEO Premium plugin v27.4 (Yoast SEO v27.4) - https:\/\/yoast.com\/product\/yoast-seo-premium-wordpress\/ -->\n<title>R\u00e9duction de la consommation d&#039;\u00e9nergie et d\u00e9carbonation - Morning Caf\u00e9 PRACCIIS - IMREDD - Universit\u00e9 C\u00f4te d&#039;Azur<\/title>\n<meta name=\"description\" content=\"Le contexte actuel impose aux acteurs publics et priv\u00e9s de s&#039;adapter rapidement pour r\u00e9duire leur consommation d&#039;\u00e9nergie afin de faire face aux tensions d&#039;approvisionnement tout en conciliant les urgences environnementales et climatiques.\" \/>\n<meta name=\"robots\" content=\"index, follow, max-snippet:-1, max-image-preview:large, max-video-preview:-1\" \/>\n<link rel=\"canonical\" href=\"https:\/\/imredd.fr\/en\/morning-cafe-practices-reduction-of-energy-consumption-and-decarbonisation\/\" \/>\n<meta property=\"og:locale\" content=\"en_GB\" \/>\n<meta property=\"og:type\" content=\"article\" \/>\n<meta property=\"og:title\" content=\"Morning Caf\u00e9 PRACCIIS - R\u00e9duction de la consommation d&#039;\u00e9nergie et d\u00e9carbonation\" \/>\n<meta property=\"og:description\" content=\"Le contexte actuel impose aux acteurs publics et priv\u00e9s de s&#039;adapter rapidement pour r\u00e9duire leur consommation d&#039;\u00e9nergie afin de faire face aux tensions d&#039;approvisionnement tout en conciliant les urgences environnementales et climatiques.\" \/>\n<meta property=\"og:url\" content=\"https:\/\/imredd.fr\/en\/morning-cafe-practices-reduction-of-energy-consumption-and-decarbonisation\/\" \/>\n<meta property=\"og:site_name\" content=\"IMREDD - Universit\u00e9 C\u00f4te d&#039;Azur\" \/>\n<meta property=\"article:publisher\" content=\"http:\/\/facebook.com\/imredd.uca\" \/>\n<meta property=\"article:published_time\" content=\"2022-11-23T17:11:01+00:00\" \/>\n<meta property=\"article:modified_time\" content=\"2026-01-08T11:22:52+00:00\" \/>\n<meta property=\"og:image\" content=\"https:\/\/imredd.fr\/wp-content\/uploads\/2022\/12\/20221123_Morning-Cafe-PRACCIIS-Energie_10.jpeg\" \/>\n\t<meta property=\"og:image:width\" content=\"1920\" \/>\n\t<meta property=\"og:image:height\" content=\"1280\" \/>\n\t<meta property=\"og:image:type\" content=\"image\/jpeg\" \/>\n<meta name=\"author\" content=\"Antonio Barros\" \/>\n<meta name=\"twitter:card\" content=\"summary_large_image\" \/>\n<meta name=\"twitter:label1\" content=\"Written by\" \/>\n\t<meta name=\"twitter:data1\" content=\"Antonio Barros\" \/>\n\t<meta name=\"twitter:label2\" content=\"Estimated reading time\" \/>\n\t<meta name=\"twitter:data2\" content=\"1 minute\" \/>\n<script type=\"application\/ld+json\" class=\"yoast-schema-graph\">{\"@context\":\"https:\\\/\\\/schema.org\",\"@graph\":[{\"@type\":\"Article\",\"@id\":\"https:\\\/\\\/imredd.fr\\\/en\\\/morning-cafe-practices-reduction-of-energy-consumption-and-decarbonisation\\\/#article\",\"isPartOf\":{\"@id\":\"https:\\\/\\\/imredd.fr\\\/en\\\/morning-cafe-practices-reduction-of-energy-consumption-and-decarbonisation\\\/\"},\"author\":{\"name\":\"Antonio Barros\",\"@id\":\"https:\\\/\\\/imredd.fr\\\/#\\\/schema\\\/person\\\/41e50290e799cf196e315345a93c68de\"},\"headline\":\"Morning Caf\u00e9 PRACCIIS &#8211; R\u00e9duction de la consommation d&rsquo;\u00e9nergie et d\u00e9carbonation\",\"datePublished\":\"2022-11-23T17:11:01+00:00\",\"dateModified\":\"2026-01-08T11:22:52+00:00\",\"mainEntityOfPage\":{\"@id\":\"https:\\\/\\\/imredd.fr\\\/en\\\/morning-cafe-practices-reduction-of-energy-consumption-and-decarbonisation\\\/\"},\"wordCount\":244,\"commentCount\":0,\"publisher\":{\"@id\":\"https:\\\/\\\/imredd.fr\\\/#organization\"},\"image\":{\"@id\":\"https:\\\/\\\/imredd.fr\\\/en\\\/morning-cafe-practices-reduction-of-energy-consumption-and-decarbonisation\\\/#primaryimage\"},\"thumbnailUrl\":\"https:\\\/\\\/imredd.fr\\\/wp-content\\\/uploads\\\/2022\\\/12\\\/20221123_Morning-Cafe-PRACCIIS-Energie_10.jpeg\",\"articleSection\":[\"Plateforme Technologique\"],\"inLanguage\":\"en-GB\",\"potentialAction\":[{\"@type\":\"CommentAction\",\"name\":\"Comment\",\"target\":[\"https:\\\/\\\/imredd.fr\\\/en\\\/morning-cafe-practices-reduction-of-energy-consumption-and-decarbonisation\\\/#respond\"]}]},{\"@type\":\"WebPage\",\"@id\":\"https:\\\/\\\/imredd.fr\\\/en\\\/morning-cafe-practices-reduction-of-energy-consumption-and-decarbonisation\\\/\",\"url\":\"https:\\\/\\\/imredd.fr\\\/en\\\/morning-cafe-practices-reduction-of-energy-consumption-and-decarbonisation\\\/\",\"name\":\"R\u00e9duction de la consommation d'\u00e9nergie et d\u00e9carbonation - Morning Caf\u00e9 PRACCIIS - IMREDD - Universit\u00e9 C\u00f4te d&#039;Azur\",\"isPartOf\":{\"@id\":\"https:\\\/\\\/imredd.fr\\\/#website\"},\"primaryImageOfPage\":{\"@id\":\"https:\\\/\\\/imredd.fr\\\/en\\\/morning-cafe-practices-reduction-of-energy-consumption-and-decarbonisation\\\/#primaryimage\"},\"image\":{\"@id\":\"https:\\\/\\\/imredd.fr\\\/en\\\/morning-cafe-practices-reduction-of-energy-consumption-and-decarbonisation\\\/#primaryimage\"},\"thumbnailUrl\":\"https:\\\/\\\/imredd.fr\\\/wp-content\\\/uploads\\\/2022\\\/12\\\/20221123_Morning-Cafe-PRACCIIS-Energie_10.jpeg\",\"datePublished\":\"2022-11-23T17:11:01+00:00\",\"dateModified\":\"2026-01-08T11:22:52+00:00\",\"description\":\"Le contexte actuel impose aux acteurs publics et priv\u00e9s de s'adapter rapidement pour r\u00e9duire leur consommation d'\u00e9nergie afin de faire face aux tensions d'approvisionnement tout en conciliant les urgences environnementales et climatiques.\",\"breadcrumb\":{\"@id\":\"https:\\\/\\\/imredd.fr\\\/en\\\/morning-cafe-practices-reduction-of-energy-consumption-and-decarbonisation\\\/#breadcrumb\"},\"inLanguage\":\"en-GB\",\"potentialAction\":[{\"@type\":\"ReadAction\",\"target\":[\"https:\\\/\\\/imredd.fr\\\/en\\\/morning-cafe-practices-reduction-of-energy-consumption-and-decarbonisation\\\/\"]}]},{\"@type\":\"ImageObject\",\"inLanguage\":\"en-GB\",\"@id\":\"https:\\\/\\\/imredd.fr\\\/en\\\/morning-cafe-practices-reduction-of-energy-consumption-and-decarbonisation\\\/#primaryimage\",\"url\":\"https:\\\/\\\/imredd.fr\\\/wp-content\\\/uploads\\\/2022\\\/12\\\/20221123_Morning-Cafe-PRACCIIS-Energie_10.jpeg\",\"contentUrl\":\"https:\\\/\\\/imredd.fr\\\/wp-content\\\/uploads\\\/2022\\\/12\\\/20221123_Morning-Cafe-PRACCIIS-Energie_10.jpeg\",\"width\":1920,\"height\":1280},{\"@type\":\"BreadcrumbList\",\"@id\":\"https:\\\/\\\/imredd.fr\\\/en\\\/morning-cafe-practices-reduction-of-energy-consumption-and-decarbonisation\\\/#breadcrumb\",\"itemListElement\":[{\"@type\":\"ListItem\",\"position\":1,\"name\":\"Accueil\",\"item\":\"https:\\\/\\\/imredd.fr\\\/\"},{\"@type\":\"ListItem\",\"position\":2,\"name\":\"Morning Caf\u00e9 PRACCIIS &#8211; R\u00e9duction de la consommation d&rsquo;\u00e9nergie et d\u00e9carbonation\"}]},{\"@type\":\"WebSite\",\"@id\":\"https:\\\/\\\/imredd.fr\\\/#website\",\"url\":\"https:\\\/\\\/imredd.fr\\\/\",\"name\":\"IMREDD - Universit\u00e9 C\u00f4te d'Azur\",\"description\":\"Institut M\u00e9diterran\u00e9en du Risque, de l&#039;Environnement et du D\u00e9veloppement Durable\",\"publisher\":{\"@id\":\"https:\\\/\\\/imredd.fr\\\/#organization\"},\"potentialAction\":[{\"@type\":\"SearchAction\",\"target\":{\"@type\":\"EntryPoint\",\"urlTemplate\":\"https:\\\/\\\/imredd.fr\\\/?s={search_term_string}\"},\"query-input\":{\"@type\":\"PropertyValueSpecification\",\"valueRequired\":true,\"valueName\":\"search_term_string\"}}],\"inLanguage\":\"en-GB\"},{\"@type\":\"Organization\",\"@id\":\"https:\\\/\\\/imredd.fr\\\/#organization\",\"name\":\"IMREDD - Institut M\u00e9diterran\u00e9en du Risque, de l'Environnement et du D\u00e9veloppement Durable\",\"url\":\"https:\\\/\\\/imredd.fr\\\/\",\"logo\":{\"@type\":\"ImageObject\",\"inLanguage\":\"en-GB\",\"@id\":\"https:\\\/\\\/imredd.fr\\\/#\\\/schema\\\/logo\\\/image\\\/\",\"url\":\"https:\\\/\\\/imredd.fr\\\/wp-content\\\/uploads\\\/2025\\\/07\\\/IMREDD-Logo-couleurs-transparent.png\",\"contentUrl\":\"https:\\\/\\\/imredd.fr\\\/wp-content\\\/uploads\\\/2025\\\/07\\\/IMREDD-Logo-couleurs-transparent.png\",\"width\":959,\"height\":164,\"caption\":\"IMREDD - Institut M\u00e9diterran\u00e9en du Risque, de l'Environnement et du D\u00e9veloppement Durable\"},\"image\":{\"@id\":\"https:\\\/\\\/imredd.fr\\\/#\\\/schema\\\/logo\\\/image\\\/\"},\"sameAs\":[\"http:\\\/\\\/facebook.com\\\/imredd.uca\",\"http:\\\/\\\/linkedin.com\\\/showcase\\\/imredd\"]},{\"@type\":\"Person\",\"@id\":\"https:\\\/\\\/imredd.fr\\\/#\\\/schema\\\/person\\\/41e50290e799cf196e315345a93c68de\",\"name\":\"Antonio Barros\",\"image\":{\"@type\":\"ImageObject\",\"inLanguage\":\"en-GB\",\"@id\":\"https:\\\/\\\/secure.gravatar.com\\\/avatar\\\/f4be75a97d6a27aad47c779bf7bfef9978f4ce4cf5a3c6160d97f893788ce445?s=96&d=mm&r=g\",\"url\":\"https:\\\/\\\/secure.gravatar.com\\\/avatar\\\/f4be75a97d6a27aad47c779bf7bfef9978f4ce4cf5a3c6160d97f893788ce445?s=96&d=mm&r=g\",\"contentUrl\":\"https:\\\/\\\/secure.gravatar.com\\\/avatar\\\/f4be75a97d6a27aad47c779bf7bfef9978f4ce4cf5a3c6160d97f893788ce445?s=96&d=mm&r=g\",\"caption\":\"Antonio Barros\"},\"url\":\"https:\\\/\\\/imredd.fr\\\/en\\\/author\\\/imredd-com\\\/\"}]}<\/script>\n<!-- \/ Yoast SEO Premium plugin. -->","yoast_head_json":{"title":"Energy consumption reduction and decarbonisation - Morning Caf\u00e9 PRACCIIS - IMREDD - University C\u00f4te d'Azur","description":"The current context requires public and private stakeholders to adapt rapidly to reduce their energy consumption in order to cope with supply tensions while reconciling environmental and climate emergencies.","robots":{"index":"index","follow":"follow","max-snippet":"max-snippet:-1","max-image-preview":"max-image-preview:large","max-video-preview":"max-video-preview:-1"},"canonical":"https:\/\/imredd.fr\/en\/morning-cafe-practices-reduction-of-energy-consumption-and-decarbonisation\/","og_locale":"en_GB","og_type":"article","og_title":"Morning Caf\u00e9 PRACCIIS - R\u00e9duction de la consommation d'\u00e9nergie et d\u00e9carbonation","og_description":"Le contexte actuel impose aux acteurs publics et priv\u00e9s de s'adapter rapidement pour r\u00e9duire leur consommation d'\u00e9nergie afin de faire face aux tensions d'approvisionnement tout en conciliant les urgences environnementales et climatiques.","og_url":"https:\/\/imredd.fr\/en\/morning-cafe-practices-reduction-of-energy-consumption-and-decarbonisation\/","og_site_name":"IMREDD - Universit\u00e9 C\u00f4te d&#039;Azur","article_publisher":"http:\/\/facebook.com\/imredd.uca","article_published_time":"2022-11-23T17:11:01+00:00","article_modified_time":"2026-01-08T11:22:52+00:00","og_image":[{"width":1920,"height":1280,"url":"https:\/\/imredd.fr\/wp-content\/uploads\/2022\/12\/20221123_Morning-Cafe-PRACCIIS-Energie_10.jpeg","type":"image\/jpeg"}],"author":"Antonio Barros","twitter_card":"summary_large_image","twitter_misc":{"Written by":"Antonio Barros","Estimated reading time":"1 minute"},"schema":{"@context":"https:\/\/schema.org","@graph":[{"@type":"Article","@id":"https:\/\/imredd.fr\/en\/morning-cafe-practices-reduction-of-energy-consumption-and-decarbonisation\/#article","isPartOf":{"@id":"https:\/\/imredd.fr\/en\/morning-cafe-practices-reduction-of-energy-consumption-and-decarbonisation\/"},"author":{"name":"Antonio Barros","@id":"https:\/\/imredd.fr\/#\/schema\/person\/41e50290e799cf196e315345a93c68de"},"headline":"Morning Caf\u00e9 PRACCIIS &#8211; R\u00e9duction de la consommation d&rsquo;\u00e9nergie et d\u00e9carbonation","datePublished":"2022-11-23T17:11:01+00:00","dateModified":"2026-01-08T11:22:52+00:00","mainEntityOfPage":{"@id":"https:\/\/imredd.fr\/en\/morning-cafe-practices-reduction-of-energy-consumption-and-decarbonisation\/"},"wordCount":244,"commentCount":0,"publisher":{"@id":"https:\/\/imredd.fr\/#organization"},"image":{"@id":"https:\/\/imredd.fr\/en\/morning-cafe-practices-reduction-of-energy-consumption-and-decarbonisation\/#primaryimage"},"thumbnailUrl":"https:\/\/imredd.fr\/wp-content\/uploads\/2022\/12\/20221123_Morning-Cafe-PRACCIIS-Energie_10.jpeg","articleSection":["Plateforme Technologique"],"inLanguage":"en-GB","potentialAction":[{"@type":"CommentAction","name":"Comment","target":["https:\/\/imredd.fr\/en\/morning-cafe-practices-reduction-of-energy-consumption-and-decarbonisation\/#respond"]}]},{"@type":"WebPage","@id":"https:\/\/imredd.fr\/en\/morning-cafe-practices-reduction-of-energy-consumption-and-decarbonisation\/","url":"https:\/\/imredd.fr\/en\/morning-cafe-practices-reduction-of-energy-consumption-and-decarbonisation\/","name":"Energy consumption reduction and decarbonisation - Morning Caf\u00e9 PRACCIIS - IMREDD - University C\u00f4te d'Azur","isPartOf":{"@id":"https:\/\/imredd.fr\/#website"},"primaryImageOfPage":{"@id":"https:\/\/imredd.fr\/en\/morning-cafe-practices-reduction-of-energy-consumption-and-decarbonisation\/#primaryimage"},"image":{"@id":"https:\/\/imredd.fr\/en\/morning-cafe-practices-reduction-of-energy-consumption-and-decarbonisation\/#primaryimage"},"thumbnailUrl":"https:\/\/imredd.fr\/wp-content\/uploads\/2022\/12\/20221123_Morning-Cafe-PRACCIIS-Energie_10.jpeg","datePublished":"2022-11-23T17:11:01+00:00","dateModified":"2026-01-08T11:22:52+00:00","description":"The current context requires public and private stakeholders to adapt rapidly to reduce their energy consumption in order to cope with supply tensions while reconciling environmental and climate emergencies.","breadcrumb":{"@id":"https:\/\/imredd.fr\/en\/morning-cafe-practices-reduction-of-energy-consumption-and-decarbonisation\/#breadcrumb"},"inLanguage":"en-GB","potentialAction":[{"@type":"ReadAction","target":["https:\/\/imredd.fr\/en\/morning-cafe-practices-reduction-of-energy-consumption-and-decarbonisation\/"]}]},{"@type":"ImageObject","inLanguage":"en-GB","@id":"https:\/\/imredd.fr\/en\/morning-cafe-practices-reduction-of-energy-consumption-and-decarbonisation\/#primaryimage","url":"https:\/\/imredd.fr\/wp-content\/uploads\/2022\/12\/20221123_Morning-Cafe-PRACCIIS-Energie_10.jpeg","contentUrl":"https:\/\/imredd.fr\/wp-content\/uploads\/2022\/12\/20221123_Morning-Cafe-PRACCIIS-Energie_10.jpeg","width":1920,"height":1280},{"@type":"BreadcrumbList","@id":"https:\/\/imredd.fr\/en\/morning-cafe-practices-reduction-of-energy-consumption-and-decarbonisation\/#breadcrumb","itemListElement":[{"@type":"ListItem","position":1,"name":"Accueil","item":"https:\/\/imredd.fr\/"},{"@type":"ListItem","position":2,"name":"Morning Caf\u00e9 PRACCIIS &#8211; R\u00e9duction de la consommation d&rsquo;\u00e9nergie et d\u00e9carbonation"}]},{"@type":"WebSite","@id":"https:\/\/imredd.fr\/#website","url":"https:\/\/imredd.fr\/","name":"IMREDD - C\u00f4te d'Azur University","description":"Mediterranean Institute for Risk, Environment and Sustainable Development","publisher":{"@id":"https:\/\/imredd.fr\/#organization"},"potentialAction":[{"@type":"SearchAction","target":{"@type":"EntryPoint","urlTemplate":"https:\/\/imredd.fr\/?s={search_term_string}"},"query-input":{"@type":"PropertyValueSpecification","valueRequired":true,"valueName":"search_term_string"}}],"inLanguage":"en-GB"},{"@type":"Organization","@id":"https:\/\/imredd.fr\/#organization","name":"IMREDD - Mediterranean Institute for Risk, Environment and Sustainable Development","url":"https:\/\/imredd.fr\/","logo":{"@type":"ImageObject","inLanguage":"en-GB","@id":"https:\/\/imredd.fr\/#\/schema\/logo\/image\/","url":"https:\/\/imredd.fr\/wp-content\/uploads\/2025\/07\/IMREDD-Logo-couleurs-transparent.png","contentUrl":"https:\/\/imredd.fr\/wp-content\/uploads\/2025\/07\/IMREDD-Logo-couleurs-transparent.png","width":959,"height":164,"caption":"IMREDD - Institut M\u00e9diterran\u00e9en du Risque, de l'Environnement et du D\u00e9veloppement Durable"},"image":{"@id":"https:\/\/imredd.fr\/#\/schema\/logo\/image\/"},"sameAs":["http:\/\/facebook.com\/imredd.uca","http:\/\/linkedin.com\/showcase\/imredd"]},{"@type":"Person","@id":"https:\/\/imredd.fr\/#\/schema\/person\/41e50290e799cf196e315345a93c68de","name":"Antonio Barros","image":{"@type":"ImageObject","inLanguage":"en-GB","@id":"https:\/\/secure.gravatar.com\/avatar\/f4be75a97d6a27aad47c779bf7bfef9978f4ce4cf5a3c6160d97f893788ce445?s=96&d=mm&r=g","url":"https:\/\/secure.gravatar.com\/avatar\/f4be75a97d6a27aad47c779bf7bfef9978f4ce4cf5a3c6160d97f893788ce445?s=96&d=mm&r=g","contentUrl":"https:\/\/secure.gravatar.com\/avatar\/f4be75a97d6a27aad47c779bf7bfef9978f4ce4cf5a3c6160d97f893788ce445?s=96&d=mm&r=g","caption":"Antonio Barros"},"url":"https:\/\/imredd.fr\/en\/author\/imredd-com\/"}]}},"_links":{"self":[{"href":"https:\/\/imredd.fr\/en\/wp-json\/wp\/v2\/posts\/22021","targetHints":{"allow":["GET"]}}],"collection":[{"href":"https:\/\/imredd.fr\/en\/wp-json\/wp\/v2\/posts"}],"about":[{"href":"https:\/\/imredd.fr\/en\/wp-json\/wp\/v2\/types\/post"}],"author":[{"embeddable":true,"href":"https:\/\/imredd.fr\/en\/wp-json\/wp\/v2\/users\/2"}],"replies":[{"embeddable":true,"href":"https:\/\/imredd.fr\/en\/wp-json\/wp\/v2\/comments?post=22021"}],"version-history":[{"count":0,"href":"https:\/\/imredd.fr\/en\/wp-json\/wp\/v2\/posts\/22021\/revisions"}],"wp:featuredmedia":[{"embeddable":true,"href":"https:\/\/imredd.fr\/en\/wp-json\/wp\/v2\/media\/22045"}],"wp:attachment":[{"href":"https:\/\/imredd.fr\/en\/wp-json\/wp\/v2\/media?parent=22021"}],"wp:term":[{"taxonomy":"category","embeddable":true,"href":"https:\/\/imredd.fr\/en\/wp-json\/wp\/v2\/categories?post=22021"},{"taxonomy":"post_tag","embeddable":true,"href":"https:\/\/imredd.fr\/en\/wp-json\/wp\/v2\/tags?post=22021"}],"curies":[{"name":"wp","href":"https:\/\/api.w.org\/{rel}","templated":true}]}}