{"id":22127,"date":"2023-02-02T10:48:11","date_gmt":"2023-02-02T09:48:11","guid":{"rendered":"https:\/\/imredd.fr\/?p=22127"},"modified":"2026-01-08T12:22:53","modified_gmt":"2026-01-08T11:22:53","slug":"change-of-management-within-limredd","status":"publish","type":"post","link":"https:\/\/imredd.fr\/en\/changement-de-direction-au-sein-de-limredd\/","title":{"rendered":"Change of direction within IMREDD"},"content":{"rendered":"<p>Emmanuel Tric has been appointed Interim Director of IMREDD as of 1st February 2023. He succeeds Eric Dumetz, who has been the Institute's Director since September 2021, and previously Deputy Director since 2013. After 10 years of conceptualising and co-building IMREDD, Eric Dumetz wished to dedicate himself fully to the Universit\u00e9 C\u00f4te d\u2019Azur Foundation, which is beginning its renewal with new ambitions.<\/p>\n<p>Emmanuel Tric is a Professor of Geophysics at Universit\u00e9 C\u00f4te d\u2019Azur and at the GEOAZUR laboratory. He was President of the University of Nice Sophia Antipolis from 2017 to 2020, until the creation of Universit\u00e9 C\u00f4te d\u2019Azur. His research activities have covered various themes ranging from past instabilities of the Earth's magnetic field to processes associated with thermosolutal convection in enclosed environments, dehydration effects of subducting tectonic plates, or mountain slope instabilities. He has held various positions: Vice-President of the Board of Directors, Director of the Earth-Environment-Space department (2005-2009), of the Doctoral Studies College (2007-2010), and of the G\u00e9oazur laboratory (2010\u20132016).<\/p>\n<p>Eric Dumetz is an Associate Professor in Mechanical Engineering \u2013 Automation and holds a Doctorate in Automation from the Ecole Nationale d\u2019Arts et M\u00e9tiers, where he co-created a technological research team (ERT) within the Lille Electrotechnics and Power Electronics laboratory. This involved establishing a technological platform for High-Speed machine tools, followed by Cartesian robots and 5-6 axis robots. He has held various responsibilities: member of the Mechanical Engineering Aggregation jury (2002-2006), deputy director (2015-2018) then director of the Arts et M\u00e9tiers ParisTech Lille centre (2018-2013), and President of the Universit\u00e9 C\u00f4te d\u2019Azur Foundation (2018-2022).<\/p>\n<p>Eric Dumetz will now be able to devote himself fully, as Director General, to the Universit\u00e9 C\u00f4te d\u2019Azur Foundation and its development as part of its renewal on 1 January 2023 under the Presidency of Mathieu Garotta.<br \/>\nThe Foundation is a major lever for fostering excellence across all disciplines, by actively participating in the emergence of talent at Universit\u00e9 C\u00f4te d\u2019Azur, particularly through the development of public-private partnerships on future-oriented topics. Always serving a collective, the Foundation promotes research by facilitating the emergence of new economic opportunities from innovation, creating sustainable value and long-term jobs through the weaving of close relationships between the public and private sectors. It actively supports initiatives aimed at improving people's quality of life and preserving their health, by backing major research programmes led by Universit\u00e9 C\u00f4te d\u2019Azur, such as those dedicated to cancer or healthy ageing.<\/p>\n<blockquote><p><em>In these times when issues concerning the environment, the impacts of global changes on our territories and their resilience, the management of our resources, the energy and ecological transition are increasingly present in our daily lives, it is fundamental to create places for discussion, sharing and knowledge transfer so that we can, together, as actors from both the academic and socio-economic worlds, rise to the challenges we face in these fields related to the environment, risks and sustainable development. IMREDD is one of these places. Its ambition is to bring together all those who wish to contribute to original projects that address these issues and whose interdisciplinarity and transdisciplinarity constitute undeniable approaches.<\/em> \u2014 Emmanuel Tric, Director of IMREDD<\/p><\/blockquote>\n<p>&nbsp;<\/p>\n<blockquote><p><em>Deeply rooted in its territory, the Universit\u00e9 C\u00f4te d\u2019Azur Foundation develops positive future opportunities for people every day, thanks to the generosity of the general public and committed businesses, with the support of local authorities and the State.<\/em><br \/>\n<em>It contributes to the renown of all academic talents: Arts, Biology, Communication, Law, Economics, Education, Environment, Management, Languages, Literature, Business Administration, Medicine, Digital, Health, Fundamental Sciences, Human and Social Sciences, Sport\u2026<\/em><br \/>\n<em>This ambition is met by the desire to facilitate the emergence, development and growth of the talents of over 32,000 students. These years of study will forever mark their life's journey. It is therefore only natural that we wish for them to be as fulfilling, professionally and personally inspiring as possible.<\/em> \u2014 Eric Dumetz, CEO of the Universit\u00e9 C\u00f4te d\u2019Azur Foundation<\/p><\/blockquote>\n<p>&nbsp;<\/p>\n<p><!--themify_builder_static--><!--\/themify_builder_static--><\/p>","protected":false},"excerpt":{"rendered":"<p>Emmanuel Tric has been appointed Interim Director of IMREDD as of 1st February 2023. He succeeds Eric Dumetz, who has been the Institute's Director since September 2021, and previously Deputy Director since 2013. After 10 years of conceptualising and co-building IMREDD, Eric Dumetz wished to dedicate himself fully to the Universit\u00e9 C\u00f4te d\u2019Azur Foundation, which is beginning its renewal with new ambitions.<\/p>","protected":false},"author":2,"featured_media":22128,"comment_status":"open","ping_status":"open","sticky":false,"template":"","format":"standard","meta":{"footnotes":""},"categories":[26],"tags":[],"class_list":["post-22127","post","type-post","status-publish","format-standard","has-post-thumbnail","hentry","category-institutionnel","has-post-title","has-post-date","has-post-category","has-post-tag","has-post-comment","has-post-author",""],"yoast_head":"<!-- This site is optimized with the Yoast SEO Premium plugin v27.4 (Yoast SEO v27.4) - https:\/\/yoast.com\/product\/yoast-seo-premium-wordpress\/ -->\n<title>Changement de direction au sein de l\u2019IMREDD - IMREDD - Universit\u00e9 C\u00f4te d&#039;Azur<\/title>\n<meta name=\"robots\" content=\"index, follow, max-snippet:-1, max-image-preview:large, max-video-preview:-1\" \/>\n<link rel=\"canonical\" href=\"https:\/\/imredd.fr\/en\/change-of-management-within-limredd\/\" \/>\n<meta property=\"og:locale\" content=\"en_GB\" \/>\n<meta property=\"og:type\" content=\"article\" \/>\n<meta property=\"og:title\" content=\"Changement de direction au sein de l\u2019IMREDD\" \/>\n<meta property=\"og:description\" content=\"Emmanuel Tric est nomm\u00e9 Directeur par int\u00e9rim de l\u2019IMREDD \u00e0 compter du 1er f\u00e9vrier 2023. Il succ\u00e8de \u00e0 Eric Dumetz, directeur de l\u2019Institut depuis septembre 2021, et pr\u00e9alablement directeur adjoint depuis 2013. Apr\u00e8s 10 ann\u00e9es \u00e0 imaginer et co-construire l\u2019IMREDD, Eric Dumetz a souhait\u00e9 se consacrer pleinement \u00e0 la Fondation Universit\u00e9 C\u00f4te d\u2019Azur qui d\u00e9bute son renouvellement avec de nouvelles ambitions.\" \/>\n<meta property=\"og:url\" content=\"https:\/\/imredd.fr\/en\/change-of-management-within-limredd\/\" \/>\n<meta property=\"og:site_name\" content=\"IMREDD - Universit\u00e9 C\u00f4te d&#039;Azur\" \/>\n<meta property=\"article:publisher\" content=\"http:\/\/facebook.com\/imredd.uca\" \/>\n<meta property=\"article:published_time\" content=\"2023-02-02T09:48:11+00:00\" \/>\n<meta property=\"article:modified_time\" content=\"2026-01-08T11:22:53+00:00\" \/>\n<meta property=\"og:image\" content=\"https:\/\/imredd.fr\/wp-content\/uploads\/2023\/02\/chang_dirArtboard-1@3x-100.jpg\" \/>\n\t<meta property=\"og:image:width\" content=\"753\" \/>\n\t<meta property=\"og:image:height\" content=\"424\" \/>\n\t<meta property=\"og:image:type\" content=\"image\/jpeg\" \/>\n<meta name=\"author\" content=\"Antonio Barros\" \/>\n<meta name=\"twitter:card\" content=\"summary_large_image\" \/>\n<meta name=\"twitter:label1\" content=\"Written by\" \/>\n\t<meta name=\"twitter:data1\" content=\"Antonio Barros\" \/>\n\t<meta name=\"twitter:label2\" content=\"Estimated reading time\" \/>\n\t<meta name=\"twitter:data2\" content=\"4 minutes\" \/>\n<script type=\"application\/ld+json\" class=\"yoast-schema-graph\">{\"@context\":\"https:\\\/\\\/schema.org\",\"@graph\":[{\"@type\":\"Article\",\"@id\":\"https:\\\/\\\/imredd.fr\\\/changement-de-direction-au-sein-de-limredd\\\/#article\",\"isPartOf\":{\"@id\":\"https:\\\/\\\/imredd.fr\\\/changement-de-direction-au-sein-de-limredd\\\/\"},\"author\":{\"name\":\"Antonio Barros\",\"@id\":\"https:\\\/\\\/imredd.fr\\\/#\\\/schema\\\/person\\\/41e50290e799cf196e315345a93c68de\"},\"headline\":\"Changement de direction au sein de l\u2019IMREDD\",\"datePublished\":\"2023-02-02T09:48:11+00:00\",\"dateModified\":\"2026-01-08T11:22:53+00:00\",\"mainEntityOfPage\":{\"@id\":\"https:\\\/\\\/imredd.fr\\\/changement-de-direction-au-sein-de-limredd\\\/\"},\"wordCount\":796,\"commentCount\":0,\"publisher\":{\"@id\":\"https:\\\/\\\/imredd.fr\\\/#organization\"},\"image\":{\"@id\":\"https:\\\/\\\/imredd.fr\\\/changement-de-direction-au-sein-de-limredd\\\/#primaryimage\"},\"thumbnailUrl\":\"https:\\\/\\\/imredd.fr\\\/wp-content\\\/uploads\\\/2023\\\/02\\\/chang_dirArtboard-1@3x-100.jpg\",\"articleSection\":[\"Institutionnel\"],\"inLanguage\":\"en-GB\",\"potentialAction\":[{\"@type\":\"CommentAction\",\"name\":\"Comment\",\"target\":[\"https:\\\/\\\/imredd.fr\\\/changement-de-direction-au-sein-de-limredd\\\/#respond\"]}]},{\"@type\":\"WebPage\",\"@id\":\"https:\\\/\\\/imredd.fr\\\/changement-de-direction-au-sein-de-limredd\\\/\",\"url\":\"https:\\\/\\\/imredd.fr\\\/changement-de-direction-au-sein-de-limredd\\\/\",\"name\":\"Changement de direction au sein de l\u2019IMREDD - IMREDD - Universit\u00e9 C\u00f4te d&#039;Azur\",\"isPartOf\":{\"@id\":\"https:\\\/\\\/imredd.fr\\\/#website\"},\"primaryImageOfPage\":{\"@id\":\"https:\\\/\\\/imredd.fr\\\/changement-de-direction-au-sein-de-limredd\\\/#primaryimage\"},\"image\":{\"@id\":\"https:\\\/\\\/imredd.fr\\\/changement-de-direction-au-sein-de-limredd\\\/#primaryimage\"},\"thumbnailUrl\":\"https:\\\/\\\/imredd.fr\\\/wp-content\\\/uploads\\\/2023\\\/02\\\/chang_dirArtboard-1@3x-100.jpg\",\"datePublished\":\"2023-02-02T09:48:11+00:00\",\"dateModified\":\"2026-01-08T11:22:53+00:00\",\"breadcrumb\":{\"@id\":\"https:\\\/\\\/imredd.fr\\\/changement-de-direction-au-sein-de-limredd\\\/#breadcrumb\"},\"inLanguage\":\"en-GB\",\"potentialAction\":[{\"@type\":\"ReadAction\",\"target\":[\"https:\\\/\\\/imredd.fr\\\/changement-de-direction-au-sein-de-limredd\\\/\"]}]},{\"@type\":\"ImageObject\",\"inLanguage\":\"en-GB\",\"@id\":\"https:\\\/\\\/imredd.fr\\\/changement-de-direction-au-sein-de-limredd\\\/#primaryimage\",\"url\":\"https:\\\/\\\/imredd.fr\\\/wp-content\\\/uploads\\\/2023\\\/02\\\/chang_dirArtboard-1@3x-100.jpg\",\"contentUrl\":\"https:\\\/\\\/imredd.fr\\\/wp-content\\\/uploads\\\/2023\\\/02\\\/chang_dirArtboard-1@3x-100.jpg\",\"width\":753,\"height\":424},{\"@type\":\"BreadcrumbList\",\"@id\":\"https:\\\/\\\/imredd.fr\\\/changement-de-direction-au-sein-de-limredd\\\/#breadcrumb\",\"itemListElement\":[{\"@type\":\"ListItem\",\"position\":1,\"name\":\"Accueil\",\"item\":\"https:\\\/\\\/imredd.fr\\\/\"},{\"@type\":\"ListItem\",\"position\":2,\"name\":\"Changement de direction au sein de l\u2019IMREDD\"}]},{\"@type\":\"WebSite\",\"@id\":\"https:\\\/\\\/imredd.fr\\\/#website\",\"url\":\"https:\\\/\\\/imredd.fr\\\/\",\"name\":\"IMREDD - Universit\u00e9 C\u00f4te d'Azur\",\"description\":\"Institut M\u00e9diterran\u00e9en du Risque, de l&#039;Environnement et du D\u00e9veloppement Durable\",\"publisher\":{\"@id\":\"https:\\\/\\\/imredd.fr\\\/#organization\"},\"potentialAction\":[{\"@type\":\"SearchAction\",\"target\":{\"@type\":\"EntryPoint\",\"urlTemplate\":\"https:\\\/\\\/imredd.fr\\\/?s={search_term_string}\"},\"query-input\":{\"@type\":\"PropertyValueSpecification\",\"valueRequired\":true,\"valueName\":\"search_term_string\"}}],\"inLanguage\":\"en-GB\"},{\"@type\":\"Organization\",\"@id\":\"https:\\\/\\\/imredd.fr\\\/#organization\",\"name\":\"IMREDD - Institut M\u00e9diterran\u00e9en du Risque, de l'Environnement et du D\u00e9veloppement Durable\",\"url\":\"https:\\\/\\\/imredd.fr\\\/\",\"logo\":{\"@type\":\"ImageObject\",\"inLanguage\":\"en-GB\",\"@id\":\"https:\\\/\\\/imredd.fr\\\/#\\\/schema\\\/logo\\\/image\\\/\",\"url\":\"https:\\\/\\\/imredd.fr\\\/wp-content\\\/uploads\\\/2025\\\/07\\\/IMREDD-Logo-couleurs-transparent.png\",\"contentUrl\":\"https:\\\/\\\/imredd.fr\\\/wp-content\\\/uploads\\\/2025\\\/07\\\/IMREDD-Logo-couleurs-transparent.png\",\"width\":959,\"height\":164,\"caption\":\"IMREDD - Institut M\u00e9diterran\u00e9en du Risque, de l'Environnement et du D\u00e9veloppement Durable\"},\"image\":{\"@id\":\"https:\\\/\\\/imredd.fr\\\/#\\\/schema\\\/logo\\\/image\\\/\"},\"sameAs\":[\"http:\\\/\\\/facebook.com\\\/imredd.uca\",\"http:\\\/\\\/linkedin.com\\\/showcase\\\/imredd\"]},{\"@type\":\"Person\",\"@id\":\"https:\\\/\\\/imredd.fr\\\/#\\\/schema\\\/person\\\/41e50290e799cf196e315345a93c68de\",\"name\":\"Antonio Barros\",\"image\":{\"@type\":\"ImageObject\",\"inLanguage\":\"en-GB\",\"@id\":\"https:\\\/\\\/secure.gravatar.com\\\/avatar\\\/f4be75a97d6a27aad47c779bf7bfef9978f4ce4cf5a3c6160d97f893788ce445?s=96&d=mm&r=g\",\"url\":\"https:\\\/\\\/secure.gravatar.com\\\/avatar\\\/f4be75a97d6a27aad47c779bf7bfef9978f4ce4cf5a3c6160d97f893788ce445?s=96&d=mm&r=g\",\"contentUrl\":\"https:\\\/\\\/secure.gravatar.com\\\/avatar\\\/f4be75a97d6a27aad47c779bf7bfef9978f4ce4cf5a3c6160d97f893788ce445?s=96&d=mm&r=g\",\"caption\":\"Antonio Barros\"},\"url\":\"https:\\\/\\\/imredd.fr\\\/en\\\/author\\\/imredd-com\\\/\"}]}<\/script>\n<!-- \/ Yoast SEO Premium plugin. -->","yoast_head_json":{"title":"Change of leadership at IMREDD - IMREDD - Universit\u00e9 C\u00f4te d'Azur","robots":{"index":"index","follow":"follow","max-snippet":"max-snippet:-1","max-image-preview":"max-image-preview:large","max-video-preview":"max-video-preview:-1"},"canonical":"https:\/\/imredd.fr\/en\/change-of-management-within-limredd\/","og_locale":"en_GB","og_type":"article","og_title":"Changement de direction au sein de l\u2019IMREDD","og_description":"Emmanuel Tric est nomm\u00e9 Directeur par int\u00e9rim de l\u2019IMREDD \u00e0 compter du 1er f\u00e9vrier 2023. Il succ\u00e8de \u00e0 Eric Dumetz, directeur de l\u2019Institut depuis septembre 2021, et pr\u00e9alablement directeur adjoint depuis 2013. Apr\u00e8s 10 ann\u00e9es \u00e0 imaginer et co-construire l\u2019IMREDD, Eric Dumetz a souhait\u00e9 se consacrer pleinement \u00e0 la Fondation Universit\u00e9 C\u00f4te d\u2019Azur qui d\u00e9bute son renouvellement avec de nouvelles ambitions.","og_url":"https:\/\/imredd.fr\/en\/change-of-management-within-limredd\/","og_site_name":"IMREDD - Universit\u00e9 C\u00f4te d&#039;Azur","article_publisher":"http:\/\/facebook.com\/imredd.uca","article_published_time":"2023-02-02T09:48:11+00:00","article_modified_time":"2026-01-08T11:22:53+00:00","og_image":[{"width":753,"height":424,"url":"https:\/\/imredd.fr\/wp-content\/uploads\/2023\/02\/chang_dirArtboard-1@3x-100.jpg","type":"image\/jpeg"}],"author":"Antonio Barros","twitter_card":"summary_large_image","twitter_misc":{"Written by":"Antonio Barros","Estimated reading time":"4 minutes"},"schema":{"@context":"https:\/\/schema.org","@graph":[{"@type":"Article","@id":"https:\/\/imredd.fr\/changement-de-direction-au-sein-de-limredd\/#article","isPartOf":{"@id":"https:\/\/imredd.fr\/changement-de-direction-au-sein-de-limredd\/"},"author":{"name":"Antonio Barros","@id":"https:\/\/imredd.fr\/#\/schema\/person\/41e50290e799cf196e315345a93c68de"},"headline":"Changement de direction au sein de l\u2019IMREDD","datePublished":"2023-02-02T09:48:11+00:00","dateModified":"2026-01-08T11:22:53+00:00","mainEntityOfPage":{"@id":"https:\/\/imredd.fr\/changement-de-direction-au-sein-de-limredd\/"},"wordCount":796,"commentCount":0,"publisher":{"@id":"https:\/\/imredd.fr\/#organization"},"image":{"@id":"https:\/\/imredd.fr\/changement-de-direction-au-sein-de-limredd\/#primaryimage"},"thumbnailUrl":"https:\/\/imredd.fr\/wp-content\/uploads\/2023\/02\/chang_dirArtboard-1@3x-100.jpg","articleSection":["Institutionnel"],"inLanguage":"en-GB","potentialAction":[{"@type":"CommentAction","name":"Comment","target":["https:\/\/imredd.fr\/changement-de-direction-au-sein-de-limredd\/#respond"]}]},{"@type":"WebPage","@id":"https:\/\/imredd.fr\/changement-de-direction-au-sein-de-limredd\/","url":"https:\/\/imredd.fr\/changement-de-direction-au-sein-de-limredd\/","name":"Change of leadership at IMREDD - IMREDD - Universit\u00e9 C\u00f4te d'Azur","isPartOf":{"@id":"https:\/\/imredd.fr\/#website"},"primaryImageOfPage":{"@id":"https:\/\/imredd.fr\/changement-de-direction-au-sein-de-limredd\/#primaryimage"},"image":{"@id":"https:\/\/imredd.fr\/changement-de-direction-au-sein-de-limredd\/#primaryimage"},"thumbnailUrl":"https:\/\/imredd.fr\/wp-content\/uploads\/2023\/02\/chang_dirArtboard-1@3x-100.jpg","datePublished":"2023-02-02T09:48:11+00:00","dateModified":"2026-01-08T11:22:53+00:00","breadcrumb":{"@id":"https:\/\/imredd.fr\/changement-de-direction-au-sein-de-limredd\/#breadcrumb"},"inLanguage":"en-GB","potentialAction":[{"@type":"ReadAction","target":["https:\/\/imredd.fr\/changement-de-direction-au-sein-de-limredd\/"]}]},{"@type":"ImageObject","inLanguage":"en-GB","@id":"https:\/\/imredd.fr\/changement-de-direction-au-sein-de-limredd\/#primaryimage","url":"https:\/\/imredd.fr\/wp-content\/uploads\/2023\/02\/chang_dirArtboard-1@3x-100.jpg","contentUrl":"https:\/\/imredd.fr\/wp-content\/uploads\/2023\/02\/chang_dirArtboard-1@3x-100.jpg","width":753,"height":424},{"@type":"BreadcrumbList","@id":"https:\/\/imredd.fr\/changement-de-direction-au-sein-de-limredd\/#breadcrumb","itemListElement":[{"@type":"ListItem","position":1,"name":"Accueil","item":"https:\/\/imredd.fr\/"},{"@type":"ListItem","position":2,"name":"Changement de direction au sein de l\u2019IMREDD"}]},{"@type":"WebSite","@id":"https:\/\/imredd.fr\/#website","url":"https:\/\/imredd.fr\/","name":"IMREDD - C\u00f4te d'Azur University","description":"Mediterranean Institute for Risk, Environment and Sustainable Development","publisher":{"@id":"https:\/\/imredd.fr\/#organization"},"potentialAction":[{"@type":"SearchAction","target":{"@type":"EntryPoint","urlTemplate":"https:\/\/imredd.fr\/?s={search_term_string}"},"query-input":{"@type":"PropertyValueSpecification","valueRequired":true,"valueName":"search_term_string"}}],"inLanguage":"en-GB"},{"@type":"Organization","@id":"https:\/\/imredd.fr\/#organization","name":"IMREDD - Mediterranean Institute for Risk, Environment and Sustainable Development","url":"https:\/\/imredd.fr\/","logo":{"@type":"ImageObject","inLanguage":"en-GB","@id":"https:\/\/imredd.fr\/#\/schema\/logo\/image\/","url":"https:\/\/imredd.fr\/wp-content\/uploads\/2025\/07\/IMREDD-Logo-couleurs-transparent.png","contentUrl":"https:\/\/imredd.fr\/wp-content\/uploads\/2025\/07\/IMREDD-Logo-couleurs-transparent.png","width":959,"height":164,"caption":"IMREDD - Institut M\u00e9diterran\u00e9en du Risque, de l'Environnement et du D\u00e9veloppement Durable"},"image":{"@id":"https:\/\/imredd.fr\/#\/schema\/logo\/image\/"},"sameAs":["http:\/\/facebook.com\/imredd.uca","http:\/\/linkedin.com\/showcase\/imredd"]},{"@type":"Person","@id":"https:\/\/imredd.fr\/#\/schema\/person\/41e50290e799cf196e315345a93c68de","name":"Antonio Barros","image":{"@type":"ImageObject","inLanguage":"en-GB","@id":"https:\/\/secure.gravatar.com\/avatar\/f4be75a97d6a27aad47c779bf7bfef9978f4ce4cf5a3c6160d97f893788ce445?s=96&d=mm&r=g","url":"https:\/\/secure.gravatar.com\/avatar\/f4be75a97d6a27aad47c779bf7bfef9978f4ce4cf5a3c6160d97f893788ce445?s=96&d=mm&r=g","contentUrl":"https:\/\/secure.gravatar.com\/avatar\/f4be75a97d6a27aad47c779bf7bfef9978f4ce4cf5a3c6160d97f893788ce445?s=96&d=mm&r=g","caption":"Antonio Barros"},"url":"https:\/\/imredd.fr\/en\/author\/imredd-com\/"}]}},"_links":{"self":[{"href":"https:\/\/imredd.fr\/en\/wp-json\/wp\/v2\/posts\/22127","targetHints":{"allow":["GET"]}}],"collection":[{"href":"https:\/\/imredd.fr\/en\/wp-json\/wp\/v2\/posts"}],"about":[{"href":"https:\/\/imredd.fr\/en\/wp-json\/wp\/v2\/types\/post"}],"author":[{"embeddable":true,"href":"https:\/\/imredd.fr\/en\/wp-json\/wp\/v2\/users\/2"}],"replies":[{"embeddable":true,"href":"https:\/\/imredd.fr\/en\/wp-json\/wp\/v2\/comments?post=22127"}],"version-history":[{"count":0,"href":"https:\/\/imredd.fr\/en\/wp-json\/wp\/v2\/posts\/22127\/revisions"}],"wp:featuredmedia":[{"embeddable":true,"href":"https:\/\/imredd.fr\/en\/wp-json\/wp\/v2\/media\/22128"}],"wp:attachment":[{"href":"https:\/\/imredd.fr\/en\/wp-json\/wp\/v2\/media?parent=22127"}],"wp:term":[{"taxonomy":"category","embeddable":true,"href":"https:\/\/imredd.fr\/en\/wp-json\/wp\/v2\/categories?post=22127"},{"taxonomy":"post_tag","embeddable":true,"href":"https:\/\/imredd.fr\/en\/wp-json\/wp\/v2\/tags?post=22127"}],"curies":[{"name":"wp","href":"https:\/\/api.w.org\/{rel}","templated":true}]}}