{"id":22153,"date":"2023-02-09T17:26:17","date_gmt":"2023-02-09T16:26:17","guid":{"rendered":"https:\/\/imredd.fr\/?p=22153"},"modified":"2026-01-12T19:13:59","modified_gmt":"2026-01-12T18:13:59","slug":"jean-noel-barrot-minister-delegate-for-digital-transition-and-telecommunications-visits-limredd","status":"publish","type":"post","link":"https:\/\/imredd.fr\/en\/jean-noel-barrot-ministre-delegue-charge-de-la-transition-numerique-et-des-telecommunications-visite-limredd\/","title":{"rendered":"Jean-No\u00ebl Barrot, Minister for Digital Transition and Telecommunications, visits IMREDD"},"content":{"rendered":"<p>During a visit to the Alpes-Maritimes for the WAICF (World Artificial Intelligence Cannes Forum), Jean-No\u00ebl Barrot, Minister Delegate for Digital Transition and Telecommunications, visited the IMREDD to discover the role played by this component of the Universit\u00e9 C\u00f4te d'Azur in the region's social, economic and academic fabric.<\/p>\n<p>During this visit, the Minister discovered the various partnership projects in which the IMREDD is involved, such as <a href=\"http:\/\/puma-x.fr\">PUMA-X<\/a>, The aim is to develop a modular, interoperable crisis management interface; ; <a href=\"http:\/\/serenity-project.eu\">Serenity<\/a>, a real-time analysis solution for multimodal flows; the <a href=\"http:\/\/chaire-tna.imredd.fr\">Territories &amp; Autonomous Shuttles Chair<\/a>, The UX for Smart Life Chair, which focuses on the home of the future and how it can be adapted to the needs of residents throughout their lives.<\/p>\n<div id='gallery-1' class='gallery galleryid-22153 gallery-columns-3 gallery-size-thumbnail'><figure class='gallery-item'>\n\t\t\t<div class='gallery-icon landscape'>\n\t\t\t\t<a href='https:\/\/imredd.fr\/en\/20230209_visite_ministre_barrot_250\/'><img loading=\"lazy\" decoding=\"async\" width=\"150\" height=\"150\" src=\"https:\/\/imredd.fr\/wp-content\/uploads\/2023\/02\/20230209_Visite_Ministre_Barrot_250-150x150.jpeg\" class=\"attachment-thumbnail size-thumbnail\" alt=\"\" \/><\/a>\n\t\t\t<\/div><\/figure><figure class='gallery-item'>\n\t\t\t<div class='gallery-icon landscape'>\n\t\t\t\t<a href='https:\/\/imredd.fr\/en\/20230209_visite_ministre_barrot_249\/'><img loading=\"lazy\" decoding=\"async\" width=\"150\" height=\"150\" src=\"https:\/\/imredd.fr\/wp-content\/uploads\/2023\/02\/20230209_Visite_Ministre_Barrot_249-150x150.jpeg\" class=\"attachment-thumbnail size-thumbnail\" alt=\"\" \/><\/a>\n\t\t\t<\/div><\/figure><figure class='gallery-item'>\n\t\t\t<div class='gallery-icon landscape'>\n\t\t\t\t<a href='https:\/\/imredd.fr\/en\/20230209_visite_ministre_barrot_248\/'><img loading=\"lazy\" decoding=\"async\" width=\"150\" height=\"150\" src=\"https:\/\/imredd.fr\/wp-content\/uploads\/2023\/02\/20230209_Visite_Ministre_Barrot_248-150x150.jpeg\" class=\"attachment-thumbnail size-thumbnail\" alt=\"\" \/><\/a>\n\t\t\t<\/div><\/figure><figure class='gallery-item'>\n\t\t\t<div class='gallery-icon landscape'>\n\t\t\t\t<a href='https:\/\/imredd.fr\/en\/20230209_visite_ministre_barrot_247\/'><img loading=\"lazy\" decoding=\"async\" width=\"150\" height=\"150\" src=\"https:\/\/imredd.fr\/wp-content\/uploads\/2023\/02\/20230209_Visite_Ministre_Barrot_247-150x150.jpeg\" class=\"attachment-thumbnail size-thumbnail\" alt=\"\" \/><\/a>\n\t\t\t<\/div><\/figure><figure class='gallery-item'>\n\t\t\t<div class='gallery-icon landscape'>\n\t\t\t\t<a href='https:\/\/imredd.fr\/en\/20230209_visite_ministre_barrot_239\/'><img loading=\"lazy\" decoding=\"async\" width=\"150\" height=\"150\" src=\"https:\/\/imredd.fr\/wp-content\/uploads\/2023\/02\/20230209_Visite_Ministre_Barrot_239-150x150.jpeg\" class=\"attachment-thumbnail size-thumbnail\" alt=\"\" \/><\/a>\n\t\t\t<\/div><\/figure><figure class='gallery-item'>\n\t\t\t<div class='gallery-icon landscape'>\n\t\t\t\t<a href='https:\/\/imredd.fr\/en\/20230209_visite_ministre_barrot_236\/'><img loading=\"lazy\" decoding=\"async\" width=\"150\" height=\"150\" src=\"https:\/\/imredd.fr\/wp-content\/uploads\/2023\/02\/20230209_Visite_Ministre_Barrot_236-150x150.jpeg\" class=\"attachment-thumbnail size-thumbnail\" alt=\"\" \/><\/a>\n\t\t\t<\/div><\/figure><figure class='gallery-item'>\n\t\t\t<div class='gallery-icon landscape'>\n\t\t\t\t<a href='https:\/\/imredd.fr\/en\/20230209_visite_ministre_barrot_232\/'><img loading=\"lazy\" decoding=\"async\" width=\"150\" height=\"150\" src=\"https:\/\/imredd.fr\/wp-content\/uploads\/2023\/02\/20230209_Visite_Ministre_Barrot_232-150x150.jpeg\" class=\"attachment-thumbnail size-thumbnail\" alt=\"\" \/><\/a>\n\t\t\t<\/div><\/figure><figure class='gallery-item'>\n\t\t\t<div class='gallery-icon landscape'>\n\t\t\t\t<a href='https:\/\/imredd.fr\/en\/20230209_visite_ministre_barrot_231\/'><img loading=\"lazy\" decoding=\"async\" width=\"150\" height=\"150\" src=\"https:\/\/imredd.fr\/wp-content\/uploads\/2023\/02\/20230209_Visite_Ministre_Barrot_231-150x150.jpeg\" class=\"attachment-thumbnail size-thumbnail\" alt=\"\" \/><\/a>\n\t\t\t<\/div><\/figure><figure class='gallery-item'>\n\t\t\t<div class='gallery-icon landscape'>\n\t\t\t\t<a href='https:\/\/imredd.fr\/en\/20230209_visite_ministre_barrot_229\/'><img loading=\"lazy\" decoding=\"async\" width=\"150\" height=\"150\" src=\"https:\/\/imredd.fr\/wp-content\/uploads\/2023\/02\/20230209_Visite_Ministre_Barrot_229-150x150.jpeg\" class=\"attachment-thumbnail size-thumbnail\" alt=\"\" \/><\/a>\n\t\t\t<\/div><\/figure><figure class='gallery-item'>\n\t\t\t<div class='gallery-icon landscape'>\n\t\t\t\t<a href='https:\/\/imredd.fr\/en\/20230209_visite_ministre_barrot_222\/'><img loading=\"lazy\" decoding=\"async\" width=\"150\" height=\"150\" src=\"https:\/\/imredd.fr\/wp-content\/uploads\/2023\/02\/20230209_Visite_Ministre_Barrot_222-150x150.jpeg\" class=\"attachment-thumbnail size-thumbnail\" alt=\"\" \/><\/a>\n\t\t\t<\/div><\/figure><figure class='gallery-item'>\n\t\t\t<div class='gallery-icon landscape'>\n\t\t\t\t<a href='https:\/\/imredd.fr\/en\/20230209_visite_ministre_barrot_220\/'><img loading=\"lazy\" decoding=\"async\" width=\"150\" height=\"150\" src=\"https:\/\/imredd.fr\/wp-content\/uploads\/2023\/02\/20230209_Visite_Ministre_Barrot_220-150x150.jpeg\" class=\"attachment-thumbnail size-thumbnail\" alt=\"\" \/><\/a>\n\t\t\t<\/div><\/figure><figure class='gallery-item'>\n\t\t\t<div class='gallery-icon landscape'>\n\t\t\t\t<a href='https:\/\/imredd.fr\/en\/20230209_visite_ministre_barrot_219\/'><img loading=\"lazy\" decoding=\"async\" width=\"150\" height=\"150\" src=\"https:\/\/imredd.fr\/wp-content\/uploads\/2023\/02\/20230209_Visite_Ministre_Barrot_219-150x150.jpeg\" class=\"attachment-thumbnail size-thumbnail\" alt=\"\" \/><\/a>\n\t\t\t<\/div><\/figure><figure class='gallery-item'>\n\t\t\t<div class='gallery-icon landscape'>\n\t\t\t\t<a href='https:\/\/imredd.fr\/en\/20230209_visite_ministre_barrot_209\/'><img loading=\"lazy\" decoding=\"async\" width=\"150\" height=\"150\" src=\"https:\/\/imredd.fr\/wp-content\/uploads\/2023\/02\/20230209_Visite_Ministre_Barrot_209-150x150.jpeg\" class=\"attachment-thumbnail size-thumbnail\" alt=\"\" \/><\/a>\n\t\t\t<\/div><\/figure><figure class='gallery-item'>\n\t\t\t<div class='gallery-icon landscape'>\n\t\t\t\t<a href='https:\/\/imredd.fr\/en\/20230209_visite_ministre_barrot_205\/'><img loading=\"lazy\" decoding=\"async\" width=\"150\" height=\"150\" src=\"https:\/\/imredd.fr\/wp-content\/uploads\/2023\/02\/20230209_Visite_Ministre_Barrot_205-150x150.jpeg\" class=\"attachment-thumbnail size-thumbnail\" alt=\"\" \/><\/a>\n\t\t\t<\/div><\/figure><figure class='gallery-item'>\n\t\t\t<div class='gallery-icon landscape'>\n\t\t\t\t<a href='https:\/\/imredd.fr\/en\/20230209_visite_ministre_barrot_202\/'><img loading=\"lazy\" decoding=\"async\" width=\"150\" height=\"150\" src=\"https:\/\/imredd.fr\/wp-content\/uploads\/2023\/02\/20230209_Visite_Ministre_Barrot_202-150x150.jpeg\" class=\"attachment-thumbnail size-thumbnail\" alt=\"\" \/><\/a>\n\t\t\t<\/div><\/figure><figure class='gallery-item'>\n\t\t\t<div class='gallery-icon landscape'>\n\t\t\t\t<a href='https:\/\/imredd.fr\/en\/20230209_visite_ministre_barrot_199\/'><img loading=\"lazy\" decoding=\"async\" width=\"150\" height=\"150\" src=\"https:\/\/imredd.fr\/wp-content\/uploads\/2023\/02\/20230209_Visite_Ministre_Barrot_199-150x150.jpeg\" class=\"attachment-thumbnail size-thumbnail\" alt=\"\" \/><\/a>\n\t\t\t<\/div><\/figure><figure class='gallery-item'>\n\t\t\t<div class='gallery-icon landscape'>\n\t\t\t\t<a href='https:\/\/imredd.fr\/en\/20230209_visite_ministre_barrot_192\/'><img loading=\"lazy\" decoding=\"async\" width=\"150\" height=\"150\" src=\"https:\/\/imredd.fr\/wp-content\/uploads\/2023\/02\/20230209_Visite_Ministre_Barrot_192-150x150.jpeg\" class=\"attachment-thumbnail size-thumbnail\" alt=\"\" \/><\/a>\n\t\t\t<\/div><\/figure><figure class='gallery-item'>\n\t\t\t<div class='gallery-icon landscape'>\n\t\t\t\t<a href='https:\/\/imredd.fr\/en\/20230209_visite_ministre_barrot_187\/'><img loading=\"lazy\" decoding=\"async\" width=\"150\" height=\"150\" src=\"https:\/\/imredd.fr\/wp-content\/uploads\/2023\/02\/20230209_Visite_Ministre_Barrot_187-150x150.jpeg\" class=\"attachment-thumbnail size-thumbnail\" alt=\"\" \/><\/a>\n\t\t\t<\/div><\/figure><figure class='gallery-item'>\n\t\t\t<div class='gallery-icon landscape'>\n\t\t\t\t<a href='https:\/\/imredd.fr\/en\/20230209_visite_ministre_barrot_185\/'><img loading=\"lazy\" decoding=\"async\" width=\"150\" height=\"150\" src=\"https:\/\/imredd.fr\/wp-content\/uploads\/2023\/02\/20230209_Visite_Ministre_Barrot_185-150x150.jpeg\" class=\"attachment-thumbnail size-thumbnail\" alt=\"\" \/><\/a>\n\t\t\t<\/div><\/figure><figure class='gallery-item'>\n\t\t\t<div class='gallery-icon landscape'>\n\t\t\t\t<a href='https:\/\/imredd.fr\/en\/20230209_visite_ministre_barrot_182\/'><img loading=\"lazy\" decoding=\"async\" width=\"150\" height=\"150\" src=\"https:\/\/imredd.fr\/wp-content\/uploads\/2023\/02\/20230209_Visite_Ministre_Barrot_182-150x150.jpeg\" class=\"attachment-thumbnail size-thumbnail\" alt=\"\" \/><\/a>\n\t\t\t<\/div><\/figure><figure class='gallery-item'>\n\t\t\t<div class='gallery-icon landscape'>\n\t\t\t\t<a href='https:\/\/imredd.fr\/en\/20230209_visite_ministre_barrot_179\/'><img loading=\"lazy\" decoding=\"async\" width=\"150\" height=\"150\" src=\"https:\/\/imredd.fr\/wp-content\/uploads\/2023\/02\/20230209_Visite_Ministre_Barrot_179-150x150.jpeg\" class=\"attachment-thumbnail size-thumbnail\" alt=\"\" \/><\/a>\n\t\t\t<\/div><\/figure><figure class='gallery-item'>\n\t\t\t<div class='gallery-icon landscape'>\n\t\t\t\t<a href='https:\/\/imredd.fr\/en\/20230209_visite_ministre_barrot_177\/'><img loading=\"lazy\" decoding=\"async\" width=\"150\" height=\"150\" src=\"https:\/\/imredd.fr\/wp-content\/uploads\/2023\/02\/20230209_Visite_Ministre_Barrot_177-150x150.jpeg\" class=\"attachment-thumbnail size-thumbnail\" alt=\"\" \/><\/a>\n\t\t\t<\/div><\/figure><figure class='gallery-item'>\n\t\t\t<div class='gallery-icon landscape'>\n\t\t\t\t<a href='https:\/\/imredd.fr\/en\/20230209_visite_ministre_barrot_168\/'><img loading=\"lazy\" decoding=\"async\" width=\"150\" height=\"150\" src=\"https:\/\/imredd.fr\/wp-content\/uploads\/2023\/02\/20230209_Visite_Ministre_Barrot_168-150x150.jpeg\" class=\"attachment-thumbnail size-thumbnail\" alt=\"\" \/><\/a>\n\t\t\t<\/div><\/figure><figure class='gallery-item'>\n\t\t\t<div class='gallery-icon landscape'>\n\t\t\t\t<a href='https:\/\/imredd.fr\/en\/20230209_visite_ministre_barrot_167\/'><img loading=\"lazy\" decoding=\"async\" width=\"150\" height=\"150\" src=\"https:\/\/imredd.fr\/wp-content\/uploads\/2023\/02\/20230209_Visite_Ministre_Barrot_167-150x150.jpeg\" class=\"attachment-thumbnail size-thumbnail\" alt=\"\" \/><\/a>\n\t\t\t<\/div><\/figure><figure class='gallery-item'>\n\t\t\t<div class='gallery-icon landscape'>\n\t\t\t\t<a href='https:\/\/imredd.fr\/en\/20230209_visite_ministre_barrot_159\/'><img loading=\"lazy\" decoding=\"async\" width=\"150\" height=\"150\" src=\"https:\/\/imredd.fr\/wp-content\/uploads\/2023\/02\/20230209_Visite_Ministre_Barrot_159-150x150.jpeg\" class=\"attachment-thumbnail size-thumbnail\" alt=\"\" \/><\/a>\n\t\t\t<\/div><\/figure><figure class='gallery-item'>\n\t\t\t<div class='gallery-icon landscape'>\n\t\t\t\t<a href='https:\/\/imredd.fr\/en\/20230209_visite_ministre_barrot_157\/'><img loading=\"lazy\" decoding=\"async\" width=\"150\" height=\"150\" src=\"https:\/\/imredd.fr\/wp-content\/uploads\/2023\/02\/20230209_Visite_Ministre_Barrot_157-150x150.jpeg\" class=\"attachment-thumbnail size-thumbnail\" alt=\"\" \/><\/a>\n\t\t\t<\/div><\/figure><figure class='gallery-item'>\n\t\t\t<div class='gallery-icon landscape'>\n\t\t\t\t<a href='https:\/\/imredd.fr\/en\/20230209_visite_ministre_barrot_156\/'><img loading=\"lazy\" decoding=\"async\" width=\"150\" height=\"150\" src=\"https:\/\/imredd.fr\/wp-content\/uploads\/2023\/02\/20230209_Visite_Ministre_Barrot_156-150x150.jpeg\" class=\"attachment-thumbnail size-thumbnail\" alt=\"\" \/><\/a>\n\t\t\t<\/div><\/figure><figure class='gallery-item'>\n\t\t\t<div class='gallery-icon landscape'>\n\t\t\t\t<a href='https:\/\/imredd.fr\/en\/20230209_visite_ministre_barrot_144\/'><img loading=\"lazy\" decoding=\"async\" width=\"150\" height=\"150\" src=\"https:\/\/imredd.fr\/wp-content\/uploads\/2023\/02\/20230209_Visite_Ministre_Barrot_144-150x150.jpeg\" class=\"attachment-thumbnail size-thumbnail\" alt=\"\" \/><\/a>\n\t\t\t<\/div><\/figure><figure class='gallery-item'>\n\t\t\t<div class='gallery-icon landscape'>\n\t\t\t\t<a href='https:\/\/imredd.fr\/en\/20230209_visite_ministre_barrot_134\/'><img loading=\"lazy\" decoding=\"async\" width=\"150\" height=\"150\" src=\"https:\/\/imredd.fr\/wp-content\/uploads\/2023\/02\/20230209_Visite_Ministre_Barrot_134-150x150.jpeg\" class=\"attachment-thumbnail size-thumbnail\" alt=\"\" \/><\/a>\n\t\t\t<\/div><\/figure><figure class='gallery-item'>\n\t\t\t<div class='gallery-icon landscape'>\n\t\t\t\t<a href='https:\/\/imredd.fr\/en\/20230209_visite_ministre_barrot_120\/'><img loading=\"lazy\" decoding=\"async\" width=\"150\" height=\"150\" src=\"https:\/\/imredd.fr\/wp-content\/uploads\/2023\/02\/20230209_Visite_Ministre_Barrot_120-150x150.jpeg\" class=\"attachment-thumbnail size-thumbnail\" alt=\"\" \/><\/a>\n\t\t\t<\/div><\/figure><figure class='gallery-item'>\n\t\t\t<div class='gallery-icon landscape'>\n\t\t\t\t<a href='https:\/\/imredd.fr\/en\/20230209_visite_ministre_barrot_114\/'><img loading=\"lazy\" decoding=\"async\" width=\"150\" height=\"150\" src=\"https:\/\/imredd.fr\/wp-content\/uploads\/2023\/02\/20230209_Visite_Ministre_Barrot_114-150x150.jpeg\" class=\"attachment-thumbnail size-thumbnail\" alt=\"\" \/><\/a>\n\t\t\t<\/div><\/figure><figure class='gallery-item'>\n\t\t\t<div class='gallery-icon landscape'>\n\t\t\t\t<a href='https:\/\/imredd.fr\/en\/20230209_visite_ministre_barrot_103\/'><img loading=\"lazy\" decoding=\"async\" width=\"150\" height=\"150\" src=\"https:\/\/imredd.fr\/wp-content\/uploads\/2023\/02\/20230209_Visite_Ministre_Barrot_103-150x150.jpeg\" class=\"attachment-thumbnail size-thumbnail\" alt=\"\" \/><\/a>\n\t\t\t<\/div><\/figure><figure class='gallery-item'>\n\t\t\t<div class='gallery-icon landscape'>\n\t\t\t\t<a href='https:\/\/imredd.fr\/en\/20230209_visite_ministre_barrot_095\/'><img loading=\"lazy\" decoding=\"async\" width=\"150\" height=\"150\" src=\"https:\/\/imredd.fr\/wp-content\/uploads\/2023\/02\/20230209_Visite_Ministre_Barrot_095-150x150.jpeg\" class=\"attachment-thumbnail size-thumbnail\" alt=\"\" \/><\/a>\n\t\t\t<\/div><\/figure><figure class='gallery-item'>\n\t\t\t<div class='gallery-icon landscape'>\n\t\t\t\t<a href='https:\/\/imredd.fr\/en\/20230209_visite_ministre_barrot_094\/'><img loading=\"lazy\" decoding=\"async\" width=\"150\" height=\"150\" src=\"https:\/\/imredd.fr\/wp-content\/uploads\/2023\/02\/20230209_Visite_Ministre_Barrot_094-150x150.jpeg\" class=\"attachment-thumbnail size-thumbnail\" alt=\"\" \/><\/a>\n\t\t\t<\/div><\/figure><figure class='gallery-item'>\n\t\t\t<div class='gallery-icon landscape'>\n\t\t\t\t<a href='https:\/\/imredd.fr\/en\/20230209_visite_ministre_barrot_085\/'><img loading=\"lazy\" decoding=\"async\" width=\"150\" height=\"150\" src=\"https:\/\/imredd.fr\/wp-content\/uploads\/2023\/02\/20230209_Visite_Ministre_Barrot_085-150x150.jpeg\" class=\"attachment-thumbnail size-thumbnail\" alt=\"\" \/><\/a>\n\t\t\t<\/div><\/figure><figure class='gallery-item'>\n\t\t\t<div class='gallery-icon landscape'>\n\t\t\t\t<a href='https:\/\/imredd.fr\/en\/20230209_visite_ministre_barrot_081\/'><img loading=\"lazy\" decoding=\"async\" width=\"150\" height=\"150\" src=\"https:\/\/imredd.fr\/wp-content\/uploads\/2023\/02\/20230209_Visite_Ministre_Barrot_081-150x150.jpeg\" class=\"attachment-thumbnail size-thumbnail\" alt=\"\" \/><\/a>\n\t\t\t<\/div><\/figure><figure class='gallery-item'>\n\t\t\t<div class='gallery-icon landscape'>\n\t\t\t\t<a href='https:\/\/imredd.fr\/en\/20230209_visite_ministre_barrot_080\/'><img loading=\"lazy\" decoding=\"async\" width=\"150\" height=\"150\" src=\"https:\/\/imredd.fr\/wp-content\/uploads\/2023\/02\/20230209_Visite_Ministre_Barrot_080-150x150.jpeg\" class=\"attachment-thumbnail size-thumbnail\" alt=\"\" \/><\/a>\n\t\t\t<\/div><\/figure><figure class='gallery-item'>\n\t\t\t<div class='gallery-icon landscape'>\n\t\t\t\t<a href='https:\/\/imredd.fr\/en\/20230209_visite_ministre_barrot_076\/'><img loading=\"lazy\" decoding=\"async\" width=\"150\" height=\"150\" src=\"https:\/\/imredd.fr\/wp-content\/uploads\/2023\/02\/20230209_Visite_Ministre_Barrot_076-150x150.jpeg\" class=\"attachment-thumbnail size-thumbnail\" alt=\"\" \/><\/a>\n\t\t\t<\/div><\/figure><figure class='gallery-item'>\n\t\t\t<div class='gallery-icon landscape'>\n\t\t\t\t<a href='https:\/\/imredd.fr\/en\/20230209_visite_ministre_barrot_073\/'><img loading=\"lazy\" decoding=\"async\" width=\"150\" height=\"150\" src=\"https:\/\/imredd.fr\/wp-content\/uploads\/2023\/02\/20230209_Visite_Ministre_Barrot_073-150x150.jpeg\" class=\"attachment-thumbnail size-thumbnail\" alt=\"\" \/><\/a>\n\t\t\t<\/div><\/figure><figure class='gallery-item'>\n\t\t\t<div class='gallery-icon landscape'>\n\t\t\t\t<a href='https:\/\/imredd.fr\/en\/20230209_visite_ministre_barrot_069\/'><img loading=\"lazy\" decoding=\"async\" width=\"150\" height=\"150\" src=\"https:\/\/imredd.fr\/wp-content\/uploads\/2023\/02\/20230209_Visite_Ministre_Barrot_069-150x150.jpeg\" class=\"attachment-thumbnail size-thumbnail\" alt=\"\" \/><\/a>\n\t\t\t<\/div><\/figure><figure class='gallery-item'>\n\t\t\t<div class='gallery-icon landscape'>\n\t\t\t\t<a href='https:\/\/imredd.fr\/en\/20230209_visite_ministre_barrot_068\/'><img loading=\"lazy\" decoding=\"async\" width=\"150\" height=\"150\" src=\"https:\/\/imredd.fr\/wp-content\/uploads\/2023\/02\/20230209_Visite_Ministre_Barrot_068-150x150.jpeg\" class=\"attachment-thumbnail size-thumbnail\" alt=\"\" \/><\/a>\n\t\t\t<\/div><\/figure><figure class='gallery-item'>\n\t\t\t<div class='gallery-icon landscape'>\n\t\t\t\t<a href='https:\/\/imredd.fr\/en\/20230209_visite_ministre_barrot_067\/'><img loading=\"lazy\" decoding=\"async\" width=\"150\" height=\"150\" src=\"https:\/\/imredd.fr\/wp-content\/uploads\/2023\/02\/20230209_Visite_Ministre_Barrot_067-150x150.jpeg\" class=\"attachment-thumbnail size-thumbnail\" alt=\"\" \/><\/a>\n\t\t\t<\/div><\/figure><figure class='gallery-item'>\n\t\t\t<div class='gallery-icon landscape'>\n\t\t\t\t<a href='https:\/\/imredd.fr\/en\/20230209_visite_ministre_barrot_060\/'><img loading=\"lazy\" decoding=\"async\" width=\"150\" height=\"150\" src=\"https:\/\/imredd.fr\/wp-content\/uploads\/2023\/02\/20230209_Visite_Ministre_Barrot_060-150x150.jpeg\" class=\"attachment-thumbnail size-thumbnail\" alt=\"\" \/><\/a>\n\t\t\t<\/div><\/figure><figure class='gallery-item'>\n\t\t\t<div class='gallery-icon landscape'>\n\t\t\t\t<a href='https:\/\/imredd.fr\/en\/20230209_visite_ministre_barrot_054\/'><img loading=\"lazy\" decoding=\"async\" width=\"150\" height=\"150\" src=\"https:\/\/imredd.fr\/wp-content\/uploads\/2023\/02\/20230209_Visite_Ministre_Barrot_054-150x150.jpeg\" class=\"attachment-thumbnail size-thumbnail\" alt=\"\" \/><\/a>\n\t\t\t<\/div><\/figure><figure class='gallery-item'>\n\t\t\t<div class='gallery-icon landscape'>\n\t\t\t\t<a href='https:\/\/imredd.fr\/en\/20230209_visite_ministre_barrot_050\/'><img loading=\"lazy\" decoding=\"async\" width=\"150\" height=\"150\" src=\"https:\/\/imredd.fr\/wp-content\/uploads\/2023\/02\/20230209_Visite_Ministre_Barrot_050-150x150.jpeg\" class=\"attachment-thumbnail size-thumbnail\" alt=\"\" \/><\/a>\n\t\t\t<\/div><\/figure><figure class='gallery-item'>\n\t\t\t<div class='gallery-icon landscape'>\n\t\t\t\t<a href='https:\/\/imredd.fr\/en\/20230209_visite_ministre_barrot_049\/'><img loading=\"lazy\" decoding=\"async\" width=\"150\" height=\"150\" src=\"https:\/\/imredd.fr\/wp-content\/uploads\/2023\/02\/20230209_Visite_Ministre_Barrot_049-150x150.jpeg\" class=\"attachment-thumbnail size-thumbnail\" alt=\"\" \/><\/a>\n\t\t\t<\/div><\/figure><figure class='gallery-item'>\n\t\t\t<div class='gallery-icon landscape'>\n\t\t\t\t<a href='https:\/\/imredd.fr\/en\/20230209_visite_ministre_barrot_042\/'><img loading=\"lazy\" decoding=\"async\" width=\"150\" height=\"150\" src=\"https:\/\/imredd.fr\/wp-content\/uploads\/2023\/02\/20230209_Visite_Ministre_Barrot_042-150x150.jpeg\" class=\"attachment-thumbnail size-thumbnail\" alt=\"\" \/><\/a>\n\t\t\t<\/div><\/figure><figure class='gallery-item'>\n\t\t\t<div class='gallery-icon landscape'>\n\t\t\t\t<a href='https:\/\/imredd.fr\/en\/20230209_visite_ministre_barrot_041\/'><img loading=\"lazy\" decoding=\"async\" width=\"150\" height=\"150\" src=\"https:\/\/imredd.fr\/wp-content\/uploads\/2023\/02\/20230209_Visite_Ministre_Barrot_041-150x150.jpeg\" class=\"attachment-thumbnail size-thumbnail\" alt=\"\" \/><\/a>\n\t\t\t<\/div><\/figure><figure class='gallery-item'>\n\t\t\t<div class='gallery-icon landscape'>\n\t\t\t\t<a href='https:\/\/imredd.fr\/en\/20230209_visite_ministre_barrot_039\/'><img loading=\"lazy\" decoding=\"async\" width=\"150\" height=\"150\" src=\"https:\/\/imredd.fr\/wp-content\/uploads\/2023\/02\/20230209_Visite_Ministre_Barrot_039-150x150.jpeg\" class=\"attachment-thumbnail size-thumbnail\" alt=\"\" \/><\/a>\n\t\t\t<\/div><\/figure><figure class='gallery-item'>\n\t\t\t<div class='gallery-icon portrait'>\n\t\t\t\t<a href='https:\/\/imredd.fr\/en\/20230209_visite_ministre_barrot_037\/'><img loading=\"lazy\" decoding=\"async\" width=\"150\" height=\"150\" src=\"https:\/\/imredd.fr\/wp-content\/uploads\/2023\/02\/20230209_Visite_Ministre_Barrot_037-150x150.jpeg\" class=\"attachment-thumbnail size-thumbnail\" alt=\"\" \/><\/a>\n\t\t\t<\/div><\/figure><figure class='gallery-item'>\n\t\t\t<div class='gallery-icon landscape'>\n\t\t\t\t<a href='https:\/\/imredd.fr\/en\/20230209_visite_ministre_barrot_036\/'><img loading=\"lazy\" decoding=\"async\" width=\"150\" height=\"150\" src=\"https:\/\/imredd.fr\/wp-content\/uploads\/2023\/02\/20230209_Visite_Ministre_Barrot_036-150x150.jpeg\" class=\"attachment-thumbnail size-thumbnail\" alt=\"\" \/><\/a>\n\t\t\t<\/div><\/figure><figure class='gallery-item'>\n\t\t\t<div class='gallery-icon portrait'>\n\t\t\t\t<a href='https:\/\/imredd.fr\/en\/20230209_visite_ministre_barrot_033\/'><img loading=\"lazy\" decoding=\"async\" width=\"150\" height=\"150\" src=\"https:\/\/imredd.fr\/wp-content\/uploads\/2023\/02\/20230209_Visite_Ministre_Barrot_033-150x150.jpeg\" class=\"attachment-thumbnail size-thumbnail\" alt=\"\" \/><\/a>\n\t\t\t<\/div><\/figure><figure class='gallery-item'>\n\t\t\t<div class='gallery-icon landscape'>\n\t\t\t\t<a href='https:\/\/imredd.fr\/en\/20230209_visite_ministre_barrot_019-2\/'><img loading=\"lazy\" decoding=\"async\" width=\"150\" height=\"150\" src=\"https:\/\/imredd.fr\/wp-content\/uploads\/2023\/02\/20230209_Visite_Ministre_Barrot_019-150x150.jpeg\" class=\"attachment-thumbnail size-thumbnail\" alt=\"\" srcset=\"https:\/\/imredd.fr\/wp-content\/uploads\/2023\/02\/20230209_Visite_Ministre_Barrot_019-150x150.jpeg 150w, https:\/\/imredd.fr\/wp-content\/uploads\/2023\/02\/20230209_Visite_Ministre_Barrot_019-1024x683-47x48.jpeg 47w\" sizes=\"auto, (max-width: 150px) 100vw, 150px\" \/><\/a>\n\t\t\t<\/div><\/figure><figure class='gallery-item'>\n\t\t\t<div class='gallery-icon landscape'>\n\t\t\t\t<a href='https:\/\/imredd.fr\/en\/20230209_visite_ministre_barrot_018\/'><img loading=\"lazy\" decoding=\"async\" width=\"150\" height=\"150\" src=\"https:\/\/imredd.fr\/wp-content\/uploads\/2023\/02\/20230209_Visite_Ministre_Barrot_018-150x150.jpeg\" class=\"attachment-thumbnail size-thumbnail\" alt=\"\" \/><\/a>\n\t\t\t<\/div><\/figure>\n\t\t<\/div>\n\n<p><!--themify_builder_static--><!--\/themify_builder_static--><\/p>","protected":false},"excerpt":{"rendered":"<p>During a visit to the Alpes-Maritimes, Jean-No\u00ebl Barrot, Minister Delegate for Digital Transition and Telecommunications, visited the IMREDD to discover the role played by this component of the Universit\u00e9 C\u00f4te d'Azur in the region's social, economic and academic fabric.<\/p>","protected":false},"author":2,"featured_media":22156,"comment_status":"open","ping_status":"open","sticky":false,"template":"","format":"standard","meta":{"footnotes":""},"categories":[26],"tags":[447,446,396,386],"class_list":["post-22153","post","type-post","status-publish","format-standard","has-post-thumbnail","hentry","category-institutionnel","tag-chaire-tna","tag-chaire-ux","tag-puma-x","tag-serenity","has-post-title","has-post-date","has-post-category","has-post-tag","has-post-comment","has-post-author",""],"yoast_head":"<!-- This site is optimized with the Yoast SEO Premium plugin v27.4 (Yoast SEO v27.4) - https:\/\/yoast.com\/product\/yoast-seo-premium-wordpress\/ -->\n<title>Jean-No\u00ebl Barrot, Ministre d\u00e9l\u00e9gu\u00e9 charg\u00e9 de la Transition Num\u00e9rique et des T\u00e9l\u00e9communications, visite l\u2019IMREDD - IMREDD - Universit\u00e9 C\u00f4te d&#039;Azur<\/title>\n<meta name=\"description\" content=\"Le Ministre d\u00e9l\u00e9gu\u00e9 charg\u00e9 de la Transition Num\u00e9rique et des T\u00e9l\u00e9communications Jean-No\u00ebl Barrot a visit\u00e9 l\u2019IMREDD pour d\u00e9couvrir son r\u00f4le dans le tissu social, \u00e9conomique et acad\u00e9mique du territoire.\" \/>\n<meta name=\"robots\" content=\"index, follow, max-snippet:-1, max-image-preview:large, max-video-preview:-1\" \/>\n<link rel=\"canonical\" href=\"https:\/\/imredd.fr\/en\/jean-noel-barrot-minister-delegate-for-digital-transition-and-telecommunications-visits-limredd\/\" \/>\n<meta property=\"og:locale\" content=\"en_GB\" \/>\n<meta property=\"og:type\" content=\"article\" \/>\n<meta property=\"og:title\" content=\"Jean-No\u00ebl Barrot, Ministre d\u00e9l\u00e9gu\u00e9 charg\u00e9 de la Transition Num\u00e9rique et des T\u00e9l\u00e9communications, visite l\u2019IMREDD\" \/>\n<meta property=\"og:description\" content=\"Le Ministre d\u00e9l\u00e9gu\u00e9 charg\u00e9 de la Transition Num\u00e9rique et des T\u00e9l\u00e9communications Jean-No\u00ebl Barrot a visit\u00e9 l\u2019IMREDD pour d\u00e9couvrir son r\u00f4le dans le tissu social, \u00e9conomique et acad\u00e9mique du territoire.\" \/>\n<meta property=\"og:url\" content=\"https:\/\/imredd.fr\/en\/jean-noel-barrot-minister-delegate-for-digital-transition-and-telecommunications-visits-limredd\/\" \/>\n<meta property=\"og:site_name\" content=\"IMREDD - Universit\u00e9 C\u00f4te d&#039;Azur\" \/>\n<meta property=\"article:publisher\" content=\"http:\/\/facebook.com\/imredd.uca\" \/>\n<meta property=\"article:published_time\" content=\"2023-02-09T16:26:17+00:00\" \/>\n<meta property=\"article:modified_time\" content=\"2026-01-12T18:13:59+00:00\" \/>\n<meta property=\"og:image\" content=\"https:\/\/imredd.fr\/wp-content\/uploads\/2023\/02\/20230209_Visite_Ministre_Barrot_019.jpeg\" \/>\n\t<meta property=\"og:image:width\" content=\"1920\" \/>\n\t<meta property=\"og:image:height\" content=\"1280\" \/>\n\t<meta property=\"og:image:type\" content=\"image\/jpeg\" \/>\n<meta name=\"author\" content=\"Antonio Barros\" \/>\n<meta name=\"twitter:card\" content=\"summary_large_image\" \/>\n<meta name=\"twitter:label1\" content=\"Written by\" \/>\n\t<meta name=\"twitter:data1\" content=\"Antonio Barros\" \/>\n\t<meta name=\"twitter:label2\" content=\"Estimated reading time\" \/>\n\t<meta name=\"twitter:data2\" content=\"1 minute\" \/>\n<script type=\"application\/ld+json\" class=\"yoast-schema-graph\">{\"@context\":\"https:\\\/\\\/schema.org\",\"@graph\":[{\"@type\":\"Article\",\"@id\":\"https:\\\/\\\/imredd.fr\\\/en\\\/jean-noel-barrot-minister-delegate-for-digital-transition-and-telecommunications-visits-limredd\\\/#article\",\"isPartOf\":{\"@id\":\"https:\\\/\\\/imredd.fr\\\/en\\\/jean-noel-barrot-minister-delegate-for-digital-transition-and-telecommunications-visits-limredd\\\/\"},\"author\":{\"name\":\"Antonio Barros\",\"@id\":\"https:\\\/\\\/imredd.fr\\\/#\\\/schema\\\/person\\\/41e50290e799cf196e315345a93c68de\"},\"headline\":\"Jean-No\u00ebl Barrot, Ministre d\u00e9l\u00e9gu\u00e9 charg\u00e9 de la Transition Num\u00e9rique et des T\u00e9l\u00e9communications, visite l\u2019IMREDD\",\"datePublished\":\"2023-02-09T16:26:17+00:00\",\"dateModified\":\"2026-01-12T18:13:59+00:00\",\"mainEntityOfPage\":{\"@id\":\"https:\\\/\\\/imredd.fr\\\/en\\\/jean-noel-barrot-minister-delegate-for-digital-transition-and-telecommunications-visits-limredd\\\/\"},\"wordCount\":192,\"commentCount\":0,\"publisher\":{\"@id\":\"https:\\\/\\\/imredd.fr\\\/#organization\"},\"image\":{\"@id\":\"https:\\\/\\\/imredd.fr\\\/en\\\/jean-noel-barrot-minister-delegate-for-digital-transition-and-telecommunications-visits-limredd\\\/#primaryimage\"},\"thumbnailUrl\":\"https:\\\/\\\/imredd.fr\\\/wp-content\\\/uploads\\\/2023\\\/02\\\/20230209_Visite_Ministre_Barrot_019.jpeg\",\"keywords\":[\"Chaire Territoires et Navettes Autonomes\",\"Chaire UX for Smart Life\",\"PUMA-X\",\"Serenity\"],\"articleSection\":[\"Institutionnel\"],\"inLanguage\":\"en-GB\",\"potentialAction\":[{\"@type\":\"CommentAction\",\"name\":\"Comment\",\"target\":[\"https:\\\/\\\/imredd.fr\\\/en\\\/jean-noel-barrot-minister-delegate-for-digital-transition-and-telecommunications-visits-limredd\\\/#respond\"]}]},{\"@type\":\"WebPage\",\"@id\":\"https:\\\/\\\/imredd.fr\\\/en\\\/jean-noel-barrot-minister-delegate-for-digital-transition-and-telecommunications-visits-limredd\\\/\",\"url\":\"https:\\\/\\\/imredd.fr\\\/en\\\/jean-noel-barrot-minister-delegate-for-digital-transition-and-telecommunications-visits-limredd\\\/\",\"name\":\"Jean-No\u00ebl Barrot, Ministre d\u00e9l\u00e9gu\u00e9 charg\u00e9 de la Transition Num\u00e9rique et des T\u00e9l\u00e9communications, visite l\u2019IMREDD - IMREDD - Universit\u00e9 C\u00f4te d&#039;Azur\",\"isPartOf\":{\"@id\":\"https:\\\/\\\/imredd.fr\\\/#website\"},\"primaryImageOfPage\":{\"@id\":\"https:\\\/\\\/imredd.fr\\\/en\\\/jean-noel-barrot-minister-delegate-for-digital-transition-and-telecommunications-visits-limredd\\\/#primaryimage\"},\"image\":{\"@id\":\"https:\\\/\\\/imredd.fr\\\/en\\\/jean-noel-barrot-minister-delegate-for-digital-transition-and-telecommunications-visits-limredd\\\/#primaryimage\"},\"thumbnailUrl\":\"https:\\\/\\\/imredd.fr\\\/wp-content\\\/uploads\\\/2023\\\/02\\\/20230209_Visite_Ministre_Barrot_019.jpeg\",\"datePublished\":\"2023-02-09T16:26:17+00:00\",\"dateModified\":\"2026-01-12T18:13:59+00:00\",\"description\":\"Le Ministre d\u00e9l\u00e9gu\u00e9 charg\u00e9 de la Transition Num\u00e9rique et des T\u00e9l\u00e9communications Jean-No\u00ebl Barrot a visit\u00e9 l\u2019IMREDD pour d\u00e9couvrir son r\u00f4le dans le tissu social, \u00e9conomique et acad\u00e9mique du territoire.\",\"breadcrumb\":{\"@id\":\"https:\\\/\\\/imredd.fr\\\/en\\\/jean-noel-barrot-minister-delegate-for-digital-transition-and-telecommunications-visits-limredd\\\/#breadcrumb\"},\"inLanguage\":\"en-GB\",\"potentialAction\":[{\"@type\":\"ReadAction\",\"target\":[\"https:\\\/\\\/imredd.fr\\\/en\\\/jean-noel-barrot-minister-delegate-for-digital-transition-and-telecommunications-visits-limredd\\\/\"]}]},{\"@type\":\"ImageObject\",\"inLanguage\":\"en-GB\",\"@id\":\"https:\\\/\\\/imredd.fr\\\/en\\\/jean-noel-barrot-minister-delegate-for-digital-transition-and-telecommunications-visits-limredd\\\/#primaryimage\",\"url\":\"https:\\\/\\\/imredd.fr\\\/wp-content\\\/uploads\\\/2023\\\/02\\\/20230209_Visite_Ministre_Barrot_019.jpeg\",\"contentUrl\":\"https:\\\/\\\/imredd.fr\\\/wp-content\\\/uploads\\\/2023\\\/02\\\/20230209_Visite_Ministre_Barrot_019.jpeg\",\"width\":1920,\"height\":1280},{\"@type\":\"BreadcrumbList\",\"@id\":\"https:\\\/\\\/imredd.fr\\\/en\\\/jean-noel-barrot-minister-delegate-for-digital-transition-and-telecommunications-visits-limredd\\\/#breadcrumb\",\"itemListElement\":[{\"@type\":\"ListItem\",\"position\":1,\"name\":\"Accueil\",\"item\":\"https:\\\/\\\/imredd.fr\\\/\"},{\"@type\":\"ListItem\",\"position\":2,\"name\":\"Jean-No\u00ebl Barrot, Ministre d\u00e9l\u00e9gu\u00e9 charg\u00e9 de la Transition Num\u00e9rique et des T\u00e9l\u00e9communications, visite l\u2019IMREDD\"}]},{\"@type\":\"WebSite\",\"@id\":\"https:\\\/\\\/imredd.fr\\\/#website\",\"url\":\"https:\\\/\\\/imredd.fr\\\/\",\"name\":\"IMREDD - Universit\u00e9 C\u00f4te d'Azur\",\"description\":\"Institut M\u00e9diterran\u00e9en du Risque, de l&#039;Environnement et du D\u00e9veloppement Durable\",\"publisher\":{\"@id\":\"https:\\\/\\\/imredd.fr\\\/#organization\"},\"potentialAction\":[{\"@type\":\"SearchAction\",\"target\":{\"@type\":\"EntryPoint\",\"urlTemplate\":\"https:\\\/\\\/imredd.fr\\\/?s={search_term_string}\"},\"query-input\":{\"@type\":\"PropertyValueSpecification\",\"valueRequired\":true,\"valueName\":\"search_term_string\"}}],\"inLanguage\":\"en-GB\"},{\"@type\":\"Organization\",\"@id\":\"https:\\\/\\\/imredd.fr\\\/#organization\",\"name\":\"IMREDD - Institut M\u00e9diterran\u00e9en du Risque, de l'Environnement et du D\u00e9veloppement Durable\",\"url\":\"https:\\\/\\\/imredd.fr\\\/\",\"logo\":{\"@type\":\"ImageObject\",\"inLanguage\":\"en-GB\",\"@id\":\"https:\\\/\\\/imredd.fr\\\/#\\\/schema\\\/logo\\\/image\\\/\",\"url\":\"https:\\\/\\\/imredd.fr\\\/wp-content\\\/uploads\\\/2025\\\/07\\\/IMREDD-Logo-couleurs-transparent.png\",\"contentUrl\":\"https:\\\/\\\/imredd.fr\\\/wp-content\\\/uploads\\\/2025\\\/07\\\/IMREDD-Logo-couleurs-transparent.png\",\"width\":959,\"height\":164,\"caption\":\"IMREDD - Institut M\u00e9diterran\u00e9en du Risque, de l'Environnement et du D\u00e9veloppement Durable\"},\"image\":{\"@id\":\"https:\\\/\\\/imredd.fr\\\/#\\\/schema\\\/logo\\\/image\\\/\"},\"sameAs\":[\"http:\\\/\\\/facebook.com\\\/imredd.uca\",\"http:\\\/\\\/linkedin.com\\\/showcase\\\/imredd\"]},{\"@type\":\"Person\",\"@id\":\"https:\\\/\\\/imredd.fr\\\/#\\\/schema\\\/person\\\/41e50290e799cf196e315345a93c68de\",\"name\":\"Antonio Barros\",\"image\":{\"@type\":\"ImageObject\",\"inLanguage\":\"en-GB\",\"@id\":\"https:\\\/\\\/secure.gravatar.com\\\/avatar\\\/f4be75a97d6a27aad47c779bf7bfef9978f4ce4cf5a3c6160d97f893788ce445?s=96&d=mm&r=g\",\"url\":\"https:\\\/\\\/secure.gravatar.com\\\/avatar\\\/f4be75a97d6a27aad47c779bf7bfef9978f4ce4cf5a3c6160d97f893788ce445?s=96&d=mm&r=g\",\"contentUrl\":\"https:\\\/\\\/secure.gravatar.com\\\/avatar\\\/f4be75a97d6a27aad47c779bf7bfef9978f4ce4cf5a3c6160d97f893788ce445?s=96&d=mm&r=g\",\"caption\":\"Antonio Barros\"},\"url\":\"https:\\\/\\\/imredd.fr\\\/en\\\/author\\\/imredd-com\\\/\"}]}<\/script>\n<!-- \/ Yoast SEO Premium plugin. -->","yoast_head_json":{"title":"Jean-No\u00ebl Barrot, Minister Delegate for Digital Transition and Telecommunications, visits IMREDD - IMREDD - Universit\u00e9 C\u00f4te d'Azur","description":"The Minister Delegate for Digital Transition and Telecommunications, Jean-No\u00ebl Barrot, visited IMREDD to explore its role in the social, economic, and academic fabric of the region.","robots":{"index":"index","follow":"follow","max-snippet":"max-snippet:-1","max-image-preview":"max-image-preview:large","max-video-preview":"max-video-preview:-1"},"canonical":"https:\/\/imredd.fr\/en\/jean-noel-barrot-minister-delegate-for-digital-transition-and-telecommunications-visits-limredd\/","og_locale":"en_GB","og_type":"article","og_title":"Jean-No\u00ebl Barrot, Ministre d\u00e9l\u00e9gu\u00e9 charg\u00e9 de la Transition Num\u00e9rique et des T\u00e9l\u00e9communications, visite l\u2019IMREDD","og_description":"Le Ministre d\u00e9l\u00e9gu\u00e9 charg\u00e9 de la Transition Num\u00e9rique et des T\u00e9l\u00e9communications Jean-No\u00ebl Barrot a visit\u00e9 l\u2019IMREDD pour d\u00e9couvrir son r\u00f4le dans le tissu social, \u00e9conomique et acad\u00e9mique du territoire.","og_url":"https:\/\/imredd.fr\/en\/jean-noel-barrot-minister-delegate-for-digital-transition-and-telecommunications-visits-limredd\/","og_site_name":"IMREDD - Universit\u00e9 C\u00f4te d&#039;Azur","article_publisher":"http:\/\/facebook.com\/imredd.uca","article_published_time":"2023-02-09T16:26:17+00:00","article_modified_time":"2026-01-12T18:13:59+00:00","og_image":[{"width":1920,"height":1280,"url":"https:\/\/imredd.fr\/wp-content\/uploads\/2023\/02\/20230209_Visite_Ministre_Barrot_019.jpeg","type":"image\/jpeg"}],"author":"Antonio Barros","twitter_card":"summary_large_image","twitter_misc":{"Written by":"Antonio Barros","Estimated reading time":"1 minute"},"schema":{"@context":"https:\/\/schema.org","@graph":[{"@type":"Article","@id":"https:\/\/imredd.fr\/en\/jean-noel-barrot-minister-delegate-for-digital-transition-and-telecommunications-visits-limredd\/#article","isPartOf":{"@id":"https:\/\/imredd.fr\/en\/jean-noel-barrot-minister-delegate-for-digital-transition-and-telecommunications-visits-limredd\/"},"author":{"name":"Antonio Barros","@id":"https:\/\/imredd.fr\/#\/schema\/person\/41e50290e799cf196e315345a93c68de"},"headline":"Jean-No\u00ebl Barrot, Ministre d\u00e9l\u00e9gu\u00e9 charg\u00e9 de la Transition Num\u00e9rique et des T\u00e9l\u00e9communications, visite l\u2019IMREDD","datePublished":"2023-02-09T16:26:17+00:00","dateModified":"2026-01-12T18:13:59+00:00","mainEntityOfPage":{"@id":"https:\/\/imredd.fr\/en\/jean-noel-barrot-minister-delegate-for-digital-transition-and-telecommunications-visits-limredd\/"},"wordCount":192,"commentCount":0,"publisher":{"@id":"https:\/\/imredd.fr\/#organization"},"image":{"@id":"https:\/\/imredd.fr\/en\/jean-noel-barrot-minister-delegate-for-digital-transition-and-telecommunications-visits-limredd\/#primaryimage"},"thumbnailUrl":"https:\/\/imredd.fr\/wp-content\/uploads\/2023\/02\/20230209_Visite_Ministre_Barrot_019.jpeg","keywords":["Chaire Territoires et Navettes Autonomes","Chaire UX for Smart Life","PUMA-X","Serenity"],"articleSection":["Institutionnel"],"inLanguage":"en-GB","potentialAction":[{"@type":"CommentAction","name":"Comment","target":["https:\/\/imredd.fr\/en\/jean-noel-barrot-minister-delegate-for-digital-transition-and-telecommunications-visits-limredd\/#respond"]}]},{"@type":"WebPage","@id":"https:\/\/imredd.fr\/en\/jean-noel-barrot-minister-delegate-for-digital-transition-and-telecommunications-visits-limredd\/","url":"https:\/\/imredd.fr\/en\/jean-noel-barrot-minister-delegate-for-digital-transition-and-telecommunications-visits-limredd\/","name":"Jean-No\u00ebl Barrot, Minister Delegate for Digital Transition and Telecommunications, visits IMREDD - IMREDD - Universit\u00e9 C\u00f4te d'Azur","isPartOf":{"@id":"https:\/\/imredd.fr\/#website"},"primaryImageOfPage":{"@id":"https:\/\/imredd.fr\/en\/jean-noel-barrot-minister-delegate-for-digital-transition-and-telecommunications-visits-limredd\/#primaryimage"},"image":{"@id":"https:\/\/imredd.fr\/en\/jean-noel-barrot-minister-delegate-for-digital-transition-and-telecommunications-visits-limredd\/#primaryimage"},"thumbnailUrl":"https:\/\/imredd.fr\/wp-content\/uploads\/2023\/02\/20230209_Visite_Ministre_Barrot_019.jpeg","datePublished":"2023-02-09T16:26:17+00:00","dateModified":"2026-01-12T18:13:59+00:00","description":"The Minister Delegate for Digital Transition and Telecommunications, Jean-No\u00ebl Barrot, visited IMREDD to explore its role in the social, economic, and academic fabric of the region.","breadcrumb":{"@id":"https:\/\/imredd.fr\/en\/jean-noel-barrot-minister-delegate-for-digital-transition-and-telecommunications-visits-limredd\/#breadcrumb"},"inLanguage":"en-GB","potentialAction":[{"@type":"ReadAction","target":["https:\/\/imredd.fr\/en\/jean-noel-barrot-minister-delegate-for-digital-transition-and-telecommunications-visits-limredd\/"]}]},{"@type":"ImageObject","inLanguage":"en-GB","@id":"https:\/\/imredd.fr\/en\/jean-noel-barrot-minister-delegate-for-digital-transition-and-telecommunications-visits-limredd\/#primaryimage","url":"https:\/\/imredd.fr\/wp-content\/uploads\/2023\/02\/20230209_Visite_Ministre_Barrot_019.jpeg","contentUrl":"https:\/\/imredd.fr\/wp-content\/uploads\/2023\/02\/20230209_Visite_Ministre_Barrot_019.jpeg","width":1920,"height":1280},{"@type":"BreadcrumbList","@id":"https:\/\/imredd.fr\/en\/jean-noel-barrot-minister-delegate-for-digital-transition-and-telecommunications-visits-limredd\/#breadcrumb","itemListElement":[{"@type":"ListItem","position":1,"name":"Accueil","item":"https:\/\/imredd.fr\/"},{"@type":"ListItem","position":2,"name":"Jean-No\u00ebl Barrot, Ministre d\u00e9l\u00e9gu\u00e9 charg\u00e9 de la Transition Num\u00e9rique et des T\u00e9l\u00e9communications, visite l\u2019IMREDD"}]},{"@type":"WebSite","@id":"https:\/\/imredd.fr\/#website","url":"https:\/\/imredd.fr\/","name":"IMREDD - C\u00f4te d'Azur University","description":"Mediterranean Institute for Risk, Environment and Sustainable Development","publisher":{"@id":"https:\/\/imredd.fr\/#organization"},"potentialAction":[{"@type":"SearchAction","target":{"@type":"EntryPoint","urlTemplate":"https:\/\/imredd.fr\/?s={search_term_string}"},"query-input":{"@type":"PropertyValueSpecification","valueRequired":true,"valueName":"search_term_string"}}],"inLanguage":"en-GB"},{"@type":"Organization","@id":"https:\/\/imredd.fr\/#organization","name":"IMREDD - Mediterranean Institute for Risk, Environment and Sustainable Development","url":"https:\/\/imredd.fr\/","logo":{"@type":"ImageObject","inLanguage":"en-GB","@id":"https:\/\/imredd.fr\/#\/schema\/logo\/image\/","url":"https:\/\/imredd.fr\/wp-content\/uploads\/2025\/07\/IMREDD-Logo-couleurs-transparent.png","contentUrl":"https:\/\/imredd.fr\/wp-content\/uploads\/2025\/07\/IMREDD-Logo-couleurs-transparent.png","width":959,"height":164,"caption":"IMREDD - Institut M\u00e9diterran\u00e9en du Risque, de l'Environnement et du D\u00e9veloppement Durable"},"image":{"@id":"https:\/\/imredd.fr\/#\/schema\/logo\/image\/"},"sameAs":["http:\/\/facebook.com\/imredd.uca","http:\/\/linkedin.com\/showcase\/imredd"]},{"@type":"Person","@id":"https:\/\/imredd.fr\/#\/schema\/person\/41e50290e799cf196e315345a93c68de","name":"Antonio Barros","image":{"@type":"ImageObject","inLanguage":"en-GB","@id":"https:\/\/secure.gravatar.com\/avatar\/f4be75a97d6a27aad47c779bf7bfef9978f4ce4cf5a3c6160d97f893788ce445?s=96&d=mm&r=g","url":"https:\/\/secure.gravatar.com\/avatar\/f4be75a97d6a27aad47c779bf7bfef9978f4ce4cf5a3c6160d97f893788ce445?s=96&d=mm&r=g","contentUrl":"https:\/\/secure.gravatar.com\/avatar\/f4be75a97d6a27aad47c779bf7bfef9978f4ce4cf5a3c6160d97f893788ce445?s=96&d=mm&r=g","caption":"Antonio Barros"},"url":"https:\/\/imredd.fr\/en\/author\/imredd-com\/"}]}},"_links":{"self":[{"href":"https:\/\/imredd.fr\/en\/wp-json\/wp\/v2\/posts\/22153","targetHints":{"allow":["GET"]}}],"collection":[{"href":"https:\/\/imredd.fr\/en\/wp-json\/wp\/v2\/posts"}],"about":[{"href":"https:\/\/imredd.fr\/en\/wp-json\/wp\/v2\/types\/post"}],"author":[{"embeddable":true,"href":"https:\/\/imredd.fr\/en\/wp-json\/wp\/v2\/users\/2"}],"replies":[{"embeddable":true,"href":"https:\/\/imredd.fr\/en\/wp-json\/wp\/v2\/comments?post=22153"}],"version-history":[{"count":0,"href":"https:\/\/imredd.fr\/en\/wp-json\/wp\/v2\/posts\/22153\/revisions"}],"wp:featuredmedia":[{"embeddable":true,"href":"https:\/\/imredd.fr\/en\/wp-json\/wp\/v2\/media\/22156"}],"wp:attachment":[{"href":"https:\/\/imredd.fr\/en\/wp-json\/wp\/v2\/media?parent=22153"}],"wp:term":[{"taxonomy":"category","embeddable":true,"href":"https:\/\/imredd.fr\/en\/wp-json\/wp\/v2\/categories?post=22153"},{"taxonomy":"post_tag","embeddable":true,"href":"https:\/\/imredd.fr\/en\/wp-json\/wp\/v2\/tags?post=22153"}],"curies":[{"name":"wp","href":"https:\/\/api.w.org\/{rel}","templated":true}]}}