{"id":22243,"date":"2023-03-13T12:05:34","date_gmt":"2023-03-13T11:05:34","guid":{"rendered":"https:\/\/imredd.fr\/?p=22243"},"modified":"2026-01-12T18:34:50","modified_gmt":"2026-01-12T17:34:50","slug":"greenmov-consortium-meeting-in-ghent","status":"publish","type":"post","link":"https:\/\/imredd.fr\/en\/reunion-du-consortium-greenmov-a-gand\/","title":{"rendered":"GreenMov consortium meeting in Ghent"},"content":{"rendered":"<p>IMREDD was in Ghent (Belgium) last week to take part in a meeting of the <a href=\"https:\/\/green-mov.eu\/\">consortium<\/a> GreenMov. The main objectives of the general meeting were to discuss the progress of the project, technical details, the status of deliverables, the action plan for the coming months and preparations for the final event.<\/p>\n<p>The meeting was opened by keynote speaker Pieter Colpaert (Professor of Public Web APIs and Linked Data - University of Ghent-IDLab-imec) who presented \u00abInteroperability between Data Spaces with Linked Data Event Streams\u00bb. Other interesting presentations were given by Alberto Abella, PhD (on GreenMov's intelligent data models), Filip Gossel\u00e9 (on GreenMov's architecture), Miguel Aguilar (on GreenMov's services), and Benoit Couraud from IMREDD (on GreenMov's pilot projects).<\/p>\n<p>The meeting ended with the preparation of a demo and a very successful workshop.<\/p>\n<p>The <a href=\"https:\/\/imredd.fr\/en\/project\/green-mov\/\">project<\/a> GreenMov aims to define harmonised data models for green mobility and to develop advanced green mobility services, such as traffic monitoring, shared mobility and environmental impact.<\/p>\n<p><!--themify_builder_static--><!--\/themify_builder_static--><\/p>","protected":false},"excerpt":{"rendered":"<p>IMREDD was in Ghent last week to take part in a meeting of the GreenMov consortium. The main objectives of this general meeting were to discuss the progress of the project, technical details, the status of deliverables, the action plan for the coming months and preparations for the final event.<\/p>","protected":false},"author":2,"featured_media":22244,"comment_status":"open","ping_status":"open","sticky":false,"template":"","format":"standard","meta":{"footnotes":""},"categories":[504],"tags":[368],"class_list":["post-22243","post","type-post","status-publish","format-standard","has-post-thumbnail","hentry","category-projets-et-recherche","tag-greenmov","has-post-title","has-post-date","has-post-category","has-post-tag","has-post-comment","has-post-author",""],"yoast_head":"<!-- This site is optimized with the Yoast SEO Premium plugin v27.4 (Yoast SEO v27.4) - https:\/\/yoast.com\/product\/yoast-seo-premium-wordpress\/ -->\n<title>R\u00e9union du consortium GreenMov \u00e0 Gand - IMREDD - Universit\u00e9 C\u00f4te d&#039;Azur<\/title>\n<meta name=\"description\" content=\"Le projet GreenMov a pour objectif la d\u00e9finition de mod\u00e8les de donn\u00e9es harmonis\u00e9s et le d\u00e9veloppement de services avanc\u00e9s de mobilit\u00e9 verte.\" \/>\n<meta name=\"robots\" content=\"index, follow, max-snippet:-1, max-image-preview:large, max-video-preview:-1\" \/>\n<link rel=\"canonical\" href=\"https:\/\/imredd.fr\/en\/greenmov-consortium-meeting-in-ghent\/\" \/>\n<meta property=\"og:locale\" content=\"en_GB\" \/>\n<meta property=\"og:type\" content=\"article\" \/>\n<meta property=\"og:title\" content=\"R\u00e9union du consortium GreenMov \u00e0 Gand\" \/>\n<meta property=\"og:description\" content=\"Le projet GreenMov a pour objectif la d\u00e9finition de mod\u00e8les de donn\u00e9es harmonis\u00e9s et le d\u00e9veloppement de services avanc\u00e9s de mobilit\u00e9 verte.\" \/>\n<meta property=\"og:url\" content=\"https:\/\/imredd.fr\/en\/greenmov-consortium-meeting-in-ghent\/\" \/>\n<meta property=\"og:site_name\" content=\"IMREDD - Universit\u00e9 C\u00f4te d&#039;Azur\" \/>\n<meta property=\"article:publisher\" content=\"http:\/\/facebook.com\/imredd.uca\" \/>\n<meta property=\"article:published_time\" content=\"2023-03-13T11:05:34+00:00\" \/>\n<meta property=\"article:modified_time\" content=\"2026-01-12T17:34:50+00:00\" \/>\n<meta property=\"og:image\" content=\"https:\/\/imredd.fr\/wp-content\/uploads\/2023\/03\/AG-GreenMov-Gand-scaled-1.jpg\" \/>\n\t<meta property=\"og:image:width\" content=\"2560\" \/>\n\t<meta property=\"og:image:height\" content=\"1440\" \/>\n\t<meta property=\"og:image:type\" content=\"image\/jpeg\" \/>\n<meta name=\"author\" content=\"Antonio Barros\" \/>\n<meta name=\"twitter:card\" content=\"summary_large_image\" \/>\n<meta name=\"twitter:label1\" content=\"Written by\" \/>\n\t<meta name=\"twitter:data1\" content=\"Antonio Barros\" \/>\n\t<meta name=\"twitter:label2\" content=\"Estimated reading time\" \/>\n\t<meta name=\"twitter:data2\" content=\"1 minute\" \/>\n<script type=\"application\/ld+json\" class=\"yoast-schema-graph\">{\"@context\":\"https:\\\/\\\/schema.org\",\"@graph\":[{\"@type\":\"Article\",\"@id\":\"https:\\\/\\\/imredd.fr\\\/reunion-du-consortium-greenmov-a-gand\\\/#article\",\"isPartOf\":{\"@id\":\"https:\\\/\\\/imredd.fr\\\/reunion-du-consortium-greenmov-a-gand\\\/\"},\"author\":{\"name\":\"Antonio Barros\",\"@id\":\"https:\\\/\\\/imredd.fr\\\/#\\\/schema\\\/person\\\/41e50290e799cf196e315345a93c68de\"},\"headline\":\"R\u00e9union du consortium GreenMov \u00e0 Gand\",\"datePublished\":\"2023-03-13T11:05:34+00:00\",\"dateModified\":\"2026-01-12T17:34:50+00:00\",\"mainEntityOfPage\":{\"@id\":\"https:\\\/\\\/imredd.fr\\\/reunion-du-consortium-greenmov-a-gand\\\/\"},\"wordCount\":239,\"commentCount\":0,\"publisher\":{\"@id\":\"https:\\\/\\\/imredd.fr\\\/#organization\"},\"image\":{\"@id\":\"https:\\\/\\\/imredd.fr\\\/reunion-du-consortium-greenmov-a-gand\\\/#primaryimage\"},\"thumbnailUrl\":\"https:\\\/\\\/imredd.fr\\\/wp-content\\\/uploads\\\/2023\\\/03\\\/AG-GreenMov-Gand-scaled-1.jpg\",\"keywords\":[\"GreenMov\"],\"articleSection\":[\"Projets et Recherche\"],\"inLanguage\":\"en-GB\",\"potentialAction\":[{\"@type\":\"CommentAction\",\"name\":\"Comment\",\"target\":[\"https:\\\/\\\/imredd.fr\\\/reunion-du-consortium-greenmov-a-gand\\\/#respond\"]}]},{\"@type\":\"WebPage\",\"@id\":\"https:\\\/\\\/imredd.fr\\\/reunion-du-consortium-greenmov-a-gand\\\/\",\"url\":\"https:\\\/\\\/imredd.fr\\\/reunion-du-consortium-greenmov-a-gand\\\/\",\"name\":\"R\u00e9union du consortium GreenMov \u00e0 Gand - IMREDD - Universit\u00e9 C\u00f4te d&#039;Azur\",\"isPartOf\":{\"@id\":\"https:\\\/\\\/imredd.fr\\\/#website\"},\"primaryImageOfPage\":{\"@id\":\"https:\\\/\\\/imredd.fr\\\/reunion-du-consortium-greenmov-a-gand\\\/#primaryimage\"},\"image\":{\"@id\":\"https:\\\/\\\/imredd.fr\\\/reunion-du-consortium-greenmov-a-gand\\\/#primaryimage\"},\"thumbnailUrl\":\"https:\\\/\\\/imredd.fr\\\/wp-content\\\/uploads\\\/2023\\\/03\\\/AG-GreenMov-Gand-scaled-1.jpg\",\"datePublished\":\"2023-03-13T11:05:34+00:00\",\"dateModified\":\"2026-01-12T17:34:50+00:00\",\"description\":\"Le projet GreenMov a pour objectif la d\u00e9finition de mod\u00e8les de donn\u00e9es harmonis\u00e9s et le d\u00e9veloppement de services avanc\u00e9s de mobilit\u00e9 verte.\",\"breadcrumb\":{\"@id\":\"https:\\\/\\\/imredd.fr\\\/reunion-du-consortium-greenmov-a-gand\\\/#breadcrumb\"},\"inLanguage\":\"en-GB\",\"potentialAction\":[{\"@type\":\"ReadAction\",\"target\":[\"https:\\\/\\\/imredd.fr\\\/reunion-du-consortium-greenmov-a-gand\\\/\"]}]},{\"@type\":\"ImageObject\",\"inLanguage\":\"en-GB\",\"@id\":\"https:\\\/\\\/imredd.fr\\\/reunion-du-consortium-greenmov-a-gand\\\/#primaryimage\",\"url\":\"https:\\\/\\\/imredd.fr\\\/wp-content\\\/uploads\\\/2023\\\/03\\\/AG-GreenMov-Gand-scaled-1.jpg\",\"contentUrl\":\"https:\\\/\\\/imredd.fr\\\/wp-content\\\/uploads\\\/2023\\\/03\\\/AG-GreenMov-Gand-scaled-1.jpg\",\"width\":2560,\"height\":1440,\"caption\":\"Assembl\u00e9e G\u00e9n\u00e9rale GreenMov \u00e0 Gand\"},{\"@type\":\"BreadcrumbList\",\"@id\":\"https:\\\/\\\/imredd.fr\\\/reunion-du-consortium-greenmov-a-gand\\\/#breadcrumb\",\"itemListElement\":[{\"@type\":\"ListItem\",\"position\":1,\"name\":\"Accueil\",\"item\":\"https:\\\/\\\/imredd.fr\\\/\"},{\"@type\":\"ListItem\",\"position\":2,\"name\":\"R\u00e9union du consortium GreenMov \u00e0 Gand\"}]},{\"@type\":\"WebSite\",\"@id\":\"https:\\\/\\\/imredd.fr\\\/#website\",\"url\":\"https:\\\/\\\/imredd.fr\\\/\",\"name\":\"IMREDD - Universit\u00e9 C\u00f4te d'Azur\",\"description\":\"Institut M\u00e9diterran\u00e9en du Risque, de l&#039;Environnement et du D\u00e9veloppement Durable\",\"publisher\":{\"@id\":\"https:\\\/\\\/imredd.fr\\\/#organization\"},\"potentialAction\":[{\"@type\":\"SearchAction\",\"target\":{\"@type\":\"EntryPoint\",\"urlTemplate\":\"https:\\\/\\\/imredd.fr\\\/?s={search_term_string}\"},\"query-input\":{\"@type\":\"PropertyValueSpecification\",\"valueRequired\":true,\"valueName\":\"search_term_string\"}}],\"inLanguage\":\"en-GB\"},{\"@type\":\"Organization\",\"@id\":\"https:\\\/\\\/imredd.fr\\\/#organization\",\"name\":\"IMREDD - Institut M\u00e9diterran\u00e9en du Risque, de l'Environnement et du D\u00e9veloppement Durable\",\"url\":\"https:\\\/\\\/imredd.fr\\\/\",\"logo\":{\"@type\":\"ImageObject\",\"inLanguage\":\"en-GB\",\"@id\":\"https:\\\/\\\/imredd.fr\\\/#\\\/schema\\\/logo\\\/image\\\/\",\"url\":\"https:\\\/\\\/imredd.fr\\\/wp-content\\\/uploads\\\/2025\\\/07\\\/IMREDD-Logo-couleurs-transparent.png\",\"contentUrl\":\"https:\\\/\\\/imredd.fr\\\/wp-content\\\/uploads\\\/2025\\\/07\\\/IMREDD-Logo-couleurs-transparent.png\",\"width\":959,\"height\":164,\"caption\":\"IMREDD - Institut M\u00e9diterran\u00e9en du Risque, de l'Environnement et du D\u00e9veloppement Durable\"},\"image\":{\"@id\":\"https:\\\/\\\/imredd.fr\\\/#\\\/schema\\\/logo\\\/image\\\/\"},\"sameAs\":[\"http:\\\/\\\/facebook.com\\\/imredd.uca\",\"http:\\\/\\\/linkedin.com\\\/showcase\\\/imredd\"]},{\"@type\":\"Person\",\"@id\":\"https:\\\/\\\/imredd.fr\\\/#\\\/schema\\\/person\\\/41e50290e799cf196e315345a93c68de\",\"name\":\"Antonio Barros\",\"image\":{\"@type\":\"ImageObject\",\"inLanguage\":\"en-GB\",\"@id\":\"https:\\\/\\\/secure.gravatar.com\\\/avatar\\\/f4be75a97d6a27aad47c779bf7bfef9978f4ce4cf5a3c6160d97f893788ce445?s=96&d=mm&r=g\",\"url\":\"https:\\\/\\\/secure.gravatar.com\\\/avatar\\\/f4be75a97d6a27aad47c779bf7bfef9978f4ce4cf5a3c6160d97f893788ce445?s=96&d=mm&r=g\",\"contentUrl\":\"https:\\\/\\\/secure.gravatar.com\\\/avatar\\\/f4be75a97d6a27aad47c779bf7bfef9978f4ce4cf5a3c6160d97f893788ce445?s=96&d=mm&r=g\",\"caption\":\"Antonio Barros\"},\"url\":\"https:\\\/\\\/imredd.fr\\\/en\\\/author\\\/imredd-com\\\/\"}]}<\/script>\n<!-- \/ Yoast SEO Premium plugin. -->","yoast_head_json":{"title":"GreenMov Consortium Meeting in Ghent - IMREDD - Universit\u00e9 C\u00f4te d'Azur","description":"The GreenMov project aims to define harmonised data models and develop advanced green mobility services.","robots":{"index":"index","follow":"follow","max-snippet":"max-snippet:-1","max-image-preview":"max-image-preview:large","max-video-preview":"max-video-preview:-1"},"canonical":"https:\/\/imredd.fr\/en\/greenmov-consortium-meeting-in-ghent\/","og_locale":"en_GB","og_type":"article","og_title":"R\u00e9union du consortium GreenMov \u00e0 Gand","og_description":"Le projet GreenMov a pour objectif la d\u00e9finition de mod\u00e8les de donn\u00e9es harmonis\u00e9s et le d\u00e9veloppement de services avanc\u00e9s de mobilit\u00e9 verte.","og_url":"https:\/\/imredd.fr\/en\/greenmov-consortium-meeting-in-ghent\/","og_site_name":"IMREDD - Universit\u00e9 C\u00f4te d&#039;Azur","article_publisher":"http:\/\/facebook.com\/imredd.uca","article_published_time":"2023-03-13T11:05:34+00:00","article_modified_time":"2026-01-12T17:34:50+00:00","og_image":[{"width":2560,"height":1440,"url":"https:\/\/imredd.fr\/wp-content\/uploads\/2023\/03\/AG-GreenMov-Gand-scaled-1.jpg","type":"image\/jpeg"}],"author":"Antonio Barros","twitter_card":"summary_large_image","twitter_misc":{"Written by":"Antonio Barros","Estimated reading time":"1 minute"},"schema":{"@context":"https:\/\/schema.org","@graph":[{"@type":"Article","@id":"https:\/\/imredd.fr\/reunion-du-consortium-greenmov-a-gand\/#article","isPartOf":{"@id":"https:\/\/imredd.fr\/reunion-du-consortium-greenmov-a-gand\/"},"author":{"name":"Antonio Barros","@id":"https:\/\/imredd.fr\/#\/schema\/person\/41e50290e799cf196e315345a93c68de"},"headline":"R\u00e9union du consortium GreenMov \u00e0 Gand","datePublished":"2023-03-13T11:05:34+00:00","dateModified":"2026-01-12T17:34:50+00:00","mainEntityOfPage":{"@id":"https:\/\/imredd.fr\/reunion-du-consortium-greenmov-a-gand\/"},"wordCount":239,"commentCount":0,"publisher":{"@id":"https:\/\/imredd.fr\/#organization"},"image":{"@id":"https:\/\/imredd.fr\/reunion-du-consortium-greenmov-a-gand\/#primaryimage"},"thumbnailUrl":"https:\/\/imredd.fr\/wp-content\/uploads\/2023\/03\/AG-GreenMov-Gand-scaled-1.jpg","keywords":["GreenMov"],"articleSection":["Projets et Recherche"],"inLanguage":"en-GB","potentialAction":[{"@type":"CommentAction","name":"Comment","target":["https:\/\/imredd.fr\/reunion-du-consortium-greenmov-a-gand\/#respond"]}]},{"@type":"WebPage","@id":"https:\/\/imredd.fr\/reunion-du-consortium-greenmov-a-gand\/","url":"https:\/\/imredd.fr\/reunion-du-consortium-greenmov-a-gand\/","name":"GreenMov Consortium Meeting in Ghent - IMREDD - Universit\u00e9 C\u00f4te d'Azur","isPartOf":{"@id":"https:\/\/imredd.fr\/#website"},"primaryImageOfPage":{"@id":"https:\/\/imredd.fr\/reunion-du-consortium-greenmov-a-gand\/#primaryimage"},"image":{"@id":"https:\/\/imredd.fr\/reunion-du-consortium-greenmov-a-gand\/#primaryimage"},"thumbnailUrl":"https:\/\/imredd.fr\/wp-content\/uploads\/2023\/03\/AG-GreenMov-Gand-scaled-1.jpg","datePublished":"2023-03-13T11:05:34+00:00","dateModified":"2026-01-12T17:34:50+00:00","description":"The GreenMov project aims to define harmonised data models and develop advanced green mobility services.","breadcrumb":{"@id":"https:\/\/imredd.fr\/reunion-du-consortium-greenmov-a-gand\/#breadcrumb"},"inLanguage":"en-GB","potentialAction":[{"@type":"ReadAction","target":["https:\/\/imredd.fr\/reunion-du-consortium-greenmov-a-gand\/"]}]},{"@type":"ImageObject","inLanguage":"en-GB","@id":"https:\/\/imredd.fr\/reunion-du-consortium-greenmov-a-gand\/#primaryimage","url":"https:\/\/imredd.fr\/wp-content\/uploads\/2023\/03\/AG-GreenMov-Gand-scaled-1.jpg","contentUrl":"https:\/\/imredd.fr\/wp-content\/uploads\/2023\/03\/AG-GreenMov-Gand-scaled-1.jpg","width":2560,"height":1440,"caption":"Assembl\u00e9e G\u00e9n\u00e9rale GreenMov \u00e0 Gand"},{"@type":"BreadcrumbList","@id":"https:\/\/imredd.fr\/reunion-du-consortium-greenmov-a-gand\/#breadcrumb","itemListElement":[{"@type":"ListItem","position":1,"name":"Accueil","item":"https:\/\/imredd.fr\/"},{"@type":"ListItem","position":2,"name":"R\u00e9union du consortium GreenMov \u00e0 Gand"}]},{"@type":"WebSite","@id":"https:\/\/imredd.fr\/#website","url":"https:\/\/imredd.fr\/","name":"IMREDD - C\u00f4te d'Azur University","description":"Mediterranean Institute for Risk, Environment and Sustainable Development","publisher":{"@id":"https:\/\/imredd.fr\/#organization"},"potentialAction":[{"@type":"SearchAction","target":{"@type":"EntryPoint","urlTemplate":"https:\/\/imredd.fr\/?s={search_term_string}"},"query-input":{"@type":"PropertyValueSpecification","valueRequired":true,"valueName":"search_term_string"}}],"inLanguage":"en-GB"},{"@type":"Organization","@id":"https:\/\/imredd.fr\/#organization","name":"IMREDD - Mediterranean Institute for Risk, Environment and Sustainable Development","url":"https:\/\/imredd.fr\/","logo":{"@type":"ImageObject","inLanguage":"en-GB","@id":"https:\/\/imredd.fr\/#\/schema\/logo\/image\/","url":"https:\/\/imredd.fr\/wp-content\/uploads\/2025\/07\/IMREDD-Logo-couleurs-transparent.png","contentUrl":"https:\/\/imredd.fr\/wp-content\/uploads\/2025\/07\/IMREDD-Logo-couleurs-transparent.png","width":959,"height":164,"caption":"IMREDD - Institut M\u00e9diterran\u00e9en du Risque, de l'Environnement et du D\u00e9veloppement Durable"},"image":{"@id":"https:\/\/imredd.fr\/#\/schema\/logo\/image\/"},"sameAs":["http:\/\/facebook.com\/imredd.uca","http:\/\/linkedin.com\/showcase\/imredd"]},{"@type":"Person","@id":"https:\/\/imredd.fr\/#\/schema\/person\/41e50290e799cf196e315345a93c68de","name":"Antonio Barros","image":{"@type":"ImageObject","inLanguage":"en-GB","@id":"https:\/\/secure.gravatar.com\/avatar\/f4be75a97d6a27aad47c779bf7bfef9978f4ce4cf5a3c6160d97f893788ce445?s=96&d=mm&r=g","url":"https:\/\/secure.gravatar.com\/avatar\/f4be75a97d6a27aad47c779bf7bfef9978f4ce4cf5a3c6160d97f893788ce445?s=96&d=mm&r=g","contentUrl":"https:\/\/secure.gravatar.com\/avatar\/f4be75a97d6a27aad47c779bf7bfef9978f4ce4cf5a3c6160d97f893788ce445?s=96&d=mm&r=g","caption":"Antonio Barros"},"url":"https:\/\/imredd.fr\/en\/author\/imredd-com\/"}]}},"_links":{"self":[{"href":"https:\/\/imredd.fr\/en\/wp-json\/wp\/v2\/posts\/22243","targetHints":{"allow":["GET"]}}],"collection":[{"href":"https:\/\/imredd.fr\/en\/wp-json\/wp\/v2\/posts"}],"about":[{"href":"https:\/\/imredd.fr\/en\/wp-json\/wp\/v2\/types\/post"}],"author":[{"embeddable":true,"href":"https:\/\/imredd.fr\/en\/wp-json\/wp\/v2\/users\/2"}],"replies":[{"embeddable":true,"href":"https:\/\/imredd.fr\/en\/wp-json\/wp\/v2\/comments?post=22243"}],"version-history":[{"count":0,"href":"https:\/\/imredd.fr\/en\/wp-json\/wp\/v2\/posts\/22243\/revisions"}],"wp:featuredmedia":[{"embeddable":true,"href":"https:\/\/imredd.fr\/en\/wp-json\/wp\/v2\/media\/22244"}],"wp:attachment":[{"href":"https:\/\/imredd.fr\/en\/wp-json\/wp\/v2\/media?parent=22243"}],"wp:term":[{"taxonomy":"category","embeddable":true,"href":"https:\/\/imredd.fr\/en\/wp-json\/wp\/v2\/categories?post=22243"},{"taxonomy":"post_tag","embeddable":true,"href":"https:\/\/imredd.fr\/en\/wp-json\/wp\/v2\/tags?post=22243"}],"curies":[{"name":"wp","href":"https:\/\/api.w.org\/{rel}","templated":true}]}}