{"id":22260,"date":"2023-03-17T12:51:29","date_gmt":"2023-03-17T11:51:29","guid":{"rendered":"https:\/\/imredd.fr\/?p=22260"},"modified":"2026-03-18T13:48:28","modified_gmt":"2026-03-18T12:48:28","slug":"montenegrin-delegation-visiting-limredd","status":"publish","type":"post","link":"https:\/\/imredd.fr\/en\/ekoopstina-de-montenegro-en-visite-a-limredd\/","title":{"rendered":"EKOOPSTINA from Montenegro visits IMREDD"},"content":{"rendered":"<p>On Friday 17 March, IMREDD welcomed the members of the Ekoop\u0161tina competition from Montenegro.<!--more--><br \/>\nThis competition aims to share and disseminate best practices in the field of sustainable development and to encourage Serbian municipalities to implement them within their territories. The competition, open to all Serbian municipalities and city communities, includes 4 categories: sustainable waste management, sustainable water management, energy efficiency of buildings, and connected communities.<\/p>\n<p>Within this framework, the jury members visited the IMREDD showroom, where emblematic projects were presented, notably the PUMA-X and SERENITY risk monitoring, management, and prevention projects, as well as the Territory and Autonomous Shuttles and UX for Smart Life chairs, which offer innovative solutions to the evolving lifestyles of citizens and the increasingly intelligent and connected environment.<\/p>\n<p><!--themify_builder_static--><!--\/themify_builder_static--><\/p>","protected":false},"excerpt":{"rendered":"<p>On Friday 17 March, IMREDD welcomed the members of the Ekoop\u0161tina competition from Montenegro.<\/p>","protected":false},"author":2,"featured_media":22261,"comment_status":"open","ping_status":"open","sticky":false,"template":"","format":"standard","meta":{"footnotes":""},"categories":[26,504],"tags":[386],"class_list":["post-22260","post","type-post","status-publish","format-standard","has-post-thumbnail","hentry","category-institutionnel","category-projets-et-recherche","tag-serenity","has-post-title","has-post-date","has-post-category","has-post-tag","has-post-comment","has-post-author",""],"yoast_head":"<!-- This site is optimized with the Yoast SEO Premium plugin v27.4 (Yoast SEO v27.4) - https:\/\/yoast.com\/product\/yoast-seo-premium-wordpress\/ -->\n<title>EKOOPSTINA de Mont\u00e9n\u00e9gro en visite \u00e0 l&#039;IMREDD - IMREDD - Universit\u00e9 C\u00f4te d&#039;Azur<\/title>\n<meta name=\"robots\" content=\"index, follow, max-snippet:-1, max-image-preview:large, max-video-preview:-1\" \/>\n<link rel=\"canonical\" href=\"https:\/\/imredd.fr\/en\/montenegrin-delegation-visiting-limredd\/\" \/>\n<meta property=\"og:locale\" content=\"en_GB\" \/>\n<meta property=\"og:type\" content=\"article\" \/>\n<meta property=\"og:title\" content=\"EKOOPSTINA de Mont\u00e9n\u00e9gro en visite \u00e0 l&#039;IMREDD\" \/>\n<meta property=\"og:description\" content=\"Le vendredi 17 mars, l&#039;IMREDD a accueilli les membres du concours Ekoop\u0161tina de Mont\u00e9n\u00e9gro.\" \/>\n<meta property=\"og:url\" content=\"https:\/\/imredd.fr\/en\/montenegrin-delegation-visiting-limredd\/\" \/>\n<meta property=\"og:site_name\" content=\"IMREDD - Universit\u00e9 C\u00f4te d&#039;Azur\" \/>\n<meta property=\"article:publisher\" content=\"http:\/\/facebook.com\/imredd.uca\" \/>\n<meta property=\"article:published_time\" content=\"2023-03-17T11:51:29+00:00\" \/>\n<meta property=\"article:modified_time\" content=\"2026-03-18T12:48:28+00:00\" \/>\n<meta property=\"og:image\" content=\"https:\/\/imredd.fr\/wp-content\/uploads\/2023\/03\/thumbnail_46a32a00-fda2-4685-b583-54e602cf2d24.jpg\" \/>\n\t<meta property=\"og:image:width\" content=\"1280\" \/>\n\t<meta property=\"og:image:height\" content=\"721\" \/>\n\t<meta property=\"og:image:type\" content=\"image\/jpeg\" \/>\n<meta name=\"author\" content=\"Antonio Barros\" \/>\n<meta name=\"twitter:card\" content=\"summary_large_image\" \/>\n<meta name=\"twitter:label1\" content=\"Written by\" \/>\n\t<meta name=\"twitter:data1\" content=\"Antonio Barros\" \/>\n\t<meta name=\"twitter:label2\" content=\"Estimated reading time\" \/>\n\t<meta name=\"twitter:data2\" content=\"1 minute\" \/>\n<script type=\"application\/ld+json\" class=\"yoast-schema-graph\">{\"@context\":\"https:\\\/\\\/schema.org\",\"@graph\":[{\"@type\":\"Article\",\"@id\":\"https:\\\/\\\/imredd.fr\\\/en\\\/montenegrin-delegation-visiting-limredd\\\/#article\",\"isPartOf\":{\"@id\":\"https:\\\/\\\/imredd.fr\\\/en\\\/montenegrin-delegation-visiting-limredd\\\/\"},\"author\":{\"name\":\"Antonio Barros\",\"@id\":\"https:\\\/\\\/imredd.fr\\\/#\\\/schema\\\/person\\\/41e50290e799cf196e315345a93c68de\"},\"headline\":\"EKOOPSTINA de Mont\u00e9n\u00e9gro en visite \u00e0 l&rsquo;IMREDD\",\"datePublished\":\"2023-03-17T11:51:29+00:00\",\"dateModified\":\"2026-03-18T12:48:28+00:00\",\"mainEntityOfPage\":{\"@id\":\"https:\\\/\\\/imredd.fr\\\/en\\\/montenegrin-delegation-visiting-limredd\\\/\"},\"wordCount\":170,\"commentCount\":0,\"publisher\":{\"@id\":\"https:\\\/\\\/imredd.fr\\\/#organization\"},\"image\":{\"@id\":\"https:\\\/\\\/imredd.fr\\\/en\\\/montenegrin-delegation-visiting-limredd\\\/#primaryimage\"},\"thumbnailUrl\":\"https:\\\/\\\/imredd.fr\\\/wp-content\\\/uploads\\\/2023\\\/03\\\/thumbnail_46a32a00-fda2-4685-b583-54e602cf2d24.jpg\",\"keywords\":[\"Serenity\"],\"articleSection\":[\"Institutionnel\",\"Projets et Recherche\"],\"inLanguage\":\"en-GB\",\"potentialAction\":[{\"@type\":\"CommentAction\",\"name\":\"Comment\",\"target\":[\"https:\\\/\\\/imredd.fr\\\/en\\\/montenegrin-delegation-visiting-limredd\\\/#respond\"]}]},{\"@type\":\"WebPage\",\"@id\":\"https:\\\/\\\/imredd.fr\\\/en\\\/montenegrin-delegation-visiting-limredd\\\/\",\"url\":\"https:\\\/\\\/imredd.fr\\\/en\\\/montenegrin-delegation-visiting-limredd\\\/\",\"name\":\"EKOOPSTINA de Mont\u00e9n\u00e9gro en visite \u00e0 l'IMREDD - IMREDD - Universit\u00e9 C\u00f4te d&#039;Azur\",\"isPartOf\":{\"@id\":\"https:\\\/\\\/imredd.fr\\\/#website\"},\"primaryImageOfPage\":{\"@id\":\"https:\\\/\\\/imredd.fr\\\/en\\\/montenegrin-delegation-visiting-limredd\\\/#primaryimage\"},\"image\":{\"@id\":\"https:\\\/\\\/imredd.fr\\\/en\\\/montenegrin-delegation-visiting-limredd\\\/#primaryimage\"},\"thumbnailUrl\":\"https:\\\/\\\/imredd.fr\\\/wp-content\\\/uploads\\\/2023\\\/03\\\/thumbnail_46a32a00-fda2-4685-b583-54e602cf2d24.jpg\",\"datePublished\":\"2023-03-17T11:51:29+00:00\",\"dateModified\":\"2026-03-18T12:48:28+00:00\",\"breadcrumb\":{\"@id\":\"https:\\\/\\\/imredd.fr\\\/en\\\/montenegrin-delegation-visiting-limredd\\\/#breadcrumb\"},\"inLanguage\":\"en-GB\",\"potentialAction\":[{\"@type\":\"ReadAction\",\"target\":[\"https:\\\/\\\/imredd.fr\\\/en\\\/montenegrin-delegation-visiting-limredd\\\/\"]}]},{\"@type\":\"ImageObject\",\"inLanguage\":\"en-GB\",\"@id\":\"https:\\\/\\\/imredd.fr\\\/en\\\/montenegrin-delegation-visiting-limredd\\\/#primaryimage\",\"url\":\"https:\\\/\\\/imredd.fr\\\/wp-content\\\/uploads\\\/2023\\\/03\\\/thumbnail_46a32a00-fda2-4685-b583-54e602cf2d24.jpg\",\"contentUrl\":\"https:\\\/\\\/imredd.fr\\\/wp-content\\\/uploads\\\/2023\\\/03\\\/thumbnail_46a32a00-fda2-4685-b583-54e602cf2d24.jpg\",\"width\":1280,\"height\":721},{\"@type\":\"BreadcrumbList\",\"@id\":\"https:\\\/\\\/imredd.fr\\\/en\\\/montenegrin-delegation-visiting-limredd\\\/#breadcrumb\",\"itemListElement\":[{\"@type\":\"ListItem\",\"position\":1,\"name\":\"Accueil\",\"item\":\"https:\\\/\\\/imredd.fr\\\/\"},{\"@type\":\"ListItem\",\"position\":2,\"name\":\"EKOOPSTINA de Mont\u00e9n\u00e9gro en visite \u00e0 l&rsquo;IMREDD\"}]},{\"@type\":\"WebSite\",\"@id\":\"https:\\\/\\\/imredd.fr\\\/#website\",\"url\":\"https:\\\/\\\/imredd.fr\\\/\",\"name\":\"IMREDD - Universit\u00e9 C\u00f4te d'Azur\",\"description\":\"Institut M\u00e9diterran\u00e9en du Risque, de l&#039;Environnement et du D\u00e9veloppement Durable\",\"publisher\":{\"@id\":\"https:\\\/\\\/imredd.fr\\\/#organization\"},\"potentialAction\":[{\"@type\":\"SearchAction\",\"target\":{\"@type\":\"EntryPoint\",\"urlTemplate\":\"https:\\\/\\\/imredd.fr\\\/?s={search_term_string}\"},\"query-input\":{\"@type\":\"PropertyValueSpecification\",\"valueRequired\":true,\"valueName\":\"search_term_string\"}}],\"inLanguage\":\"en-GB\"},{\"@type\":\"Organization\",\"@id\":\"https:\\\/\\\/imredd.fr\\\/#organization\",\"name\":\"IMREDD - Institut M\u00e9diterran\u00e9en du Risque, de l'Environnement et du D\u00e9veloppement Durable\",\"url\":\"https:\\\/\\\/imredd.fr\\\/\",\"logo\":{\"@type\":\"ImageObject\",\"inLanguage\":\"en-GB\",\"@id\":\"https:\\\/\\\/imredd.fr\\\/#\\\/schema\\\/logo\\\/image\\\/\",\"url\":\"https:\\\/\\\/imredd.fr\\\/wp-content\\\/uploads\\\/2025\\\/07\\\/IMREDD-Logo-couleurs-transparent.png\",\"contentUrl\":\"https:\\\/\\\/imredd.fr\\\/wp-content\\\/uploads\\\/2025\\\/07\\\/IMREDD-Logo-couleurs-transparent.png\",\"width\":959,\"height\":164,\"caption\":\"IMREDD - Institut M\u00e9diterran\u00e9en du Risque, de l'Environnement et du D\u00e9veloppement Durable\"},\"image\":{\"@id\":\"https:\\\/\\\/imredd.fr\\\/#\\\/schema\\\/logo\\\/image\\\/\"},\"sameAs\":[\"http:\\\/\\\/facebook.com\\\/imredd.uca\",\"http:\\\/\\\/linkedin.com\\\/showcase\\\/imredd\"]},{\"@type\":\"Person\",\"@id\":\"https:\\\/\\\/imredd.fr\\\/#\\\/schema\\\/person\\\/41e50290e799cf196e315345a93c68de\",\"name\":\"Antonio Barros\",\"image\":{\"@type\":\"ImageObject\",\"inLanguage\":\"en-GB\",\"@id\":\"https:\\\/\\\/secure.gravatar.com\\\/avatar\\\/f4be75a97d6a27aad47c779bf7bfef9978f4ce4cf5a3c6160d97f893788ce445?s=96&d=mm&r=g\",\"url\":\"https:\\\/\\\/secure.gravatar.com\\\/avatar\\\/f4be75a97d6a27aad47c779bf7bfef9978f4ce4cf5a3c6160d97f893788ce445?s=96&d=mm&r=g\",\"contentUrl\":\"https:\\\/\\\/secure.gravatar.com\\\/avatar\\\/f4be75a97d6a27aad47c779bf7bfef9978f4ce4cf5a3c6160d97f893788ce445?s=96&d=mm&r=g\",\"caption\":\"Antonio Barros\"},\"url\":\"https:\\\/\\\/imredd.fr\\\/en\\\/author\\\/imredd-com\\\/\"}]}<\/script>\n<!-- \/ Yoast SEO Premium plugin. -->","yoast_head_json":{"title":"Montenegrin Municipality visits IMREDD - IMREDD - University C\u00f4te d'Azur","robots":{"index":"index","follow":"follow","max-snippet":"max-snippet:-1","max-image-preview":"max-image-preview:large","max-video-preview":"max-video-preview:-1"},"canonical":"https:\/\/imredd.fr\/en\/montenegrin-delegation-visiting-limredd\/","og_locale":"en_GB","og_type":"article","og_title":"EKOOPSTINA de Mont\u00e9n\u00e9gro en visite \u00e0 l'IMREDD","og_description":"Le vendredi 17 mars, l'IMREDD a accueilli les membres du concours Ekoop\u0161tina de Mont\u00e9n\u00e9gro.","og_url":"https:\/\/imredd.fr\/en\/montenegrin-delegation-visiting-limredd\/","og_site_name":"IMREDD - Universit\u00e9 C\u00f4te d&#039;Azur","article_publisher":"http:\/\/facebook.com\/imredd.uca","article_published_time":"2023-03-17T11:51:29+00:00","article_modified_time":"2026-03-18T12:48:28+00:00","og_image":[{"width":1280,"height":721,"url":"https:\/\/imredd.fr\/wp-content\/uploads\/2023\/03\/thumbnail_46a32a00-fda2-4685-b583-54e602cf2d24.jpg","type":"image\/jpeg"}],"author":"Antonio Barros","twitter_card":"summary_large_image","twitter_misc":{"Written by":"Antonio Barros","Estimated reading time":"1 minute"},"schema":{"@context":"https:\/\/schema.org","@graph":[{"@type":"Article","@id":"https:\/\/imredd.fr\/en\/montenegrin-delegation-visiting-limredd\/#article","isPartOf":{"@id":"https:\/\/imredd.fr\/en\/montenegrin-delegation-visiting-limredd\/"},"author":{"name":"Antonio Barros","@id":"https:\/\/imredd.fr\/#\/schema\/person\/41e50290e799cf196e315345a93c68de"},"headline":"EKOOPSTINA de Mont\u00e9n\u00e9gro en visite \u00e0 l&rsquo;IMREDD","datePublished":"2023-03-17T11:51:29+00:00","dateModified":"2026-03-18T12:48:28+00:00","mainEntityOfPage":{"@id":"https:\/\/imredd.fr\/en\/montenegrin-delegation-visiting-limredd\/"},"wordCount":170,"commentCount":0,"publisher":{"@id":"https:\/\/imredd.fr\/#organization"},"image":{"@id":"https:\/\/imredd.fr\/en\/montenegrin-delegation-visiting-limredd\/#primaryimage"},"thumbnailUrl":"https:\/\/imredd.fr\/wp-content\/uploads\/2023\/03\/thumbnail_46a32a00-fda2-4685-b583-54e602cf2d24.jpg","keywords":["Serenity"],"articleSection":["Institutionnel","Projets et Recherche"],"inLanguage":"en-GB","potentialAction":[{"@type":"CommentAction","name":"Comment","target":["https:\/\/imredd.fr\/en\/montenegrin-delegation-visiting-limredd\/#respond"]}]},{"@type":"WebPage","@id":"https:\/\/imredd.fr\/en\/montenegrin-delegation-visiting-limredd\/","url":"https:\/\/imredd.fr\/en\/montenegrin-delegation-visiting-limredd\/","name":"Montenegrin Municipality visits IMREDD - IMREDD - University C\u00f4te d'Azur","isPartOf":{"@id":"https:\/\/imredd.fr\/#website"},"primaryImageOfPage":{"@id":"https:\/\/imredd.fr\/en\/montenegrin-delegation-visiting-limredd\/#primaryimage"},"image":{"@id":"https:\/\/imredd.fr\/en\/montenegrin-delegation-visiting-limredd\/#primaryimage"},"thumbnailUrl":"https:\/\/imredd.fr\/wp-content\/uploads\/2023\/03\/thumbnail_46a32a00-fda2-4685-b583-54e602cf2d24.jpg","datePublished":"2023-03-17T11:51:29+00:00","dateModified":"2026-03-18T12:48:28+00:00","breadcrumb":{"@id":"https:\/\/imredd.fr\/en\/montenegrin-delegation-visiting-limredd\/#breadcrumb"},"inLanguage":"en-GB","potentialAction":[{"@type":"ReadAction","target":["https:\/\/imredd.fr\/en\/montenegrin-delegation-visiting-limredd\/"]}]},{"@type":"ImageObject","inLanguage":"en-GB","@id":"https:\/\/imredd.fr\/en\/montenegrin-delegation-visiting-limredd\/#primaryimage","url":"https:\/\/imredd.fr\/wp-content\/uploads\/2023\/03\/thumbnail_46a32a00-fda2-4685-b583-54e602cf2d24.jpg","contentUrl":"https:\/\/imredd.fr\/wp-content\/uploads\/2023\/03\/thumbnail_46a32a00-fda2-4685-b583-54e602cf2d24.jpg","width":1280,"height":721},{"@type":"BreadcrumbList","@id":"https:\/\/imredd.fr\/en\/montenegrin-delegation-visiting-limredd\/#breadcrumb","itemListElement":[{"@type":"ListItem","position":1,"name":"Accueil","item":"https:\/\/imredd.fr\/"},{"@type":"ListItem","position":2,"name":"EKOOPSTINA de Mont\u00e9n\u00e9gro en visite \u00e0 l&rsquo;IMREDD"}]},{"@type":"WebSite","@id":"https:\/\/imredd.fr\/#website","url":"https:\/\/imredd.fr\/","name":"IMREDD - C\u00f4te d'Azur University","description":"Mediterranean Institute for Risk, Environment and Sustainable Development","publisher":{"@id":"https:\/\/imredd.fr\/#organization"},"potentialAction":[{"@type":"SearchAction","target":{"@type":"EntryPoint","urlTemplate":"https:\/\/imredd.fr\/?s={search_term_string}"},"query-input":{"@type":"PropertyValueSpecification","valueRequired":true,"valueName":"search_term_string"}}],"inLanguage":"en-GB"},{"@type":"Organization","@id":"https:\/\/imredd.fr\/#organization","name":"IMREDD - Mediterranean Institute for Risk, Environment and Sustainable Development","url":"https:\/\/imredd.fr\/","logo":{"@type":"ImageObject","inLanguage":"en-GB","@id":"https:\/\/imredd.fr\/#\/schema\/logo\/image\/","url":"https:\/\/imredd.fr\/wp-content\/uploads\/2025\/07\/IMREDD-Logo-couleurs-transparent.png","contentUrl":"https:\/\/imredd.fr\/wp-content\/uploads\/2025\/07\/IMREDD-Logo-couleurs-transparent.png","width":959,"height":164,"caption":"IMREDD - Institut M\u00e9diterran\u00e9en du Risque, de l'Environnement et du D\u00e9veloppement Durable"},"image":{"@id":"https:\/\/imredd.fr\/#\/schema\/logo\/image\/"},"sameAs":["http:\/\/facebook.com\/imredd.uca","http:\/\/linkedin.com\/showcase\/imredd"]},{"@type":"Person","@id":"https:\/\/imredd.fr\/#\/schema\/person\/41e50290e799cf196e315345a93c68de","name":"Antonio Barros","image":{"@type":"ImageObject","inLanguage":"en-GB","@id":"https:\/\/secure.gravatar.com\/avatar\/f4be75a97d6a27aad47c779bf7bfef9978f4ce4cf5a3c6160d97f893788ce445?s=96&d=mm&r=g","url":"https:\/\/secure.gravatar.com\/avatar\/f4be75a97d6a27aad47c779bf7bfef9978f4ce4cf5a3c6160d97f893788ce445?s=96&d=mm&r=g","contentUrl":"https:\/\/secure.gravatar.com\/avatar\/f4be75a97d6a27aad47c779bf7bfef9978f4ce4cf5a3c6160d97f893788ce445?s=96&d=mm&r=g","caption":"Antonio Barros"},"url":"https:\/\/imredd.fr\/en\/author\/imredd-com\/"}]}},"_links":{"self":[{"href":"https:\/\/imredd.fr\/en\/wp-json\/wp\/v2\/posts\/22260","targetHints":{"allow":["GET"]}}],"collection":[{"href":"https:\/\/imredd.fr\/en\/wp-json\/wp\/v2\/posts"}],"about":[{"href":"https:\/\/imredd.fr\/en\/wp-json\/wp\/v2\/types\/post"}],"author":[{"embeddable":true,"href":"https:\/\/imredd.fr\/en\/wp-json\/wp\/v2\/users\/2"}],"replies":[{"embeddable":true,"href":"https:\/\/imredd.fr\/en\/wp-json\/wp\/v2\/comments?post=22260"}],"version-history":[{"count":1,"href":"https:\/\/imredd.fr\/en\/wp-json\/wp\/v2\/posts\/22260\/revisions"}],"predecessor-version":[{"id":27085,"href":"https:\/\/imredd.fr\/en\/wp-json\/wp\/v2\/posts\/22260\/revisions\/27085"}],"wp:featuredmedia":[{"embeddable":true,"href":"https:\/\/imredd.fr\/en\/wp-json\/wp\/v2\/media\/22261"}],"wp:attachment":[{"href":"https:\/\/imredd.fr\/en\/wp-json\/wp\/v2\/media?parent=22260"}],"wp:term":[{"taxonomy":"category","embeddable":true,"href":"https:\/\/imredd.fr\/en\/wp-json\/wp\/v2\/categories?post=22260"},{"taxonomy":"post_tag","embeddable":true,"href":"https:\/\/imredd.fr\/en\/wp-json\/wp\/v2\/tags?post=22260"}],"curies":[{"name":"wp","href":"https:\/\/api.w.org\/{rel}","templated":true}]}}