{"id":22514,"date":"2023-05-26T10:31:46","date_gmt":"2023-05-26T08:31:46","guid":{"rendered":"https:\/\/imredd.fr\/?p=22514"},"modified":"2023-05-26T10:31:46","modified_gmt":"2023-05-26T08:31:46","slug":"review-of-the-event-capturing-visualising-analysing-and-the-contribution-of-3d-scanners","status":"publish","type":"post","link":"https:\/\/imredd.fr\/en\/retour-sur-levenement-capturer-visualiser-analyser-apport-des-scanners-3d\/","title":{"rendered":"A look back at the \u00abCapture, visualise, analyse: the contribution of 3D scanners\u00bb event\u00bb"},"content":{"rendered":"<p>This Thursday, May 25th, IMREDD \u2013 Universit\u00e9 C\u00f4te d\u2019Azur, in collaboration with FARO Technologies, offered a practical workshop on digitisation using 3D scanners, featuring demonstrations and real-world case studies.<!--more--><\/p>\n<p>This morning, our experts' presentations highlighted the vast potential of 3D scanners in fields as diverse as construction, architecture, automotive, mechanics, and even healthcare. IMREDD introduced the event by presenting its service offerings, while FARO Technologies unveiled the various available scanning methods, thus providing a comprehensive overview of the possibilities offered by this revolutionary technology.<\/p>\n<p>This was followed by a showcase of concrete projects carried out with 3D scanners, through feedback that illustrated how 3D digitisation can transform the business sectors of the various participants.<\/p>\n<p>Finally, a demonstration workshop allowed participants to closely explore FARO's various fixed and portable equipment, enabling them to visualise the capabilities and practical advantages of these cutting-edge tools.<\/p>","protected":false},"excerpt":{"rendered":"<p>This Thursday, May 25th, IMREDD \u2013 Universit\u00e9 C\u00f4te d\u2019Azur, in collaboration with FARO Technologies, offered a practical workshop on digitisation using 3D scanners, featuring demonstrations and real-world case studies.<\/p>","protected":false},"author":2,"featured_media":22515,"comment_status":"open","ping_status":"open","sticky":false,"template":"","format":"standard","meta":{"footnotes":""},"categories":[153],"tags":[],"class_list":["post-22514","post","type-post","status-publish","format-standard","has-post-thumbnail","hentry","category-plateforme-technologique","has-post-title","has-post-date","has-post-category","has-post-tag","has-post-comment","has-post-author",""],"yoast_head":"<!-- This site is optimized with the Yoast SEO Premium plugin v27.4 (Yoast SEO v27.4) - https:\/\/yoast.com\/product\/yoast-seo-premium-wordpress\/ -->\n<title>Retour sur l&#039;\u00e9v\u00e9nement &quot;Capturer, visualiser, analyser : apport des scanners 3D&quot; - IMREDD - Universit\u00e9 C\u00f4te d&#039;Azur<\/title>\n<meta name=\"robots\" content=\"index, follow, max-snippet:-1, max-image-preview:large, max-video-preview:-1\" \/>\n<link rel=\"canonical\" href=\"https:\/\/imredd.fr\/en\/review-of-the-event-capturing-visualising-analysing-and-the-contribution-of-3d-scanners\/\" \/>\n<meta property=\"og:locale\" content=\"en_GB\" \/>\n<meta property=\"og:type\" content=\"article\" \/>\n<meta property=\"og:title\" content=\"Retour sur l&#039;\u00e9v\u00e9nement &quot;Capturer, visualiser, analyser : apport des scanners 3D&quot;\" \/>\n<meta property=\"og:description\" content=\"Ce jeudi 25 mai, l&rsquo;IMREDD &#8211; Universit\u00e9 C\u00f4te d&rsquo;Azur, en collaboration avec FARO Technologies, a propos\u00e9 un atelier pratique de d\u00e9monstrations et de retours d&rsquo;exp\u00e9riences sur la num\u00e9risation avec scanners 3D.\" \/>\n<meta property=\"og:url\" content=\"https:\/\/imredd.fr\/en\/review-of-the-event-capturing-visualising-analysing-and-the-contribution-of-3d-scanners\/\" \/>\n<meta property=\"og:site_name\" content=\"IMREDD - Universit\u00e9 C\u00f4te d&#039;Azur\" \/>\n<meta property=\"article:publisher\" content=\"http:\/\/facebook.com\/imredd.uca\" \/>\n<meta property=\"article:published_time\" content=\"2023-05-26T08:31:46+00:00\" \/>\n<meta property=\"og:image\" content=\"https:\/\/imredd.fr\/wp-content\/uploads\/2023\/05\/IMREDD-FARO-Atelier.png\" \/>\n\t<meta property=\"og:image:width\" content=\"1024\" \/>\n\t<meta property=\"og:image:height\" content=\"585\" \/>\n\t<meta property=\"og:image:type\" content=\"image\/png\" \/>\n<meta name=\"author\" content=\"Antonio Barros\" \/>\n<meta name=\"twitter:card\" content=\"summary_large_image\" \/>\n<meta name=\"twitter:label1\" content=\"Written by\" \/>\n\t<meta name=\"twitter:data1\" content=\"Antonio Barros\" \/>\n\t<meta name=\"twitter:label2\" content=\"Estimated reading time\" \/>\n\t<meta name=\"twitter:data2\" content=\"1 minute\" \/>\n<script type=\"application\/ld+json\" class=\"yoast-schema-graph\">{\"@context\":\"https:\\\/\\\/schema.org\",\"@graph\":[{\"@type\":\"Article\",\"@id\":\"https:\\\/\\\/imredd.fr\\\/en\\\/retour-sur-levenement-capturer-visualiser-analyser-apport-des-scanners-3d\\\/#article\",\"isPartOf\":{\"@id\":\"https:\\\/\\\/imredd.fr\\\/en\\\/retour-sur-levenement-capturer-visualiser-analyser-apport-des-scanners-3d\\\/\"},\"author\":{\"name\":\"Antonio Barros\",\"@id\":\"https:\\\/\\\/imredd.fr\\\/#\\\/schema\\\/person\\\/41e50290e799cf196e315345a93c68de\"},\"headline\":\"Retour sur l&rsquo;\u00e9v\u00e9nement \u00ab\u00a0Capturer, visualiser, analyser : apport des scanners 3D\u00a0\u00bb\",\"datePublished\":\"2023-05-26T08:31:46+00:00\",\"mainEntityOfPage\":{\"@id\":\"https:\\\/\\\/imredd.fr\\\/en\\\/retour-sur-levenement-capturer-visualiser-analyser-apport-des-scanners-3d\\\/\"},\"wordCount\":215,\"commentCount\":0,\"publisher\":{\"@id\":\"https:\\\/\\\/imredd.fr\\\/#organization\"},\"image\":{\"@id\":\"https:\\\/\\\/imredd.fr\\\/en\\\/retour-sur-levenement-capturer-visualiser-analyser-apport-des-scanners-3d\\\/#primaryimage\"},\"thumbnailUrl\":\"https:\\\/\\\/imredd.fr\\\/wp-content\\\/uploads\\\/2023\\\/05\\\/IMREDD-FARO-Atelier.png\",\"articleSection\":[\"Plateforme Technologique\"],\"inLanguage\":\"en-GB\",\"potentialAction\":[{\"@type\":\"CommentAction\",\"name\":\"Comment\",\"target\":[\"https:\\\/\\\/imredd.fr\\\/en\\\/retour-sur-levenement-capturer-visualiser-analyser-apport-des-scanners-3d\\\/#respond\"]}]},{\"@type\":\"WebPage\",\"@id\":\"https:\\\/\\\/imredd.fr\\\/en\\\/retour-sur-levenement-capturer-visualiser-analyser-apport-des-scanners-3d\\\/\",\"url\":\"https:\\\/\\\/imredd.fr\\\/en\\\/retour-sur-levenement-capturer-visualiser-analyser-apport-des-scanners-3d\\\/\",\"name\":\"Retour sur l'\u00e9v\u00e9nement \\\"Capturer, visualiser, analyser : apport des scanners 3D\\\" - IMREDD - Universit\u00e9 C\u00f4te d&#039;Azur\",\"isPartOf\":{\"@id\":\"https:\\\/\\\/imredd.fr\\\/#website\"},\"primaryImageOfPage\":{\"@id\":\"https:\\\/\\\/imredd.fr\\\/en\\\/retour-sur-levenement-capturer-visualiser-analyser-apport-des-scanners-3d\\\/#primaryimage\"},\"image\":{\"@id\":\"https:\\\/\\\/imredd.fr\\\/en\\\/retour-sur-levenement-capturer-visualiser-analyser-apport-des-scanners-3d\\\/#primaryimage\"},\"thumbnailUrl\":\"https:\\\/\\\/imredd.fr\\\/wp-content\\\/uploads\\\/2023\\\/05\\\/IMREDD-FARO-Atelier.png\",\"datePublished\":\"2023-05-26T08:31:46+00:00\",\"breadcrumb\":{\"@id\":\"https:\\\/\\\/imredd.fr\\\/en\\\/retour-sur-levenement-capturer-visualiser-analyser-apport-des-scanners-3d\\\/#breadcrumb\"},\"inLanguage\":\"en-GB\",\"potentialAction\":[{\"@type\":\"ReadAction\",\"target\":[\"https:\\\/\\\/imredd.fr\\\/en\\\/retour-sur-levenement-capturer-visualiser-analyser-apport-des-scanners-3d\\\/\"]}]},{\"@type\":\"ImageObject\",\"inLanguage\":\"en-GB\",\"@id\":\"https:\\\/\\\/imredd.fr\\\/en\\\/retour-sur-levenement-capturer-visualiser-analyser-apport-des-scanners-3d\\\/#primaryimage\",\"url\":\"https:\\\/\\\/imredd.fr\\\/wp-content\\\/uploads\\\/2023\\\/05\\\/IMREDD-FARO-Atelier.png\",\"contentUrl\":\"https:\\\/\\\/imredd.fr\\\/wp-content\\\/uploads\\\/2023\\\/05\\\/IMREDD-FARO-Atelier.png\",\"width\":1024,\"height\":585},{\"@type\":\"BreadcrumbList\",\"@id\":\"https:\\\/\\\/imredd.fr\\\/en\\\/retour-sur-levenement-capturer-visualiser-analyser-apport-des-scanners-3d\\\/#breadcrumb\",\"itemListElement\":[{\"@type\":\"ListItem\",\"position\":1,\"name\":\"Accueil\",\"item\":\"https:\\\/\\\/imredd.fr\\\/\"},{\"@type\":\"ListItem\",\"position\":2,\"name\":\"Retour sur l&rsquo;\u00e9v\u00e9nement \u00ab\u00a0Capturer, visualiser, analyser : apport des scanners 3D\u00a0\u00bb\"}]},{\"@type\":\"WebSite\",\"@id\":\"https:\\\/\\\/imredd.fr\\\/#website\",\"url\":\"https:\\\/\\\/imredd.fr\\\/\",\"name\":\"IMREDD - Universit\u00e9 C\u00f4te d'Azur\",\"description\":\"Institut M\u00e9diterran\u00e9en du Risque, de l&#039;Environnement et du D\u00e9veloppement Durable\",\"publisher\":{\"@id\":\"https:\\\/\\\/imredd.fr\\\/#organization\"},\"potentialAction\":[{\"@type\":\"SearchAction\",\"target\":{\"@type\":\"EntryPoint\",\"urlTemplate\":\"https:\\\/\\\/imredd.fr\\\/?s={search_term_string}\"},\"query-input\":{\"@type\":\"PropertyValueSpecification\",\"valueRequired\":true,\"valueName\":\"search_term_string\"}}],\"inLanguage\":\"en-GB\"},{\"@type\":\"Organization\",\"@id\":\"https:\\\/\\\/imredd.fr\\\/#organization\",\"name\":\"IMREDD - Institut M\u00e9diterran\u00e9en du Risque, de l'Environnement et du D\u00e9veloppement Durable\",\"url\":\"https:\\\/\\\/imredd.fr\\\/\",\"logo\":{\"@type\":\"ImageObject\",\"inLanguage\":\"en-GB\",\"@id\":\"https:\\\/\\\/imredd.fr\\\/#\\\/schema\\\/logo\\\/image\\\/\",\"url\":\"https:\\\/\\\/imredd.fr\\\/wp-content\\\/uploads\\\/2025\\\/07\\\/IMREDD-Logo-couleurs-transparent.png\",\"contentUrl\":\"https:\\\/\\\/imredd.fr\\\/wp-content\\\/uploads\\\/2025\\\/07\\\/IMREDD-Logo-couleurs-transparent.png\",\"width\":959,\"height\":164,\"caption\":\"IMREDD - Institut M\u00e9diterran\u00e9en du Risque, de l'Environnement et du D\u00e9veloppement Durable\"},\"image\":{\"@id\":\"https:\\\/\\\/imredd.fr\\\/#\\\/schema\\\/logo\\\/image\\\/\"},\"sameAs\":[\"http:\\\/\\\/facebook.com\\\/imredd.uca\",\"http:\\\/\\\/linkedin.com\\\/showcase\\\/imredd\"]},{\"@type\":\"Person\",\"@id\":\"https:\\\/\\\/imredd.fr\\\/#\\\/schema\\\/person\\\/41e50290e799cf196e315345a93c68de\",\"name\":\"Antonio Barros\",\"image\":{\"@type\":\"ImageObject\",\"inLanguage\":\"en-GB\",\"@id\":\"https:\\\/\\\/secure.gravatar.com\\\/avatar\\\/f4be75a97d6a27aad47c779bf7bfef9978f4ce4cf5a3c6160d97f893788ce445?s=96&d=mm&r=g\",\"url\":\"https:\\\/\\\/secure.gravatar.com\\\/avatar\\\/f4be75a97d6a27aad47c779bf7bfef9978f4ce4cf5a3c6160d97f893788ce445?s=96&d=mm&r=g\",\"contentUrl\":\"https:\\\/\\\/secure.gravatar.com\\\/avatar\\\/f4be75a97d6a27aad47c779bf7bfef9978f4ce4cf5a3c6160d97f893788ce445?s=96&d=mm&r=g\",\"caption\":\"Antonio Barros\"},\"url\":\"https:\\\/\\\/imredd.fr\\\/en\\\/author\\\/imredd-com\\\/\"}]}<\/script>\n<!-- \/ Yoast SEO Premium plugin. -->","yoast_head_json":{"title":"Review of the event \"Capture, Visualize, Analyse: Contributions of 3D Scanners\" - IMREDD - Universit\u00e9 C\u00f4te d'Azur","robots":{"index":"index","follow":"follow","max-snippet":"max-snippet:-1","max-image-preview":"max-image-preview:large","max-video-preview":"max-video-preview:-1"},"canonical":"https:\/\/imredd.fr\/en\/review-of-the-event-capturing-visualising-analysing-and-the-contribution-of-3d-scanners\/","og_locale":"en_GB","og_type":"article","og_title":"Retour sur l'\u00e9v\u00e9nement \"Capturer, visualiser, analyser : apport des scanners 3D\"","og_description":"Ce jeudi 25 mai, l&rsquo;IMREDD &#8211; Universit\u00e9 C\u00f4te d&rsquo;Azur, en collaboration avec FARO Technologies, a propos\u00e9 un atelier pratique de d\u00e9monstrations et de retours d&rsquo;exp\u00e9riences sur la num\u00e9risation avec scanners 3D.","og_url":"https:\/\/imredd.fr\/en\/review-of-the-event-capturing-visualising-analysing-and-the-contribution-of-3d-scanners\/","og_site_name":"IMREDD - Universit\u00e9 C\u00f4te d&#039;Azur","article_publisher":"http:\/\/facebook.com\/imredd.uca","article_published_time":"2023-05-26T08:31:46+00:00","og_image":[{"width":1024,"height":585,"url":"https:\/\/imredd.fr\/wp-content\/uploads\/2023\/05\/IMREDD-FARO-Atelier.png","type":"image\/png"}],"author":"Antonio Barros","twitter_card":"summary_large_image","twitter_misc":{"Written by":"Antonio Barros","Estimated reading time":"1 minute"},"schema":{"@context":"https:\/\/schema.org","@graph":[{"@type":"Article","@id":"https:\/\/imredd.fr\/en\/retour-sur-levenement-capturer-visualiser-analyser-apport-des-scanners-3d\/#article","isPartOf":{"@id":"https:\/\/imredd.fr\/en\/retour-sur-levenement-capturer-visualiser-analyser-apport-des-scanners-3d\/"},"author":{"name":"Antonio Barros","@id":"https:\/\/imredd.fr\/#\/schema\/person\/41e50290e799cf196e315345a93c68de"},"headline":"Retour sur l&rsquo;\u00e9v\u00e9nement \u00ab\u00a0Capturer, visualiser, analyser : apport des scanners 3D\u00a0\u00bb","datePublished":"2023-05-26T08:31:46+00:00","mainEntityOfPage":{"@id":"https:\/\/imredd.fr\/en\/retour-sur-levenement-capturer-visualiser-analyser-apport-des-scanners-3d\/"},"wordCount":215,"commentCount":0,"publisher":{"@id":"https:\/\/imredd.fr\/#organization"},"image":{"@id":"https:\/\/imredd.fr\/en\/retour-sur-levenement-capturer-visualiser-analyser-apport-des-scanners-3d\/#primaryimage"},"thumbnailUrl":"https:\/\/imredd.fr\/wp-content\/uploads\/2023\/05\/IMREDD-FARO-Atelier.png","articleSection":["Plateforme Technologique"],"inLanguage":"en-GB","potentialAction":[{"@type":"CommentAction","name":"Comment","target":["https:\/\/imredd.fr\/en\/retour-sur-levenement-capturer-visualiser-analyser-apport-des-scanners-3d\/#respond"]}]},{"@type":"WebPage","@id":"https:\/\/imredd.fr\/en\/retour-sur-levenement-capturer-visualiser-analyser-apport-des-scanners-3d\/","url":"https:\/\/imredd.fr\/en\/retour-sur-levenement-capturer-visualiser-analyser-apport-des-scanners-3d\/","name":"Review of the event \"Capture, Visualize, Analyse: Contributions of 3D Scanners\" - IMREDD - Universit\u00e9 C\u00f4te d'Azur","isPartOf":{"@id":"https:\/\/imredd.fr\/#website"},"primaryImageOfPage":{"@id":"https:\/\/imredd.fr\/en\/retour-sur-levenement-capturer-visualiser-analyser-apport-des-scanners-3d\/#primaryimage"},"image":{"@id":"https:\/\/imredd.fr\/en\/retour-sur-levenement-capturer-visualiser-analyser-apport-des-scanners-3d\/#primaryimage"},"thumbnailUrl":"https:\/\/imredd.fr\/wp-content\/uploads\/2023\/05\/IMREDD-FARO-Atelier.png","datePublished":"2023-05-26T08:31:46+00:00","breadcrumb":{"@id":"https:\/\/imredd.fr\/en\/retour-sur-levenement-capturer-visualiser-analyser-apport-des-scanners-3d\/#breadcrumb"},"inLanguage":"en-GB","potentialAction":[{"@type":"ReadAction","target":["https:\/\/imredd.fr\/en\/retour-sur-levenement-capturer-visualiser-analyser-apport-des-scanners-3d\/"]}]},{"@type":"ImageObject","inLanguage":"en-GB","@id":"https:\/\/imredd.fr\/en\/retour-sur-levenement-capturer-visualiser-analyser-apport-des-scanners-3d\/#primaryimage","url":"https:\/\/imredd.fr\/wp-content\/uploads\/2023\/05\/IMREDD-FARO-Atelier.png","contentUrl":"https:\/\/imredd.fr\/wp-content\/uploads\/2023\/05\/IMREDD-FARO-Atelier.png","width":1024,"height":585},{"@type":"BreadcrumbList","@id":"https:\/\/imredd.fr\/en\/retour-sur-levenement-capturer-visualiser-analyser-apport-des-scanners-3d\/#breadcrumb","itemListElement":[{"@type":"ListItem","position":1,"name":"Accueil","item":"https:\/\/imredd.fr\/"},{"@type":"ListItem","position":2,"name":"Retour sur l&rsquo;\u00e9v\u00e9nement \u00ab\u00a0Capturer, visualiser, analyser : apport des scanners 3D\u00a0\u00bb"}]},{"@type":"WebSite","@id":"https:\/\/imredd.fr\/#website","url":"https:\/\/imredd.fr\/","name":"IMREDD - C\u00f4te d'Azur University","description":"Mediterranean Institute for Risk, Environment and Sustainable Development","publisher":{"@id":"https:\/\/imredd.fr\/#organization"},"potentialAction":[{"@type":"SearchAction","target":{"@type":"EntryPoint","urlTemplate":"https:\/\/imredd.fr\/?s={search_term_string}"},"query-input":{"@type":"PropertyValueSpecification","valueRequired":true,"valueName":"search_term_string"}}],"inLanguage":"en-GB"},{"@type":"Organization","@id":"https:\/\/imredd.fr\/#organization","name":"IMREDD - Mediterranean Institute for Risk, Environment and Sustainable Development","url":"https:\/\/imredd.fr\/","logo":{"@type":"ImageObject","inLanguage":"en-GB","@id":"https:\/\/imredd.fr\/#\/schema\/logo\/image\/","url":"https:\/\/imredd.fr\/wp-content\/uploads\/2025\/07\/IMREDD-Logo-couleurs-transparent.png","contentUrl":"https:\/\/imredd.fr\/wp-content\/uploads\/2025\/07\/IMREDD-Logo-couleurs-transparent.png","width":959,"height":164,"caption":"IMREDD - Institut M\u00e9diterran\u00e9en du Risque, de l'Environnement et du D\u00e9veloppement Durable"},"image":{"@id":"https:\/\/imredd.fr\/#\/schema\/logo\/image\/"},"sameAs":["http:\/\/facebook.com\/imredd.uca","http:\/\/linkedin.com\/showcase\/imredd"]},{"@type":"Person","@id":"https:\/\/imredd.fr\/#\/schema\/person\/41e50290e799cf196e315345a93c68de","name":"Antonio Barros","image":{"@type":"ImageObject","inLanguage":"en-GB","@id":"https:\/\/secure.gravatar.com\/avatar\/f4be75a97d6a27aad47c779bf7bfef9978f4ce4cf5a3c6160d97f893788ce445?s=96&d=mm&r=g","url":"https:\/\/secure.gravatar.com\/avatar\/f4be75a97d6a27aad47c779bf7bfef9978f4ce4cf5a3c6160d97f893788ce445?s=96&d=mm&r=g","contentUrl":"https:\/\/secure.gravatar.com\/avatar\/f4be75a97d6a27aad47c779bf7bfef9978f4ce4cf5a3c6160d97f893788ce445?s=96&d=mm&r=g","caption":"Antonio Barros"},"url":"https:\/\/imredd.fr\/en\/author\/imredd-com\/"}]}},"_links":{"self":[{"href":"https:\/\/imredd.fr\/en\/wp-json\/wp\/v2\/posts\/22514","targetHints":{"allow":["GET"]}}],"collection":[{"href":"https:\/\/imredd.fr\/en\/wp-json\/wp\/v2\/posts"}],"about":[{"href":"https:\/\/imredd.fr\/en\/wp-json\/wp\/v2\/types\/post"}],"author":[{"embeddable":true,"href":"https:\/\/imredd.fr\/en\/wp-json\/wp\/v2\/users\/2"}],"replies":[{"embeddable":true,"href":"https:\/\/imredd.fr\/en\/wp-json\/wp\/v2\/comments?post=22514"}],"version-history":[{"count":0,"href":"https:\/\/imredd.fr\/en\/wp-json\/wp\/v2\/posts\/22514\/revisions"}],"wp:featuredmedia":[{"embeddable":true,"href":"https:\/\/imredd.fr\/en\/wp-json\/wp\/v2\/media\/22515"}],"wp:attachment":[{"href":"https:\/\/imredd.fr\/en\/wp-json\/wp\/v2\/media?parent=22514"}],"wp:term":[{"taxonomy":"category","embeddable":true,"href":"https:\/\/imredd.fr\/en\/wp-json\/wp\/v2\/categories?post=22514"},{"taxonomy":"post_tag","embeddable":true,"href":"https:\/\/imredd.fr\/en\/wp-json\/wp\/v2\/tags?post=22514"}],"curies":[{"name":"wp","href":"https:\/\/api.w.org\/{rel}","templated":true}]}}