{"id":22542,"date":"2023-06-13T15:42:49","date_gmt":"2023-06-13T13:42:49","guid":{"rendered":"https:\/\/imredd.fr\/?p=22542"},"modified":"2023-06-13T15:42:49","modified_gmt":"2023-06-13T13:42:49","slug":"job-vacancy-notice-director-of-limredd","status":"publish","type":"post","link":"https:\/\/imredd.fr\/en\/avis-de-vacance-de-poste-directeur-directrice-de-limredd\/","title":{"rendered":"Job Vacancy Notice: Director of IMREDD"},"content":{"rendered":"<p>L\u2019IMREDD \u2013 the University C\u00f4te d\u2019Azur Institute for Innovation and Partnerships in Nice \u2013 is looking for a dynamic and visionary Director to lead its sustainable research and development activities.<br \/>\nFor further information: <a href=\"http:\/\/bit.ly\/3N2KQru\">bit.ly<span class=\"bitlink--hash\">\/3N2KQru<\/span><\/a><!--more--><\/p>","protected":false},"excerpt":{"rendered":"<p>L\u2019IMREDD \u2013 the University C\u00f4te d\u2019Azur Institute for Innovation and Partnerships in Nice \u2013 is looking for a dynamic and visionary Director to lead its sustainable research and development activities.<\/p>","protected":false},"author":2,"featured_media":22543,"comment_status":"closed","ping_status":"open","sticky":false,"template":"","format":"standard","meta":{"footnotes":""},"categories":[26],"tags":[],"class_list":["post-22542","post","type-post","status-publish","format-standard","has-post-thumbnail","hentry","category-institutionnel","has-post-title","has-post-date","has-post-category","has-post-tag","has-post-comment","has-post-author",""],"yoast_head":"<!-- This site is optimized with the Yoast SEO Premium plugin v27.4 (Yoast SEO v27.4) - https:\/\/yoast.com\/product\/yoast-seo-premium-wordpress\/ -->\n<title>Avis de vacance de poste : Directeur\/Directrice de l&#039;IMREDD - IMREDD - Universit\u00e9 C\u00f4te d&#039;Azur<\/title>\n<meta name=\"robots\" content=\"index, follow, max-snippet:-1, max-image-preview:large, max-video-preview:-1\" \/>\n<link rel=\"canonical\" href=\"https:\/\/imredd.fr\/en\/job-vacancy-notice-director-of-limredd\/\" \/>\n<meta property=\"og:locale\" content=\"en_GB\" \/>\n<meta property=\"og:type\" content=\"article\" \/>\n<meta property=\"og:title\" content=\"Avis de vacance de poste : Directeur\/Directrice de l&#039;IMREDD\" \/>\n<meta property=\"og:description\" content=\"L&#039;IMREDD \u2013 Institut d\u2019Innovation et de Partenariats d\u2019Universit\u00e9 C\u00f4te d\u2019Azur \u00e0 Nice est \u00e0 la recherche d&#039;un(e) Directeur(trice) dynamique et visionnaire pour diriger ses activit\u00e9s de recherche et de d\u00e9veloppement durable.\" \/>\n<meta property=\"og:url\" content=\"https:\/\/imredd.fr\/en\/job-vacancy-notice-director-of-limredd\/\" \/>\n<meta property=\"og:site_name\" content=\"IMREDD - Universit\u00e9 C\u00f4te d&#039;Azur\" \/>\n<meta property=\"article:publisher\" content=\"http:\/\/facebook.com\/imredd.uca\" \/>\n<meta property=\"article:published_time\" content=\"2023-06-13T13:42:49+00:00\" \/>\n<meta property=\"og:image\" content=\"https:\/\/imredd.fr\/wp-content\/uploads\/2023\/06\/imredd_director.png\" \/>\n\t<meta property=\"og:image:width\" content=\"1280\" \/>\n\t<meta property=\"og:image:height\" content=\"853\" \/>\n\t<meta property=\"og:image:type\" content=\"image\/png\" \/>\n<meta name=\"author\" content=\"Antonio Barros\" \/>\n<meta name=\"twitter:card\" content=\"summary_large_image\" \/>\n<meta name=\"twitter:label1\" content=\"Written by\" \/>\n\t<meta name=\"twitter:data1\" content=\"Antonio Barros\" \/>\n\t<meta name=\"twitter:label2\" content=\"Estimated reading time\" \/>\n\t<meta name=\"twitter:data2\" content=\"1 minute\" \/>\n<script type=\"application\/ld+json\" class=\"yoast-schema-graph\">{\"@context\":\"https:\\\/\\\/schema.org\",\"@graph\":[{\"@type\":\"Article\",\"@id\":\"https:\\\/\\\/imredd.fr\\\/avis-de-vacance-de-poste-directeur-directrice-de-limredd\\\/#article\",\"isPartOf\":{\"@id\":\"https:\\\/\\\/imredd.fr\\\/avis-de-vacance-de-poste-directeur-directrice-de-limredd\\\/\"},\"author\":{\"name\":\"Antonio Barros\",\"@id\":\"https:\\\/\\\/imredd.fr\\\/#\\\/schema\\\/person\\\/41e50290e799cf196e315345a93c68de\"},\"headline\":\"Avis de vacance de poste : Directeur\\\/Directrice de l&rsquo;IMREDD\",\"datePublished\":\"2023-06-13T13:42:49+00:00\",\"mainEntityOfPage\":{\"@id\":\"https:\\\/\\\/imredd.fr\\\/avis-de-vacance-de-poste-directeur-directrice-de-limredd\\\/\"},\"wordCount\":55,\"publisher\":{\"@id\":\"https:\\\/\\\/imredd.fr\\\/#organization\"},\"image\":{\"@id\":\"https:\\\/\\\/imredd.fr\\\/avis-de-vacance-de-poste-directeur-directrice-de-limredd\\\/#primaryimage\"},\"thumbnailUrl\":\"https:\\\/\\\/imredd.fr\\\/wp-content\\\/uploads\\\/2023\\\/06\\\/imredd_director.png\",\"articleSection\":[\"Institutionnel\"],\"inLanguage\":\"en-GB\"},{\"@type\":\"WebPage\",\"@id\":\"https:\\\/\\\/imredd.fr\\\/avis-de-vacance-de-poste-directeur-directrice-de-limredd\\\/\",\"url\":\"https:\\\/\\\/imredd.fr\\\/avis-de-vacance-de-poste-directeur-directrice-de-limredd\\\/\",\"name\":\"Avis de vacance de poste : Directeur\\\/Directrice de l'IMREDD - IMREDD - Universit\u00e9 C\u00f4te d&#039;Azur\",\"isPartOf\":{\"@id\":\"https:\\\/\\\/imredd.fr\\\/#website\"},\"primaryImageOfPage\":{\"@id\":\"https:\\\/\\\/imredd.fr\\\/avis-de-vacance-de-poste-directeur-directrice-de-limredd\\\/#primaryimage\"},\"image\":{\"@id\":\"https:\\\/\\\/imredd.fr\\\/avis-de-vacance-de-poste-directeur-directrice-de-limredd\\\/#primaryimage\"},\"thumbnailUrl\":\"https:\\\/\\\/imredd.fr\\\/wp-content\\\/uploads\\\/2023\\\/06\\\/imredd_director.png\",\"datePublished\":\"2023-06-13T13:42:49+00:00\",\"breadcrumb\":{\"@id\":\"https:\\\/\\\/imredd.fr\\\/avis-de-vacance-de-poste-directeur-directrice-de-limredd\\\/#breadcrumb\"},\"inLanguage\":\"en-GB\",\"potentialAction\":[{\"@type\":\"ReadAction\",\"target\":[\"https:\\\/\\\/imredd.fr\\\/avis-de-vacance-de-poste-directeur-directrice-de-limredd\\\/\"]}]},{\"@type\":\"ImageObject\",\"inLanguage\":\"en-GB\",\"@id\":\"https:\\\/\\\/imredd.fr\\\/avis-de-vacance-de-poste-directeur-directrice-de-limredd\\\/#primaryimage\",\"url\":\"https:\\\/\\\/imredd.fr\\\/wp-content\\\/uploads\\\/2023\\\/06\\\/imredd_director.png\",\"contentUrl\":\"https:\\\/\\\/imredd.fr\\\/wp-content\\\/uploads\\\/2023\\\/06\\\/imredd_director.png\",\"width\":1280,\"height\":853},{\"@type\":\"BreadcrumbList\",\"@id\":\"https:\\\/\\\/imredd.fr\\\/avis-de-vacance-de-poste-directeur-directrice-de-limredd\\\/#breadcrumb\",\"itemListElement\":[{\"@type\":\"ListItem\",\"position\":1,\"name\":\"Accueil\",\"item\":\"https:\\\/\\\/imredd.fr\\\/\"},{\"@type\":\"ListItem\",\"position\":2,\"name\":\"Avis de vacance de poste : Directeur\\\/Directrice de l&rsquo;IMREDD\"}]},{\"@type\":\"WebSite\",\"@id\":\"https:\\\/\\\/imredd.fr\\\/#website\",\"url\":\"https:\\\/\\\/imredd.fr\\\/\",\"name\":\"IMREDD - Universit\u00e9 C\u00f4te d'Azur\",\"description\":\"Institut M\u00e9diterran\u00e9en du Risque, de l&#039;Environnement et du D\u00e9veloppement Durable\",\"publisher\":{\"@id\":\"https:\\\/\\\/imredd.fr\\\/#organization\"},\"potentialAction\":[{\"@type\":\"SearchAction\",\"target\":{\"@type\":\"EntryPoint\",\"urlTemplate\":\"https:\\\/\\\/imredd.fr\\\/?s={search_term_string}\"},\"query-input\":{\"@type\":\"PropertyValueSpecification\",\"valueRequired\":true,\"valueName\":\"search_term_string\"}}],\"inLanguage\":\"en-GB\"},{\"@type\":\"Organization\",\"@id\":\"https:\\\/\\\/imredd.fr\\\/#organization\",\"name\":\"IMREDD - Institut M\u00e9diterran\u00e9en du Risque, de l'Environnement et du D\u00e9veloppement Durable\",\"url\":\"https:\\\/\\\/imredd.fr\\\/\",\"logo\":{\"@type\":\"ImageObject\",\"inLanguage\":\"en-GB\",\"@id\":\"https:\\\/\\\/imredd.fr\\\/#\\\/schema\\\/logo\\\/image\\\/\",\"url\":\"https:\\\/\\\/imredd.fr\\\/wp-content\\\/uploads\\\/2025\\\/07\\\/IMREDD-Logo-couleurs-transparent.png\",\"contentUrl\":\"https:\\\/\\\/imredd.fr\\\/wp-content\\\/uploads\\\/2025\\\/07\\\/IMREDD-Logo-couleurs-transparent.png\",\"width\":959,\"height\":164,\"caption\":\"IMREDD - Institut M\u00e9diterran\u00e9en du Risque, de l'Environnement et du D\u00e9veloppement Durable\"},\"image\":{\"@id\":\"https:\\\/\\\/imredd.fr\\\/#\\\/schema\\\/logo\\\/image\\\/\"},\"sameAs\":[\"http:\\\/\\\/facebook.com\\\/imredd.uca\",\"http:\\\/\\\/linkedin.com\\\/showcase\\\/imredd\"]},{\"@type\":\"Person\",\"@id\":\"https:\\\/\\\/imredd.fr\\\/#\\\/schema\\\/person\\\/41e50290e799cf196e315345a93c68de\",\"name\":\"Antonio Barros\",\"image\":{\"@type\":\"ImageObject\",\"inLanguage\":\"en-GB\",\"@id\":\"https:\\\/\\\/secure.gravatar.com\\\/avatar\\\/f4be75a97d6a27aad47c779bf7bfef9978f4ce4cf5a3c6160d97f893788ce445?s=96&d=mm&r=g\",\"url\":\"https:\\\/\\\/secure.gravatar.com\\\/avatar\\\/f4be75a97d6a27aad47c779bf7bfef9978f4ce4cf5a3c6160d97f893788ce445?s=96&d=mm&r=g\",\"contentUrl\":\"https:\\\/\\\/secure.gravatar.com\\\/avatar\\\/f4be75a97d6a27aad47c779bf7bfef9978f4ce4cf5a3c6160d97f893788ce445?s=96&d=mm&r=g\",\"caption\":\"Antonio Barros\"},\"url\":\"https:\\\/\\\/imredd.fr\\\/en\\\/author\\\/imredd-com\\\/\"}]}<\/script>\n<!-- \/ Yoast SEO Premium plugin. -->","yoast_head_json":{"title":"Job Vacancy Notice: Director of IMREDD - IMREDD - Universit\u00e9 C\u00f4te d'Azur","robots":{"index":"index","follow":"follow","max-snippet":"max-snippet:-1","max-image-preview":"max-image-preview:large","max-video-preview":"max-video-preview:-1"},"canonical":"https:\/\/imredd.fr\/en\/job-vacancy-notice-director-of-limredd\/","og_locale":"en_GB","og_type":"article","og_title":"Avis de vacance de poste : Directeur\/Directrice de l'IMREDD","og_description":"L'IMREDD \u2013 Institut d\u2019Innovation et de Partenariats d\u2019Universit\u00e9 C\u00f4te d\u2019Azur \u00e0 Nice est \u00e0 la recherche d'un(e) Directeur(trice) dynamique et visionnaire pour diriger ses activit\u00e9s de recherche et de d\u00e9veloppement durable.","og_url":"https:\/\/imredd.fr\/en\/job-vacancy-notice-director-of-limredd\/","og_site_name":"IMREDD - Universit\u00e9 C\u00f4te d&#039;Azur","article_publisher":"http:\/\/facebook.com\/imredd.uca","article_published_time":"2023-06-13T13:42:49+00:00","og_image":[{"width":1280,"height":853,"url":"https:\/\/imredd.fr\/wp-content\/uploads\/2023\/06\/imredd_director.png","type":"image\/png"}],"author":"Antonio Barros","twitter_card":"summary_large_image","twitter_misc":{"Written by":"Antonio Barros","Estimated reading time":"1 minute"},"schema":{"@context":"https:\/\/schema.org","@graph":[{"@type":"Article","@id":"https:\/\/imredd.fr\/avis-de-vacance-de-poste-directeur-directrice-de-limredd\/#article","isPartOf":{"@id":"https:\/\/imredd.fr\/avis-de-vacance-de-poste-directeur-directrice-de-limredd\/"},"author":{"name":"Antonio Barros","@id":"https:\/\/imredd.fr\/#\/schema\/person\/41e50290e799cf196e315345a93c68de"},"headline":"Avis de vacance de poste : Directeur\/Directrice de l&rsquo;IMREDD","datePublished":"2023-06-13T13:42:49+00:00","mainEntityOfPage":{"@id":"https:\/\/imredd.fr\/avis-de-vacance-de-poste-directeur-directrice-de-limredd\/"},"wordCount":55,"publisher":{"@id":"https:\/\/imredd.fr\/#organization"},"image":{"@id":"https:\/\/imredd.fr\/avis-de-vacance-de-poste-directeur-directrice-de-limredd\/#primaryimage"},"thumbnailUrl":"https:\/\/imredd.fr\/wp-content\/uploads\/2023\/06\/imredd_director.png","articleSection":["Institutionnel"],"inLanguage":"en-GB"},{"@type":"WebPage","@id":"https:\/\/imredd.fr\/avis-de-vacance-de-poste-directeur-directrice-de-limredd\/","url":"https:\/\/imredd.fr\/avis-de-vacance-de-poste-directeur-directrice-de-limredd\/","name":"Job Vacancy Notice: Director of IMREDD - IMREDD - Universit\u00e9 C\u00f4te d'Azur","isPartOf":{"@id":"https:\/\/imredd.fr\/#website"},"primaryImageOfPage":{"@id":"https:\/\/imredd.fr\/avis-de-vacance-de-poste-directeur-directrice-de-limredd\/#primaryimage"},"image":{"@id":"https:\/\/imredd.fr\/avis-de-vacance-de-poste-directeur-directrice-de-limredd\/#primaryimage"},"thumbnailUrl":"https:\/\/imredd.fr\/wp-content\/uploads\/2023\/06\/imredd_director.png","datePublished":"2023-06-13T13:42:49+00:00","breadcrumb":{"@id":"https:\/\/imredd.fr\/avis-de-vacance-de-poste-directeur-directrice-de-limredd\/#breadcrumb"},"inLanguage":"en-GB","potentialAction":[{"@type":"ReadAction","target":["https:\/\/imredd.fr\/avis-de-vacance-de-poste-directeur-directrice-de-limredd\/"]}]},{"@type":"ImageObject","inLanguage":"en-GB","@id":"https:\/\/imredd.fr\/avis-de-vacance-de-poste-directeur-directrice-de-limredd\/#primaryimage","url":"https:\/\/imredd.fr\/wp-content\/uploads\/2023\/06\/imredd_director.png","contentUrl":"https:\/\/imredd.fr\/wp-content\/uploads\/2023\/06\/imredd_director.png","width":1280,"height":853},{"@type":"BreadcrumbList","@id":"https:\/\/imredd.fr\/avis-de-vacance-de-poste-directeur-directrice-de-limredd\/#breadcrumb","itemListElement":[{"@type":"ListItem","position":1,"name":"Accueil","item":"https:\/\/imredd.fr\/"},{"@type":"ListItem","position":2,"name":"Avis de vacance de poste : Directeur\/Directrice de l&rsquo;IMREDD"}]},{"@type":"WebSite","@id":"https:\/\/imredd.fr\/#website","url":"https:\/\/imredd.fr\/","name":"IMREDD - C\u00f4te d'Azur University","description":"Mediterranean Institute for Risk, Environment and Sustainable Development","publisher":{"@id":"https:\/\/imredd.fr\/#organization"},"potentialAction":[{"@type":"SearchAction","target":{"@type":"EntryPoint","urlTemplate":"https:\/\/imredd.fr\/?s={search_term_string}"},"query-input":{"@type":"PropertyValueSpecification","valueRequired":true,"valueName":"search_term_string"}}],"inLanguage":"en-GB"},{"@type":"Organization","@id":"https:\/\/imredd.fr\/#organization","name":"IMREDD - Mediterranean Institute for Risk, Environment and Sustainable Development","url":"https:\/\/imredd.fr\/","logo":{"@type":"ImageObject","inLanguage":"en-GB","@id":"https:\/\/imredd.fr\/#\/schema\/logo\/image\/","url":"https:\/\/imredd.fr\/wp-content\/uploads\/2025\/07\/IMREDD-Logo-couleurs-transparent.png","contentUrl":"https:\/\/imredd.fr\/wp-content\/uploads\/2025\/07\/IMREDD-Logo-couleurs-transparent.png","width":959,"height":164,"caption":"IMREDD - Institut M\u00e9diterran\u00e9en du Risque, de l'Environnement et du D\u00e9veloppement Durable"},"image":{"@id":"https:\/\/imredd.fr\/#\/schema\/logo\/image\/"},"sameAs":["http:\/\/facebook.com\/imredd.uca","http:\/\/linkedin.com\/showcase\/imredd"]},{"@type":"Person","@id":"https:\/\/imredd.fr\/#\/schema\/person\/41e50290e799cf196e315345a93c68de","name":"Antonio Barros","image":{"@type":"ImageObject","inLanguage":"en-GB","@id":"https:\/\/secure.gravatar.com\/avatar\/f4be75a97d6a27aad47c779bf7bfef9978f4ce4cf5a3c6160d97f893788ce445?s=96&d=mm&r=g","url":"https:\/\/secure.gravatar.com\/avatar\/f4be75a97d6a27aad47c779bf7bfef9978f4ce4cf5a3c6160d97f893788ce445?s=96&d=mm&r=g","contentUrl":"https:\/\/secure.gravatar.com\/avatar\/f4be75a97d6a27aad47c779bf7bfef9978f4ce4cf5a3c6160d97f893788ce445?s=96&d=mm&r=g","caption":"Antonio Barros"},"url":"https:\/\/imredd.fr\/en\/author\/imredd-com\/"}]}},"_links":{"self":[{"href":"https:\/\/imredd.fr\/en\/wp-json\/wp\/v2\/posts\/22542","targetHints":{"allow":["GET"]}}],"collection":[{"href":"https:\/\/imredd.fr\/en\/wp-json\/wp\/v2\/posts"}],"about":[{"href":"https:\/\/imredd.fr\/en\/wp-json\/wp\/v2\/types\/post"}],"author":[{"embeddable":true,"href":"https:\/\/imredd.fr\/en\/wp-json\/wp\/v2\/users\/2"}],"replies":[{"embeddable":true,"href":"https:\/\/imredd.fr\/en\/wp-json\/wp\/v2\/comments?post=22542"}],"version-history":[{"count":0,"href":"https:\/\/imredd.fr\/en\/wp-json\/wp\/v2\/posts\/22542\/revisions"}],"wp:featuredmedia":[{"embeddable":true,"href":"https:\/\/imredd.fr\/en\/wp-json\/wp\/v2\/media\/22543"}],"wp:attachment":[{"href":"https:\/\/imredd.fr\/en\/wp-json\/wp\/v2\/media?parent=22542"}],"wp:term":[{"taxonomy":"category","embeddable":true,"href":"https:\/\/imredd.fr\/en\/wp-json\/wp\/v2\/categories?post=22542"},{"taxonomy":"post_tag","embeddable":true,"href":"https:\/\/imredd.fr\/en\/wp-json\/wp\/v2\/tags?post=22542"}],"curies":[{"name":"wp","href":"https:\/\/api.w.org\/{rel}","templated":true}]}}