{"id":22655,"date":"2023-09-14T12:03:23","date_gmt":"2023-09-14T10:03:23","guid":{"rendered":"https:\/\/imredd.fr\/?p=22655"},"modified":"2026-01-12T18:21:35","modified_gmt":"2026-01-12T17:21:35","slug":"welcome-of-luc-remont-ceo-of-edf-to-lim-redd","status":"publish","type":"post","link":"https:\/\/imredd.fr\/en\/accueil-de-luc-remont-pdg-dedf-a-limredd\/","title":{"rendered":"Luc R\u00e9mont, Chairman and CEO of EDF at IMREDD"},"content":{"rendered":"<p>This Thursday, 14 September, IMREDD \u2013 Universit\u00e9 C\u00f4te d\u2019Azur has the honour of welcoming Luc R\u00e9mont, Chairman and CEO of EDF. During this visit, Paulo Moura, Deputy Director of Innovation at the institute, presented the IMREDD\u2019s totem building and its Technology Platform \u2013 a space dedicated to innovation and cooperation between academia, industry and the region. <!--more-->Our common goal: to create the resilient and sustainable city of tomorrow.<\/p>","protected":false},"excerpt":{"rendered":"<p>Ce jeudi 14 septembre l&rsquo;IMREDD &#8211; Universit\u00e9 C\u00f4te d&rsquo;Azur a le privil\u00e8ge d&rsquo;accueillir Luc R\u00e9mont, Pr\u00e9sident Directeur G\u00e9n\u00e9ral d&rsquo;EDF. Au cours de cette visite, Paulo Moura, Directeur Adjoint Innovation de l&rsquo;institut, a pr\u00e9sent\u00e9 le b\u00e2timent-totem de l&rsquo;IMREDD et sa Plateforme technologique &#8211; lieu d\u00e9di\u00e9 \u00e0 l&rsquo;innovation et \u00e0 la coop\u00e9ration entre le monde acad\u00e9mique, l&rsquo;industrie [&hellip;]<\/p>\n","protected":false},"author":2,"featured_media":22656,"comment_status":"closed","ping_status":"open","sticky":false,"template":"","format":"standard","meta":{"footnotes":""},"categories":[26],"tags":[],"class_list":["post-22655","post","type-post","status-publish","format-standard","has-post-thumbnail","hentry","category-institutionnel","has-post-title","has-post-date","has-post-category","has-post-tag","has-post-comment","has-post-author",""],"yoast_head":"<!-- This site is optimized with the Yoast SEO Premium plugin v27.4 (Yoast SEO v27.4) - https:\/\/yoast.com\/product\/yoast-seo-premium-wordpress\/ -->\n<title>Luc R\u00e9mont, President Directeur G\u00e9n\u00e9ral d&#039;EDF \u00e0 l&#039;IMREDD - IMREDD - Universit\u00e9 C\u00f4te d&#039;Azur<\/title>\n<meta name=\"robots\" content=\"index, follow, max-snippet:-1, max-image-preview:large, max-video-preview:-1\" \/>\n<link rel=\"canonical\" href=\"https:\/\/imredd.fr\/en\/welcome-of-luc-remont-ceo-of-edf-to-lim-redd\/\" \/>\n<meta property=\"og:locale\" content=\"en_GB\" \/>\n<meta property=\"og:type\" content=\"article\" \/>\n<meta property=\"og:title\" content=\"Luc R\u00e9mont, President Directeur G\u00e9n\u00e9ral d&#039;EDF \u00e0 l&#039;IMREDD\" \/>\n<meta property=\"og:description\" content=\"Ce jeudi 14 septembre l&rsquo;IMREDD &#8211; Universit\u00e9 C\u00f4te d&rsquo;Azur a le privil\u00e8ge d&rsquo;accueillir Luc R\u00e9mont, Pr\u00e9sident Directeur G\u00e9n\u00e9ral d&rsquo;EDF. Au cours de cette visite, Paulo Moura, Directeur Adjoint Innovation de l&rsquo;institut, a pr\u00e9sent\u00e9 le b\u00e2timent-totem de l&rsquo;IMREDD et sa Plateforme technologique &#8211; lieu d\u00e9di\u00e9 \u00e0 l&rsquo;innovation et \u00e0 la coop\u00e9ration entre le monde acad\u00e9mique, l&rsquo;industrie [&hellip;]\" \/>\n<meta property=\"og:url\" content=\"https:\/\/imredd.fr\/en\/welcome-of-luc-remont-ceo-of-edf-to-lim-redd\/\" \/>\n<meta property=\"og:site_name\" content=\"IMREDD - Universit\u00e9 C\u00f4te d&#039;Azur\" \/>\n<meta property=\"article:publisher\" content=\"http:\/\/facebook.com\/imredd.uca\" \/>\n<meta property=\"article:published_time\" content=\"2023-09-14T10:03:23+00:00\" \/>\n<meta property=\"article:modified_time\" content=\"2026-01-12T17:21:35+00:00\" \/>\n<meta property=\"og:image\" content=\"https:\/\/imredd.fr\/wp-content\/uploads\/2023\/09\/IMG_3676.png\" \/>\n\t<meta property=\"og:image:width\" content=\"1200\" \/>\n\t<meta property=\"og:image:height\" content=\"900\" \/>\n\t<meta property=\"og:image:type\" content=\"image\/png\" \/>\n<meta name=\"author\" content=\"Antonio Barros\" \/>\n<meta name=\"twitter:card\" content=\"summary_large_image\" \/>\n<meta name=\"twitter:label1\" content=\"Written by\" \/>\n\t<meta name=\"twitter:data1\" content=\"Antonio Barros\" \/>\n\t<meta name=\"twitter:label2\" content=\"Estimated reading time\" \/>\n\t<meta name=\"twitter:data2\" content=\"1 minute\" \/>\n<script type=\"application\/ld+json\" class=\"yoast-schema-graph\">{\"@context\":\"https:\\\/\\\/schema.org\",\"@graph\":[{\"@type\":\"Article\",\"@id\":\"https:\\\/\\\/imredd.fr\\\/en\\\/welcome-of-luc-remont-ceo-of-edf-to-lim-redd\\\/#article\",\"isPartOf\":{\"@id\":\"https:\\\/\\\/imredd.fr\\\/en\\\/welcome-of-luc-remont-ceo-of-edf-to-lim-redd\\\/\"},\"author\":{\"name\":\"Antonio Barros\",\"@id\":\"https:\\\/\\\/imredd.fr\\\/#\\\/schema\\\/person\\\/41e50290e799cf196e315345a93c68de\"},\"headline\":\"Luc R\u00e9mont, President Directeur G\u00e9n\u00e9ral d&rsquo;EDF \u00e0 l&rsquo;IMREDD\",\"datePublished\":\"2023-09-14T10:03:23+00:00\",\"dateModified\":\"2026-01-12T17:21:35+00:00\",\"mainEntityOfPage\":{\"@id\":\"https:\\\/\\\/imredd.fr\\\/en\\\/welcome-of-luc-remont-ceo-of-edf-to-lim-redd\\\/\"},\"wordCount\":99,\"publisher\":{\"@id\":\"https:\\\/\\\/imredd.fr\\\/#organization\"},\"image\":{\"@id\":\"https:\\\/\\\/imredd.fr\\\/en\\\/welcome-of-luc-remont-ceo-of-edf-to-lim-redd\\\/#primaryimage\"},\"thumbnailUrl\":\"https:\\\/\\\/imredd.fr\\\/wp-content\\\/uploads\\\/2023\\\/09\\\/IMG_3676.png\",\"articleSection\":[\"Institutionnel\"],\"inLanguage\":\"en-GB\"},{\"@type\":\"WebPage\",\"@id\":\"https:\\\/\\\/imredd.fr\\\/en\\\/welcome-of-luc-remont-ceo-of-edf-to-lim-redd\\\/\",\"url\":\"https:\\\/\\\/imredd.fr\\\/en\\\/welcome-of-luc-remont-ceo-of-edf-to-lim-redd\\\/\",\"name\":\"Luc R\u00e9mont, President Directeur G\u00e9n\u00e9ral d'EDF \u00e0 l'IMREDD - IMREDD - Universit\u00e9 C\u00f4te d&#039;Azur\",\"isPartOf\":{\"@id\":\"https:\\\/\\\/imredd.fr\\\/#website\"},\"primaryImageOfPage\":{\"@id\":\"https:\\\/\\\/imredd.fr\\\/en\\\/welcome-of-luc-remont-ceo-of-edf-to-lim-redd\\\/#primaryimage\"},\"image\":{\"@id\":\"https:\\\/\\\/imredd.fr\\\/en\\\/welcome-of-luc-remont-ceo-of-edf-to-lim-redd\\\/#primaryimage\"},\"thumbnailUrl\":\"https:\\\/\\\/imredd.fr\\\/wp-content\\\/uploads\\\/2023\\\/09\\\/IMG_3676.png\",\"datePublished\":\"2023-09-14T10:03:23+00:00\",\"dateModified\":\"2026-01-12T17:21:35+00:00\",\"breadcrumb\":{\"@id\":\"https:\\\/\\\/imredd.fr\\\/en\\\/welcome-of-luc-remont-ceo-of-edf-to-lim-redd\\\/#breadcrumb\"},\"inLanguage\":\"en-GB\",\"potentialAction\":[{\"@type\":\"ReadAction\",\"target\":[\"https:\\\/\\\/imredd.fr\\\/en\\\/welcome-of-luc-remont-ceo-of-edf-to-lim-redd\\\/\"]}]},{\"@type\":\"ImageObject\",\"inLanguage\":\"en-GB\",\"@id\":\"https:\\\/\\\/imredd.fr\\\/en\\\/welcome-of-luc-remont-ceo-of-edf-to-lim-redd\\\/#primaryimage\",\"url\":\"https:\\\/\\\/imredd.fr\\\/wp-content\\\/uploads\\\/2023\\\/09\\\/IMG_3676.png\",\"contentUrl\":\"https:\\\/\\\/imredd.fr\\\/wp-content\\\/uploads\\\/2023\\\/09\\\/IMG_3676.png\",\"width\":1200,\"height\":900},{\"@type\":\"BreadcrumbList\",\"@id\":\"https:\\\/\\\/imredd.fr\\\/en\\\/welcome-of-luc-remont-ceo-of-edf-to-lim-redd\\\/#breadcrumb\",\"itemListElement\":[{\"@type\":\"ListItem\",\"position\":1,\"name\":\"Accueil\",\"item\":\"https:\\\/\\\/imredd.fr\\\/\"},{\"@type\":\"ListItem\",\"position\":2,\"name\":\"Luc R\u00e9mont, President Directeur G\u00e9n\u00e9ral d&rsquo;EDF \u00e0 l&rsquo;IMREDD\"}]},{\"@type\":\"WebSite\",\"@id\":\"https:\\\/\\\/imredd.fr\\\/#website\",\"url\":\"https:\\\/\\\/imredd.fr\\\/\",\"name\":\"IMREDD - Universit\u00e9 C\u00f4te d'Azur\",\"description\":\"Institut M\u00e9diterran\u00e9en du Risque, de l&#039;Environnement et du D\u00e9veloppement Durable\",\"publisher\":{\"@id\":\"https:\\\/\\\/imredd.fr\\\/#organization\"},\"potentialAction\":[{\"@type\":\"SearchAction\",\"target\":{\"@type\":\"EntryPoint\",\"urlTemplate\":\"https:\\\/\\\/imredd.fr\\\/?s={search_term_string}\"},\"query-input\":{\"@type\":\"PropertyValueSpecification\",\"valueRequired\":true,\"valueName\":\"search_term_string\"}}],\"inLanguage\":\"en-GB\"},{\"@type\":\"Organization\",\"@id\":\"https:\\\/\\\/imredd.fr\\\/#organization\",\"name\":\"IMREDD - Institut M\u00e9diterran\u00e9en du Risque, de l'Environnement et du D\u00e9veloppement Durable\",\"url\":\"https:\\\/\\\/imredd.fr\\\/\",\"logo\":{\"@type\":\"ImageObject\",\"inLanguage\":\"en-GB\",\"@id\":\"https:\\\/\\\/imredd.fr\\\/#\\\/schema\\\/logo\\\/image\\\/\",\"url\":\"https:\\\/\\\/imredd.fr\\\/wp-content\\\/uploads\\\/2025\\\/07\\\/IMREDD-Logo-couleurs-transparent.png\",\"contentUrl\":\"https:\\\/\\\/imredd.fr\\\/wp-content\\\/uploads\\\/2025\\\/07\\\/IMREDD-Logo-couleurs-transparent.png\",\"width\":959,\"height\":164,\"caption\":\"IMREDD - Institut M\u00e9diterran\u00e9en du Risque, de l'Environnement et du D\u00e9veloppement Durable\"},\"image\":{\"@id\":\"https:\\\/\\\/imredd.fr\\\/#\\\/schema\\\/logo\\\/image\\\/\"},\"sameAs\":[\"http:\\\/\\\/facebook.com\\\/imredd.uca\",\"http:\\\/\\\/linkedin.com\\\/showcase\\\/imredd\"]},{\"@type\":\"Person\",\"@id\":\"https:\\\/\\\/imredd.fr\\\/#\\\/schema\\\/person\\\/41e50290e799cf196e315345a93c68de\",\"name\":\"Antonio Barros\",\"image\":{\"@type\":\"ImageObject\",\"inLanguage\":\"en-GB\",\"@id\":\"https:\\\/\\\/secure.gravatar.com\\\/avatar\\\/f4be75a97d6a27aad47c779bf7bfef9978f4ce4cf5a3c6160d97f893788ce445?s=96&d=mm&r=g\",\"url\":\"https:\\\/\\\/secure.gravatar.com\\\/avatar\\\/f4be75a97d6a27aad47c779bf7bfef9978f4ce4cf5a3c6160d97f893788ce445?s=96&d=mm&r=g\",\"contentUrl\":\"https:\\\/\\\/secure.gravatar.com\\\/avatar\\\/f4be75a97d6a27aad47c779bf7bfef9978f4ce4cf5a3c6160d97f893788ce445?s=96&d=mm&r=g\",\"caption\":\"Antonio Barros\"},\"url\":\"https:\\\/\\\/imredd.fr\\\/en\\\/author\\\/imredd-com\\\/\"}]}<\/script>\n<!-- \/ Yoast SEO Premium plugin. -->","yoast_head_json":{"title":"Luc R\u00e9mont, Chairman and Chief Executive Officer of EDF, at IMREDD - IMREDD - Universit\u00e9 C\u00f4te d'Azur","robots":{"index":"index","follow":"follow","max-snippet":"max-snippet:-1","max-image-preview":"max-image-preview:large","max-video-preview":"max-video-preview:-1"},"canonical":"https:\/\/imredd.fr\/en\/welcome-of-luc-remont-ceo-of-edf-to-lim-redd\/","og_locale":"en_GB","og_type":"article","og_title":"Luc R\u00e9mont, President Directeur G\u00e9n\u00e9ral d'EDF \u00e0 l'IMREDD","og_description":"Ce jeudi 14 septembre l&rsquo;IMREDD &#8211; Universit\u00e9 C\u00f4te d&rsquo;Azur a le privil\u00e8ge d&rsquo;accueillir Luc R\u00e9mont, Pr\u00e9sident Directeur G\u00e9n\u00e9ral d&rsquo;EDF. Au cours de cette visite, Paulo Moura, Directeur Adjoint Innovation de l&rsquo;institut, a pr\u00e9sent\u00e9 le b\u00e2timent-totem de l&rsquo;IMREDD et sa Plateforme technologique &#8211; lieu d\u00e9di\u00e9 \u00e0 l&rsquo;innovation et \u00e0 la coop\u00e9ration entre le monde acad\u00e9mique, l&rsquo;industrie [&hellip;]","og_url":"https:\/\/imredd.fr\/en\/welcome-of-luc-remont-ceo-of-edf-to-lim-redd\/","og_site_name":"IMREDD - Universit\u00e9 C\u00f4te d&#039;Azur","article_publisher":"http:\/\/facebook.com\/imredd.uca","article_published_time":"2023-09-14T10:03:23+00:00","article_modified_time":"2026-01-12T17:21:35+00:00","og_image":[{"width":1200,"height":900,"url":"https:\/\/imredd.fr\/wp-content\/uploads\/2023\/09\/IMG_3676.png","type":"image\/png"}],"author":"Antonio Barros","twitter_card":"summary_large_image","twitter_misc":{"Written by":"Antonio Barros","Estimated reading time":"1 minute"},"schema":{"@context":"https:\/\/schema.org","@graph":[{"@type":"Article","@id":"https:\/\/imredd.fr\/en\/welcome-of-luc-remont-ceo-of-edf-to-lim-redd\/#article","isPartOf":{"@id":"https:\/\/imredd.fr\/en\/welcome-of-luc-remont-ceo-of-edf-to-lim-redd\/"},"author":{"name":"Antonio Barros","@id":"https:\/\/imredd.fr\/#\/schema\/person\/41e50290e799cf196e315345a93c68de"},"headline":"Luc R\u00e9mont, President Directeur G\u00e9n\u00e9ral d&rsquo;EDF \u00e0 l&rsquo;IMREDD","datePublished":"2023-09-14T10:03:23+00:00","dateModified":"2026-01-12T17:21:35+00:00","mainEntityOfPage":{"@id":"https:\/\/imredd.fr\/en\/welcome-of-luc-remont-ceo-of-edf-to-lim-redd\/"},"wordCount":99,"publisher":{"@id":"https:\/\/imredd.fr\/#organization"},"image":{"@id":"https:\/\/imredd.fr\/en\/welcome-of-luc-remont-ceo-of-edf-to-lim-redd\/#primaryimage"},"thumbnailUrl":"https:\/\/imredd.fr\/wp-content\/uploads\/2023\/09\/IMG_3676.png","articleSection":["Institutionnel"],"inLanguage":"en-GB"},{"@type":"WebPage","@id":"https:\/\/imredd.fr\/en\/welcome-of-luc-remont-ceo-of-edf-to-lim-redd\/","url":"https:\/\/imredd.fr\/en\/welcome-of-luc-remont-ceo-of-edf-to-lim-redd\/","name":"Luc R\u00e9mont, Chairman and Chief Executive Officer of EDF, at IMREDD - IMREDD - Universit\u00e9 C\u00f4te d'Azur","isPartOf":{"@id":"https:\/\/imredd.fr\/#website"},"primaryImageOfPage":{"@id":"https:\/\/imredd.fr\/en\/welcome-of-luc-remont-ceo-of-edf-to-lim-redd\/#primaryimage"},"image":{"@id":"https:\/\/imredd.fr\/en\/welcome-of-luc-remont-ceo-of-edf-to-lim-redd\/#primaryimage"},"thumbnailUrl":"https:\/\/imredd.fr\/wp-content\/uploads\/2023\/09\/IMG_3676.png","datePublished":"2023-09-14T10:03:23+00:00","dateModified":"2026-01-12T17:21:35+00:00","breadcrumb":{"@id":"https:\/\/imredd.fr\/en\/welcome-of-luc-remont-ceo-of-edf-to-lim-redd\/#breadcrumb"},"inLanguage":"en-GB","potentialAction":[{"@type":"ReadAction","target":["https:\/\/imredd.fr\/en\/welcome-of-luc-remont-ceo-of-edf-to-lim-redd\/"]}]},{"@type":"ImageObject","inLanguage":"en-GB","@id":"https:\/\/imredd.fr\/en\/welcome-of-luc-remont-ceo-of-edf-to-lim-redd\/#primaryimage","url":"https:\/\/imredd.fr\/wp-content\/uploads\/2023\/09\/IMG_3676.png","contentUrl":"https:\/\/imredd.fr\/wp-content\/uploads\/2023\/09\/IMG_3676.png","width":1200,"height":900},{"@type":"BreadcrumbList","@id":"https:\/\/imredd.fr\/en\/welcome-of-luc-remont-ceo-of-edf-to-lim-redd\/#breadcrumb","itemListElement":[{"@type":"ListItem","position":1,"name":"Accueil","item":"https:\/\/imredd.fr\/"},{"@type":"ListItem","position":2,"name":"Luc R\u00e9mont, President Directeur G\u00e9n\u00e9ral d&rsquo;EDF \u00e0 l&rsquo;IMREDD"}]},{"@type":"WebSite","@id":"https:\/\/imredd.fr\/#website","url":"https:\/\/imredd.fr\/","name":"IMREDD - C\u00f4te d'Azur University","description":"Mediterranean Institute for Risk, Environment and Sustainable Development","publisher":{"@id":"https:\/\/imredd.fr\/#organization"},"potentialAction":[{"@type":"SearchAction","target":{"@type":"EntryPoint","urlTemplate":"https:\/\/imredd.fr\/?s={search_term_string}"},"query-input":{"@type":"PropertyValueSpecification","valueRequired":true,"valueName":"search_term_string"}}],"inLanguage":"en-GB"},{"@type":"Organization","@id":"https:\/\/imredd.fr\/#organization","name":"IMREDD - Mediterranean Institute for Risk, Environment and Sustainable Development","url":"https:\/\/imredd.fr\/","logo":{"@type":"ImageObject","inLanguage":"en-GB","@id":"https:\/\/imredd.fr\/#\/schema\/logo\/image\/","url":"https:\/\/imredd.fr\/wp-content\/uploads\/2025\/07\/IMREDD-Logo-couleurs-transparent.png","contentUrl":"https:\/\/imredd.fr\/wp-content\/uploads\/2025\/07\/IMREDD-Logo-couleurs-transparent.png","width":959,"height":164,"caption":"IMREDD - Institut M\u00e9diterran\u00e9en du Risque, de l'Environnement et du D\u00e9veloppement Durable"},"image":{"@id":"https:\/\/imredd.fr\/#\/schema\/logo\/image\/"},"sameAs":["http:\/\/facebook.com\/imredd.uca","http:\/\/linkedin.com\/showcase\/imredd"]},{"@type":"Person","@id":"https:\/\/imredd.fr\/#\/schema\/person\/41e50290e799cf196e315345a93c68de","name":"Antonio Barros","image":{"@type":"ImageObject","inLanguage":"en-GB","@id":"https:\/\/secure.gravatar.com\/avatar\/f4be75a97d6a27aad47c779bf7bfef9978f4ce4cf5a3c6160d97f893788ce445?s=96&d=mm&r=g","url":"https:\/\/secure.gravatar.com\/avatar\/f4be75a97d6a27aad47c779bf7bfef9978f4ce4cf5a3c6160d97f893788ce445?s=96&d=mm&r=g","contentUrl":"https:\/\/secure.gravatar.com\/avatar\/f4be75a97d6a27aad47c779bf7bfef9978f4ce4cf5a3c6160d97f893788ce445?s=96&d=mm&r=g","caption":"Antonio Barros"},"url":"https:\/\/imredd.fr\/en\/author\/imredd-com\/"}]}},"_links":{"self":[{"href":"https:\/\/imredd.fr\/en\/wp-json\/wp\/v2\/posts\/22655","targetHints":{"allow":["GET"]}}],"collection":[{"href":"https:\/\/imredd.fr\/en\/wp-json\/wp\/v2\/posts"}],"about":[{"href":"https:\/\/imredd.fr\/en\/wp-json\/wp\/v2\/types\/post"}],"author":[{"embeddable":true,"href":"https:\/\/imredd.fr\/en\/wp-json\/wp\/v2\/users\/2"}],"replies":[{"embeddable":true,"href":"https:\/\/imredd.fr\/en\/wp-json\/wp\/v2\/comments?post=22655"}],"version-history":[{"count":0,"href":"https:\/\/imredd.fr\/en\/wp-json\/wp\/v2\/posts\/22655\/revisions"}],"wp:featuredmedia":[{"embeddable":true,"href":"https:\/\/imredd.fr\/en\/wp-json\/wp\/v2\/media\/22656"}],"wp:attachment":[{"href":"https:\/\/imredd.fr\/en\/wp-json\/wp\/v2\/media?parent=22655"}],"wp:term":[{"taxonomy":"category","embeddable":true,"href":"https:\/\/imredd.fr\/en\/wp-json\/wp\/v2\/categories?post=22655"},{"taxonomy":"post_tag","embeddable":true,"href":"https:\/\/imredd.fr\/en\/wp-json\/wp\/v2\/tags?post=22655"}],"curies":[{"name":"wp","href":"https:\/\/api.w.org\/{rel}","templated":true}]}}