{"id":22760,"date":"2023-12-06T15:11:06","date_gmt":"2023-12-06T14:11:06","guid":{"rendered":"https:\/\/imredd.fr\/?p=22760"},"modified":"2026-01-12T18:47:32","modified_gmt":"2026-01-12T17:47:32","slug":"a-look-back-at-the-event-territories-and-autonomous-vehicles-encounters","status":"publish","type":"post","link":"https:\/\/imredd.fr\/en\/retour-sur-evenement-rencontres-territoires-et-vehicules-autonomes\/","title":{"rendered":"Event Recap: \u00abTerritories and Autonomous Vehicles\u00bb Meetings\u00bb"},"content":{"rendered":"<p>The \u00abTerritories and Autonomous Vehicles: a New Paradigm\u00bb convention was held at IMREDD on Thursday, 30 November 2023. It brought together a variety of speakers from businesses, local authorities, and academia.<!--more--> all driven by the desire to innovate and experiment with new forms of mobility from a sustainable development perspective. This mobility is embodied by autonomous electric vehicles, contributing to the decarbonisation of the sector and reducing environmental impact; and by shared autonomous vehicles, addressing the challenges of urban population growth (and its mobility needs), as well as social issues related to an ageing population and improving accessibility in rural areas.<br \/>\nThe speakers shared their experience, results, and the difficulties encountered during the experiments they conducted. According to Pierre Revet Servettaz, Municipal Councillor for Digital and New Technologies at the City of Mandelieu-La Napoule, these were \u00abrelevant and enriching testimonials\u00bb that show the progress made since the beginnings of autonomous vehicles in 2010, and according to Pierre-Jean Barre,.<br \/>\nTo chart this path, Universit\u00e9 C\u00f4te d\u2019Azur and its Fondation partenariale have established a Chair entitled \u00abTerritories and autonomous shuttles\u00bb backed by the IMREDD's Smart City Innovation Center technological platform. For Paulo Moura, Deputy Director of Innovation, \u00abthe Chair offers a space to deepen research, share specialised knowledge and contribute significantly to academic progress in the field of territorial development integrating smart and sustainable mobility in contexts as varied as dense cities to rural villages in the hills\u00bb.<\/p>\n<p>Opening the conference, Charles-Ange Ginesy, President of the Alpes Maritimes Department, outlined the bright prospects for the development of autonomous vehicles in the region, based on the results of the first use cases supported and financed in the area. Carros, a business park and pilot of the \u00abTerritoires d'industrie\u00bb programme, is seeking to develop mobility services tailored to the needs of the area's employees,\" explained Marc Raiola, President of the Carros Le Broc Business Club. Mandelieu la Napoule, a seaside resort, is looking to develop new seaside services to meet the needs of local residents and holidaymakers. Cannes, an international events venue, aims to address the issues of visitor travel and port-hotel-city links. Finally, Valberg, a 4-season mountain resort, aims to develop eco-tourism solutions to ensure a high-quality welcome and stay for all visitors and residents,\" comments Philippe Legrand, Director of Technical Services at Valberg.<\/p>\n<p>In each of these cases, IMREDD engineers Julie Josse, Mehdi Nafkha and Paul Daelman contribute their expertise, based on a 360\u00b0 analysis, to gain a better understanding of the needs of the user, the company and the region in four dimensions: mobility, quality of life, attractiveness and space, and economic activities and services. Based on the data collected, the analysis is used to establish a model and simulate scenarios incorporating the behaviour of the players involved, the starting point for experimenting with autonomous vehicles and services. The tests then enable the impacts to be specified and the profitability of the use cases to be estimated, an analysis carried out by another IMREDD engineer, Claire Lasserre. The impacts are characterised at different levels: collective, in the sense of strengthening local proximity; cultural, in terms of enhancing local dynamics; social, in terms of strengthening social ties between residents; environmental, in terms of sustainable regional development; and economic, in terms of contributing to local attractiveness. Various parameters are examined: pollution from cars, cardio-respiratory illnesses, reduction in the number of parking spaces, noise pollution, driver stress, accidents, etc., making it possible to define an economic model (cost\/benefit) specific to each case of use of the autonomous vehicle.<\/p>\n<p>The future of the autonomous vehicle is therefore taking shape with public transport but also with logistics. For example, as part of the Sustainable City Demonstrator programme, an autonomous shuttle equipped with lockers will be able to trial last-mile delivery between the Saint Isidore Logistics Activity Park and the Parc Meridia district, explains Franck Cannata, Manager of the Transcan group.<\/p>\n<p>The meetings provided an opportunity to put these local experiments into perspective with others that are already underway or have been carried out in the region, for example, as part of the ENA project, at the Sophia Antipolis technology park to serve the entrances to companies within each block, or in C\u0153ur de Brenne, a rural region, to link five communes and facilitate access to services for their fellow citizens. These experiments have made it possible to validate critical technical, organisational and human cases, to test social acceptability and acceptance, safety and, in particular, perceived safety, and also to share knowledge with society and the general public. Sylvie Ponthus, Deputy Director of Mobility and Transport at the CASA, commented on the still premature use of an autonomous shuttle in the public space among other vehicles, without an operator on board, and the need for innovation to support changes in mobility behaviour. Jean-Bernard Constant, Digital Manager of the Communaut\u00e9 de Communes de C\u0153ur de Brenne, insisted on the need for support from town halls, local services and associations, and called for a rethink of land-use planning and the roads of the future (width and 4G coverage). He recommended working on intermodality, linking up with existing mobility services, car-pooling and soft mobility, having more vehicles with smaller capacities, adapting timetables to needs, and increasing the number of stops in each commune. Finally, he emphasises the role of the shuttle as a social link between the communes.<\/p>\n<p>Within the Aix-Marseille-Provence Metropolis region, the \u00abThe Camp Demoiselle\u00bb project trialled an autonomous electric shuttle service for businesses and organisations in the Duranne business park, operating between Aix-TGV station and the Arbois Campus, with a few intermediate stops. The project's aim was to enhance understanding of this innovative type of vehicle \u2013 the Demoiselle, a semi-autonomous electric collective shuttle powered by artificial intelligence \u2013 in order to find credible and attractive future alternatives to private cars in peri-urban areas. One finding emerged from the \u00abacceptability\u00bb study conducted by The Camp: the public does not yet seem ready to forgo the reassuring presence of a driver, except when it comes to creating a new service: better fire prevention in the hills, serving rural or dispersed areas... explains Michel Gonzales, project manager.<\/p>\n<p>Keolis, transport operator and world leader in shared mobility, has deployed more than 55 autonomous vehicles worldwide. In Saint-Quentin en Yvelines, the first trial with a performance commitment was carried out: a public service delegation for a line of autonomous vehicles integrated into the transport network between the station and several employment areas in the sector, an ambitious route on an open road with real complexities. The trial proved conclusive in terms of overall performance,\" explains Cl\u00e9mentine Barbier, Head of Autonomous Mobility, \"but with a level of patronage that fell short of expectations. Nevertheless, the trial has enabled new tools to be developed to measure, objectify and optimise the service: a Fleet Management System (FMS) tool designed to retrieve the data passing through the APIs of the autonomous vehicles and transform it into service indicators; a counting and reporting application for the operators; real-time updating of station arrivals in the Ile-de-France Mobilit\u00e9s tools.<\/p>\n<p>Over the last 6 years, Keolis has been testing level 3 autonomous shuttles at its SEMA (Site d'essai des mobilit\u00e9s autonomes) test site (a classification defining a semi-autonomous means of transport that allows the driver to \u00ablet go of the wheel\u00bb in certain low-risk situations, such as traffic jams or car parks). Our strategy is based on 4 pillars,\" explains Cl\u00e9mentine Barbier, \"safety, service, skills development and social acceptability. In terms of safety, Keolis is offering an operator test bench at the national shooting sports centre in Chateauroux, targeting the transport of athletes and transport-on-demand journeys without an on-board operator. In terms of service, Keolis is committed to more complex use cases to challenge the technology: university campuses, rural sites, pedestrianised city centres, airports, shopping centres, hospitals, industrial sites, etc. In terms of skills development, Keolis is working hand in hand with drivers on issues of maintenance, service design and supervision of level 4 vehicles (fully automated driving). Finally, when it comes to the social acceptability of autonomous mobility services, Keolis works with all the stakeholders: mobility organising authorities, public transport operators and passengers, taking an interest in the perceived service by using feedback to improve the passenger experience.<\/p>\n<p>Finally, the meetings provided an opportunity to take stock of the technical difficulties that need to be overcome if autonomous vehicles are to be deployed on a large scale in the future. The first constraint is anticipating the behaviour of other road users. This is due to insufficient detection distances, or even the impossibility of detection under certain conditions, combined with the difficulty of mapping the environment in high definition. Other constraints include the interpretation of the situation by the artificial intelligence, the complexity of the decision-making schemes and the protection of the data collected to prevent possible cyber-attacks. Researchers such as Massimiliano Lenardi, head of the HITACHI European R&amp;D centre, and R\u00e9my Sun, researcher in the Models and Algorithms for Artificial Intelligence (MASSAI) team at Inria, are working on all these issues. Investment in R&amp;D must therefore continue to make the future of autonomous vehicles a reality.<\/p>","protected":false},"excerpt":{"rendered":"<p>The \u00abTerritories and Autonomous Vehicles: a New Paradigm\u00bb convention was held at IMREDD on Thursday, 30 November 2023. It brought together a variety of speakers from businesses, local authorities, and academia.<\/p>","protected":false},"author":2,"featured_media":22761,"comment_status":"closed","ping_status":"open","sticky":false,"template":"","format":"standard","meta":{"footnotes":""},"categories":[505,504],"tags":[],"class_list":["post-22760","post","type-post","status-publish","format-standard","has-post-thumbnail","hentry","category-evenements","category-projets-et-recherche","has-post-title","has-post-date","has-post-category","has-post-tag","has-post-comment","has-post-author",""],"yoast_head":"<!-- This site is optimized with the Yoast SEO Premium plugin v27.4 (Yoast SEO v27.4) - https:\/\/yoast.com\/product\/yoast-seo-premium-wordpress\/ -->\n<title>Retour sur \u00e9v\u00e9nement : Rencontres \u00ab Territoires et V\u00e9hicules Autonomes \u00bb - IMREDD - Universit\u00e9 C\u00f4te d&#039;Azur<\/title>\n<meta name=\"robots\" content=\"index, follow, max-snippet:-1, max-image-preview:large, max-video-preview:-1\" \/>\n<link rel=\"canonical\" href=\"https:\/\/imredd.fr\/en\/a-look-back-at-the-event-territories-and-autonomous-vehicles-encounters\/\" \/>\n<meta property=\"og:locale\" content=\"en_GB\" \/>\n<meta property=\"og:type\" content=\"article\" \/>\n<meta property=\"og:title\" content=\"Retour sur \u00e9v\u00e9nement : Rencontres \u00ab Territoires et V\u00e9hicules Autonomes \u00bb\" \/>\n<meta property=\"og:description\" content=\"Les rencontres \u00ab Territoires et V\u00e9hicules Autonomes : un nouveau paradigme \u00bb se sont tenues \u00e0 l\u2019IMREDD ce jeudi 30 novembre 2023. Elles ont r\u00e9uni une pluralit\u00e9 d\u2019intervenants des entreprises, des collectivit\u00e9s mais aussi du monde acad\u00e9mique\" \/>\n<meta property=\"og:url\" content=\"https:\/\/imredd.fr\/en\/a-look-back-at-the-event-territories-and-autonomous-vehicles-encounters\/\" \/>\n<meta property=\"og:site_name\" content=\"IMREDD - Universit\u00e9 C\u00f4te d&#039;Azur\" \/>\n<meta property=\"article:publisher\" content=\"http:\/\/facebook.com\/imredd.uca\" \/>\n<meta property=\"article:published_time\" content=\"2023-12-06T14:11:06+00:00\" \/>\n<meta property=\"article:modified_time\" content=\"2026-01-12T17:47:32+00:00\" \/>\n<meta property=\"og:image\" content=\"https:\/\/imredd.fr\/wp-content\/uploads\/2023\/12\/IMG_5053.jpg\" \/>\n\t<meta property=\"og:image:width\" content=\"828\" \/>\n\t<meta property=\"og:image:height\" content=\"539\" \/>\n\t<meta property=\"og:image:type\" content=\"image\/jpeg\" \/>\n<meta name=\"author\" content=\"Antonio Barros\" \/>\n<meta name=\"twitter:card\" content=\"summary_large_image\" \/>\n<meta name=\"twitter:label1\" content=\"Written by\" \/>\n\t<meta name=\"twitter:data1\" content=\"Antonio Barros\" \/>\n\t<meta name=\"twitter:label2\" content=\"Estimated reading time\" \/>\n\t<meta name=\"twitter:data2\" content=\"9 minutes\" \/>\n<script type=\"application\/ld+json\" class=\"yoast-schema-graph\">{\"@context\":\"https:\\\/\\\/schema.org\",\"@graph\":[{\"@type\":\"Article\",\"@id\":\"https:\\\/\\\/imredd.fr\\\/en\\\/a-look-back-at-the-event-territories-and-autonomous-vehicles-encounters\\\/#article\",\"isPartOf\":{\"@id\":\"https:\\\/\\\/imredd.fr\\\/en\\\/a-look-back-at-the-event-territories-and-autonomous-vehicles-encounters\\\/\"},\"author\":{\"name\":\"Antonio Barros\",\"@id\":\"https:\\\/\\\/imredd.fr\\\/#\\\/schema\\\/person\\\/41e50290e799cf196e315345a93c68de\"},\"headline\":\"Retour sur \u00e9v\u00e9nement : Rencontres \u00ab Territoires et V\u00e9hicules Autonomes \u00bb\",\"datePublished\":\"2023-12-06T14:11:06+00:00\",\"dateModified\":\"2026-01-12T17:47:32+00:00\",\"mainEntityOfPage\":{\"@id\":\"https:\\\/\\\/imredd.fr\\\/en\\\/a-look-back-at-the-event-territories-and-autonomous-vehicles-encounters\\\/\"},\"wordCount\":1887,\"publisher\":{\"@id\":\"https:\\\/\\\/imredd.fr\\\/#organization\"},\"image\":{\"@id\":\"https:\\\/\\\/imredd.fr\\\/en\\\/a-look-back-at-the-event-territories-and-autonomous-vehicles-encounters\\\/#primaryimage\"},\"thumbnailUrl\":\"https:\\\/\\\/imredd.fr\\\/wp-content\\\/uploads\\\/2023\\\/12\\\/IMG_5053.jpg\",\"articleSection\":[\"\u00c9v\u00e9nements\",\"Projets et Recherche\"],\"inLanguage\":\"en-GB\"},{\"@type\":\"WebPage\",\"@id\":\"https:\\\/\\\/imredd.fr\\\/en\\\/a-look-back-at-the-event-territories-and-autonomous-vehicles-encounters\\\/\",\"url\":\"https:\\\/\\\/imredd.fr\\\/en\\\/a-look-back-at-the-event-territories-and-autonomous-vehicles-encounters\\\/\",\"name\":\"Retour sur \u00e9v\u00e9nement : Rencontres \u00ab Territoires et V\u00e9hicules Autonomes \u00bb - IMREDD - Universit\u00e9 C\u00f4te d&#039;Azur\",\"isPartOf\":{\"@id\":\"https:\\\/\\\/imredd.fr\\\/#website\"},\"primaryImageOfPage\":{\"@id\":\"https:\\\/\\\/imredd.fr\\\/en\\\/a-look-back-at-the-event-territories-and-autonomous-vehicles-encounters\\\/#primaryimage\"},\"image\":{\"@id\":\"https:\\\/\\\/imredd.fr\\\/en\\\/a-look-back-at-the-event-territories-and-autonomous-vehicles-encounters\\\/#primaryimage\"},\"thumbnailUrl\":\"https:\\\/\\\/imredd.fr\\\/wp-content\\\/uploads\\\/2023\\\/12\\\/IMG_5053.jpg\",\"datePublished\":\"2023-12-06T14:11:06+00:00\",\"dateModified\":\"2026-01-12T17:47:32+00:00\",\"breadcrumb\":{\"@id\":\"https:\\\/\\\/imredd.fr\\\/en\\\/a-look-back-at-the-event-territories-and-autonomous-vehicles-encounters\\\/#breadcrumb\"},\"inLanguage\":\"en-GB\",\"potentialAction\":[{\"@type\":\"ReadAction\",\"target\":[\"https:\\\/\\\/imredd.fr\\\/en\\\/a-look-back-at-the-event-territories-and-autonomous-vehicles-encounters\\\/\"]}]},{\"@type\":\"ImageObject\",\"inLanguage\":\"en-GB\",\"@id\":\"https:\\\/\\\/imredd.fr\\\/en\\\/a-look-back-at-the-event-territories-and-autonomous-vehicles-encounters\\\/#primaryimage\",\"url\":\"https:\\\/\\\/imredd.fr\\\/wp-content\\\/uploads\\\/2023\\\/12\\\/IMG_5053.jpg\",\"contentUrl\":\"https:\\\/\\\/imredd.fr\\\/wp-content\\\/uploads\\\/2023\\\/12\\\/IMG_5053.jpg\",\"width\":828,\"height\":539},{\"@type\":\"BreadcrumbList\",\"@id\":\"https:\\\/\\\/imredd.fr\\\/en\\\/a-look-back-at-the-event-territories-and-autonomous-vehicles-encounters\\\/#breadcrumb\",\"itemListElement\":[{\"@type\":\"ListItem\",\"position\":1,\"name\":\"Accueil\",\"item\":\"https:\\\/\\\/imredd.fr\\\/\"},{\"@type\":\"ListItem\",\"position\":2,\"name\":\"Retour sur \u00e9v\u00e9nement : Rencontres \u00ab Territoires et V\u00e9hicules Autonomes \u00bb\"}]},{\"@type\":\"WebSite\",\"@id\":\"https:\\\/\\\/imredd.fr\\\/#website\",\"url\":\"https:\\\/\\\/imredd.fr\\\/\",\"name\":\"IMREDD - Universit\u00e9 C\u00f4te d'Azur\",\"description\":\"Institut M\u00e9diterran\u00e9en du Risque, de l&#039;Environnement et du D\u00e9veloppement Durable\",\"publisher\":{\"@id\":\"https:\\\/\\\/imredd.fr\\\/#organization\"},\"potentialAction\":[{\"@type\":\"SearchAction\",\"target\":{\"@type\":\"EntryPoint\",\"urlTemplate\":\"https:\\\/\\\/imredd.fr\\\/?s={search_term_string}\"},\"query-input\":{\"@type\":\"PropertyValueSpecification\",\"valueRequired\":true,\"valueName\":\"search_term_string\"}}],\"inLanguage\":\"en-GB\"},{\"@type\":\"Organization\",\"@id\":\"https:\\\/\\\/imredd.fr\\\/#organization\",\"name\":\"IMREDD - Institut M\u00e9diterran\u00e9en du Risque, de l'Environnement et du D\u00e9veloppement Durable\",\"url\":\"https:\\\/\\\/imredd.fr\\\/\",\"logo\":{\"@type\":\"ImageObject\",\"inLanguage\":\"en-GB\",\"@id\":\"https:\\\/\\\/imredd.fr\\\/#\\\/schema\\\/logo\\\/image\\\/\",\"url\":\"https:\\\/\\\/imredd.fr\\\/wp-content\\\/uploads\\\/2025\\\/07\\\/IMREDD-Logo-couleurs-transparent.png\",\"contentUrl\":\"https:\\\/\\\/imredd.fr\\\/wp-content\\\/uploads\\\/2025\\\/07\\\/IMREDD-Logo-couleurs-transparent.png\",\"width\":959,\"height\":164,\"caption\":\"IMREDD - Institut M\u00e9diterran\u00e9en du Risque, de l'Environnement et du D\u00e9veloppement Durable\"},\"image\":{\"@id\":\"https:\\\/\\\/imredd.fr\\\/#\\\/schema\\\/logo\\\/image\\\/\"},\"sameAs\":[\"http:\\\/\\\/facebook.com\\\/imredd.uca\",\"http:\\\/\\\/linkedin.com\\\/showcase\\\/imredd\"]},{\"@type\":\"Person\",\"@id\":\"https:\\\/\\\/imredd.fr\\\/#\\\/schema\\\/person\\\/41e50290e799cf196e315345a93c68de\",\"name\":\"Antonio Barros\",\"image\":{\"@type\":\"ImageObject\",\"inLanguage\":\"en-GB\",\"@id\":\"https:\\\/\\\/secure.gravatar.com\\\/avatar\\\/f4be75a97d6a27aad47c779bf7bfef9978f4ce4cf5a3c6160d97f893788ce445?s=96&d=mm&r=g\",\"url\":\"https:\\\/\\\/secure.gravatar.com\\\/avatar\\\/f4be75a97d6a27aad47c779bf7bfef9978f4ce4cf5a3c6160d97f893788ce445?s=96&d=mm&r=g\",\"contentUrl\":\"https:\\\/\\\/secure.gravatar.com\\\/avatar\\\/f4be75a97d6a27aad47c779bf7bfef9978f4ce4cf5a3c6160d97f893788ce445?s=96&d=mm&r=g\",\"caption\":\"Antonio Barros\"},\"url\":\"https:\\\/\\\/imredd.fr\\\/en\\\/author\\\/imredd-com\\\/\"}]}<\/script>\n<!-- \/ Yoast SEO Premium plugin. -->","yoast_head_json":{"title":"Event Recap: \u00abTerritories and Autonomous Vehicles\u00bb Meetings - IMREDD - Universit\u00e9 C\u00f4te d'Azur","robots":{"index":"index","follow":"follow","max-snippet":"max-snippet:-1","max-image-preview":"max-image-preview:large","max-video-preview":"max-video-preview:-1"},"canonical":"https:\/\/imredd.fr\/en\/a-look-back-at-the-event-territories-and-autonomous-vehicles-encounters\/","og_locale":"en_GB","og_type":"article","og_title":"Retour sur \u00e9v\u00e9nement : Rencontres \u00ab Territoires et V\u00e9hicules Autonomes \u00bb","og_description":"Les rencontres \u00ab Territoires et V\u00e9hicules Autonomes : un nouveau paradigme \u00bb se sont tenues \u00e0 l\u2019IMREDD ce jeudi 30 novembre 2023. Elles ont r\u00e9uni une pluralit\u00e9 d\u2019intervenants des entreprises, des collectivit\u00e9s mais aussi du monde acad\u00e9mique","og_url":"https:\/\/imredd.fr\/en\/a-look-back-at-the-event-territories-and-autonomous-vehicles-encounters\/","og_site_name":"IMREDD - Universit\u00e9 C\u00f4te d&#039;Azur","article_publisher":"http:\/\/facebook.com\/imredd.uca","article_published_time":"2023-12-06T14:11:06+00:00","article_modified_time":"2026-01-12T17:47:32+00:00","og_image":[{"width":828,"height":539,"url":"https:\/\/imredd.fr\/wp-content\/uploads\/2023\/12\/IMG_5053.jpg","type":"image\/jpeg"}],"author":"Antonio Barros","twitter_card":"summary_large_image","twitter_misc":{"Written by":"Antonio Barros","Estimated reading time":"9 minutes"},"schema":{"@context":"https:\/\/schema.org","@graph":[{"@type":"Article","@id":"https:\/\/imredd.fr\/en\/a-look-back-at-the-event-territories-and-autonomous-vehicles-encounters\/#article","isPartOf":{"@id":"https:\/\/imredd.fr\/en\/a-look-back-at-the-event-territories-and-autonomous-vehicles-encounters\/"},"author":{"name":"Antonio Barros","@id":"https:\/\/imredd.fr\/#\/schema\/person\/41e50290e799cf196e315345a93c68de"},"headline":"Retour sur \u00e9v\u00e9nement : Rencontres \u00ab Territoires et V\u00e9hicules Autonomes \u00bb","datePublished":"2023-12-06T14:11:06+00:00","dateModified":"2026-01-12T17:47:32+00:00","mainEntityOfPage":{"@id":"https:\/\/imredd.fr\/en\/a-look-back-at-the-event-territories-and-autonomous-vehicles-encounters\/"},"wordCount":1887,"publisher":{"@id":"https:\/\/imredd.fr\/#organization"},"image":{"@id":"https:\/\/imredd.fr\/en\/a-look-back-at-the-event-territories-and-autonomous-vehicles-encounters\/#primaryimage"},"thumbnailUrl":"https:\/\/imredd.fr\/wp-content\/uploads\/2023\/12\/IMG_5053.jpg","articleSection":["\u00c9v\u00e9nements","Projets et Recherche"],"inLanguage":"en-GB"},{"@type":"WebPage","@id":"https:\/\/imredd.fr\/en\/a-look-back-at-the-event-territories-and-autonomous-vehicles-encounters\/","url":"https:\/\/imredd.fr\/en\/a-look-back-at-the-event-territories-and-autonomous-vehicles-encounters\/","name":"Event Recap: \u00abTerritories and Autonomous Vehicles\u00bb Meetings - IMREDD - Universit\u00e9 C\u00f4te d'Azur","isPartOf":{"@id":"https:\/\/imredd.fr\/#website"},"primaryImageOfPage":{"@id":"https:\/\/imredd.fr\/en\/a-look-back-at-the-event-territories-and-autonomous-vehicles-encounters\/#primaryimage"},"image":{"@id":"https:\/\/imredd.fr\/en\/a-look-back-at-the-event-territories-and-autonomous-vehicles-encounters\/#primaryimage"},"thumbnailUrl":"https:\/\/imredd.fr\/wp-content\/uploads\/2023\/12\/IMG_5053.jpg","datePublished":"2023-12-06T14:11:06+00:00","dateModified":"2026-01-12T17:47:32+00:00","breadcrumb":{"@id":"https:\/\/imredd.fr\/en\/a-look-back-at-the-event-territories-and-autonomous-vehicles-encounters\/#breadcrumb"},"inLanguage":"en-GB","potentialAction":[{"@type":"ReadAction","target":["https:\/\/imredd.fr\/en\/a-look-back-at-the-event-territories-and-autonomous-vehicles-encounters\/"]}]},{"@type":"ImageObject","inLanguage":"en-GB","@id":"https:\/\/imredd.fr\/en\/a-look-back-at-the-event-territories-and-autonomous-vehicles-encounters\/#primaryimage","url":"https:\/\/imredd.fr\/wp-content\/uploads\/2023\/12\/IMG_5053.jpg","contentUrl":"https:\/\/imredd.fr\/wp-content\/uploads\/2023\/12\/IMG_5053.jpg","width":828,"height":539},{"@type":"BreadcrumbList","@id":"https:\/\/imredd.fr\/en\/a-look-back-at-the-event-territories-and-autonomous-vehicles-encounters\/#breadcrumb","itemListElement":[{"@type":"ListItem","position":1,"name":"Accueil","item":"https:\/\/imredd.fr\/"},{"@type":"ListItem","position":2,"name":"Retour sur \u00e9v\u00e9nement : Rencontres \u00ab Territoires et V\u00e9hicules Autonomes \u00bb"}]},{"@type":"WebSite","@id":"https:\/\/imredd.fr\/#website","url":"https:\/\/imredd.fr\/","name":"IMREDD - C\u00f4te d'Azur University","description":"Mediterranean Institute for Risk, Environment and Sustainable Development","publisher":{"@id":"https:\/\/imredd.fr\/#organization"},"potentialAction":[{"@type":"SearchAction","target":{"@type":"EntryPoint","urlTemplate":"https:\/\/imredd.fr\/?s={search_term_string}"},"query-input":{"@type":"PropertyValueSpecification","valueRequired":true,"valueName":"search_term_string"}}],"inLanguage":"en-GB"},{"@type":"Organization","@id":"https:\/\/imredd.fr\/#organization","name":"IMREDD - Mediterranean Institute for Risk, Environment and Sustainable Development","url":"https:\/\/imredd.fr\/","logo":{"@type":"ImageObject","inLanguage":"en-GB","@id":"https:\/\/imredd.fr\/#\/schema\/logo\/image\/","url":"https:\/\/imredd.fr\/wp-content\/uploads\/2025\/07\/IMREDD-Logo-couleurs-transparent.png","contentUrl":"https:\/\/imredd.fr\/wp-content\/uploads\/2025\/07\/IMREDD-Logo-couleurs-transparent.png","width":959,"height":164,"caption":"IMREDD - Institut M\u00e9diterran\u00e9en du Risque, de l'Environnement et du D\u00e9veloppement Durable"},"image":{"@id":"https:\/\/imredd.fr\/#\/schema\/logo\/image\/"},"sameAs":["http:\/\/facebook.com\/imredd.uca","http:\/\/linkedin.com\/showcase\/imredd"]},{"@type":"Person","@id":"https:\/\/imredd.fr\/#\/schema\/person\/41e50290e799cf196e315345a93c68de","name":"Antonio Barros","image":{"@type":"ImageObject","inLanguage":"en-GB","@id":"https:\/\/secure.gravatar.com\/avatar\/f4be75a97d6a27aad47c779bf7bfef9978f4ce4cf5a3c6160d97f893788ce445?s=96&d=mm&r=g","url":"https:\/\/secure.gravatar.com\/avatar\/f4be75a97d6a27aad47c779bf7bfef9978f4ce4cf5a3c6160d97f893788ce445?s=96&d=mm&r=g","contentUrl":"https:\/\/secure.gravatar.com\/avatar\/f4be75a97d6a27aad47c779bf7bfef9978f4ce4cf5a3c6160d97f893788ce445?s=96&d=mm&r=g","caption":"Antonio Barros"},"url":"https:\/\/imredd.fr\/en\/author\/imredd-com\/"}]}},"_links":{"self":[{"href":"https:\/\/imredd.fr\/en\/wp-json\/wp\/v2\/posts\/22760","targetHints":{"allow":["GET"]}}],"collection":[{"href":"https:\/\/imredd.fr\/en\/wp-json\/wp\/v2\/posts"}],"about":[{"href":"https:\/\/imredd.fr\/en\/wp-json\/wp\/v2\/types\/post"}],"author":[{"embeddable":true,"href":"https:\/\/imredd.fr\/en\/wp-json\/wp\/v2\/users\/2"}],"replies":[{"embeddable":true,"href":"https:\/\/imredd.fr\/en\/wp-json\/wp\/v2\/comments?post=22760"}],"version-history":[{"count":0,"href":"https:\/\/imredd.fr\/en\/wp-json\/wp\/v2\/posts\/22760\/revisions"}],"wp:featuredmedia":[{"embeddable":true,"href":"https:\/\/imredd.fr\/en\/wp-json\/wp\/v2\/media\/22761"}],"wp:attachment":[{"href":"https:\/\/imredd.fr\/en\/wp-json\/wp\/v2\/media?parent=22760"}],"wp:term":[{"taxonomy":"category","embeddable":true,"href":"https:\/\/imredd.fr\/en\/wp-json\/wp\/v2\/categories?post=22760"},{"taxonomy":"post_tag","embeddable":true,"href":"https:\/\/imredd.fr\/en\/wp-json\/wp\/v2\/tags?post=22760"}],"curies":[{"name":"wp","href":"https:\/\/api.w.org\/{rel}","templated":true}]}}