{"id":23848,"date":"2025-02-10T10:47:34","date_gmt":"2025-02-10T09:47:34","guid":{"rendered":"https:\/\/imredd.fr\/?p=23848"},"modified":"2026-01-12T18:47:31","modified_gmt":"2026-01-12T17:47:31","slug":"review-of-the-seminar-towards-a-better-world-innovating-today-by-exploring-the-future","status":"publish","type":"post","link":"https:\/\/imredd.fr\/en\/retour-sur-le-seminaire-vers-le-meilleur-des-mondes-innover-aujourdhui-en-explorant-le-futur\/","title":{"rendered":"A look back at the seminar \u00abTowards Brave New World: Innovating Today by Exploring the Future\u00bb"},"content":{"rendered":"<p>Last December 6th, IMREDD \u2013 Universit\u00e9 C\u00f4te d'Azur hosted a seminar with around a hundred participants to explore new perspectives on human habitats in the face of environmental and societal upheavals. The event followed on from the international workshop \u00abFHH is to Evolve\u00bb held in July 2024.<\/p>\n<p>Structured as a five-chapter narrative, the seminar combined critical analyses, scientific debates, and philosophical discussions around prospective scenarios. An immersive exhibition concluded the day, materialising the reflections undertaken.<\/p>\n<p>The retrospective video, now available, looks back on the highlights of this day: stimulating discussions, exclusive interviews, and inspiring visions. An ideal opportunity to relive this event and foster reflection on the housing of tomorrow.<\/p>\n<p>\ud83d\udc49 Watch the full video and get inspired!<\/p>","protected":false},"excerpt":{"rendered":"<p>Discover the retrospective video of the seminar \u00abTowards a Better World: innovating today by exploring the future\u00bb, looking back at the highlights of the day: stimulating exchanges, exclusive interviews and inspiring visions.<\/p>","protected":false},"author":2,"featured_media":23849,"comment_status":"closed","ping_status":"open","sticky":false,"template":"","format":"standard","meta":{"footnotes":""},"categories":[505,504],"tags":[446],"class_list":["post-23848","post","type-post","status-publish","format-standard","has-post-thumbnail","hentry","category-evenements","category-projets-et-recherche","tag-chaire-ux","has-post-title","has-post-date","has-post-category","has-post-tag","has-post-comment","has-post-author",""],"yoast_head":"<!-- This site is optimized with the Yoast SEO Premium plugin v27.4 (Yoast SEO v27.4) - https:\/\/yoast.com\/product\/yoast-seo-premium-wordpress\/ -->\n<title>Retour sur le s\u00e9minaire \u00ab Vers le Meilleur des Mondes : innover aujourd&#039;hui en explorant le futur \u00bb - IMREDD - Universit\u00e9 C\u00f4te d&#039;Azur<\/title>\n<meta name=\"robots\" content=\"index, follow, max-snippet:-1, max-image-preview:large, max-video-preview:-1\" \/>\n<link rel=\"canonical\" href=\"https:\/\/imredd.fr\/en\/review-of-the-seminar-towards-a-better-world-innovating-today-by-exploring-the-future\/\" \/>\n<meta property=\"og:locale\" content=\"en_GB\" \/>\n<meta property=\"og:type\" content=\"article\" \/>\n<meta property=\"og:title\" content=\"Retour sur le s\u00e9minaire \u00ab Vers le Meilleur des Mondes : innover aujourd&#039;hui en explorant le futur \u00bb\" \/>\n<meta property=\"og:description\" content=\"D\u00e9couvrez la vid\u00e9o r\u00e9trospective du s\u00e9minaire \u00ab Vers le Meilleur des Mondes : innover aujourd&#039;hui en explorant le futur \u00bb, revenant sur les temps forts de cette journ\u00e9e : \u00e9changes stimulants, interviews exclusives et visions inspirantes.\" \/>\n<meta property=\"og:url\" content=\"https:\/\/imredd.fr\/en\/review-of-the-seminar-towards-a-better-world-innovating-today-by-exploring-the-future\/\" \/>\n<meta property=\"og:site_name\" content=\"IMREDD - Universit\u00e9 C\u00f4te d&#039;Azur\" \/>\n<meta property=\"article:publisher\" content=\"http:\/\/facebook.com\/imredd.uca\" \/>\n<meta property=\"article:published_time\" content=\"2025-02-10T09:47:34+00:00\" \/>\n<meta property=\"article:modified_time\" content=\"2026-01-12T17:47:31+00:00\" \/>\n<meta property=\"og:image\" content=\"https:\/\/imredd.fr\/wp-content\/uploads\/2025\/02\/Capture-Event.png\" \/>\n\t<meta property=\"og:image:width\" content=\"1892\" \/>\n\t<meta property=\"og:image:height\" content=\"1002\" \/>\n\t<meta property=\"og:image:type\" content=\"image\/png\" \/>\n<meta name=\"author\" content=\"Antonio Barros\" \/>\n<meta name=\"twitter:card\" content=\"summary_large_image\" \/>\n<meta name=\"twitter:label1\" content=\"Written by\" \/>\n\t<meta name=\"twitter:data1\" content=\"Antonio Barros\" \/>\n\t<meta name=\"twitter:label2\" content=\"Estimated reading time\" \/>\n\t<meta name=\"twitter:data2\" content=\"1 minute\" \/>\n<script type=\"application\/ld+json\" class=\"yoast-schema-graph\">{\"@context\":\"https:\\\/\\\/schema.org\",\"@graph\":[{\"@type\":\"Article\",\"@id\":\"https:\\\/\\\/imredd.fr\\\/en\\\/review-of-the-seminar-towards-a-better-world-innovating-today-by-exploring-the-future\\\/#article\",\"isPartOf\":{\"@id\":\"https:\\\/\\\/imredd.fr\\\/en\\\/review-of-the-seminar-towards-a-better-world-innovating-today-by-exploring-the-future\\\/\"},\"author\":{\"name\":\"Antonio Barros\",\"@id\":\"https:\\\/\\\/imredd.fr\\\/#\\\/schema\\\/person\\\/41e50290e799cf196e315345a93c68de\"},\"headline\":\"Retour sur le s\u00e9minaire \u00ab Vers le Meilleur des Mondes : innover aujourd&rsquo;hui en explorant le futur \u00bb\",\"datePublished\":\"2025-02-10T09:47:34+00:00\",\"dateModified\":\"2026-01-12T17:47:31+00:00\",\"mainEntityOfPage\":{\"@id\":\"https:\\\/\\\/imredd.fr\\\/en\\\/review-of-the-seminar-towards-a-better-world-innovating-today-by-exploring-the-future\\\/\"},\"wordCount\":205,\"publisher\":{\"@id\":\"https:\\\/\\\/imredd.fr\\\/#organization\"},\"image\":{\"@id\":\"https:\\\/\\\/imredd.fr\\\/en\\\/review-of-the-seminar-towards-a-better-world-innovating-today-by-exploring-the-future\\\/#primaryimage\"},\"thumbnailUrl\":\"https:\\\/\\\/imredd.fr\\\/wp-content\\\/uploads\\\/2025\\\/02\\\/Capture-Event.png\",\"keywords\":[\"Chaire UX for Smart Life\"],\"articleSection\":[\"\u00c9v\u00e9nements\",\"Projets et Recherche\"],\"inLanguage\":\"en-GB\"},{\"@type\":\"WebPage\",\"@id\":\"https:\\\/\\\/imredd.fr\\\/en\\\/review-of-the-seminar-towards-a-better-world-innovating-today-by-exploring-the-future\\\/\",\"url\":\"https:\\\/\\\/imredd.fr\\\/en\\\/review-of-the-seminar-towards-a-better-world-innovating-today-by-exploring-the-future\\\/\",\"name\":\"Retour sur le s\u00e9minaire \u00ab Vers le Meilleur des Mondes : innover aujourd'hui en explorant le futur \u00bb - IMREDD - Universit\u00e9 C\u00f4te d&#039;Azur\",\"isPartOf\":{\"@id\":\"https:\\\/\\\/imredd.fr\\\/#website\"},\"primaryImageOfPage\":{\"@id\":\"https:\\\/\\\/imredd.fr\\\/en\\\/review-of-the-seminar-towards-a-better-world-innovating-today-by-exploring-the-future\\\/#primaryimage\"},\"image\":{\"@id\":\"https:\\\/\\\/imredd.fr\\\/en\\\/review-of-the-seminar-towards-a-better-world-innovating-today-by-exploring-the-future\\\/#primaryimage\"},\"thumbnailUrl\":\"https:\\\/\\\/imredd.fr\\\/wp-content\\\/uploads\\\/2025\\\/02\\\/Capture-Event.png\",\"datePublished\":\"2025-02-10T09:47:34+00:00\",\"dateModified\":\"2026-01-12T17:47:31+00:00\",\"breadcrumb\":{\"@id\":\"https:\\\/\\\/imredd.fr\\\/en\\\/review-of-the-seminar-towards-a-better-world-innovating-today-by-exploring-the-future\\\/#breadcrumb\"},\"inLanguage\":\"en-GB\",\"potentialAction\":[{\"@type\":\"ReadAction\",\"target\":[\"https:\\\/\\\/imredd.fr\\\/en\\\/review-of-the-seminar-towards-a-better-world-innovating-today-by-exploring-the-future\\\/\"]}]},{\"@type\":\"ImageObject\",\"inLanguage\":\"en-GB\",\"@id\":\"https:\\\/\\\/imredd.fr\\\/en\\\/review-of-the-seminar-towards-a-better-world-innovating-today-by-exploring-the-future\\\/#primaryimage\",\"url\":\"https:\\\/\\\/imredd.fr\\\/wp-content\\\/uploads\\\/2025\\\/02\\\/Capture-Event.png\",\"contentUrl\":\"https:\\\/\\\/imredd.fr\\\/wp-content\\\/uploads\\\/2025\\\/02\\\/Capture-Event.png\",\"width\":1892,\"height\":1002},{\"@type\":\"BreadcrumbList\",\"@id\":\"https:\\\/\\\/imredd.fr\\\/en\\\/review-of-the-seminar-towards-a-better-world-innovating-today-by-exploring-the-future\\\/#breadcrumb\",\"itemListElement\":[{\"@type\":\"ListItem\",\"position\":1,\"name\":\"Accueil\",\"item\":\"https:\\\/\\\/imredd.fr\\\/\"},{\"@type\":\"ListItem\",\"position\":2,\"name\":\"Retour sur le s\u00e9minaire \u00ab Vers le Meilleur des Mondes : innover aujourd&rsquo;hui en explorant le futur \u00bb\"}]},{\"@type\":\"WebSite\",\"@id\":\"https:\\\/\\\/imredd.fr\\\/#website\",\"url\":\"https:\\\/\\\/imredd.fr\\\/\",\"name\":\"IMREDD - Universit\u00e9 C\u00f4te d'Azur\",\"description\":\"Institut M\u00e9diterran\u00e9en du Risque, de l&#039;Environnement et du D\u00e9veloppement Durable\",\"publisher\":{\"@id\":\"https:\\\/\\\/imredd.fr\\\/#organization\"},\"potentialAction\":[{\"@type\":\"SearchAction\",\"target\":{\"@type\":\"EntryPoint\",\"urlTemplate\":\"https:\\\/\\\/imredd.fr\\\/?s={search_term_string}\"},\"query-input\":{\"@type\":\"PropertyValueSpecification\",\"valueRequired\":true,\"valueName\":\"search_term_string\"}}],\"inLanguage\":\"en-GB\"},{\"@type\":\"Organization\",\"@id\":\"https:\\\/\\\/imredd.fr\\\/#organization\",\"name\":\"IMREDD - Institut M\u00e9diterran\u00e9en du Risque, de l'Environnement et du D\u00e9veloppement Durable\",\"url\":\"https:\\\/\\\/imredd.fr\\\/\",\"logo\":{\"@type\":\"ImageObject\",\"inLanguage\":\"en-GB\",\"@id\":\"https:\\\/\\\/imredd.fr\\\/#\\\/schema\\\/logo\\\/image\\\/\",\"url\":\"https:\\\/\\\/imredd.fr\\\/wp-content\\\/uploads\\\/2025\\\/07\\\/IMREDD-Logo-couleurs-transparent.png\",\"contentUrl\":\"https:\\\/\\\/imredd.fr\\\/wp-content\\\/uploads\\\/2025\\\/07\\\/IMREDD-Logo-couleurs-transparent.png\",\"width\":959,\"height\":164,\"caption\":\"IMREDD - Institut M\u00e9diterran\u00e9en du Risque, de l'Environnement et du D\u00e9veloppement Durable\"},\"image\":{\"@id\":\"https:\\\/\\\/imredd.fr\\\/#\\\/schema\\\/logo\\\/image\\\/\"},\"sameAs\":[\"http:\\\/\\\/facebook.com\\\/imredd.uca\",\"http:\\\/\\\/linkedin.com\\\/showcase\\\/imredd\"]},{\"@type\":\"Person\",\"@id\":\"https:\\\/\\\/imredd.fr\\\/#\\\/schema\\\/person\\\/41e50290e799cf196e315345a93c68de\",\"name\":\"Antonio Barros\",\"image\":{\"@type\":\"ImageObject\",\"inLanguage\":\"en-GB\",\"@id\":\"https:\\\/\\\/secure.gravatar.com\\\/avatar\\\/f4be75a97d6a27aad47c779bf7bfef9978f4ce4cf5a3c6160d97f893788ce445?s=96&d=mm&r=g\",\"url\":\"https:\\\/\\\/secure.gravatar.com\\\/avatar\\\/f4be75a97d6a27aad47c779bf7bfef9978f4ce4cf5a3c6160d97f893788ce445?s=96&d=mm&r=g\",\"contentUrl\":\"https:\\\/\\\/secure.gravatar.com\\\/avatar\\\/f4be75a97d6a27aad47c779bf7bfef9978f4ce4cf5a3c6160d97f893788ce445?s=96&d=mm&r=g\",\"caption\":\"Antonio Barros\"},\"url\":\"https:\\\/\\\/imredd.fr\\\/en\\\/author\\\/imredd-com\\\/\"}]}<\/script>\n<!-- \/ Yoast SEO Premium plugin. -->","yoast_head_json":{"title":"Review of the seminar \u00abTowards Brave New World: Innovating Today by Exploring the Future\u00bb - IMREDD - University of C\u00f4te d'Azur","robots":{"index":"index","follow":"follow","max-snippet":"max-snippet:-1","max-image-preview":"max-image-preview:large","max-video-preview":"max-video-preview:-1"},"canonical":"https:\/\/imredd.fr\/en\/review-of-the-seminar-towards-a-better-world-innovating-today-by-exploring-the-future\/","og_locale":"en_GB","og_type":"article","og_title":"Retour sur le s\u00e9minaire \u00ab Vers le Meilleur des Mondes : innover aujourd'hui en explorant le futur \u00bb","og_description":"D\u00e9couvrez la vid\u00e9o r\u00e9trospective du s\u00e9minaire \u00ab Vers le Meilleur des Mondes : innover aujourd'hui en explorant le futur \u00bb, revenant sur les temps forts de cette journ\u00e9e : \u00e9changes stimulants, interviews exclusives et visions inspirantes.","og_url":"https:\/\/imredd.fr\/en\/review-of-the-seminar-towards-a-better-world-innovating-today-by-exploring-the-future\/","og_site_name":"IMREDD - Universit\u00e9 C\u00f4te d&#039;Azur","article_publisher":"http:\/\/facebook.com\/imredd.uca","article_published_time":"2025-02-10T09:47:34+00:00","article_modified_time":"2026-01-12T17:47:31+00:00","og_image":[{"width":1892,"height":1002,"url":"https:\/\/imredd.fr\/wp-content\/uploads\/2025\/02\/Capture-Event.png","type":"image\/png"}],"author":"Antonio Barros","twitter_card":"summary_large_image","twitter_misc":{"Written by":"Antonio Barros","Estimated reading time":"1 minute"},"schema":{"@context":"https:\/\/schema.org","@graph":[{"@type":"Article","@id":"https:\/\/imredd.fr\/en\/review-of-the-seminar-towards-a-better-world-innovating-today-by-exploring-the-future\/#article","isPartOf":{"@id":"https:\/\/imredd.fr\/en\/review-of-the-seminar-towards-a-better-world-innovating-today-by-exploring-the-future\/"},"author":{"name":"Antonio Barros","@id":"https:\/\/imredd.fr\/#\/schema\/person\/41e50290e799cf196e315345a93c68de"},"headline":"Retour sur le s\u00e9minaire \u00ab Vers le Meilleur des Mondes : innover aujourd&rsquo;hui en explorant le futur \u00bb","datePublished":"2025-02-10T09:47:34+00:00","dateModified":"2026-01-12T17:47:31+00:00","mainEntityOfPage":{"@id":"https:\/\/imredd.fr\/en\/review-of-the-seminar-towards-a-better-world-innovating-today-by-exploring-the-future\/"},"wordCount":205,"publisher":{"@id":"https:\/\/imredd.fr\/#organization"},"image":{"@id":"https:\/\/imredd.fr\/en\/review-of-the-seminar-towards-a-better-world-innovating-today-by-exploring-the-future\/#primaryimage"},"thumbnailUrl":"https:\/\/imredd.fr\/wp-content\/uploads\/2025\/02\/Capture-Event.png","keywords":["Chaire UX for Smart Life"],"articleSection":["\u00c9v\u00e9nements","Projets et Recherche"],"inLanguage":"en-GB"},{"@type":"WebPage","@id":"https:\/\/imredd.fr\/en\/review-of-the-seminar-towards-a-better-world-innovating-today-by-exploring-the-future\/","url":"https:\/\/imredd.fr\/en\/review-of-the-seminar-towards-a-better-world-innovating-today-by-exploring-the-future\/","name":"Review of the seminar \u00abTowards Brave New World: Innovating Today by Exploring the Future\u00bb - IMREDD - University of C\u00f4te d'Azur","isPartOf":{"@id":"https:\/\/imredd.fr\/#website"},"primaryImageOfPage":{"@id":"https:\/\/imredd.fr\/en\/review-of-the-seminar-towards-a-better-world-innovating-today-by-exploring-the-future\/#primaryimage"},"image":{"@id":"https:\/\/imredd.fr\/en\/review-of-the-seminar-towards-a-better-world-innovating-today-by-exploring-the-future\/#primaryimage"},"thumbnailUrl":"https:\/\/imredd.fr\/wp-content\/uploads\/2025\/02\/Capture-Event.png","datePublished":"2025-02-10T09:47:34+00:00","dateModified":"2026-01-12T17:47:31+00:00","breadcrumb":{"@id":"https:\/\/imredd.fr\/en\/review-of-the-seminar-towards-a-better-world-innovating-today-by-exploring-the-future\/#breadcrumb"},"inLanguage":"en-GB","potentialAction":[{"@type":"ReadAction","target":["https:\/\/imredd.fr\/en\/review-of-the-seminar-towards-a-better-world-innovating-today-by-exploring-the-future\/"]}]},{"@type":"ImageObject","inLanguage":"en-GB","@id":"https:\/\/imredd.fr\/en\/review-of-the-seminar-towards-a-better-world-innovating-today-by-exploring-the-future\/#primaryimage","url":"https:\/\/imredd.fr\/wp-content\/uploads\/2025\/02\/Capture-Event.png","contentUrl":"https:\/\/imredd.fr\/wp-content\/uploads\/2025\/02\/Capture-Event.png","width":1892,"height":1002},{"@type":"BreadcrumbList","@id":"https:\/\/imredd.fr\/en\/review-of-the-seminar-towards-a-better-world-innovating-today-by-exploring-the-future\/#breadcrumb","itemListElement":[{"@type":"ListItem","position":1,"name":"Accueil","item":"https:\/\/imredd.fr\/"},{"@type":"ListItem","position":2,"name":"Retour sur le s\u00e9minaire \u00ab Vers le Meilleur des Mondes : innover aujourd&rsquo;hui en explorant le futur \u00bb"}]},{"@type":"WebSite","@id":"https:\/\/imredd.fr\/#website","url":"https:\/\/imredd.fr\/","name":"IMREDD - C\u00f4te d'Azur University","description":"Mediterranean Institute for Risk, Environment and Sustainable Development","publisher":{"@id":"https:\/\/imredd.fr\/#organization"},"potentialAction":[{"@type":"SearchAction","target":{"@type":"EntryPoint","urlTemplate":"https:\/\/imredd.fr\/?s={search_term_string}"},"query-input":{"@type":"PropertyValueSpecification","valueRequired":true,"valueName":"search_term_string"}}],"inLanguage":"en-GB"},{"@type":"Organization","@id":"https:\/\/imredd.fr\/#organization","name":"IMREDD - Mediterranean Institute for Risk, Environment and Sustainable Development","url":"https:\/\/imredd.fr\/","logo":{"@type":"ImageObject","inLanguage":"en-GB","@id":"https:\/\/imredd.fr\/#\/schema\/logo\/image\/","url":"https:\/\/imredd.fr\/wp-content\/uploads\/2025\/07\/IMREDD-Logo-couleurs-transparent.png","contentUrl":"https:\/\/imredd.fr\/wp-content\/uploads\/2025\/07\/IMREDD-Logo-couleurs-transparent.png","width":959,"height":164,"caption":"IMREDD - Institut M\u00e9diterran\u00e9en du Risque, de l'Environnement et du D\u00e9veloppement Durable"},"image":{"@id":"https:\/\/imredd.fr\/#\/schema\/logo\/image\/"},"sameAs":["http:\/\/facebook.com\/imredd.uca","http:\/\/linkedin.com\/showcase\/imredd"]},{"@type":"Person","@id":"https:\/\/imredd.fr\/#\/schema\/person\/41e50290e799cf196e315345a93c68de","name":"Antonio Barros","image":{"@type":"ImageObject","inLanguage":"en-GB","@id":"https:\/\/secure.gravatar.com\/avatar\/f4be75a97d6a27aad47c779bf7bfef9978f4ce4cf5a3c6160d97f893788ce445?s=96&d=mm&r=g","url":"https:\/\/secure.gravatar.com\/avatar\/f4be75a97d6a27aad47c779bf7bfef9978f4ce4cf5a3c6160d97f893788ce445?s=96&d=mm&r=g","contentUrl":"https:\/\/secure.gravatar.com\/avatar\/f4be75a97d6a27aad47c779bf7bfef9978f4ce4cf5a3c6160d97f893788ce445?s=96&d=mm&r=g","caption":"Antonio Barros"},"url":"https:\/\/imredd.fr\/en\/author\/imredd-com\/"}]}},"_links":{"self":[{"href":"https:\/\/imredd.fr\/en\/wp-json\/wp\/v2\/posts\/23848","targetHints":{"allow":["GET"]}}],"collection":[{"href":"https:\/\/imredd.fr\/en\/wp-json\/wp\/v2\/posts"}],"about":[{"href":"https:\/\/imredd.fr\/en\/wp-json\/wp\/v2\/types\/post"}],"author":[{"embeddable":true,"href":"https:\/\/imredd.fr\/en\/wp-json\/wp\/v2\/users\/2"}],"replies":[{"embeddable":true,"href":"https:\/\/imredd.fr\/en\/wp-json\/wp\/v2\/comments?post=23848"}],"version-history":[{"count":0,"href":"https:\/\/imredd.fr\/en\/wp-json\/wp\/v2\/posts\/23848\/revisions"}],"wp:featuredmedia":[{"embeddable":true,"href":"https:\/\/imredd.fr\/en\/wp-json\/wp\/v2\/media\/23849"}],"wp:attachment":[{"href":"https:\/\/imredd.fr\/en\/wp-json\/wp\/v2\/media?parent=23848"}],"wp:term":[{"taxonomy":"category","embeddable":true,"href":"https:\/\/imredd.fr\/en\/wp-json\/wp\/v2\/categories?post=23848"},{"taxonomy":"post_tag","embeddable":true,"href":"https:\/\/imredd.fr\/en\/wp-json\/wp\/v2\/tags?post=23848"}],"curies":[{"name":"wp","href":"https:\/\/api.w.org\/{rel}","templated":true}]}}