{"id":23856,"date":"2025-02-13T14:24:17","date_gmt":"2025-02-13T13:24:17","guid":{"rendered":"https:\/\/imredd.fr\/?p=23856"},"modified":"2026-01-12T18:47:31","modified_gmt":"2026-01-12T17:47:31","slug":"review-of-the-ai-and-energy-conference-when-your-data-goes-green","status":"publish","type":"post","link":"https:\/\/imredd.fr\/en\/retour-sur-le-colloque-ia-energie-quand-vos-donnees-passent-au-vert\/","title":{"rendered":"A look back at the conference \u00abAI &amp; Energy: When your data goes green\u00bb"},"content":{"rendered":"<p data-start=\"83\" data-end=\"352\">The IMREDD had the pleasure of hosting the conference on Wednesday, 12 February <em data-start=\"158\" data-end=\"212\">\u00abAI &amp; Energy: When your data goes green\u00bb<\/em>, organised in partnership with La French Tech C\u00f4te d\u2019Azur, Invest in C\u00f4te d\u2019Azur \u2013 Team Nice C\u00f4te d\u2019Azur and the M\u00e9tropole Nice C\u00f4te d\u2019Azur.<\/p>\n<p data-start=\"354\" data-end=\"601\">Hosted by Virginie Atlan (Maison de la M\u00e9tropole Nice C\u00f4te d\u2019Azur) and Denis Carreaux (Groupe Nice Matin), this event brought together experts to discuss the challenges and opportunities of artificial intelligence in the energy sector.<\/p>\n<p data-start=\"603\" data-end=\"685\">Thank you to all the speakers and participants for the fascinating discussions!<\/p>\n<p><a href=\"https:\/\/youtu.be\/gKi2nsBv9Oo?si=fgMLHIFcwKf9o8Ya\">https:\/\/youtu.be\/gKi2nsBv9Oo?si=fgMLHIFcwKf9o8Ya<\/a><\/p>","protected":false},"excerpt":{"rendered":"<p>IMREDD had the pleasure of hosting the conference \u00abAI &amp; Energy: When your data goes green\u00bb this Wednesday, 12th February, organised in partnership with La French Tech C\u00f4te d\u2019Azur, Invest in C\u00f4te d\u2019Azur \u2013 Team Nice C\u00f4te d\u2019Azur and M\u00e9tropole Nice C\u00f4te d\u2019Azur. Watch the replay!<\/p>","protected":false},"author":2,"featured_media":23857,"comment_status":"closed","ping_status":"open","sticky":false,"template":"","format":"standard","meta":{"footnotes":""},"categories":[505,504],"tags":[],"class_list":["post-23856","post","type-post","status-publish","format-standard","has-post-thumbnail","hentry","category-evenements","category-projets-et-recherche","has-post-title","has-post-date","has-post-category","has-post-tag","has-post-comment","has-post-author",""],"yoast_head":"<!-- This site is optimized with the Yoast SEO Premium plugin v27.4 (Yoast SEO v27.4) - https:\/\/yoast.com\/product\/yoast-seo-premium-wordpress\/ -->\n<title>Retour sur le colloque \u00ab IA &amp; \u00c9nergie : Quand vos donn\u00e9es passent au vert \u00bb - IMREDD - Universit\u00e9 C\u00f4te d&#039;Azur<\/title>\n<meta name=\"robots\" content=\"index, follow, max-snippet:-1, max-image-preview:large, max-video-preview:-1\" \/>\n<link rel=\"canonical\" href=\"https:\/\/imredd.fr\/en\/review-of-the-ai-and-energy-conference-when-your-data-goes-green\/\" \/>\n<meta property=\"og:locale\" content=\"en_GB\" \/>\n<meta property=\"og:type\" content=\"article\" \/>\n<meta property=\"og:title\" content=\"Retour sur le colloque \u00ab IA &amp; \u00c9nergie : Quand vos donn\u00e9es passent au vert \u00bb\" \/>\n<meta property=\"og:description\" content=\"L\u2019IMREDD a eu le plaisir d\u2019accueillir, ce mercredi 12 f\u00e9vrier, le colloque \u00ab IA &amp; \u00c9nergie : Quand vos donn\u00e9es passent au vert \u00bb, organis\u00e9 en partenariat avec La French Tech C\u00f4te d&#039;Azur, Invest in C\u00f4te d&#039;Azur - Team Nice C\u00f4te d&#039;Azur et la M\u00e9tropole Nice C\u00f4te d&#039;Azur. Regardez le replay\u00a0!\" \/>\n<meta property=\"og:url\" content=\"https:\/\/imredd.fr\/en\/review-of-the-ai-and-energy-conference-when-your-data-goes-green\/\" \/>\n<meta property=\"og:site_name\" content=\"IMREDD - Universit\u00e9 C\u00f4te d&#039;Azur\" \/>\n<meta property=\"article:publisher\" content=\"http:\/\/facebook.com\/imredd.uca\" \/>\n<meta property=\"article:published_time\" content=\"2025-02-13T13:24:17+00:00\" \/>\n<meta property=\"article:modified_time\" content=\"2026-01-12T17:47:31+00:00\" \/>\n<meta property=\"og:image\" content=\"https:\/\/imredd.fr\/wp-content\/uploads\/2025\/02\/Colloque-IA-Energie.jpeg\" \/>\n\t<meta property=\"og:image:width\" content=\"1920\" \/>\n\t<meta property=\"og:image:height\" content=\"1075\" \/>\n\t<meta property=\"og:image:type\" content=\"image\/jpeg\" \/>\n<meta name=\"author\" content=\"Antonio Barros\" \/>\n<meta name=\"twitter:card\" content=\"summary_large_image\" \/>\n<meta name=\"twitter:label1\" content=\"Written by\" \/>\n\t<meta name=\"twitter:data1\" content=\"Antonio Barros\" \/>\n\t<meta name=\"twitter:label2\" content=\"Estimated reading time\" \/>\n\t<meta name=\"twitter:data2\" content=\"1 minute\" \/>\n<script type=\"application\/ld+json\" class=\"yoast-schema-graph\">{\"@context\":\"https:\\\/\\\/schema.org\",\"@graph\":[{\"@type\":\"Article\",\"@id\":\"https:\\\/\\\/imredd.fr\\\/en\\\/review-of-the-ai-and-energy-conference-when-your-data-goes-green\\\/#article\",\"isPartOf\":{\"@id\":\"https:\\\/\\\/imredd.fr\\\/en\\\/review-of-the-ai-and-energy-conference-when-your-data-goes-green\\\/\"},\"author\":{\"name\":\"Antonio Barros\",\"@id\":\"https:\\\/\\\/imredd.fr\\\/#\\\/schema\\\/person\\\/41e50290e799cf196e315345a93c68de\"},\"headline\":\"Retour sur le colloque \u00ab IA &#038; \u00c9nergie : Quand vos donn\u00e9es passent au vert \u00bb\",\"datePublished\":\"2025-02-13T13:24:17+00:00\",\"dateModified\":\"2026-01-12T17:47:31+00:00\",\"mainEntityOfPage\":{\"@id\":\"https:\\\/\\\/imredd.fr\\\/en\\\/review-of-the-ai-and-energy-conference-when-your-data-goes-green\\\/\"},\"wordCount\":139,\"publisher\":{\"@id\":\"https:\\\/\\\/imredd.fr\\\/#organization\"},\"image\":{\"@id\":\"https:\\\/\\\/imredd.fr\\\/en\\\/review-of-the-ai-and-energy-conference-when-your-data-goes-green\\\/#primaryimage\"},\"thumbnailUrl\":\"https:\\\/\\\/imredd.fr\\\/wp-content\\\/uploads\\\/2025\\\/02\\\/Colloque-IA-Energie.jpeg\",\"articleSection\":[\"\u00c9v\u00e9nements\",\"Projets et Recherche\"],\"inLanguage\":\"en-GB\"},{\"@type\":\"WebPage\",\"@id\":\"https:\\\/\\\/imredd.fr\\\/en\\\/review-of-the-ai-and-energy-conference-when-your-data-goes-green\\\/\",\"url\":\"https:\\\/\\\/imredd.fr\\\/en\\\/review-of-the-ai-and-energy-conference-when-your-data-goes-green\\\/\",\"name\":\"Retour sur le colloque \u00ab IA & \u00c9nergie : Quand vos donn\u00e9es passent au vert \u00bb - IMREDD - Universit\u00e9 C\u00f4te d&#039;Azur\",\"isPartOf\":{\"@id\":\"https:\\\/\\\/imredd.fr\\\/#website\"},\"primaryImageOfPage\":{\"@id\":\"https:\\\/\\\/imredd.fr\\\/en\\\/review-of-the-ai-and-energy-conference-when-your-data-goes-green\\\/#primaryimage\"},\"image\":{\"@id\":\"https:\\\/\\\/imredd.fr\\\/en\\\/review-of-the-ai-and-energy-conference-when-your-data-goes-green\\\/#primaryimage\"},\"thumbnailUrl\":\"https:\\\/\\\/imredd.fr\\\/wp-content\\\/uploads\\\/2025\\\/02\\\/Colloque-IA-Energie.jpeg\",\"datePublished\":\"2025-02-13T13:24:17+00:00\",\"dateModified\":\"2026-01-12T17:47:31+00:00\",\"breadcrumb\":{\"@id\":\"https:\\\/\\\/imredd.fr\\\/en\\\/review-of-the-ai-and-energy-conference-when-your-data-goes-green\\\/#breadcrumb\"},\"inLanguage\":\"en-GB\",\"potentialAction\":[{\"@type\":\"ReadAction\",\"target\":[\"https:\\\/\\\/imredd.fr\\\/en\\\/review-of-the-ai-and-energy-conference-when-your-data-goes-green\\\/\"]}]},{\"@type\":\"ImageObject\",\"inLanguage\":\"en-GB\",\"@id\":\"https:\\\/\\\/imredd.fr\\\/en\\\/review-of-the-ai-and-energy-conference-when-your-data-goes-green\\\/#primaryimage\",\"url\":\"https:\\\/\\\/imredd.fr\\\/wp-content\\\/uploads\\\/2025\\\/02\\\/Colloque-IA-Energie.jpeg\",\"contentUrl\":\"https:\\\/\\\/imredd.fr\\\/wp-content\\\/uploads\\\/2025\\\/02\\\/Colloque-IA-Energie.jpeg\",\"width\":1920,\"height\":1075},{\"@type\":\"BreadcrumbList\",\"@id\":\"https:\\\/\\\/imredd.fr\\\/en\\\/review-of-the-ai-and-energy-conference-when-your-data-goes-green\\\/#breadcrumb\",\"itemListElement\":[{\"@type\":\"ListItem\",\"position\":1,\"name\":\"Accueil\",\"item\":\"https:\\\/\\\/imredd.fr\\\/\"},{\"@type\":\"ListItem\",\"position\":2,\"name\":\"Retour sur le colloque \u00ab IA &#038; \u00c9nergie : Quand vos donn\u00e9es passent au vert \u00bb\"}]},{\"@type\":\"WebSite\",\"@id\":\"https:\\\/\\\/imredd.fr\\\/#website\",\"url\":\"https:\\\/\\\/imredd.fr\\\/\",\"name\":\"IMREDD - Universit\u00e9 C\u00f4te d'Azur\",\"description\":\"Institut M\u00e9diterran\u00e9en du Risque, de l&#039;Environnement et du D\u00e9veloppement Durable\",\"publisher\":{\"@id\":\"https:\\\/\\\/imredd.fr\\\/#organization\"},\"potentialAction\":[{\"@type\":\"SearchAction\",\"target\":{\"@type\":\"EntryPoint\",\"urlTemplate\":\"https:\\\/\\\/imredd.fr\\\/?s={search_term_string}\"},\"query-input\":{\"@type\":\"PropertyValueSpecification\",\"valueRequired\":true,\"valueName\":\"search_term_string\"}}],\"inLanguage\":\"en-GB\"},{\"@type\":\"Organization\",\"@id\":\"https:\\\/\\\/imredd.fr\\\/#organization\",\"name\":\"IMREDD - Institut M\u00e9diterran\u00e9en du Risque, de l'Environnement et du D\u00e9veloppement Durable\",\"url\":\"https:\\\/\\\/imredd.fr\\\/\",\"logo\":{\"@type\":\"ImageObject\",\"inLanguage\":\"en-GB\",\"@id\":\"https:\\\/\\\/imredd.fr\\\/#\\\/schema\\\/logo\\\/image\\\/\",\"url\":\"https:\\\/\\\/imredd.fr\\\/wp-content\\\/uploads\\\/2025\\\/07\\\/IMREDD-Logo-couleurs-transparent.png\",\"contentUrl\":\"https:\\\/\\\/imredd.fr\\\/wp-content\\\/uploads\\\/2025\\\/07\\\/IMREDD-Logo-couleurs-transparent.png\",\"width\":959,\"height\":164,\"caption\":\"IMREDD - Institut M\u00e9diterran\u00e9en du Risque, de l'Environnement et du D\u00e9veloppement Durable\"},\"image\":{\"@id\":\"https:\\\/\\\/imredd.fr\\\/#\\\/schema\\\/logo\\\/image\\\/\"},\"sameAs\":[\"http:\\\/\\\/facebook.com\\\/imredd.uca\",\"http:\\\/\\\/linkedin.com\\\/showcase\\\/imredd\"]},{\"@type\":\"Person\",\"@id\":\"https:\\\/\\\/imredd.fr\\\/#\\\/schema\\\/person\\\/41e50290e799cf196e315345a93c68de\",\"name\":\"Antonio Barros\",\"image\":{\"@type\":\"ImageObject\",\"inLanguage\":\"en-GB\",\"@id\":\"https:\\\/\\\/secure.gravatar.com\\\/avatar\\\/f4be75a97d6a27aad47c779bf7bfef9978f4ce4cf5a3c6160d97f893788ce445?s=96&d=mm&r=g\",\"url\":\"https:\\\/\\\/secure.gravatar.com\\\/avatar\\\/f4be75a97d6a27aad47c779bf7bfef9978f4ce4cf5a3c6160d97f893788ce445?s=96&d=mm&r=g\",\"contentUrl\":\"https:\\\/\\\/secure.gravatar.com\\\/avatar\\\/f4be75a97d6a27aad47c779bf7bfef9978f4ce4cf5a3c6160d97f893788ce445?s=96&d=mm&r=g\",\"caption\":\"Antonio Barros\"},\"url\":\"https:\\\/\\\/imredd.fr\\\/en\\\/author\\\/imredd-com\\\/\"}]}<\/script>\n<!-- \/ Yoast SEO Premium plugin. -->","yoast_head_json":{"title":"A look back at the conference \u00abAI &amp; Energy: When your data goes green\u00bb - IMREDD - Universit\u00e9 C\u00f4te d'Azur","robots":{"index":"index","follow":"follow","max-snippet":"max-snippet:-1","max-image-preview":"max-image-preview:large","max-video-preview":"max-video-preview:-1"},"canonical":"https:\/\/imredd.fr\/en\/review-of-the-ai-and-energy-conference-when-your-data-goes-green\/","og_locale":"en_GB","og_type":"article","og_title":"Retour sur le colloque \u00ab IA & \u00c9nergie : Quand vos donn\u00e9es passent au vert \u00bb","og_description":"L\u2019IMREDD a eu le plaisir d\u2019accueillir, ce mercredi 12 f\u00e9vrier, le colloque \u00ab IA & \u00c9nergie : Quand vos donn\u00e9es passent au vert \u00bb, organis\u00e9 en partenariat avec La French Tech C\u00f4te d'Azur, Invest in C\u00f4te d'Azur - Team Nice C\u00f4te d'Azur et la M\u00e9tropole Nice C\u00f4te d'Azur. Regardez le replay\u00a0!","og_url":"https:\/\/imredd.fr\/en\/review-of-the-ai-and-energy-conference-when-your-data-goes-green\/","og_site_name":"IMREDD - Universit\u00e9 C\u00f4te d&#039;Azur","article_publisher":"http:\/\/facebook.com\/imredd.uca","article_published_time":"2025-02-13T13:24:17+00:00","article_modified_time":"2026-01-12T17:47:31+00:00","og_image":[{"width":1920,"height":1075,"url":"https:\/\/imredd.fr\/wp-content\/uploads\/2025\/02\/Colloque-IA-Energie.jpeg","type":"image\/jpeg"}],"author":"Antonio Barros","twitter_card":"summary_large_image","twitter_misc":{"Written by":"Antonio Barros","Estimated reading time":"1 minute"},"schema":{"@context":"https:\/\/schema.org","@graph":[{"@type":"Article","@id":"https:\/\/imredd.fr\/en\/review-of-the-ai-and-energy-conference-when-your-data-goes-green\/#article","isPartOf":{"@id":"https:\/\/imredd.fr\/en\/review-of-the-ai-and-energy-conference-when-your-data-goes-green\/"},"author":{"name":"Antonio Barros","@id":"https:\/\/imredd.fr\/#\/schema\/person\/41e50290e799cf196e315345a93c68de"},"headline":"Retour sur le colloque \u00ab IA &#038; \u00c9nergie : Quand vos donn\u00e9es passent au vert \u00bb","datePublished":"2025-02-13T13:24:17+00:00","dateModified":"2026-01-12T17:47:31+00:00","mainEntityOfPage":{"@id":"https:\/\/imredd.fr\/en\/review-of-the-ai-and-energy-conference-when-your-data-goes-green\/"},"wordCount":139,"publisher":{"@id":"https:\/\/imredd.fr\/#organization"},"image":{"@id":"https:\/\/imredd.fr\/en\/review-of-the-ai-and-energy-conference-when-your-data-goes-green\/#primaryimage"},"thumbnailUrl":"https:\/\/imredd.fr\/wp-content\/uploads\/2025\/02\/Colloque-IA-Energie.jpeg","articleSection":["\u00c9v\u00e9nements","Projets et Recherche"],"inLanguage":"en-GB"},{"@type":"WebPage","@id":"https:\/\/imredd.fr\/en\/review-of-the-ai-and-energy-conference-when-your-data-goes-green\/","url":"https:\/\/imredd.fr\/en\/review-of-the-ai-and-energy-conference-when-your-data-goes-green\/","name":"A look back at the conference \u00abAI &amp; Energy: When your data goes green\u00bb - IMREDD - Universit\u00e9 C\u00f4te d'Azur","isPartOf":{"@id":"https:\/\/imredd.fr\/#website"},"primaryImageOfPage":{"@id":"https:\/\/imredd.fr\/en\/review-of-the-ai-and-energy-conference-when-your-data-goes-green\/#primaryimage"},"image":{"@id":"https:\/\/imredd.fr\/en\/review-of-the-ai-and-energy-conference-when-your-data-goes-green\/#primaryimage"},"thumbnailUrl":"https:\/\/imredd.fr\/wp-content\/uploads\/2025\/02\/Colloque-IA-Energie.jpeg","datePublished":"2025-02-13T13:24:17+00:00","dateModified":"2026-01-12T17:47:31+00:00","breadcrumb":{"@id":"https:\/\/imredd.fr\/en\/review-of-the-ai-and-energy-conference-when-your-data-goes-green\/#breadcrumb"},"inLanguage":"en-GB","potentialAction":[{"@type":"ReadAction","target":["https:\/\/imredd.fr\/en\/review-of-the-ai-and-energy-conference-when-your-data-goes-green\/"]}]},{"@type":"ImageObject","inLanguage":"en-GB","@id":"https:\/\/imredd.fr\/en\/review-of-the-ai-and-energy-conference-when-your-data-goes-green\/#primaryimage","url":"https:\/\/imredd.fr\/wp-content\/uploads\/2025\/02\/Colloque-IA-Energie.jpeg","contentUrl":"https:\/\/imredd.fr\/wp-content\/uploads\/2025\/02\/Colloque-IA-Energie.jpeg","width":1920,"height":1075},{"@type":"BreadcrumbList","@id":"https:\/\/imredd.fr\/en\/review-of-the-ai-and-energy-conference-when-your-data-goes-green\/#breadcrumb","itemListElement":[{"@type":"ListItem","position":1,"name":"Accueil","item":"https:\/\/imredd.fr\/"},{"@type":"ListItem","position":2,"name":"Retour sur le colloque \u00ab IA &#038; \u00c9nergie : Quand vos donn\u00e9es passent au vert \u00bb"}]},{"@type":"WebSite","@id":"https:\/\/imredd.fr\/#website","url":"https:\/\/imredd.fr\/","name":"IMREDD - C\u00f4te d'Azur University","description":"Mediterranean Institute for Risk, Environment and Sustainable Development","publisher":{"@id":"https:\/\/imredd.fr\/#organization"},"potentialAction":[{"@type":"SearchAction","target":{"@type":"EntryPoint","urlTemplate":"https:\/\/imredd.fr\/?s={search_term_string}"},"query-input":{"@type":"PropertyValueSpecification","valueRequired":true,"valueName":"search_term_string"}}],"inLanguage":"en-GB"},{"@type":"Organization","@id":"https:\/\/imredd.fr\/#organization","name":"IMREDD - Mediterranean Institute for Risk, Environment and Sustainable Development","url":"https:\/\/imredd.fr\/","logo":{"@type":"ImageObject","inLanguage":"en-GB","@id":"https:\/\/imredd.fr\/#\/schema\/logo\/image\/","url":"https:\/\/imredd.fr\/wp-content\/uploads\/2025\/07\/IMREDD-Logo-couleurs-transparent.png","contentUrl":"https:\/\/imredd.fr\/wp-content\/uploads\/2025\/07\/IMREDD-Logo-couleurs-transparent.png","width":959,"height":164,"caption":"IMREDD - Institut M\u00e9diterran\u00e9en du Risque, de l'Environnement et du D\u00e9veloppement Durable"},"image":{"@id":"https:\/\/imredd.fr\/#\/schema\/logo\/image\/"},"sameAs":["http:\/\/facebook.com\/imredd.uca","http:\/\/linkedin.com\/showcase\/imredd"]},{"@type":"Person","@id":"https:\/\/imredd.fr\/#\/schema\/person\/41e50290e799cf196e315345a93c68de","name":"Antonio Barros","image":{"@type":"ImageObject","inLanguage":"en-GB","@id":"https:\/\/secure.gravatar.com\/avatar\/f4be75a97d6a27aad47c779bf7bfef9978f4ce4cf5a3c6160d97f893788ce445?s=96&d=mm&r=g","url":"https:\/\/secure.gravatar.com\/avatar\/f4be75a97d6a27aad47c779bf7bfef9978f4ce4cf5a3c6160d97f893788ce445?s=96&d=mm&r=g","contentUrl":"https:\/\/secure.gravatar.com\/avatar\/f4be75a97d6a27aad47c779bf7bfef9978f4ce4cf5a3c6160d97f893788ce445?s=96&d=mm&r=g","caption":"Antonio Barros"},"url":"https:\/\/imredd.fr\/en\/author\/imredd-com\/"}]}},"_links":{"self":[{"href":"https:\/\/imredd.fr\/en\/wp-json\/wp\/v2\/posts\/23856","targetHints":{"allow":["GET"]}}],"collection":[{"href":"https:\/\/imredd.fr\/en\/wp-json\/wp\/v2\/posts"}],"about":[{"href":"https:\/\/imredd.fr\/en\/wp-json\/wp\/v2\/types\/post"}],"author":[{"embeddable":true,"href":"https:\/\/imredd.fr\/en\/wp-json\/wp\/v2\/users\/2"}],"replies":[{"embeddable":true,"href":"https:\/\/imredd.fr\/en\/wp-json\/wp\/v2\/comments?post=23856"}],"version-history":[{"count":0,"href":"https:\/\/imredd.fr\/en\/wp-json\/wp\/v2\/posts\/23856\/revisions"}],"wp:featuredmedia":[{"embeddable":true,"href":"https:\/\/imredd.fr\/en\/wp-json\/wp\/v2\/media\/23857"}],"wp:attachment":[{"href":"https:\/\/imredd.fr\/en\/wp-json\/wp\/v2\/media?parent=23856"}],"wp:term":[{"taxonomy":"category","embeddable":true,"href":"https:\/\/imredd.fr\/en\/wp-json\/wp\/v2\/categories?post=23856"},{"taxonomy":"post_tag","embeddable":true,"href":"https:\/\/imredd.fr\/en\/wp-json\/wp\/v2\/tags?post=23856"}],"curies":[{"name":"wp","href":"https:\/\/api.w.org\/{rel}","templated":true}]}}