{"id":23861,"date":"2025-02-17T11:11:00","date_gmt":"2025-02-17T10:11:00","guid":{"rendered":"https:\/\/imredd.fr\/?p=23861"},"modified":"2026-01-12T18:47:31","modified_gmt":"2026-01-12T17:47:31","slug":"lim-redd-au-waicf-la-pour-imaginer-lhabitat-du-futur","status":"publish","type":"post","link":"https:\/\/imredd.fr\/en\/limredd-au-waicf-lia-pour-imaginer-lhabitat-du-futur\/","title":{"rendered":"IMREDD at WAICF: AI to imagine the habitat of the future"},"content":{"rendered":"<p data-start=\"0\" data-end=\"486\">The UX for Smart Life Chair at IMREDD - Universit\u00e9 C\u00f4te d'Azur took part in the World AI Cannes Festival (WAICF) on 13 and 14 February. On this occasion, Eliesh SD, engineer at IMREDD and futurologist, presented the use of artificial intelligence within the Chair, in particular through the flagship project \u00abThe Future Human Habitat\u00bb. This project, one of 16 supported by the Chair, aims to develop and communicate scenarios for the future human habitat in Europe.<\/p>\n<p data-start=\"488\" data-end=\"737\">During the show, a new scenario was developed based on participants' answers to a questionnaire. This scenario will shortly be transformed into a short film generated by AI and shared with everyone. Stay tuned for the rest.<\/p>","protected":false},"excerpt":{"rendered":"<p>The UX for Smart Life Chair at the Universit\u00e9 C\u00f4te d'Azur took part in the World AI Cannes Festival (WAICF) on 13 and 14 February. On this occasion, Eliesh SD, engineer at IMREDD and futurologist, presented the use of artificial intelligence within the Chair, in particular through the flagship project \u00abThe Future Human Habitat\u00bb.<\/p>","protected":false},"author":2,"featured_media":23862,"comment_status":"closed","ping_status":"open","sticky":false,"template":"","format":"standard","meta":{"footnotes":""},"categories":[505,504],"tags":[446],"class_list":["post-23861","post","type-post","status-publish","format-standard","has-post-thumbnail","hentry","category-evenements","category-projets-et-recherche","tag-chaire-ux","has-post-title","has-post-date","has-post-category","has-post-tag","has-post-comment","has-post-author",""],"yoast_head":"<!-- This site is optimized with the Yoast SEO Premium plugin v27.4 (Yoast SEO v27.4) - https:\/\/yoast.com\/product\/yoast-seo-premium-wordpress\/ -->\n<title>L&#039;IMREDD au WAICF : l&#039;IA pour imaginer l&#039;habitat du futur - IMREDD - Universit\u00e9 C\u00f4te d&#039;Azur<\/title>\n<meta name=\"robots\" content=\"index, follow, max-snippet:-1, max-image-preview:large, max-video-preview:-1\" \/>\n<link rel=\"canonical\" href=\"https:\/\/imredd.fr\/en\/lim-redd-au-waicf-la-pour-imaginer-lhabitat-du-futur\/\" \/>\n<meta property=\"og:locale\" content=\"en_GB\" \/>\n<meta property=\"og:type\" content=\"article\" \/>\n<meta property=\"og:title\" content=\"L&#039;IMREDD au WAICF : l&#039;IA pour imaginer l&#039;habitat du futur\" \/>\n<meta property=\"og:description\" content=\"La Chaire UX for Smart Life de Universit\u00e9 C\u00f4te d&#039;Azur a particip\u00e9 au World AI Cannes Festival (WAICF) les 13 et 14 f\u00e9vrier derniers. \u00c0 cette occasion, Eliesh SD, ing\u00e9nieur \u00e0 l&#039;IMREDD et futurologue, a pr\u00e9sent\u00e9 l&#039;utilisation de l&#039;intelligence artificielle au sein de la Chaire, notamment \u00e0 travers le projet phare &quot;The Future Human Habitat&quot;.\" \/>\n<meta property=\"og:url\" content=\"https:\/\/imredd.fr\/en\/lim-redd-au-waicf-la-pour-imaginer-lhabitat-du-futur\/\" \/>\n<meta property=\"og:site_name\" content=\"IMREDD - Universit\u00e9 C\u00f4te d&#039;Azur\" \/>\n<meta property=\"article:publisher\" content=\"http:\/\/facebook.com\/imredd.uca\" \/>\n<meta property=\"article:published_time\" content=\"2025-02-17T10:11:00+00:00\" \/>\n<meta property=\"article:modified_time\" content=\"2026-01-12T17:47:31+00:00\" \/>\n<meta property=\"og:image\" content=\"https:\/\/imredd.fr\/wp-content\/uploads\/2025\/02\/IMG_7768-scaled-1.jpeg\" \/>\n\t<meta property=\"og:image:width\" content=\"2560\" \/>\n\t<meta property=\"og:image:height\" content=\"1920\" \/>\n\t<meta property=\"og:image:type\" content=\"image\/jpeg\" \/>\n<meta name=\"author\" content=\"Antonio Barros\" \/>\n<meta name=\"twitter:card\" content=\"summary_large_image\" \/>\n<meta name=\"twitter:label1\" content=\"Written by\" \/>\n\t<meta name=\"twitter:data1\" content=\"Antonio Barros\" \/>\n\t<meta name=\"twitter:label2\" content=\"Estimated reading time\" \/>\n\t<meta name=\"twitter:data2\" content=\"1 minute\" \/>\n<script type=\"application\/ld+json\" class=\"yoast-schema-graph\">{\"@context\":\"https:\\\/\\\/schema.org\",\"@graph\":[{\"@type\":\"Article\",\"@id\":\"https:\\\/\\\/imredd.fr\\\/en\\\/lim-redd-au-waicf-la-pour-imaginer-lhabitat-du-futur\\\/#article\",\"isPartOf\":{\"@id\":\"https:\\\/\\\/imredd.fr\\\/en\\\/lim-redd-au-waicf-la-pour-imaginer-lhabitat-du-futur\\\/\"},\"author\":{\"name\":\"Antonio Barros\",\"@id\":\"https:\\\/\\\/imredd.fr\\\/#\\\/schema\\\/person\\\/41e50290e799cf196e315345a93c68de\"},\"headline\":\"L&rsquo;IMREDD au WAICF : l&rsquo;IA pour imaginer l&rsquo;habitat du futur\",\"datePublished\":\"2025-02-17T10:11:00+00:00\",\"dateModified\":\"2026-01-12T17:47:31+00:00\",\"mainEntityOfPage\":{\"@id\":\"https:\\\/\\\/imredd.fr\\\/en\\\/lim-redd-au-waicf-la-pour-imaginer-lhabitat-du-futur\\\/\"},\"wordCount\":144,\"publisher\":{\"@id\":\"https:\\\/\\\/imredd.fr\\\/#organization\"},\"image\":{\"@id\":\"https:\\\/\\\/imredd.fr\\\/en\\\/lim-redd-au-waicf-la-pour-imaginer-lhabitat-du-futur\\\/#primaryimage\"},\"thumbnailUrl\":\"https:\\\/\\\/imredd.fr\\\/wp-content\\\/uploads\\\/2025\\\/02\\\/IMG_7768-scaled-1.jpeg\",\"keywords\":[\"Chaire UX for Smart Life\"],\"articleSection\":[\"\u00c9v\u00e9nements\",\"Projets et Recherche\"],\"inLanguage\":\"en-GB\"},{\"@type\":\"WebPage\",\"@id\":\"https:\\\/\\\/imredd.fr\\\/en\\\/lim-redd-au-waicf-la-pour-imaginer-lhabitat-du-futur\\\/\",\"url\":\"https:\\\/\\\/imredd.fr\\\/en\\\/lim-redd-au-waicf-la-pour-imaginer-lhabitat-du-futur\\\/\",\"name\":\"L'IMREDD au WAICF : l'IA pour imaginer l'habitat du futur - IMREDD - Universit\u00e9 C\u00f4te d&#039;Azur\",\"isPartOf\":{\"@id\":\"https:\\\/\\\/imredd.fr\\\/#website\"},\"primaryImageOfPage\":{\"@id\":\"https:\\\/\\\/imredd.fr\\\/en\\\/lim-redd-au-waicf-la-pour-imaginer-lhabitat-du-futur\\\/#primaryimage\"},\"image\":{\"@id\":\"https:\\\/\\\/imredd.fr\\\/en\\\/lim-redd-au-waicf-la-pour-imaginer-lhabitat-du-futur\\\/#primaryimage\"},\"thumbnailUrl\":\"https:\\\/\\\/imredd.fr\\\/wp-content\\\/uploads\\\/2025\\\/02\\\/IMG_7768-scaled-1.jpeg\",\"datePublished\":\"2025-02-17T10:11:00+00:00\",\"dateModified\":\"2026-01-12T17:47:31+00:00\",\"breadcrumb\":{\"@id\":\"https:\\\/\\\/imredd.fr\\\/en\\\/lim-redd-au-waicf-la-pour-imaginer-lhabitat-du-futur\\\/#breadcrumb\"},\"inLanguage\":\"en-GB\",\"potentialAction\":[{\"@type\":\"ReadAction\",\"target\":[\"https:\\\/\\\/imredd.fr\\\/en\\\/lim-redd-au-waicf-la-pour-imaginer-lhabitat-du-futur\\\/\"]}]},{\"@type\":\"ImageObject\",\"inLanguage\":\"en-GB\",\"@id\":\"https:\\\/\\\/imredd.fr\\\/en\\\/lim-redd-au-waicf-la-pour-imaginer-lhabitat-du-futur\\\/#primaryimage\",\"url\":\"https:\\\/\\\/imredd.fr\\\/wp-content\\\/uploads\\\/2025\\\/02\\\/IMG_7768-scaled-1.jpeg\",\"contentUrl\":\"https:\\\/\\\/imredd.fr\\\/wp-content\\\/uploads\\\/2025\\\/02\\\/IMG_7768-scaled-1.jpeg\",\"width\":2560,\"height\":1920},{\"@type\":\"BreadcrumbList\",\"@id\":\"https:\\\/\\\/imredd.fr\\\/en\\\/lim-redd-au-waicf-la-pour-imaginer-lhabitat-du-futur\\\/#breadcrumb\",\"itemListElement\":[{\"@type\":\"ListItem\",\"position\":1,\"name\":\"Accueil\",\"item\":\"https:\\\/\\\/imredd.fr\\\/\"},{\"@type\":\"ListItem\",\"position\":2,\"name\":\"L&rsquo;IMREDD au WAICF : l&rsquo;IA pour imaginer l&rsquo;habitat du futur\"}]},{\"@type\":\"WebSite\",\"@id\":\"https:\\\/\\\/imredd.fr\\\/#website\",\"url\":\"https:\\\/\\\/imredd.fr\\\/\",\"name\":\"IMREDD - Universit\u00e9 C\u00f4te d'Azur\",\"description\":\"Institut M\u00e9diterran\u00e9en du Risque, de l&#039;Environnement et du D\u00e9veloppement Durable\",\"publisher\":{\"@id\":\"https:\\\/\\\/imredd.fr\\\/#organization\"},\"potentialAction\":[{\"@type\":\"SearchAction\",\"target\":{\"@type\":\"EntryPoint\",\"urlTemplate\":\"https:\\\/\\\/imredd.fr\\\/?s={search_term_string}\"},\"query-input\":{\"@type\":\"PropertyValueSpecification\",\"valueRequired\":true,\"valueName\":\"search_term_string\"}}],\"inLanguage\":\"en-GB\"},{\"@type\":\"Organization\",\"@id\":\"https:\\\/\\\/imredd.fr\\\/#organization\",\"name\":\"IMREDD - Institut M\u00e9diterran\u00e9en du Risque, de l'Environnement et du D\u00e9veloppement Durable\",\"url\":\"https:\\\/\\\/imredd.fr\\\/\",\"logo\":{\"@type\":\"ImageObject\",\"inLanguage\":\"en-GB\",\"@id\":\"https:\\\/\\\/imredd.fr\\\/#\\\/schema\\\/logo\\\/image\\\/\",\"url\":\"https:\\\/\\\/imredd.fr\\\/wp-content\\\/uploads\\\/2025\\\/07\\\/IMREDD-Logo-couleurs-transparent.png\",\"contentUrl\":\"https:\\\/\\\/imredd.fr\\\/wp-content\\\/uploads\\\/2025\\\/07\\\/IMREDD-Logo-couleurs-transparent.png\",\"width\":959,\"height\":164,\"caption\":\"IMREDD - Institut M\u00e9diterran\u00e9en du Risque, de l'Environnement et du D\u00e9veloppement Durable\"},\"image\":{\"@id\":\"https:\\\/\\\/imredd.fr\\\/#\\\/schema\\\/logo\\\/image\\\/\"},\"sameAs\":[\"http:\\\/\\\/facebook.com\\\/imredd.uca\",\"http:\\\/\\\/linkedin.com\\\/showcase\\\/imredd\"]},{\"@type\":\"Person\",\"@id\":\"https:\\\/\\\/imredd.fr\\\/#\\\/schema\\\/person\\\/41e50290e799cf196e315345a93c68de\",\"name\":\"Antonio Barros\",\"image\":{\"@type\":\"ImageObject\",\"inLanguage\":\"en-GB\",\"@id\":\"https:\\\/\\\/secure.gravatar.com\\\/avatar\\\/f4be75a97d6a27aad47c779bf7bfef9978f4ce4cf5a3c6160d97f893788ce445?s=96&d=mm&r=g\",\"url\":\"https:\\\/\\\/secure.gravatar.com\\\/avatar\\\/f4be75a97d6a27aad47c779bf7bfef9978f4ce4cf5a3c6160d97f893788ce445?s=96&d=mm&r=g\",\"contentUrl\":\"https:\\\/\\\/secure.gravatar.com\\\/avatar\\\/f4be75a97d6a27aad47c779bf7bfef9978f4ce4cf5a3c6160d97f893788ce445?s=96&d=mm&r=g\",\"caption\":\"Antonio Barros\"},\"url\":\"https:\\\/\\\/imredd.fr\\\/en\\\/author\\\/imredd-com\\\/\"}]}<\/script>\n<!-- \/ Yoast SEO Premium plugin. -->","yoast_head_json":{"title":"IMREDD at WAICF: AI for imagining the habitat of the future - IMREDD - Universit\u00e9 C\u00f4te d'Azur","robots":{"index":"index","follow":"follow","max-snippet":"max-snippet:-1","max-image-preview":"max-image-preview:large","max-video-preview":"max-video-preview:-1"},"canonical":"https:\/\/imredd.fr\/en\/lim-redd-au-waicf-la-pour-imaginer-lhabitat-du-futur\/","og_locale":"en_GB","og_type":"article","og_title":"L'IMREDD au WAICF : l'IA pour imaginer l'habitat du futur","og_description":"La Chaire UX for Smart Life de Universit\u00e9 C\u00f4te d'Azur a particip\u00e9 au World AI Cannes Festival (WAICF) les 13 et 14 f\u00e9vrier derniers. \u00c0 cette occasion, Eliesh SD, ing\u00e9nieur \u00e0 l'IMREDD et futurologue, a pr\u00e9sent\u00e9 l'utilisation de l'intelligence artificielle au sein de la Chaire, notamment \u00e0 travers le projet phare \"The Future Human Habitat\".","og_url":"https:\/\/imredd.fr\/en\/lim-redd-au-waicf-la-pour-imaginer-lhabitat-du-futur\/","og_site_name":"IMREDD - Universit\u00e9 C\u00f4te d&#039;Azur","article_publisher":"http:\/\/facebook.com\/imredd.uca","article_published_time":"2025-02-17T10:11:00+00:00","article_modified_time":"2026-01-12T17:47:31+00:00","og_image":[{"width":2560,"height":1920,"url":"https:\/\/imredd.fr\/wp-content\/uploads\/2025\/02\/IMG_7768-scaled-1.jpeg","type":"image\/jpeg"}],"author":"Antonio Barros","twitter_card":"summary_large_image","twitter_misc":{"Written by":"Antonio Barros","Estimated reading time":"1 minute"},"schema":{"@context":"https:\/\/schema.org","@graph":[{"@type":"Article","@id":"https:\/\/imredd.fr\/en\/lim-redd-au-waicf-la-pour-imaginer-lhabitat-du-futur\/#article","isPartOf":{"@id":"https:\/\/imredd.fr\/en\/lim-redd-au-waicf-la-pour-imaginer-lhabitat-du-futur\/"},"author":{"name":"Antonio Barros","@id":"https:\/\/imredd.fr\/#\/schema\/person\/41e50290e799cf196e315345a93c68de"},"headline":"L&rsquo;IMREDD au WAICF : l&rsquo;IA pour imaginer l&rsquo;habitat du futur","datePublished":"2025-02-17T10:11:00+00:00","dateModified":"2026-01-12T17:47:31+00:00","mainEntityOfPage":{"@id":"https:\/\/imredd.fr\/en\/lim-redd-au-waicf-la-pour-imaginer-lhabitat-du-futur\/"},"wordCount":144,"publisher":{"@id":"https:\/\/imredd.fr\/#organization"},"image":{"@id":"https:\/\/imredd.fr\/en\/lim-redd-au-waicf-la-pour-imaginer-lhabitat-du-futur\/#primaryimage"},"thumbnailUrl":"https:\/\/imredd.fr\/wp-content\/uploads\/2025\/02\/IMG_7768-scaled-1.jpeg","keywords":["Chaire UX for Smart Life"],"articleSection":["\u00c9v\u00e9nements","Projets et Recherche"],"inLanguage":"en-GB"},{"@type":"WebPage","@id":"https:\/\/imredd.fr\/en\/lim-redd-au-waicf-la-pour-imaginer-lhabitat-du-futur\/","url":"https:\/\/imredd.fr\/en\/lim-redd-au-waicf-la-pour-imaginer-lhabitat-du-futur\/","name":"IMREDD at WAICF: AI for imagining the habitat of the future - IMREDD - Universit\u00e9 C\u00f4te d'Azur","isPartOf":{"@id":"https:\/\/imredd.fr\/#website"},"primaryImageOfPage":{"@id":"https:\/\/imredd.fr\/en\/lim-redd-au-waicf-la-pour-imaginer-lhabitat-du-futur\/#primaryimage"},"image":{"@id":"https:\/\/imredd.fr\/en\/lim-redd-au-waicf-la-pour-imaginer-lhabitat-du-futur\/#primaryimage"},"thumbnailUrl":"https:\/\/imredd.fr\/wp-content\/uploads\/2025\/02\/IMG_7768-scaled-1.jpeg","datePublished":"2025-02-17T10:11:00+00:00","dateModified":"2026-01-12T17:47:31+00:00","breadcrumb":{"@id":"https:\/\/imredd.fr\/en\/lim-redd-au-waicf-la-pour-imaginer-lhabitat-du-futur\/#breadcrumb"},"inLanguage":"en-GB","potentialAction":[{"@type":"ReadAction","target":["https:\/\/imredd.fr\/en\/lim-redd-au-waicf-la-pour-imaginer-lhabitat-du-futur\/"]}]},{"@type":"ImageObject","inLanguage":"en-GB","@id":"https:\/\/imredd.fr\/en\/lim-redd-au-waicf-la-pour-imaginer-lhabitat-du-futur\/#primaryimage","url":"https:\/\/imredd.fr\/wp-content\/uploads\/2025\/02\/IMG_7768-scaled-1.jpeg","contentUrl":"https:\/\/imredd.fr\/wp-content\/uploads\/2025\/02\/IMG_7768-scaled-1.jpeg","width":2560,"height":1920},{"@type":"BreadcrumbList","@id":"https:\/\/imredd.fr\/en\/lim-redd-au-waicf-la-pour-imaginer-lhabitat-du-futur\/#breadcrumb","itemListElement":[{"@type":"ListItem","position":1,"name":"Accueil","item":"https:\/\/imredd.fr\/"},{"@type":"ListItem","position":2,"name":"L&rsquo;IMREDD au WAICF : l&rsquo;IA pour imaginer l&rsquo;habitat du futur"}]},{"@type":"WebSite","@id":"https:\/\/imredd.fr\/#website","url":"https:\/\/imredd.fr\/","name":"IMREDD - C\u00f4te d'Azur University","description":"Mediterranean Institute for Risk, Environment and Sustainable Development","publisher":{"@id":"https:\/\/imredd.fr\/#organization"},"potentialAction":[{"@type":"SearchAction","target":{"@type":"EntryPoint","urlTemplate":"https:\/\/imredd.fr\/?s={search_term_string}"},"query-input":{"@type":"PropertyValueSpecification","valueRequired":true,"valueName":"search_term_string"}}],"inLanguage":"en-GB"},{"@type":"Organization","@id":"https:\/\/imredd.fr\/#organization","name":"IMREDD - Mediterranean Institute for Risk, Environment and Sustainable Development","url":"https:\/\/imredd.fr\/","logo":{"@type":"ImageObject","inLanguage":"en-GB","@id":"https:\/\/imredd.fr\/#\/schema\/logo\/image\/","url":"https:\/\/imredd.fr\/wp-content\/uploads\/2025\/07\/IMREDD-Logo-couleurs-transparent.png","contentUrl":"https:\/\/imredd.fr\/wp-content\/uploads\/2025\/07\/IMREDD-Logo-couleurs-transparent.png","width":959,"height":164,"caption":"IMREDD - Institut M\u00e9diterran\u00e9en du Risque, de l'Environnement et du D\u00e9veloppement Durable"},"image":{"@id":"https:\/\/imredd.fr\/#\/schema\/logo\/image\/"},"sameAs":["http:\/\/facebook.com\/imredd.uca","http:\/\/linkedin.com\/showcase\/imredd"]},{"@type":"Person","@id":"https:\/\/imredd.fr\/#\/schema\/person\/41e50290e799cf196e315345a93c68de","name":"Antonio Barros","image":{"@type":"ImageObject","inLanguage":"en-GB","@id":"https:\/\/secure.gravatar.com\/avatar\/f4be75a97d6a27aad47c779bf7bfef9978f4ce4cf5a3c6160d97f893788ce445?s=96&d=mm&r=g","url":"https:\/\/secure.gravatar.com\/avatar\/f4be75a97d6a27aad47c779bf7bfef9978f4ce4cf5a3c6160d97f893788ce445?s=96&d=mm&r=g","contentUrl":"https:\/\/secure.gravatar.com\/avatar\/f4be75a97d6a27aad47c779bf7bfef9978f4ce4cf5a3c6160d97f893788ce445?s=96&d=mm&r=g","caption":"Antonio Barros"},"url":"https:\/\/imredd.fr\/en\/author\/imredd-com\/"}]}},"_links":{"self":[{"href":"https:\/\/imredd.fr\/en\/wp-json\/wp\/v2\/posts\/23861","targetHints":{"allow":["GET"]}}],"collection":[{"href":"https:\/\/imredd.fr\/en\/wp-json\/wp\/v2\/posts"}],"about":[{"href":"https:\/\/imredd.fr\/en\/wp-json\/wp\/v2\/types\/post"}],"author":[{"embeddable":true,"href":"https:\/\/imredd.fr\/en\/wp-json\/wp\/v2\/users\/2"}],"replies":[{"embeddable":true,"href":"https:\/\/imredd.fr\/en\/wp-json\/wp\/v2\/comments?post=23861"}],"version-history":[{"count":0,"href":"https:\/\/imredd.fr\/en\/wp-json\/wp\/v2\/posts\/23861\/revisions"}],"wp:featuredmedia":[{"embeddable":true,"href":"https:\/\/imredd.fr\/en\/wp-json\/wp\/v2\/media\/23862"}],"wp:attachment":[{"href":"https:\/\/imredd.fr\/en\/wp-json\/wp\/v2\/media?parent=23861"}],"wp:term":[{"taxonomy":"category","embeddable":true,"href":"https:\/\/imredd.fr\/en\/wp-json\/wp\/v2\/categories?post=23861"},{"taxonomy":"post_tag","embeddable":true,"href":"https:\/\/imredd.fr\/en\/wp-json\/wp\/v2\/tags?post=23861"}],"curies":[{"name":"wp","href":"https:\/\/api.w.org\/{rel}","templated":true}]}}