{"id":24728,"date":"2025-10-24T15:20:35","date_gmt":"2025-10-24T13:20:35","guid":{"rendered":"https:\/\/imredd.fr\/?p=24728"},"modified":"2026-01-12T18:47:31","modified_gmt":"2026-01-12T17:47:31","slug":"limredd-is-participating-for-the-first-time-at-biomimexpo-2025-in-marseille","status":"publish","type":"post","link":"https:\/\/imredd.fr\/en\/limredd-participe-pour-la-premiere-fois-a-la-biomimexpo-2025-a-marseille\/","title":{"rendered":"IMREDD takes part in Biomim'Expo 2025 in Marseille for the first time"},"content":{"rendered":"<p>On 28 October, IMREDD will be participating for the first time at Biomim\u00ab Expo, the major event for biomimicry and innovations inspired by nature, through its UX Chair \u00bbUser Experiences for Smart Life: Home &amp; Mobility\".<\/p>\n<p>Less than two years after its launch, the Future Human Habitat (FHH) project from the UX Chair continues to reach major new milestones. After developing an innovative methodology, a new indicator of human needs, and three forward-looking scenarios for the year 2065 (possible, plausible, and probable), the project has applied these frameworks to rethink two pilot districts in Nice and Copenhagen, thereby mobilising local ecosystems around a shared reflection on tomorrow's housing.<\/p>\n<p>These works continued through active participation in UNOC3, with exhibitions and presentations in Villefranche-sur-Mer, and the implementation of the first experimental laboratory of its kind: the summer school \u00ab5 Oceans, 5 Colonies: Sculpting Future Living Architecture On and Below Water\u00bb.<\/p>\n<p>At Biomim'Expo 2025, the Chair's team will present the results of this laboratory, the co-creation process that accompanied it, as well as the next stages of research and experimentation, notably the new edition of the Future Experimental Lab.<\/p>\n<p>This work is based on a balance between quantitative and qualitative data, utilising:<\/p>\n<ul>\n<li>Three types of thinking: systemic, future-oriented and exponential; ;<\/li>\n<li>Three forms of intelligence: environmental (systemic biomimicry), artificial and collective; ;<\/li>\n<li>Innovative learning approaches, enabling a rethinking of traditional education and research models to co-construct the habitat of the future.<\/li>\n<\/ul>\n<p>The Future Human Habitat approach covers all habitat ecosystems: mobility, energy, water, technology, environment, social and legal aspects, and extends to architecture, introduced for the first time in 60 years at Universit\u00e9 C\u00f4te d\u2019Azur.<\/p>\n<p>Join us on 28 October in Marseille to discover projects, talk with researchers and partners, and explore future avenues for collaboration on sustainable ways of living.<\/p>","protected":false},"excerpt":{"rendered":"<p>On 28 October, IMREDD will be taking part for the first time in Biomim'Expo, the leading event for biomimicry and innovations inspired by the living world, through its UX Chair \u00abUser Experience for Smart Life: Home &amp; Mobility\u00bb.<\/p>","protected":false},"author":2,"featured_media":24729,"comment_status":"closed","ping_status":"open","sticky":false,"template":"","format":"standard","meta":{"footnotes":""},"categories":[505,504],"tags":[446],"class_list":["post-24728","post","type-post","status-publish","format-standard","has-post-thumbnail","hentry","category-evenements","category-projets-et-recherche","tag-chaire-ux","has-post-title","has-post-date","has-post-category","has-post-tag","has-post-comment","has-post-author",""],"yoast_head":"<!-- This site is optimized with the Yoast SEO Premium plugin v27.4 (Yoast SEO v27.4) - https:\/\/yoast.com\/product\/yoast-seo-premium-wordpress\/ -->\n<title>L\u2019IMREDD participe pour la premi\u00e8re fois \u00e0 la Biomim\u2019Expo 2025 \u00e0 Marseille - IMREDD - Universit\u00e9 C\u00f4te d&#039;Azur<\/title>\n<meta name=\"robots\" content=\"index, follow, max-snippet:-1, max-image-preview:large, max-video-preview:-1\" \/>\n<link rel=\"canonical\" href=\"https:\/\/imredd.fr\/en\/limredd-is-participating-for-the-first-time-at-biomimexpo-2025-in-marseille\/\" \/>\n<meta property=\"og:locale\" content=\"en_GB\" \/>\n<meta property=\"og:type\" content=\"article\" \/>\n<meta property=\"og:title\" content=\"L\u2019IMREDD participe pour la premi\u00e8re fois \u00e0 la Biomim\u2019Expo 2025 \u00e0 Marseille\" \/>\n<meta property=\"og:description\" content=\"Le 28 octobre, l\u2019IMREDD participe pour la premi\u00e8re fois \u00e0 la Biomim\u2019Expo, le grand rendez-vous du biomim\u00e9tisme et des innovations inspir\u00e9es du vivant, \u00e0 travers sa Chaire UX \u00ab User Experience for Smart Life : Home &amp; Mobility \u00bb.\" \/>\n<meta property=\"og:url\" content=\"https:\/\/imredd.fr\/en\/limredd-is-participating-for-the-first-time-at-biomimexpo-2025-in-marseille\/\" \/>\n<meta property=\"og:site_name\" content=\"IMREDD - Universit\u00e9 C\u00f4te d&#039;Azur\" \/>\n<meta property=\"article:publisher\" content=\"http:\/\/facebook.com\/imredd.uca\" \/>\n<meta property=\"article:published_time\" content=\"2025-10-24T13:20:35+00:00\" \/>\n<meta property=\"article:modified_time\" content=\"2026-01-12T17:47:31+00:00\" \/>\n<meta property=\"og:image\" content=\"https:\/\/imredd.fr\/wp-content\/uploads\/2025\/10\/biomimexpo-16x9-100-1.jpg\" \/>\n\t<meta property=\"og:image:width\" content=\"1920\" \/>\n\t<meta property=\"og:image:height\" content=\"1080\" \/>\n\t<meta property=\"og:image:type\" content=\"image\/jpeg\" \/>\n<meta name=\"author\" content=\"Antonio Barros\" \/>\n<meta name=\"twitter:card\" content=\"summary_large_image\" \/>\n<meta name=\"twitter:label1\" content=\"Written by\" \/>\n\t<meta name=\"twitter:data1\" content=\"Antonio Barros\" \/>\n\t<meta name=\"twitter:label2\" content=\"Estimated reading time\" \/>\n\t<meta name=\"twitter:data2\" content=\"2 minutes\" \/>\n<script type=\"application\/ld+json\" class=\"yoast-schema-graph\">{\"@context\":\"https:\\\/\\\/schema.org\",\"@graph\":[{\"@type\":\"Article\",\"@id\":\"https:\\\/\\\/imredd.fr\\\/en\\\/limredd-is-participating-for-the-first-time-at-biomimexpo-2025-in-marseille\\\/#article\",\"isPartOf\":{\"@id\":\"https:\\\/\\\/imredd.fr\\\/en\\\/limredd-is-participating-for-the-first-time-at-biomimexpo-2025-in-marseille\\\/\"},\"author\":{\"name\":\"Antonio Barros\",\"@id\":\"https:\\\/\\\/imredd.fr\\\/#\\\/schema\\\/person\\\/41e50290e799cf196e315345a93c68de\"},\"headline\":\"L\u2019IMREDD participe pour la premi\u00e8re fois \u00e0 la Biomim\u2019Expo 2025 \u00e0 Marseille\",\"datePublished\":\"2025-10-24T13:20:35+00:00\",\"dateModified\":\"2026-01-12T17:47:31+00:00\",\"mainEntityOfPage\":{\"@id\":\"https:\\\/\\\/imredd.fr\\\/en\\\/limredd-is-participating-for-the-first-time-at-biomimexpo-2025-in-marseille\\\/\"},\"wordCount\":358,\"publisher\":{\"@id\":\"https:\\\/\\\/imredd.fr\\\/#organization\"},\"image\":{\"@id\":\"https:\\\/\\\/imredd.fr\\\/en\\\/limredd-is-participating-for-the-first-time-at-biomimexpo-2025-in-marseille\\\/#primaryimage\"},\"thumbnailUrl\":\"https:\\\/\\\/imredd.fr\\\/wp-content\\\/uploads\\\/2025\\\/10\\\/biomimexpo-16x9-100-1.jpg\",\"keywords\":[\"Chaire UX for Smart Life\"],\"articleSection\":[\"\u00c9v\u00e9nements\",\"Projets et Recherche\"],\"inLanguage\":\"en-GB\"},{\"@type\":\"WebPage\",\"@id\":\"https:\\\/\\\/imredd.fr\\\/en\\\/limredd-is-participating-for-the-first-time-at-biomimexpo-2025-in-marseille\\\/\",\"url\":\"https:\\\/\\\/imredd.fr\\\/en\\\/limredd-is-participating-for-the-first-time-at-biomimexpo-2025-in-marseille\\\/\",\"name\":\"L\u2019IMREDD participe pour la premi\u00e8re fois \u00e0 la Biomim\u2019Expo 2025 \u00e0 Marseille - IMREDD - Universit\u00e9 C\u00f4te d&#039;Azur\",\"isPartOf\":{\"@id\":\"https:\\\/\\\/imredd.fr\\\/#website\"},\"primaryImageOfPage\":{\"@id\":\"https:\\\/\\\/imredd.fr\\\/en\\\/limredd-is-participating-for-the-first-time-at-biomimexpo-2025-in-marseille\\\/#primaryimage\"},\"image\":{\"@id\":\"https:\\\/\\\/imredd.fr\\\/en\\\/limredd-is-participating-for-the-first-time-at-biomimexpo-2025-in-marseille\\\/#primaryimage\"},\"thumbnailUrl\":\"https:\\\/\\\/imredd.fr\\\/wp-content\\\/uploads\\\/2025\\\/10\\\/biomimexpo-16x9-100-1.jpg\",\"datePublished\":\"2025-10-24T13:20:35+00:00\",\"dateModified\":\"2026-01-12T17:47:31+00:00\",\"breadcrumb\":{\"@id\":\"https:\\\/\\\/imredd.fr\\\/en\\\/limredd-is-participating-for-the-first-time-at-biomimexpo-2025-in-marseille\\\/#breadcrumb\"},\"inLanguage\":\"en-GB\",\"potentialAction\":[{\"@type\":\"ReadAction\",\"target\":[\"https:\\\/\\\/imredd.fr\\\/en\\\/limredd-is-participating-for-the-first-time-at-biomimexpo-2025-in-marseille\\\/\"]}]},{\"@type\":\"ImageObject\",\"inLanguage\":\"en-GB\",\"@id\":\"https:\\\/\\\/imredd.fr\\\/en\\\/limredd-is-participating-for-the-first-time-at-biomimexpo-2025-in-marseille\\\/#primaryimage\",\"url\":\"https:\\\/\\\/imredd.fr\\\/wp-content\\\/uploads\\\/2025\\\/10\\\/biomimexpo-16x9-100-1.jpg\",\"contentUrl\":\"https:\\\/\\\/imredd.fr\\\/wp-content\\\/uploads\\\/2025\\\/10\\\/biomimexpo-16x9-100-1.jpg\",\"width\":1920,\"height\":1080},{\"@type\":\"BreadcrumbList\",\"@id\":\"https:\\\/\\\/imredd.fr\\\/en\\\/limredd-is-participating-for-the-first-time-at-biomimexpo-2025-in-marseille\\\/#breadcrumb\",\"itemListElement\":[{\"@type\":\"ListItem\",\"position\":1,\"name\":\"Accueil\",\"item\":\"https:\\\/\\\/imredd.fr\\\/\"},{\"@type\":\"ListItem\",\"position\":2,\"name\":\"L\u2019IMREDD participe pour la premi\u00e8re fois \u00e0 la Biomim\u2019Expo 2025 \u00e0 Marseille\"}]},{\"@type\":\"WebSite\",\"@id\":\"https:\\\/\\\/imredd.fr\\\/#website\",\"url\":\"https:\\\/\\\/imredd.fr\\\/\",\"name\":\"IMREDD - Universit\u00e9 C\u00f4te d'Azur\",\"description\":\"Institut M\u00e9diterran\u00e9en du Risque, de l&#039;Environnement et du D\u00e9veloppement Durable\",\"publisher\":{\"@id\":\"https:\\\/\\\/imredd.fr\\\/#organization\"},\"potentialAction\":[{\"@type\":\"SearchAction\",\"target\":{\"@type\":\"EntryPoint\",\"urlTemplate\":\"https:\\\/\\\/imredd.fr\\\/?s={search_term_string}\"},\"query-input\":{\"@type\":\"PropertyValueSpecification\",\"valueRequired\":true,\"valueName\":\"search_term_string\"}}],\"inLanguage\":\"en-GB\"},{\"@type\":\"Organization\",\"@id\":\"https:\\\/\\\/imredd.fr\\\/#organization\",\"name\":\"IMREDD - Institut M\u00e9diterran\u00e9en du Risque, de l'Environnement et du D\u00e9veloppement Durable\",\"url\":\"https:\\\/\\\/imredd.fr\\\/\",\"logo\":{\"@type\":\"ImageObject\",\"inLanguage\":\"en-GB\",\"@id\":\"https:\\\/\\\/imredd.fr\\\/#\\\/schema\\\/logo\\\/image\\\/\",\"url\":\"https:\\\/\\\/imredd.fr\\\/wp-content\\\/uploads\\\/2025\\\/07\\\/IMREDD-Logo-couleurs-transparent.png\",\"contentUrl\":\"https:\\\/\\\/imredd.fr\\\/wp-content\\\/uploads\\\/2025\\\/07\\\/IMREDD-Logo-couleurs-transparent.png\",\"width\":959,\"height\":164,\"caption\":\"IMREDD - Institut M\u00e9diterran\u00e9en du Risque, de l'Environnement et du D\u00e9veloppement Durable\"},\"image\":{\"@id\":\"https:\\\/\\\/imredd.fr\\\/#\\\/schema\\\/logo\\\/image\\\/\"},\"sameAs\":[\"http:\\\/\\\/facebook.com\\\/imredd.uca\",\"http:\\\/\\\/linkedin.com\\\/showcase\\\/imredd\"]},{\"@type\":\"Person\",\"@id\":\"https:\\\/\\\/imredd.fr\\\/#\\\/schema\\\/person\\\/41e50290e799cf196e315345a93c68de\",\"name\":\"Antonio Barros\",\"image\":{\"@type\":\"ImageObject\",\"inLanguage\":\"en-GB\",\"@id\":\"https:\\\/\\\/secure.gravatar.com\\\/avatar\\\/f4be75a97d6a27aad47c779bf7bfef9978f4ce4cf5a3c6160d97f893788ce445?s=96&d=mm&r=g\",\"url\":\"https:\\\/\\\/secure.gravatar.com\\\/avatar\\\/f4be75a97d6a27aad47c779bf7bfef9978f4ce4cf5a3c6160d97f893788ce445?s=96&d=mm&r=g\",\"contentUrl\":\"https:\\\/\\\/secure.gravatar.com\\\/avatar\\\/f4be75a97d6a27aad47c779bf7bfef9978f4ce4cf5a3c6160d97f893788ce445?s=96&d=mm&r=g\",\"caption\":\"Antonio Barros\"},\"url\":\"https:\\\/\\\/imredd.fr\\\/en\\\/author\\\/imredd-com\\\/\"}]}<\/script>\n<!-- \/ Yoast SEO Premium plugin. -->","yoast_head_json":{"title":"IMREDD is participating in Biomim\u2019Expo 2025 in Marseille for the first time - IMREDD - Universit\u00e9 C\u00f4te d'Azur","robots":{"index":"index","follow":"follow","max-snippet":"max-snippet:-1","max-image-preview":"max-image-preview:large","max-video-preview":"max-video-preview:-1"},"canonical":"https:\/\/imredd.fr\/en\/limredd-is-participating-for-the-first-time-at-biomimexpo-2025-in-marseille\/","og_locale":"en_GB","og_type":"article","og_title":"L\u2019IMREDD participe pour la premi\u00e8re fois \u00e0 la Biomim\u2019Expo 2025 \u00e0 Marseille","og_description":"Le 28 octobre, l\u2019IMREDD participe pour la premi\u00e8re fois \u00e0 la Biomim\u2019Expo, le grand rendez-vous du biomim\u00e9tisme et des innovations inspir\u00e9es du vivant, \u00e0 travers sa Chaire UX \u00ab User Experience for Smart Life : Home & Mobility \u00bb.","og_url":"https:\/\/imredd.fr\/en\/limredd-is-participating-for-the-first-time-at-biomimexpo-2025-in-marseille\/","og_site_name":"IMREDD - Universit\u00e9 C\u00f4te d&#039;Azur","article_publisher":"http:\/\/facebook.com\/imredd.uca","article_published_time":"2025-10-24T13:20:35+00:00","article_modified_time":"2026-01-12T17:47:31+00:00","og_image":[{"width":1920,"height":1080,"url":"https:\/\/imredd.fr\/wp-content\/uploads\/2025\/10\/biomimexpo-16x9-100-1.jpg","type":"image\/jpeg"}],"author":"Antonio Barros","twitter_card":"summary_large_image","twitter_misc":{"Written by":"Antonio Barros","Estimated reading time":"2 minutes"},"schema":{"@context":"https:\/\/schema.org","@graph":[{"@type":"Article","@id":"https:\/\/imredd.fr\/en\/limredd-is-participating-for-the-first-time-at-biomimexpo-2025-in-marseille\/#article","isPartOf":{"@id":"https:\/\/imredd.fr\/en\/limredd-is-participating-for-the-first-time-at-biomimexpo-2025-in-marseille\/"},"author":{"name":"Antonio Barros","@id":"https:\/\/imredd.fr\/#\/schema\/person\/41e50290e799cf196e315345a93c68de"},"headline":"L\u2019IMREDD participe pour la premi\u00e8re fois \u00e0 la Biomim\u2019Expo 2025 \u00e0 Marseille","datePublished":"2025-10-24T13:20:35+00:00","dateModified":"2026-01-12T17:47:31+00:00","mainEntityOfPage":{"@id":"https:\/\/imredd.fr\/en\/limredd-is-participating-for-the-first-time-at-biomimexpo-2025-in-marseille\/"},"wordCount":358,"publisher":{"@id":"https:\/\/imredd.fr\/#organization"},"image":{"@id":"https:\/\/imredd.fr\/en\/limredd-is-participating-for-the-first-time-at-biomimexpo-2025-in-marseille\/#primaryimage"},"thumbnailUrl":"https:\/\/imredd.fr\/wp-content\/uploads\/2025\/10\/biomimexpo-16x9-100-1.jpg","keywords":["Chaire UX for Smart Life"],"articleSection":["\u00c9v\u00e9nements","Projets et Recherche"],"inLanguage":"en-GB"},{"@type":"WebPage","@id":"https:\/\/imredd.fr\/en\/limredd-is-participating-for-the-first-time-at-biomimexpo-2025-in-marseille\/","url":"https:\/\/imredd.fr\/en\/limredd-is-participating-for-the-first-time-at-biomimexpo-2025-in-marseille\/","name":"IMREDD is participating in Biomim\u2019Expo 2025 in Marseille for the first time - IMREDD - Universit\u00e9 C\u00f4te d'Azur","isPartOf":{"@id":"https:\/\/imredd.fr\/#website"},"primaryImageOfPage":{"@id":"https:\/\/imredd.fr\/en\/limredd-is-participating-for-the-first-time-at-biomimexpo-2025-in-marseille\/#primaryimage"},"image":{"@id":"https:\/\/imredd.fr\/en\/limredd-is-participating-for-the-first-time-at-biomimexpo-2025-in-marseille\/#primaryimage"},"thumbnailUrl":"https:\/\/imredd.fr\/wp-content\/uploads\/2025\/10\/biomimexpo-16x9-100-1.jpg","datePublished":"2025-10-24T13:20:35+00:00","dateModified":"2026-01-12T17:47:31+00:00","breadcrumb":{"@id":"https:\/\/imredd.fr\/en\/limredd-is-participating-for-the-first-time-at-biomimexpo-2025-in-marseille\/#breadcrumb"},"inLanguage":"en-GB","potentialAction":[{"@type":"ReadAction","target":["https:\/\/imredd.fr\/en\/limredd-is-participating-for-the-first-time-at-biomimexpo-2025-in-marseille\/"]}]},{"@type":"ImageObject","inLanguage":"en-GB","@id":"https:\/\/imredd.fr\/en\/limredd-is-participating-for-the-first-time-at-biomimexpo-2025-in-marseille\/#primaryimage","url":"https:\/\/imredd.fr\/wp-content\/uploads\/2025\/10\/biomimexpo-16x9-100-1.jpg","contentUrl":"https:\/\/imredd.fr\/wp-content\/uploads\/2025\/10\/biomimexpo-16x9-100-1.jpg","width":1920,"height":1080},{"@type":"BreadcrumbList","@id":"https:\/\/imredd.fr\/en\/limredd-is-participating-for-the-first-time-at-biomimexpo-2025-in-marseille\/#breadcrumb","itemListElement":[{"@type":"ListItem","position":1,"name":"Accueil","item":"https:\/\/imredd.fr\/"},{"@type":"ListItem","position":2,"name":"L\u2019IMREDD participe pour la premi\u00e8re fois \u00e0 la Biomim\u2019Expo 2025 \u00e0 Marseille"}]},{"@type":"WebSite","@id":"https:\/\/imredd.fr\/#website","url":"https:\/\/imredd.fr\/","name":"IMREDD - C\u00f4te d'Azur University","description":"Mediterranean Institute for Risk, Environment and Sustainable Development","publisher":{"@id":"https:\/\/imredd.fr\/#organization"},"potentialAction":[{"@type":"SearchAction","target":{"@type":"EntryPoint","urlTemplate":"https:\/\/imredd.fr\/?s={search_term_string}"},"query-input":{"@type":"PropertyValueSpecification","valueRequired":true,"valueName":"search_term_string"}}],"inLanguage":"en-GB"},{"@type":"Organization","@id":"https:\/\/imredd.fr\/#organization","name":"IMREDD - Mediterranean Institute for Risk, Environment and Sustainable Development","url":"https:\/\/imredd.fr\/","logo":{"@type":"ImageObject","inLanguage":"en-GB","@id":"https:\/\/imredd.fr\/#\/schema\/logo\/image\/","url":"https:\/\/imredd.fr\/wp-content\/uploads\/2025\/07\/IMREDD-Logo-couleurs-transparent.png","contentUrl":"https:\/\/imredd.fr\/wp-content\/uploads\/2025\/07\/IMREDD-Logo-couleurs-transparent.png","width":959,"height":164,"caption":"IMREDD - Institut M\u00e9diterran\u00e9en du Risque, de l'Environnement et du D\u00e9veloppement Durable"},"image":{"@id":"https:\/\/imredd.fr\/#\/schema\/logo\/image\/"},"sameAs":["http:\/\/facebook.com\/imredd.uca","http:\/\/linkedin.com\/showcase\/imredd"]},{"@type":"Person","@id":"https:\/\/imredd.fr\/#\/schema\/person\/41e50290e799cf196e315345a93c68de","name":"Antonio Barros","image":{"@type":"ImageObject","inLanguage":"en-GB","@id":"https:\/\/secure.gravatar.com\/avatar\/f4be75a97d6a27aad47c779bf7bfef9978f4ce4cf5a3c6160d97f893788ce445?s=96&d=mm&r=g","url":"https:\/\/secure.gravatar.com\/avatar\/f4be75a97d6a27aad47c779bf7bfef9978f4ce4cf5a3c6160d97f893788ce445?s=96&d=mm&r=g","contentUrl":"https:\/\/secure.gravatar.com\/avatar\/f4be75a97d6a27aad47c779bf7bfef9978f4ce4cf5a3c6160d97f893788ce445?s=96&d=mm&r=g","caption":"Antonio Barros"},"url":"https:\/\/imredd.fr\/en\/author\/imredd-com\/"}]}},"_links":{"self":[{"href":"https:\/\/imredd.fr\/en\/wp-json\/wp\/v2\/posts\/24728","targetHints":{"allow":["GET"]}}],"collection":[{"href":"https:\/\/imredd.fr\/en\/wp-json\/wp\/v2\/posts"}],"about":[{"href":"https:\/\/imredd.fr\/en\/wp-json\/wp\/v2\/types\/post"}],"author":[{"embeddable":true,"href":"https:\/\/imredd.fr\/en\/wp-json\/wp\/v2\/users\/2"}],"replies":[{"embeddable":true,"href":"https:\/\/imredd.fr\/en\/wp-json\/wp\/v2\/comments?post=24728"}],"version-history":[{"count":0,"href":"https:\/\/imredd.fr\/en\/wp-json\/wp\/v2\/posts\/24728\/revisions"}],"wp:featuredmedia":[{"embeddable":true,"href":"https:\/\/imredd.fr\/en\/wp-json\/wp\/v2\/media\/24729"}],"wp:attachment":[{"href":"https:\/\/imredd.fr\/en\/wp-json\/wp\/v2\/media?parent=24728"}],"wp:term":[{"taxonomy":"category","embeddable":true,"href":"https:\/\/imredd.fr\/en\/wp-json\/wp\/v2\/categories?post=24728"},{"taxonomy":"post_tag","embeddable":true,"href":"https:\/\/imredd.fr\/en\/wp-json\/wp\/v2\/tags?post=24728"}],"curies":[{"name":"wp","href":"https:\/\/api.w.org\/{rel}","templated":true}]}}