{"id":24735,"date":"2025-10-31T15:07:25","date_gmt":"2025-10-31T14:07:25","guid":{"rendered":"https:\/\/imredd.fr\/?p=24735"},"modified":"2026-01-20T15:22:08","modified_gmt":"2026-01-20T14:22:08","slug":"visit-of-the-delegation-from-denis-sassou-nguesso-university-republic-of-congo-to-universite-cote-dazur","status":"publish","type":"post","link":"https:\/\/imredd.fr\/en\/visite-de-la-delegation-de-luniversite-denis-sassou-nguesso-republique-du-congo-a-universite-cote-dazur\/","title":{"rendered":"Visit of the delegation from the Denis Sassou-N'Guesso University (Republic of Congo) to Universit\u00e9 C\u00f4te d\u2019Azur"},"content":{"rendered":"<p>As part of his official visit to France, the President of Denis Sassou-N'Guesso University (Republic of Congo) and his delegation were welcomed on 29 October 2025 by Universit\u00e9 C\u00f4te d'Azur. The meeting was part of a dynamic programme of scientific and educational cooperation between institutions committed to the digital and ecological transformation of higher education.<!--more--><\/p>\n<p>One of the highlights of the visit was a visit to IMREDD, the Mediterranean Institute for Risk, Environment and Sustainable Development. Discussions focused on the projects carried out in Nice in the fields of regional innovation, energy transition and sustainable technologies. The IMREDD, a genuine interface between research, businesses and local authorities, presented its technological platforms and its urban experimentation initiatives in support of the intelligent city. The meeting provided an opportunity to strengthen the prospects for collaboration on training, applied research and the sharing of expertise, illustrating the shared desire to build sustainable, connected solutions to serve local areas and societies.<\/p>\n<p>&nbsp;<\/p>\n<div class=\"post-video\"><iframe loading=\"lazy\" title=\"UDSN delegation visits Universit\u00e9 C\u00f4te d&#039;Azur\" width=\"1165\" height=\"655\" src=\"https:\/\/www.youtube.com\/embed\/mmRyWs3bEcI?feature=oembed\" frameborder=\"0\" allow=\"accelerometer; autoplay; clipboard-write; encrypted-media; gyroscope; picture-in-picture; web-share\" referrerpolicy=\"strict-origin-when-cross-origin\" allowfullscreen><\/iframe><\/div>\n<div id='gallery-1' class='gallery galleryid-24735 gallery-columns-3 gallery-size-medium'><figure class='gallery-item'>\n\t\t\t<div class='gallery-icon landscape'>\n\t\t\t\t<a href='https:\/\/imredd.fr\/en\/visite-de-la-delegation-de-luniversite-denis-sassou-nguesso-republique-du-congo-a-universite-cote-dazur\/340a9826\/'><img loading=\"lazy\" decoding=\"async\" width=\"300\" height=\"200\" src=\"https:\/\/imredd.fr\/wp-content\/uploads\/2025\/10\/340A9826-300x200.jpg\" class=\"attachment-medium size-medium\" alt=\"\" srcset=\"https:\/\/imredd.fr\/wp-content\/uploads\/2025\/10\/340A9826-300x200.jpg 300w, https:\/\/imredd.fr\/wp-content\/uploads\/2025\/10\/340A9826-1024x683.jpg 1024w, https:\/\/imredd.fr\/wp-content\/uploads\/2025\/10\/340A9826-768x512.jpg 768w, https:\/\/imredd.fr\/wp-content\/uploads\/2025\/10\/340A9826-1536x1024.jpg 1536w, https:\/\/imredd.fr\/wp-content\/uploads\/2025\/10\/340A9826-2048x1365.jpg 2048w, https:\/\/imredd.fr\/wp-content\/uploads\/2025\/10\/340A9826-18x12.jpg 18w\" sizes=\"auto, (max-width: 300px) 100vw, 300px\" \/><\/a>\n\t\t\t<\/div><\/figure><figure class='gallery-item'>\n\t\t\t<div class='gallery-icon landscape'>\n\t\t\t\t<a href='https:\/\/imredd.fr\/en\/visite-de-la-delegation-de-luniversite-denis-sassou-nguesso-republique-du-congo-a-universite-cote-dazur\/340a9832\/'><img loading=\"lazy\" decoding=\"async\" width=\"300\" height=\"200\" src=\"https:\/\/imredd.fr\/wp-content\/uploads\/2025\/10\/340A9832-300x200.jpg\" class=\"attachment-medium size-medium\" alt=\"\" srcset=\"https:\/\/imredd.fr\/wp-content\/uploads\/2025\/10\/340A9832-300x200.jpg 300w, https:\/\/imredd.fr\/wp-content\/uploads\/2025\/10\/340A9832-1024x683.jpg 1024w, https:\/\/imredd.fr\/wp-content\/uploads\/2025\/10\/340A9832-768x512.jpg 768w, https:\/\/imredd.fr\/wp-content\/uploads\/2025\/10\/340A9832-1536x1024.jpg 1536w, https:\/\/imredd.fr\/wp-content\/uploads\/2025\/10\/340A9832-2048x1365.jpg 2048w, https:\/\/imredd.fr\/wp-content\/uploads\/2025\/10\/340A9832-18x12.jpg 18w\" sizes=\"auto, (max-width: 300px) 100vw, 300px\" \/><\/a>\n\t\t\t<\/div><\/figure><figure class='gallery-item'>\n\t\t\t<div class='gallery-icon landscape'>\n\t\t\t\t<a href='https:\/\/imredd.fr\/en\/visite-de-la-delegation-de-luniversite-denis-sassou-nguesso-republique-du-congo-a-universite-cote-dazur\/340a9835\/'><img loading=\"lazy\" decoding=\"async\" width=\"300\" height=\"200\" src=\"https:\/\/imredd.fr\/wp-content\/uploads\/2025\/10\/340A9835-300x200.jpg\" class=\"attachment-medium size-medium\" alt=\"\" srcset=\"https:\/\/imredd.fr\/wp-content\/uploads\/2025\/10\/340A9835-300x200.jpg 300w, https:\/\/imredd.fr\/wp-content\/uploads\/2025\/10\/340A9835-1024x683.jpg 1024w, https:\/\/imredd.fr\/wp-content\/uploads\/2025\/10\/340A9835-768x512.jpg 768w, https:\/\/imredd.fr\/wp-content\/uploads\/2025\/10\/340A9835-1536x1024.jpg 1536w, https:\/\/imredd.fr\/wp-content\/uploads\/2025\/10\/340A9835-2048x1365.jpg 2048w, https:\/\/imredd.fr\/wp-content\/uploads\/2025\/10\/340A9835-18x12.jpg 18w\" sizes=\"auto, (max-width: 300px) 100vw, 300px\" \/><\/a>\n\t\t\t<\/div><\/figure><figure class='gallery-item'>\n\t\t\t<div class='gallery-icon landscape'>\n\t\t\t\t<a href='https:\/\/imredd.fr\/en\/visite-de-la-delegation-de-luniversite-denis-sassou-nguesso-republique-du-congo-a-universite-cote-dazur\/340a9844\/'><img loading=\"lazy\" decoding=\"async\" width=\"300\" height=\"168\" src=\"https:\/\/imredd.fr\/wp-content\/uploads\/2025\/10\/340A9844-300x168.jpg\" class=\"attachment-medium size-medium\" alt=\"\" srcset=\"https:\/\/imredd.fr\/wp-content\/uploads\/2025\/10\/340A9844-300x168.jpg 300w, https:\/\/imredd.fr\/wp-content\/uploads\/2025\/10\/340A9844-1024x573.jpg 1024w, https:\/\/imredd.fr\/wp-content\/uploads\/2025\/10\/340A9844-768x430.jpg 768w, https:\/\/imredd.fr\/wp-content\/uploads\/2025\/10\/340A9844-1536x860.jpg 1536w, https:\/\/imredd.fr\/wp-content\/uploads\/2025\/10\/340A9844-2048x1147.jpg 2048w, https:\/\/imredd.fr\/wp-content\/uploads\/2025\/10\/340A9844-18x10.jpg 18w\" sizes=\"auto, (max-width: 300px) 100vw, 300px\" \/><\/a>\n\t\t\t<\/div><\/figure><figure class='gallery-item'>\n\t\t\t<div class='gallery-icon landscape'>\n\t\t\t\t<a href='https:\/\/imredd.fr\/en\/visite-de-la-delegation-de-luniversite-denis-sassou-nguesso-republique-du-congo-a-universite-cote-dazur\/340a9848\/'><img loading=\"lazy\" decoding=\"async\" width=\"300\" height=\"168\" src=\"https:\/\/imredd.fr\/wp-content\/uploads\/2025\/10\/340A9848-300x168.jpg\" class=\"attachment-medium size-medium\" alt=\"\" srcset=\"https:\/\/imredd.fr\/wp-content\/uploads\/2025\/10\/340A9848-300x168.jpg 300w, https:\/\/imredd.fr\/wp-content\/uploads\/2025\/10\/340A9848-1024x573.jpg 1024w, https:\/\/imredd.fr\/wp-content\/uploads\/2025\/10\/340A9848-768x430.jpg 768w, https:\/\/imredd.fr\/wp-content\/uploads\/2025\/10\/340A9848-1536x860.jpg 1536w, https:\/\/imredd.fr\/wp-content\/uploads\/2025\/10\/340A9848-2048x1147.jpg 2048w, https:\/\/imredd.fr\/wp-content\/uploads\/2025\/10\/340A9848-18x10.jpg 18w\" sizes=\"auto, (max-width: 300px) 100vw, 300px\" \/><\/a>\n\t\t\t<\/div><\/figure><figure class='gallery-item'>\n\t\t\t<div class='gallery-icon landscape'>\n\t\t\t\t<a href='https:\/\/imredd.fr\/en\/visite-de-la-delegation-de-luniversite-denis-sassou-nguesso-republique-du-congo-a-universite-cote-dazur\/340a9852\/'><img loading=\"lazy\" decoding=\"async\" width=\"300\" height=\"168\" src=\"https:\/\/imredd.fr\/wp-content\/uploads\/2025\/10\/340A9852-300x168.jpg\" class=\"attachment-medium size-medium\" alt=\"\" srcset=\"https:\/\/imredd.fr\/wp-content\/uploads\/2025\/10\/340A9852-300x168.jpg 300w, https:\/\/imredd.fr\/wp-content\/uploads\/2025\/10\/340A9852-1024x573.jpg 1024w, https:\/\/imredd.fr\/wp-content\/uploads\/2025\/10\/340A9852-768x430.jpg 768w, https:\/\/imredd.fr\/wp-content\/uploads\/2025\/10\/340A9852-1536x860.jpg 1536w, https:\/\/imredd.fr\/wp-content\/uploads\/2025\/10\/340A9852-2048x1147.jpg 2048w, https:\/\/imredd.fr\/wp-content\/uploads\/2025\/10\/340A9852-18x10.jpg 18w\" sizes=\"auto, (max-width: 300px) 100vw, 300px\" \/><\/a>\n\t\t\t<\/div><\/figure><figure class='gallery-item'>\n\t\t\t<div class='gallery-icon landscape'>\n\t\t\t\t<a href='https:\/\/imredd.fr\/en\/visite-de-la-delegation-de-luniversite-denis-sassou-nguesso-republique-du-congo-a-universite-cote-dazur\/340a9854\/'><img loading=\"lazy\" decoding=\"async\" width=\"300\" height=\"168\" src=\"https:\/\/imredd.fr\/wp-content\/uploads\/2025\/10\/340A9854-300x168.jpg\" class=\"attachment-medium size-medium\" alt=\"\" srcset=\"https:\/\/imredd.fr\/wp-content\/uploads\/2025\/10\/340A9854-300x168.jpg 300w, https:\/\/imredd.fr\/wp-content\/uploads\/2025\/10\/340A9854-1024x573.jpg 1024w, https:\/\/imredd.fr\/wp-content\/uploads\/2025\/10\/340A9854-768x430.jpg 768w, https:\/\/imredd.fr\/wp-content\/uploads\/2025\/10\/340A9854-1536x860.jpg 1536w, https:\/\/imredd.fr\/wp-content\/uploads\/2025\/10\/340A9854-2048x1147.jpg 2048w, https:\/\/imredd.fr\/wp-content\/uploads\/2025\/10\/340A9854-18x10.jpg 18w\" sizes=\"auto, (max-width: 300px) 100vw, 300px\" \/><\/a>\n\t\t\t<\/div><\/figure><figure class='gallery-item'>\n\t\t\t<div class='gallery-icon landscape'>\n\t\t\t\t<a href='https:\/\/imredd.fr\/en\/visite-de-la-delegation-de-luniversite-denis-sassou-nguesso-republique-du-congo-a-universite-cote-dazur\/340a9860\/'><img loading=\"lazy\" decoding=\"async\" width=\"300\" height=\"168\" src=\"https:\/\/imredd.fr\/wp-content\/uploads\/2025\/10\/340A9860-300x168.jpg\" class=\"attachment-medium size-medium\" alt=\"\" srcset=\"https:\/\/imredd.fr\/wp-content\/uploads\/2025\/10\/340A9860-300x168.jpg 300w, https:\/\/imredd.fr\/wp-content\/uploads\/2025\/10\/340A9860-1024x573.jpg 1024w, https:\/\/imredd.fr\/wp-content\/uploads\/2025\/10\/340A9860-768x430.jpg 768w, https:\/\/imredd.fr\/wp-content\/uploads\/2025\/10\/340A9860-1536x860.jpg 1536w, https:\/\/imredd.fr\/wp-content\/uploads\/2025\/10\/340A9860-2048x1147.jpg 2048w, https:\/\/imredd.fr\/wp-content\/uploads\/2025\/10\/340A9860-18x10.jpg 18w\" sizes=\"auto, (max-width: 300px) 100vw, 300px\" \/><\/a>\n\t\t\t<\/div><\/figure><figure class='gallery-item'>\n\t\t\t<div class='gallery-icon landscape'>\n\t\t\t\t<a href='https:\/\/imredd.fr\/en\/visite-de-la-delegation-de-luniversite-denis-sassou-nguesso-republique-du-congo-a-universite-cote-dazur\/340a9876\/'><img loading=\"lazy\" decoding=\"async\" width=\"300\" height=\"168\" src=\"https:\/\/imredd.fr\/wp-content\/uploads\/2025\/10\/340A9876-300x168.jpg\" class=\"attachment-medium size-medium\" alt=\"\" srcset=\"https:\/\/imredd.fr\/wp-content\/uploads\/2025\/10\/340A9876-300x168.jpg 300w, https:\/\/imredd.fr\/wp-content\/uploads\/2025\/10\/340A9876-1024x573.jpg 1024w, https:\/\/imredd.fr\/wp-content\/uploads\/2025\/10\/340A9876-768x430.jpg 768w, https:\/\/imredd.fr\/wp-content\/uploads\/2025\/10\/340A9876-1536x860.jpg 1536w, https:\/\/imredd.fr\/wp-content\/uploads\/2025\/10\/340A9876-2048x1147.jpg 2048w, https:\/\/imredd.fr\/wp-content\/uploads\/2025\/10\/340A9876-18x10.jpg 18w\" sizes=\"auto, (max-width: 300px) 100vw, 300px\" \/><\/a>\n\t\t\t<\/div><\/figure><figure class='gallery-item'>\n\t\t\t<div class='gallery-icon landscape'>\n\t\t\t\t<a href='https:\/\/imredd.fr\/en\/visite-de-la-delegation-de-luniversite-denis-sassou-nguesso-republique-du-congo-a-universite-cote-dazur\/340a9884\/'><img loading=\"lazy\" decoding=\"async\" width=\"300\" height=\"200\" src=\"https:\/\/imredd.fr\/wp-content\/uploads\/2025\/10\/340A9884-300x200.jpg\" class=\"attachment-medium size-medium\" alt=\"\" srcset=\"https:\/\/imredd.fr\/wp-content\/uploads\/2025\/10\/340A9884-300x200.jpg 300w, https:\/\/imredd.fr\/wp-content\/uploads\/2025\/10\/340A9884-1024x683.jpg 1024w, https:\/\/imredd.fr\/wp-content\/uploads\/2025\/10\/340A9884-768x512.jpg 768w, https:\/\/imredd.fr\/wp-content\/uploads\/2025\/10\/340A9884-1536x1024.jpg 1536w, https:\/\/imredd.fr\/wp-content\/uploads\/2025\/10\/340A9884-2048x1365.jpg 2048w, https:\/\/imredd.fr\/wp-content\/uploads\/2025\/10\/340A9884-18x12.jpg 18w\" sizes=\"auto, (max-width: 300px) 100vw, 300px\" \/><\/a>\n\t\t\t<\/div><\/figure><figure class='gallery-item'>\n\t\t\t<div class='gallery-icon landscape'>\n\t\t\t\t<a href='https:\/\/imredd.fr\/en\/visite-de-la-delegation-de-luniversite-denis-sassou-nguesso-republique-du-congo-a-universite-cote-dazur\/340a9899\/'><img loading=\"lazy\" decoding=\"async\" width=\"300\" height=\"200\" src=\"https:\/\/imredd.fr\/wp-content\/uploads\/2025\/10\/340A9899-300x200.jpg\" class=\"attachment-medium size-medium\" alt=\"\" srcset=\"https:\/\/imredd.fr\/wp-content\/uploads\/2025\/10\/340A9899-300x200.jpg 300w, https:\/\/imredd.fr\/wp-content\/uploads\/2025\/10\/340A9899-1024x683.jpg 1024w, https:\/\/imredd.fr\/wp-content\/uploads\/2025\/10\/340A9899-768x512.jpg 768w, https:\/\/imredd.fr\/wp-content\/uploads\/2025\/10\/340A9899-1536x1024.jpg 1536w, https:\/\/imredd.fr\/wp-content\/uploads\/2025\/10\/340A9899-2048x1365.jpg 2048w, https:\/\/imredd.fr\/wp-content\/uploads\/2025\/10\/340A9899-18x12.jpg 18w\" sizes=\"auto, (max-width: 300px) 100vw, 300px\" \/><\/a>\n\t\t\t<\/div><\/figure><figure class='gallery-item'>\n\t\t\t<div class='gallery-icon landscape'>\n\t\t\t\t<a href='https:\/\/imredd.fr\/en\/visite-de-la-delegation-de-luniversite-denis-sassou-nguesso-republique-du-congo-a-universite-cote-dazur\/340a9903\/'><img loading=\"lazy\" decoding=\"async\" width=\"300\" height=\"168\" src=\"https:\/\/imredd.fr\/wp-content\/uploads\/2025\/10\/340A9903-300x168.jpg\" class=\"attachment-medium size-medium\" alt=\"\" srcset=\"https:\/\/imredd.fr\/wp-content\/uploads\/2025\/10\/340A9903-300x168.jpg 300w, https:\/\/imredd.fr\/wp-content\/uploads\/2025\/10\/340A9903-1024x573.jpg 1024w, https:\/\/imredd.fr\/wp-content\/uploads\/2025\/10\/340A9903-768x430.jpg 768w, https:\/\/imredd.fr\/wp-content\/uploads\/2025\/10\/340A9903-1536x860.jpg 1536w, https:\/\/imredd.fr\/wp-content\/uploads\/2025\/10\/340A9903-2048x1147.jpg 2048w, https:\/\/imredd.fr\/wp-content\/uploads\/2025\/10\/340A9903-18x10.jpg 18w\" sizes=\"auto, (max-width: 300px) 100vw, 300px\" \/><\/a>\n\t\t\t<\/div><\/figure>\n\t\t<\/div>\n\n<p>&nbsp;<\/p>\n<p>&nbsp;<\/p>","protected":false},"excerpt":{"rendered":"<p>As part of his official visit to France, the President of Denis Sassou-N'Guesso University (Republic of Congo) and his delegation were welcomed on 29 October 2025 by Universit\u00e9 C\u00f4te d'Azur. The meeting was part of a dynamic programme of scientific and educational cooperation between institutions committed to the digital and ecological transformation of higher education.<\/p>","protected":false},"author":2,"featured_media":24736,"comment_status":"closed","ping_status":"open","sticky":false,"template":"","format":"standard","meta":{"footnotes":""},"categories":[26],"tags":[],"class_list":["post-24735","post","type-post","status-publish","format-standard","has-post-thumbnail","hentry","category-institutionnel","has-post-title","has-post-date","has-post-category","has-post-tag","has-post-comment","has-post-author",""],"yoast_head":"<!-- This site is optimized with the Yoast SEO Premium plugin v27.4 (Yoast SEO v27.4) - https:\/\/yoast.com\/product\/yoast-seo-premium-wordpress\/ -->\n<title>Visite de la d\u00e9l\u00e9gation de l&#039;Universit\u00e9 Denis Sassou-N&#039;Guesso (R\u00e9publique du Congo) \u00e0 Universit\u00e9 C\u00f4te d\u2019Azur - IMREDD - Universit\u00e9 C\u00f4te d&#039;Azur<\/title>\n<meta name=\"robots\" content=\"index, follow, max-snippet:-1, max-image-preview:large, max-video-preview:-1\" \/>\n<link rel=\"canonical\" href=\"https:\/\/imredd.fr\/en\/visit-of-the-delegation-from-denis-sassou-nguesso-university-republic-of-congo-to-universite-cote-dazur\/\" \/>\n<meta property=\"og:locale\" content=\"en_GB\" \/>\n<meta property=\"og:type\" content=\"article\" \/>\n<meta property=\"og:title\" content=\"Visite de la d\u00e9l\u00e9gation de l&#039;Universit\u00e9 Denis Sassou-N&#039;Guesso (R\u00e9publique du Congo) \u00e0 Universit\u00e9 C\u00f4te d\u2019Azur\" \/>\n<meta property=\"og:description\" content=\"Dans le cadre de sa visite officielle en France, le pr\u00e9sident de l\u2019Universit\u00e9 Denis Sassou-N&rsquo;Guesso (R\u00e9publique du Congo) et sa d\u00e9l\u00e9gation ont \u00e9t\u00e9 accueillis le 29 octobre 2025 par Universit\u00e9 C\u00f4te d\u2019Azur. Cette rencontre s\u2019inscrit dans une dynamique de coop\u00e9ration scientifique et p\u00e9dagogique entre \u00e9tablissements engag\u00e9s dans la transformation num\u00e9rique et \u00e9cologique de l\u2019enseignement sup\u00e9rieur.\" \/>\n<meta property=\"og:url\" content=\"https:\/\/imredd.fr\/en\/visit-of-the-delegation-from-denis-sassou-nguesso-university-republic-of-congo-to-universite-cote-dazur\/\" \/>\n<meta property=\"og:site_name\" content=\"IMREDD - Universit\u00e9 C\u00f4te d&#039;Azur\" \/>\n<meta property=\"article:publisher\" content=\"http:\/\/facebook.com\/imredd.uca\" \/>\n<meta property=\"article:published_time\" content=\"2025-10-31T14:07:25+00:00\" \/>\n<meta property=\"article:modified_time\" content=\"2026-01-20T14:22:08+00:00\" \/>\n<meta property=\"og:image\" content=\"https:\/\/imredd.fr\/wp-content\/uploads\/2025\/10\/340A9820.jpg\" \/>\n\t<meta property=\"og:image:width\" content=\"2400\" \/>\n\t<meta property=\"og:image:height\" content=\"1600\" \/>\n\t<meta property=\"og:image:type\" content=\"image\/jpeg\" \/>\n<meta name=\"author\" content=\"Antonio Barros\" \/>\n<meta name=\"twitter:card\" content=\"summary_large_image\" \/>\n<meta name=\"twitter:label1\" content=\"Written by\" \/>\n\t<meta name=\"twitter:data1\" content=\"Antonio Barros\" \/>\n\t<meta name=\"twitter:label2\" content=\"Estimated reading time\" \/>\n\t<meta name=\"twitter:data2\" content=\"2 minutes\" \/>\n<script type=\"application\/ld+json\" class=\"yoast-schema-graph\">{\"@context\":\"https:\\\/\\\/schema.org\",\"@graph\":[{\"@type\":\"Article\",\"@id\":\"https:\\\/\\\/imredd.fr\\\/visite-de-la-delegation-de-luniversite-denis-sassou-nguesso-republique-du-congo-a-universite-cote-dazur\\\/#article\",\"isPartOf\":{\"@id\":\"https:\\\/\\\/imredd.fr\\\/visite-de-la-delegation-de-luniversite-denis-sassou-nguesso-republique-du-congo-a-universite-cote-dazur\\\/\"},\"author\":{\"name\":\"Antonio Barros\",\"@id\":\"https:\\\/\\\/imredd.fr\\\/#\\\/schema\\\/person\\\/41e50290e799cf196e315345a93c68de\"},\"headline\":\"Visite de la d\u00e9l\u00e9gation de l&rsquo;Universit\u00e9 Denis Sassou-N&rsquo;Guesso (R\u00e9publique du Congo) \u00e0 Universit\u00e9 C\u00f4te d\u2019Azur\",\"datePublished\":\"2025-10-31T14:07:25+00:00\",\"dateModified\":\"2026-01-20T14:22:08+00:00\",\"mainEntityOfPage\":{\"@id\":\"https:\\\/\\\/imredd.fr\\\/visite-de-la-delegation-de-luniversite-denis-sassou-nguesso-republique-du-congo-a-universite-cote-dazur\\\/\"},\"wordCount\":231,\"publisher\":{\"@id\":\"https:\\\/\\\/imredd.fr\\\/#organization\"},\"image\":{\"@id\":\"https:\\\/\\\/imredd.fr\\\/visite-de-la-delegation-de-luniversite-denis-sassou-nguesso-republique-du-congo-a-universite-cote-dazur\\\/#primaryimage\"},\"thumbnailUrl\":\"https:\\\/\\\/imredd.fr\\\/wp-content\\\/uploads\\\/2025\\\/10\\\/340A9820.jpg\",\"articleSection\":[\"Institutionnel\"],\"inLanguage\":\"en-GB\"},{\"@type\":\"WebPage\",\"@id\":\"https:\\\/\\\/imredd.fr\\\/visite-de-la-delegation-de-luniversite-denis-sassou-nguesso-republique-du-congo-a-universite-cote-dazur\\\/\",\"url\":\"https:\\\/\\\/imredd.fr\\\/visite-de-la-delegation-de-luniversite-denis-sassou-nguesso-republique-du-congo-a-universite-cote-dazur\\\/\",\"name\":\"Visite de la d\u00e9l\u00e9gation de l'Universit\u00e9 Denis Sassou-N'Guesso (R\u00e9publique du Congo) \u00e0 Universit\u00e9 C\u00f4te d\u2019Azur - IMREDD - Universit\u00e9 C\u00f4te d&#039;Azur\",\"isPartOf\":{\"@id\":\"https:\\\/\\\/imredd.fr\\\/#website\"},\"primaryImageOfPage\":{\"@id\":\"https:\\\/\\\/imredd.fr\\\/visite-de-la-delegation-de-luniversite-denis-sassou-nguesso-republique-du-congo-a-universite-cote-dazur\\\/#primaryimage\"},\"image\":{\"@id\":\"https:\\\/\\\/imredd.fr\\\/visite-de-la-delegation-de-luniversite-denis-sassou-nguesso-republique-du-congo-a-universite-cote-dazur\\\/#primaryimage\"},\"thumbnailUrl\":\"https:\\\/\\\/imredd.fr\\\/wp-content\\\/uploads\\\/2025\\\/10\\\/340A9820.jpg\",\"datePublished\":\"2025-10-31T14:07:25+00:00\",\"dateModified\":\"2026-01-20T14:22:08+00:00\",\"breadcrumb\":{\"@id\":\"https:\\\/\\\/imredd.fr\\\/visite-de-la-delegation-de-luniversite-denis-sassou-nguesso-republique-du-congo-a-universite-cote-dazur\\\/#breadcrumb\"},\"inLanguage\":\"en-GB\",\"potentialAction\":[{\"@type\":\"ReadAction\",\"target\":[\"https:\\\/\\\/imredd.fr\\\/visite-de-la-delegation-de-luniversite-denis-sassou-nguesso-republique-du-congo-a-universite-cote-dazur\\\/\"]}]},{\"@type\":\"ImageObject\",\"inLanguage\":\"en-GB\",\"@id\":\"https:\\\/\\\/imredd.fr\\\/visite-de-la-delegation-de-luniversite-denis-sassou-nguesso-republique-du-congo-a-universite-cote-dazur\\\/#primaryimage\",\"url\":\"https:\\\/\\\/imredd.fr\\\/wp-content\\\/uploads\\\/2025\\\/10\\\/340A9820.jpg\",\"contentUrl\":\"https:\\\/\\\/imredd.fr\\\/wp-content\\\/uploads\\\/2025\\\/10\\\/340A9820.jpg\",\"width\":2400,\"height\":1600},{\"@type\":\"BreadcrumbList\",\"@id\":\"https:\\\/\\\/imredd.fr\\\/visite-de-la-delegation-de-luniversite-denis-sassou-nguesso-republique-du-congo-a-universite-cote-dazur\\\/#breadcrumb\",\"itemListElement\":[{\"@type\":\"ListItem\",\"position\":1,\"name\":\"Accueil\",\"item\":\"https:\\\/\\\/imredd.fr\\\/\"},{\"@type\":\"ListItem\",\"position\":2,\"name\":\"Visite de la d\u00e9l\u00e9gation de l&rsquo;Universit\u00e9 Denis Sassou-N&rsquo;Guesso (R\u00e9publique du Congo) \u00e0 Universit\u00e9 C\u00f4te d\u2019Azur\"}]},{\"@type\":\"WebSite\",\"@id\":\"https:\\\/\\\/imredd.fr\\\/#website\",\"url\":\"https:\\\/\\\/imredd.fr\\\/\",\"name\":\"IMREDD - Universit\u00e9 C\u00f4te d'Azur\",\"description\":\"Institut M\u00e9diterran\u00e9en du Risque, de l&#039;Environnement et du D\u00e9veloppement Durable\",\"publisher\":{\"@id\":\"https:\\\/\\\/imredd.fr\\\/#organization\"},\"potentialAction\":[{\"@type\":\"SearchAction\",\"target\":{\"@type\":\"EntryPoint\",\"urlTemplate\":\"https:\\\/\\\/imredd.fr\\\/?s={search_term_string}\"},\"query-input\":{\"@type\":\"PropertyValueSpecification\",\"valueRequired\":true,\"valueName\":\"search_term_string\"}}],\"inLanguage\":\"en-GB\"},{\"@type\":\"Organization\",\"@id\":\"https:\\\/\\\/imredd.fr\\\/#organization\",\"name\":\"IMREDD - Institut M\u00e9diterran\u00e9en du Risque, de l'Environnement et du D\u00e9veloppement Durable\",\"url\":\"https:\\\/\\\/imredd.fr\\\/\",\"logo\":{\"@type\":\"ImageObject\",\"inLanguage\":\"en-GB\",\"@id\":\"https:\\\/\\\/imredd.fr\\\/#\\\/schema\\\/logo\\\/image\\\/\",\"url\":\"https:\\\/\\\/imredd.fr\\\/wp-content\\\/uploads\\\/2025\\\/07\\\/IMREDD-Logo-couleurs-transparent.png\",\"contentUrl\":\"https:\\\/\\\/imredd.fr\\\/wp-content\\\/uploads\\\/2025\\\/07\\\/IMREDD-Logo-couleurs-transparent.png\",\"width\":959,\"height\":164,\"caption\":\"IMREDD - Institut M\u00e9diterran\u00e9en du Risque, de l'Environnement et du D\u00e9veloppement Durable\"},\"image\":{\"@id\":\"https:\\\/\\\/imredd.fr\\\/#\\\/schema\\\/logo\\\/image\\\/\"},\"sameAs\":[\"http:\\\/\\\/facebook.com\\\/imredd.uca\",\"http:\\\/\\\/linkedin.com\\\/showcase\\\/imredd\"]},{\"@type\":\"Person\",\"@id\":\"https:\\\/\\\/imredd.fr\\\/#\\\/schema\\\/person\\\/41e50290e799cf196e315345a93c68de\",\"name\":\"Antonio Barros\",\"image\":{\"@type\":\"ImageObject\",\"inLanguage\":\"en-GB\",\"@id\":\"https:\\\/\\\/secure.gravatar.com\\\/avatar\\\/f4be75a97d6a27aad47c779bf7bfef9978f4ce4cf5a3c6160d97f893788ce445?s=96&d=mm&r=g\",\"url\":\"https:\\\/\\\/secure.gravatar.com\\\/avatar\\\/f4be75a97d6a27aad47c779bf7bfef9978f4ce4cf5a3c6160d97f893788ce445?s=96&d=mm&r=g\",\"contentUrl\":\"https:\\\/\\\/secure.gravatar.com\\\/avatar\\\/f4be75a97d6a27aad47c779bf7bfef9978f4ce4cf5a3c6160d97f893788ce445?s=96&d=mm&r=g\",\"caption\":\"Antonio Barros\"},\"url\":\"https:\\\/\\\/imredd.fr\\\/en\\\/author\\\/imredd-com\\\/\"}]}<\/script>\n<!-- \/ Yoast SEO Premium plugin. -->","yoast_head_json":{"title":"Visit of the delegation from the Denis Sassou-N'Guesso University (Republic of Congo) to Universit\u00e9 C\u00f4te d\u2019Azur - IMREDD - Universit\u00e9 C\u00f4te d'Azur","robots":{"index":"index","follow":"follow","max-snippet":"max-snippet:-1","max-image-preview":"max-image-preview:large","max-video-preview":"max-video-preview:-1"},"canonical":"https:\/\/imredd.fr\/en\/visit-of-the-delegation-from-denis-sassou-nguesso-university-republic-of-congo-to-universite-cote-dazur\/","og_locale":"en_GB","og_type":"article","og_title":"Visite de la d\u00e9l\u00e9gation de l'Universit\u00e9 Denis Sassou-N'Guesso (R\u00e9publique du Congo) \u00e0 Universit\u00e9 C\u00f4te d\u2019Azur","og_description":"Dans le cadre de sa visite officielle en France, le pr\u00e9sident de l\u2019Universit\u00e9 Denis Sassou-N&rsquo;Guesso (R\u00e9publique du Congo) et sa d\u00e9l\u00e9gation ont \u00e9t\u00e9 accueillis le 29 octobre 2025 par Universit\u00e9 C\u00f4te d\u2019Azur. Cette rencontre s\u2019inscrit dans une dynamique de coop\u00e9ration scientifique et p\u00e9dagogique entre \u00e9tablissements engag\u00e9s dans la transformation num\u00e9rique et \u00e9cologique de l\u2019enseignement sup\u00e9rieur.","og_url":"https:\/\/imredd.fr\/en\/visit-of-the-delegation-from-denis-sassou-nguesso-university-republic-of-congo-to-universite-cote-dazur\/","og_site_name":"IMREDD - Universit\u00e9 C\u00f4te d&#039;Azur","article_publisher":"http:\/\/facebook.com\/imredd.uca","article_published_time":"2025-10-31T14:07:25+00:00","article_modified_time":"2026-01-20T14:22:08+00:00","og_image":[{"width":2400,"height":1600,"url":"https:\/\/imredd.fr\/wp-content\/uploads\/2025\/10\/340A9820.jpg","type":"image\/jpeg"}],"author":"Antonio Barros","twitter_card":"summary_large_image","twitter_misc":{"Written by":"Antonio Barros","Estimated reading time":"2 minutes"},"schema":{"@context":"https:\/\/schema.org","@graph":[{"@type":"Article","@id":"https:\/\/imredd.fr\/visite-de-la-delegation-de-luniversite-denis-sassou-nguesso-republique-du-congo-a-universite-cote-dazur\/#article","isPartOf":{"@id":"https:\/\/imredd.fr\/visite-de-la-delegation-de-luniversite-denis-sassou-nguesso-republique-du-congo-a-universite-cote-dazur\/"},"author":{"name":"Antonio Barros","@id":"https:\/\/imredd.fr\/#\/schema\/person\/41e50290e799cf196e315345a93c68de"},"headline":"Visite de la d\u00e9l\u00e9gation de l&rsquo;Universit\u00e9 Denis Sassou-N&rsquo;Guesso (R\u00e9publique du Congo) \u00e0 Universit\u00e9 C\u00f4te d\u2019Azur","datePublished":"2025-10-31T14:07:25+00:00","dateModified":"2026-01-20T14:22:08+00:00","mainEntityOfPage":{"@id":"https:\/\/imredd.fr\/visite-de-la-delegation-de-luniversite-denis-sassou-nguesso-republique-du-congo-a-universite-cote-dazur\/"},"wordCount":231,"publisher":{"@id":"https:\/\/imredd.fr\/#organization"},"image":{"@id":"https:\/\/imredd.fr\/visite-de-la-delegation-de-luniversite-denis-sassou-nguesso-republique-du-congo-a-universite-cote-dazur\/#primaryimage"},"thumbnailUrl":"https:\/\/imredd.fr\/wp-content\/uploads\/2025\/10\/340A9820.jpg","articleSection":["Institutionnel"],"inLanguage":"en-GB"},{"@type":"WebPage","@id":"https:\/\/imredd.fr\/visite-de-la-delegation-de-luniversite-denis-sassou-nguesso-republique-du-congo-a-universite-cote-dazur\/","url":"https:\/\/imredd.fr\/visite-de-la-delegation-de-luniversite-denis-sassou-nguesso-republique-du-congo-a-universite-cote-dazur\/","name":"Visit of the delegation from the Denis Sassou-N'Guesso University (Republic of Congo) to Universit\u00e9 C\u00f4te d\u2019Azur - IMREDD - Universit\u00e9 C\u00f4te d'Azur","isPartOf":{"@id":"https:\/\/imredd.fr\/#website"},"primaryImageOfPage":{"@id":"https:\/\/imredd.fr\/visite-de-la-delegation-de-luniversite-denis-sassou-nguesso-republique-du-congo-a-universite-cote-dazur\/#primaryimage"},"image":{"@id":"https:\/\/imredd.fr\/visite-de-la-delegation-de-luniversite-denis-sassou-nguesso-republique-du-congo-a-universite-cote-dazur\/#primaryimage"},"thumbnailUrl":"https:\/\/imredd.fr\/wp-content\/uploads\/2025\/10\/340A9820.jpg","datePublished":"2025-10-31T14:07:25+00:00","dateModified":"2026-01-20T14:22:08+00:00","breadcrumb":{"@id":"https:\/\/imredd.fr\/visite-de-la-delegation-de-luniversite-denis-sassou-nguesso-republique-du-congo-a-universite-cote-dazur\/#breadcrumb"},"inLanguage":"en-GB","potentialAction":[{"@type":"ReadAction","target":["https:\/\/imredd.fr\/visite-de-la-delegation-de-luniversite-denis-sassou-nguesso-republique-du-congo-a-universite-cote-dazur\/"]}]},{"@type":"ImageObject","inLanguage":"en-GB","@id":"https:\/\/imredd.fr\/visite-de-la-delegation-de-luniversite-denis-sassou-nguesso-republique-du-congo-a-universite-cote-dazur\/#primaryimage","url":"https:\/\/imredd.fr\/wp-content\/uploads\/2025\/10\/340A9820.jpg","contentUrl":"https:\/\/imredd.fr\/wp-content\/uploads\/2025\/10\/340A9820.jpg","width":2400,"height":1600},{"@type":"BreadcrumbList","@id":"https:\/\/imredd.fr\/visite-de-la-delegation-de-luniversite-denis-sassou-nguesso-republique-du-congo-a-universite-cote-dazur\/#breadcrumb","itemListElement":[{"@type":"ListItem","position":1,"name":"Accueil","item":"https:\/\/imredd.fr\/"},{"@type":"ListItem","position":2,"name":"Visite de la d\u00e9l\u00e9gation de l&rsquo;Universit\u00e9 Denis Sassou-N&rsquo;Guesso (R\u00e9publique du Congo) \u00e0 Universit\u00e9 C\u00f4te d\u2019Azur"}]},{"@type":"WebSite","@id":"https:\/\/imredd.fr\/#website","url":"https:\/\/imredd.fr\/","name":"IMREDD - C\u00f4te d'Azur University","description":"Mediterranean Institute for Risk, Environment and Sustainable Development","publisher":{"@id":"https:\/\/imredd.fr\/#organization"},"potentialAction":[{"@type":"SearchAction","target":{"@type":"EntryPoint","urlTemplate":"https:\/\/imredd.fr\/?s={search_term_string}"},"query-input":{"@type":"PropertyValueSpecification","valueRequired":true,"valueName":"search_term_string"}}],"inLanguage":"en-GB"},{"@type":"Organization","@id":"https:\/\/imredd.fr\/#organization","name":"IMREDD - Mediterranean Institute for Risk, Environment and Sustainable Development","url":"https:\/\/imredd.fr\/","logo":{"@type":"ImageObject","inLanguage":"en-GB","@id":"https:\/\/imredd.fr\/#\/schema\/logo\/image\/","url":"https:\/\/imredd.fr\/wp-content\/uploads\/2025\/07\/IMREDD-Logo-couleurs-transparent.png","contentUrl":"https:\/\/imredd.fr\/wp-content\/uploads\/2025\/07\/IMREDD-Logo-couleurs-transparent.png","width":959,"height":164,"caption":"IMREDD - Institut M\u00e9diterran\u00e9en du Risque, de l'Environnement et du D\u00e9veloppement Durable"},"image":{"@id":"https:\/\/imredd.fr\/#\/schema\/logo\/image\/"},"sameAs":["http:\/\/facebook.com\/imredd.uca","http:\/\/linkedin.com\/showcase\/imredd"]},{"@type":"Person","@id":"https:\/\/imredd.fr\/#\/schema\/person\/41e50290e799cf196e315345a93c68de","name":"Antonio Barros","image":{"@type":"ImageObject","inLanguage":"en-GB","@id":"https:\/\/secure.gravatar.com\/avatar\/f4be75a97d6a27aad47c779bf7bfef9978f4ce4cf5a3c6160d97f893788ce445?s=96&d=mm&r=g","url":"https:\/\/secure.gravatar.com\/avatar\/f4be75a97d6a27aad47c779bf7bfef9978f4ce4cf5a3c6160d97f893788ce445?s=96&d=mm&r=g","contentUrl":"https:\/\/secure.gravatar.com\/avatar\/f4be75a97d6a27aad47c779bf7bfef9978f4ce4cf5a3c6160d97f893788ce445?s=96&d=mm&r=g","caption":"Antonio Barros"},"url":"https:\/\/imredd.fr\/en\/author\/imredd-com\/"}]}},"_links":{"self":[{"href":"https:\/\/imredd.fr\/en\/wp-json\/wp\/v2\/posts\/24735","targetHints":{"allow":["GET"]}}],"collection":[{"href":"https:\/\/imredd.fr\/en\/wp-json\/wp\/v2\/posts"}],"about":[{"href":"https:\/\/imredd.fr\/en\/wp-json\/wp\/v2\/types\/post"}],"author":[{"embeddable":true,"href":"https:\/\/imredd.fr\/en\/wp-json\/wp\/v2\/users\/2"}],"replies":[{"embeddable":true,"href":"https:\/\/imredd.fr\/en\/wp-json\/wp\/v2\/comments?post=24735"}],"version-history":[{"count":0,"href":"https:\/\/imredd.fr\/en\/wp-json\/wp\/v2\/posts\/24735\/revisions"}],"wp:featuredmedia":[{"embeddable":true,"href":"https:\/\/imredd.fr\/en\/wp-json\/wp\/v2\/media\/24736"}],"wp:attachment":[{"href":"https:\/\/imredd.fr\/en\/wp-json\/wp\/v2\/media?parent=24735"}],"wp:term":[{"taxonomy":"category","embeddable":true,"href":"https:\/\/imredd.fr\/en\/wp-json\/wp\/v2\/categories?post=24735"},{"taxonomy":"post_tag","embeddable":true,"href":"https:\/\/imredd.fr\/en\/wp-json\/wp\/v2\/tags?post=24735"}],"curies":[{"name":"wp","href":"https:\/\/api.w.org\/{rel}","templated":true}]}}