{"id":24773,"date":"2025-12-15T11:54:51","date_gmt":"2025-12-15T10:54:51","guid":{"rendered":"https:\/\/imredd.fr\/?p=24773"},"modified":"2026-01-12T18:34:49","modified_gmt":"2026-01-12T17:34:49","slug":"thinking-about-the-habitat-of-the-future-through-environmental-artificial-and-collective-intelligence","status":"publish","type":"post","link":"https:\/\/imredd.fr\/en\/penser-lhabitat-du-futur-a-travers-les-intelligences-environnementale-artificielle-et-collective\/","title":{"rendered":"Thinking about the habitat of the future through environmental, artificial, and collective intelligence"},"content":{"rendered":"<p data-start=\"143\" data-end=\"767\">Through the prism of three forms of intelligence -<br data-start=\"195\" data-end=\"198\" \/>- environment (systemic biomimicry),<br data-start=\"243\" data-end=\"246\" \/>- (AI tools integrated into the design process),<br data-start=\"311\" data-end=\"314\" \/>- and collective (transdisciplinary intelligence) -<br data-start=\"365\" data-end=\"368\" \/>as well as seven modes of thinking - systemic, design, critical, divergent, creative, prospective and exponential<!--more--> - and supported by the principles of non-formal education, IMREDD - Universit\u00e9 C\u00f4te d'Azur and the UX for Smart Life: Home &amp; Mobility Chair, through the Future Human Habitat (FHH) project, are developing innovative and disruptive visions and solutions for the Future Human Habitat.<\/p>\n<p data-start=\"769\" data-end=\"981\">This work emerges from the exploration of life in extreme environments - oceans, deserts, space, high mountains and the depths of the earth - as experimental grounds for rethinking our ways of living.<\/p>\n<p data-start=\"983\" data-end=\"1448\">The first edition, entitled<br data-start=\"1013\" data-end=\"1016\" \/>\u00ab5 OCEANS, 5 COLONIES: Sculpting Future Living Architecture On &amp; Below Water\u00bb - Future Experimental Lab, Chapter 01 - was conceived as an 11-day living, nomadic and immersive laboratory, implemented in July 2025. It explored, simulated and tested disruptive ideas for a \u00abBrave New World\u00bb of living, in which humanity learns to co-exist with extreme marine environments.<\/p>\n<p data-start=\"1450\" data-end=\"1773\">The results produced are not conceptual or abstract: they are real catalysts, linking vision and action, and generating creative, applicable and transposable proposals for coastal cities, technological innovations and ecological and human habitat ecosystems.<\/p>\n<p data-start=\"1450\" data-end=\"1773\">Watch the video summary:<\/p>\n<div class=\"post-video\"><iframe loading=\"lazy\" title=\"Futures Experimental Lab\" width=\"1165\" height=\"655\" src=\"https:\/\/www.youtube.com\/embed\/-nzBM6yIRTE?feature=oembed\" frameborder=\"0\" allow=\"accelerometer; autoplay; clipboard-write; encrypted-media; gyroscope; picture-in-picture; web-share\" referrerpolicy=\"strict-origin-when-cross-origin\" allowfullscreen><\/iframe><\/div>\n<p data-start=\"1450\" data-end=\"1773\"><em>Credits: video editing: PEAKING Production \/ artistic designer: Eliesh Sd<\/em><\/p>","protected":false},"excerpt":{"rendered":"<p>\u00c0 travers le prisme de trois formes d\u2019intelligence &#8211;\u2022 environnementale (biomim\u00e9tisme syst\u00e9mique),\u2022 artificielle (outils d\u2019IA int\u00e9gr\u00e9s au processus de conception),\u2022 et collective (intelligence transdisciplinaire) &#8211;ainsi que sept modes de pens\u00e9e &#8211; syst\u00e9mique, design, critique, divergente, cr\u00e9ative, prospective et exponentielle<\/p>","protected":false},"author":2,"featured_media":24774,"comment_status":"closed","ping_status":"open","sticky":false,"template":"","format":"standard","meta":{"footnotes":""},"categories":[504],"tags":[446],"class_list":["post-24773","post","type-post","status-publish","format-standard","has-post-thumbnail","hentry","category-projets-et-recherche","tag-chaire-ux","has-post-title","has-post-date","has-post-category","has-post-tag","has-post-comment","has-post-author",""],"yoast_head":"<!-- This site is optimized with the Yoast SEO Premium plugin v27.4 (Yoast SEO v27.4) - https:\/\/yoast.com\/product\/yoast-seo-premium-wordpress\/ -->\n<title>Penser l\u2019habitat du futur \u00e0 travers les intelligences environnementale, artificielle et collective - IMREDD - Universit\u00e9 C\u00f4te d&#039;Azur<\/title>\n<meta name=\"robots\" content=\"index, follow, max-snippet:-1, max-image-preview:large, max-video-preview:-1\" \/>\n<link rel=\"canonical\" href=\"https:\/\/imredd.fr\/en\/thinking-about-the-habitat-of-the-future-through-environmental-artificial-and-collective-intelligence\/\" \/>\n<meta property=\"og:locale\" content=\"en_GB\" \/>\n<meta property=\"og:type\" content=\"article\" \/>\n<meta property=\"og:title\" content=\"Penser l\u2019habitat du futur \u00e0 travers les intelligences environnementale, artificielle et collective\" \/>\n<meta property=\"og:description\" content=\"\u00c0 travers le prisme de trois formes d\u2019intelligence &#8211;\u2022 environnementale (biomim\u00e9tisme syst\u00e9mique),\u2022 artificielle (outils d\u2019IA int\u00e9gr\u00e9s au processus de conception),\u2022 et collective (intelligence transdisciplinaire) &#8211;ainsi que sept modes de pens\u00e9e &#8211; syst\u00e9mique, design, critique, divergente, cr\u00e9ative, prospective et exponentielle\" \/>\n<meta property=\"og:url\" content=\"https:\/\/imredd.fr\/en\/thinking-about-the-habitat-of-the-future-through-environmental-artificial-and-collective-intelligence\/\" \/>\n<meta property=\"og:site_name\" content=\"IMREDD - Universit\u00e9 C\u00f4te d&#039;Azur\" \/>\n<meta property=\"article:publisher\" content=\"http:\/\/facebook.com\/imredd.uca\" \/>\n<meta property=\"article:published_time\" content=\"2025-12-15T10:54:51+00:00\" \/>\n<meta property=\"article:modified_time\" content=\"2026-01-12T17:34:49+00:00\" \/>\n<meta property=\"og:image\" content=\"https:\/\/imredd.fr\/wp-content\/uploads\/2025\/12\/Capture-decran-2025-12-15-115155-1024x555.png\" \/>\n\t<meta property=\"og:image:width\" content=\"1024\" \/>\n\t<meta property=\"og:image:height\" content=\"555\" \/>\n\t<meta property=\"og:image:type\" content=\"image\/png\" \/>\n<meta name=\"author\" content=\"Antonio Barros\" \/>\n<meta name=\"twitter:card\" content=\"summary_large_image\" \/>\n<meta name=\"twitter:label1\" content=\"Written by\" \/>\n\t<meta name=\"twitter:data1\" content=\"Antonio Barros\" \/>\n\t<meta name=\"twitter:label2\" content=\"Estimated reading time\" \/>\n\t<meta name=\"twitter:data2\" content=\"2 minutes\" \/>\n<script type=\"application\/ld+json\" class=\"yoast-schema-graph\">{\"@context\":\"https:\\\/\\\/schema.org\",\"@graph\":[{\"@type\":\"Article\",\"@id\":\"https:\\\/\\\/imredd.fr\\\/penser-lhabitat-du-futur-a-travers-les-intelligences-environnementale-artificielle-et-collective\\\/#article\",\"isPartOf\":{\"@id\":\"https:\\\/\\\/imredd.fr\\\/penser-lhabitat-du-futur-a-travers-les-intelligences-environnementale-artificielle-et-collective\\\/\"},\"author\":{\"name\":\"Antonio Barros\",\"@id\":\"https:\\\/\\\/imredd.fr\\\/#\\\/schema\\\/person\\\/41e50290e799cf196e315345a93c68de\"},\"headline\":\"Penser l\u2019habitat du futur \u00e0 travers les intelligences environnementale, artificielle et collective\",\"datePublished\":\"2025-12-15T10:54:51+00:00\",\"dateModified\":\"2026-01-12T17:34:49+00:00\",\"mainEntityOfPage\":{\"@id\":\"https:\\\/\\\/imredd.fr\\\/penser-lhabitat-du-futur-a-travers-les-intelligences-environnementale-artificielle-et-collective\\\/\"},\"wordCount\":305,\"publisher\":{\"@id\":\"https:\\\/\\\/imredd.fr\\\/#organization\"},\"image\":{\"@id\":\"https:\\\/\\\/imredd.fr\\\/penser-lhabitat-du-futur-a-travers-les-intelligences-environnementale-artificielle-et-collective\\\/#primaryimage\"},\"thumbnailUrl\":\"https:\\\/\\\/imredd.fr\\\/wp-content\\\/uploads\\\/2025\\\/12\\\/Capture-decran-2025-12-15-115155.png\",\"keywords\":[\"Chaire UX for Smart Life\"],\"articleSection\":[\"Projets et Recherche\"],\"inLanguage\":\"en-GB\"},{\"@type\":\"WebPage\",\"@id\":\"https:\\\/\\\/imredd.fr\\\/penser-lhabitat-du-futur-a-travers-les-intelligences-environnementale-artificielle-et-collective\\\/\",\"url\":\"https:\\\/\\\/imredd.fr\\\/penser-lhabitat-du-futur-a-travers-les-intelligences-environnementale-artificielle-et-collective\\\/\",\"name\":\"Penser l\u2019habitat du futur \u00e0 travers les intelligences environnementale, artificielle et collective - IMREDD - Universit\u00e9 C\u00f4te d&#039;Azur\",\"isPartOf\":{\"@id\":\"https:\\\/\\\/imredd.fr\\\/#website\"},\"primaryImageOfPage\":{\"@id\":\"https:\\\/\\\/imredd.fr\\\/penser-lhabitat-du-futur-a-travers-les-intelligences-environnementale-artificielle-et-collective\\\/#primaryimage\"},\"image\":{\"@id\":\"https:\\\/\\\/imredd.fr\\\/penser-lhabitat-du-futur-a-travers-les-intelligences-environnementale-artificielle-et-collective\\\/#primaryimage\"},\"thumbnailUrl\":\"https:\\\/\\\/imredd.fr\\\/wp-content\\\/uploads\\\/2025\\\/12\\\/Capture-decran-2025-12-15-115155.png\",\"datePublished\":\"2025-12-15T10:54:51+00:00\",\"dateModified\":\"2026-01-12T17:34:49+00:00\",\"breadcrumb\":{\"@id\":\"https:\\\/\\\/imredd.fr\\\/penser-lhabitat-du-futur-a-travers-les-intelligences-environnementale-artificielle-et-collective\\\/#breadcrumb\"},\"inLanguage\":\"en-GB\",\"potentialAction\":[{\"@type\":\"ReadAction\",\"target\":[\"https:\\\/\\\/imredd.fr\\\/penser-lhabitat-du-futur-a-travers-les-intelligences-environnementale-artificielle-et-collective\\\/\"]}]},{\"@type\":\"ImageObject\",\"inLanguage\":\"en-GB\",\"@id\":\"https:\\\/\\\/imredd.fr\\\/penser-lhabitat-du-futur-a-travers-les-intelligences-environnementale-artificielle-et-collective\\\/#primaryimage\",\"url\":\"https:\\\/\\\/imredd.fr\\\/wp-content\\\/uploads\\\/2025\\\/12\\\/Capture-decran-2025-12-15-115155.png\",\"contentUrl\":\"https:\\\/\\\/imredd.fr\\\/wp-content\\\/uploads\\\/2025\\\/12\\\/Capture-decran-2025-12-15-115155.png\",\"width\":2559,\"height\":1388},{\"@type\":\"BreadcrumbList\",\"@id\":\"https:\\\/\\\/imredd.fr\\\/penser-lhabitat-du-futur-a-travers-les-intelligences-environnementale-artificielle-et-collective\\\/#breadcrumb\",\"itemListElement\":[{\"@type\":\"ListItem\",\"position\":1,\"name\":\"Accueil\",\"item\":\"https:\\\/\\\/imredd.fr\\\/\"},{\"@type\":\"ListItem\",\"position\":2,\"name\":\"Penser l\u2019habitat du futur \u00e0 travers les intelligences environnementale, artificielle et collective\"}]},{\"@type\":\"WebSite\",\"@id\":\"https:\\\/\\\/imredd.fr\\\/#website\",\"url\":\"https:\\\/\\\/imredd.fr\\\/\",\"name\":\"IMREDD - Universit\u00e9 C\u00f4te d'Azur\",\"description\":\"Institut M\u00e9diterran\u00e9en du Risque, de l&#039;Environnement et du D\u00e9veloppement Durable\",\"publisher\":{\"@id\":\"https:\\\/\\\/imredd.fr\\\/#organization\"},\"potentialAction\":[{\"@type\":\"SearchAction\",\"target\":{\"@type\":\"EntryPoint\",\"urlTemplate\":\"https:\\\/\\\/imredd.fr\\\/?s={search_term_string}\"},\"query-input\":{\"@type\":\"PropertyValueSpecification\",\"valueRequired\":true,\"valueName\":\"search_term_string\"}}],\"inLanguage\":\"en-GB\"},{\"@type\":\"Organization\",\"@id\":\"https:\\\/\\\/imredd.fr\\\/#organization\",\"name\":\"IMREDD - Institut M\u00e9diterran\u00e9en du Risque, de l'Environnement et du D\u00e9veloppement Durable\",\"url\":\"https:\\\/\\\/imredd.fr\\\/\",\"logo\":{\"@type\":\"ImageObject\",\"inLanguage\":\"en-GB\",\"@id\":\"https:\\\/\\\/imredd.fr\\\/#\\\/schema\\\/logo\\\/image\\\/\",\"url\":\"https:\\\/\\\/imredd.fr\\\/wp-content\\\/uploads\\\/2025\\\/07\\\/IMREDD-Logo-couleurs-transparent.png\",\"contentUrl\":\"https:\\\/\\\/imredd.fr\\\/wp-content\\\/uploads\\\/2025\\\/07\\\/IMREDD-Logo-couleurs-transparent.png\",\"width\":959,\"height\":164,\"caption\":\"IMREDD - Institut M\u00e9diterran\u00e9en du Risque, de l'Environnement et du D\u00e9veloppement Durable\"},\"image\":{\"@id\":\"https:\\\/\\\/imredd.fr\\\/#\\\/schema\\\/logo\\\/image\\\/\"},\"sameAs\":[\"http:\\\/\\\/facebook.com\\\/imredd.uca\",\"http:\\\/\\\/linkedin.com\\\/showcase\\\/imredd\"]},{\"@type\":\"Person\",\"@id\":\"https:\\\/\\\/imredd.fr\\\/#\\\/schema\\\/person\\\/41e50290e799cf196e315345a93c68de\",\"name\":\"Antonio Barros\",\"image\":{\"@type\":\"ImageObject\",\"inLanguage\":\"en-GB\",\"@id\":\"https:\\\/\\\/secure.gravatar.com\\\/avatar\\\/f4be75a97d6a27aad47c779bf7bfef9978f4ce4cf5a3c6160d97f893788ce445?s=96&d=mm&r=g\",\"url\":\"https:\\\/\\\/secure.gravatar.com\\\/avatar\\\/f4be75a97d6a27aad47c779bf7bfef9978f4ce4cf5a3c6160d97f893788ce445?s=96&d=mm&r=g\",\"contentUrl\":\"https:\\\/\\\/secure.gravatar.com\\\/avatar\\\/f4be75a97d6a27aad47c779bf7bfef9978f4ce4cf5a3c6160d97f893788ce445?s=96&d=mm&r=g\",\"caption\":\"Antonio Barros\"},\"url\":\"https:\\\/\\\/imredd.fr\\\/en\\\/author\\\/imredd-com\\\/\"}]}<\/script>\n<!-- \/ Yoast SEO Premium plugin. -->","yoast_head_json":{"title":"Thinking about the habitat of the future through environmental, artificial, and collective intelligences - IMREDD - Universit\u00e9 C\u00f4te d'Azur","robots":{"index":"index","follow":"follow","max-snippet":"max-snippet:-1","max-image-preview":"max-image-preview:large","max-video-preview":"max-video-preview:-1"},"canonical":"https:\/\/imredd.fr\/en\/thinking-about-the-habitat-of-the-future-through-environmental-artificial-and-collective-intelligence\/","og_locale":"en_GB","og_type":"article","og_title":"Penser l\u2019habitat du futur \u00e0 travers les intelligences environnementale, artificielle et collective","og_description":"\u00c0 travers le prisme de trois formes d\u2019intelligence &#8211;\u2022 environnementale (biomim\u00e9tisme syst\u00e9mique),\u2022 artificielle (outils d\u2019IA int\u00e9gr\u00e9s au processus de conception),\u2022 et collective (intelligence transdisciplinaire) &#8211;ainsi que sept modes de pens\u00e9e &#8211; syst\u00e9mique, design, critique, divergente, cr\u00e9ative, prospective et exponentielle","og_url":"https:\/\/imredd.fr\/en\/thinking-about-the-habitat-of-the-future-through-environmental-artificial-and-collective-intelligence\/","og_site_name":"IMREDD - Universit\u00e9 C\u00f4te d&#039;Azur","article_publisher":"http:\/\/facebook.com\/imredd.uca","article_published_time":"2025-12-15T10:54:51+00:00","article_modified_time":"2026-01-12T17:34:49+00:00","og_image":[{"width":1024,"height":555,"url":"https:\/\/imredd.fr\/wp-content\/uploads\/2025\/12\/Capture-decran-2025-12-15-115155-1024x555.png","type":"image\/png"}],"author":"Antonio Barros","twitter_card":"summary_large_image","twitter_misc":{"Written by":"Antonio Barros","Estimated reading time":"2 minutes"},"schema":{"@context":"https:\/\/schema.org","@graph":[{"@type":"Article","@id":"https:\/\/imredd.fr\/penser-lhabitat-du-futur-a-travers-les-intelligences-environnementale-artificielle-et-collective\/#article","isPartOf":{"@id":"https:\/\/imredd.fr\/penser-lhabitat-du-futur-a-travers-les-intelligences-environnementale-artificielle-et-collective\/"},"author":{"name":"Antonio Barros","@id":"https:\/\/imredd.fr\/#\/schema\/person\/41e50290e799cf196e315345a93c68de"},"headline":"Penser l\u2019habitat du futur \u00e0 travers les intelligences environnementale, artificielle et collective","datePublished":"2025-12-15T10:54:51+00:00","dateModified":"2026-01-12T17:34:49+00:00","mainEntityOfPage":{"@id":"https:\/\/imredd.fr\/penser-lhabitat-du-futur-a-travers-les-intelligences-environnementale-artificielle-et-collective\/"},"wordCount":305,"publisher":{"@id":"https:\/\/imredd.fr\/#organization"},"image":{"@id":"https:\/\/imredd.fr\/penser-lhabitat-du-futur-a-travers-les-intelligences-environnementale-artificielle-et-collective\/#primaryimage"},"thumbnailUrl":"https:\/\/imredd.fr\/wp-content\/uploads\/2025\/12\/Capture-decran-2025-12-15-115155.png","keywords":["Chaire UX for Smart Life"],"articleSection":["Projets et Recherche"],"inLanguage":"en-GB"},{"@type":"WebPage","@id":"https:\/\/imredd.fr\/penser-lhabitat-du-futur-a-travers-les-intelligences-environnementale-artificielle-et-collective\/","url":"https:\/\/imredd.fr\/penser-lhabitat-du-futur-a-travers-les-intelligences-environnementale-artificielle-et-collective\/","name":"Thinking about the habitat of the future through environmental, artificial, and collective intelligences - IMREDD - Universit\u00e9 C\u00f4te d'Azur","isPartOf":{"@id":"https:\/\/imredd.fr\/#website"},"primaryImageOfPage":{"@id":"https:\/\/imredd.fr\/penser-lhabitat-du-futur-a-travers-les-intelligences-environnementale-artificielle-et-collective\/#primaryimage"},"image":{"@id":"https:\/\/imredd.fr\/penser-lhabitat-du-futur-a-travers-les-intelligences-environnementale-artificielle-et-collective\/#primaryimage"},"thumbnailUrl":"https:\/\/imredd.fr\/wp-content\/uploads\/2025\/12\/Capture-decran-2025-12-15-115155.png","datePublished":"2025-12-15T10:54:51+00:00","dateModified":"2026-01-12T17:34:49+00:00","breadcrumb":{"@id":"https:\/\/imredd.fr\/penser-lhabitat-du-futur-a-travers-les-intelligences-environnementale-artificielle-et-collective\/#breadcrumb"},"inLanguage":"en-GB","potentialAction":[{"@type":"ReadAction","target":["https:\/\/imredd.fr\/penser-lhabitat-du-futur-a-travers-les-intelligences-environnementale-artificielle-et-collective\/"]}]},{"@type":"ImageObject","inLanguage":"en-GB","@id":"https:\/\/imredd.fr\/penser-lhabitat-du-futur-a-travers-les-intelligences-environnementale-artificielle-et-collective\/#primaryimage","url":"https:\/\/imredd.fr\/wp-content\/uploads\/2025\/12\/Capture-decran-2025-12-15-115155.png","contentUrl":"https:\/\/imredd.fr\/wp-content\/uploads\/2025\/12\/Capture-decran-2025-12-15-115155.png","width":2559,"height":1388},{"@type":"BreadcrumbList","@id":"https:\/\/imredd.fr\/penser-lhabitat-du-futur-a-travers-les-intelligences-environnementale-artificielle-et-collective\/#breadcrumb","itemListElement":[{"@type":"ListItem","position":1,"name":"Accueil","item":"https:\/\/imredd.fr\/"},{"@type":"ListItem","position":2,"name":"Penser l\u2019habitat du futur \u00e0 travers les intelligences environnementale, artificielle et collective"}]},{"@type":"WebSite","@id":"https:\/\/imredd.fr\/#website","url":"https:\/\/imredd.fr\/","name":"IMREDD - C\u00f4te d'Azur University","description":"Mediterranean Institute for Risk, Environment and Sustainable Development","publisher":{"@id":"https:\/\/imredd.fr\/#organization"},"potentialAction":[{"@type":"SearchAction","target":{"@type":"EntryPoint","urlTemplate":"https:\/\/imredd.fr\/?s={search_term_string}"},"query-input":{"@type":"PropertyValueSpecification","valueRequired":true,"valueName":"search_term_string"}}],"inLanguage":"en-GB"},{"@type":"Organization","@id":"https:\/\/imredd.fr\/#organization","name":"IMREDD - Mediterranean Institute for Risk, Environment and Sustainable Development","url":"https:\/\/imredd.fr\/","logo":{"@type":"ImageObject","inLanguage":"en-GB","@id":"https:\/\/imredd.fr\/#\/schema\/logo\/image\/","url":"https:\/\/imredd.fr\/wp-content\/uploads\/2025\/07\/IMREDD-Logo-couleurs-transparent.png","contentUrl":"https:\/\/imredd.fr\/wp-content\/uploads\/2025\/07\/IMREDD-Logo-couleurs-transparent.png","width":959,"height":164,"caption":"IMREDD - Institut M\u00e9diterran\u00e9en du Risque, de l'Environnement et du D\u00e9veloppement Durable"},"image":{"@id":"https:\/\/imredd.fr\/#\/schema\/logo\/image\/"},"sameAs":["http:\/\/facebook.com\/imredd.uca","http:\/\/linkedin.com\/showcase\/imredd"]},{"@type":"Person","@id":"https:\/\/imredd.fr\/#\/schema\/person\/41e50290e799cf196e315345a93c68de","name":"Antonio Barros","image":{"@type":"ImageObject","inLanguage":"en-GB","@id":"https:\/\/secure.gravatar.com\/avatar\/f4be75a97d6a27aad47c779bf7bfef9978f4ce4cf5a3c6160d97f893788ce445?s=96&d=mm&r=g","url":"https:\/\/secure.gravatar.com\/avatar\/f4be75a97d6a27aad47c779bf7bfef9978f4ce4cf5a3c6160d97f893788ce445?s=96&d=mm&r=g","contentUrl":"https:\/\/secure.gravatar.com\/avatar\/f4be75a97d6a27aad47c779bf7bfef9978f4ce4cf5a3c6160d97f893788ce445?s=96&d=mm&r=g","caption":"Antonio Barros"},"url":"https:\/\/imredd.fr\/en\/author\/imredd-com\/"}]}},"_links":{"self":[{"href":"https:\/\/imredd.fr\/en\/wp-json\/wp\/v2\/posts\/24773","targetHints":{"allow":["GET"]}}],"collection":[{"href":"https:\/\/imredd.fr\/en\/wp-json\/wp\/v2\/posts"}],"about":[{"href":"https:\/\/imredd.fr\/en\/wp-json\/wp\/v2\/types\/post"}],"author":[{"embeddable":true,"href":"https:\/\/imredd.fr\/en\/wp-json\/wp\/v2\/users\/2"}],"replies":[{"embeddable":true,"href":"https:\/\/imredd.fr\/en\/wp-json\/wp\/v2\/comments?post=24773"}],"version-history":[{"count":0,"href":"https:\/\/imredd.fr\/en\/wp-json\/wp\/v2\/posts\/24773\/revisions"}],"wp:featuredmedia":[{"embeddable":true,"href":"https:\/\/imredd.fr\/en\/wp-json\/wp\/v2\/media\/24774"}],"wp:attachment":[{"href":"https:\/\/imredd.fr\/en\/wp-json\/wp\/v2\/media?parent=24773"}],"wp:term":[{"taxonomy":"category","embeddable":true,"href":"https:\/\/imredd.fr\/en\/wp-json\/wp\/v2\/categories?post=24773"},{"taxonomy":"post_tag","embeddable":true,"href":"https:\/\/imredd.fr\/en\/wp-json\/wp\/v2\/tags?post=24773"}],"curies":[{"name":"wp","href":"https:\/\/api.w.org\/{rel}","templated":true}]}}