{"id":27144,"date":"2026-04-03T13:01:55","date_gmt":"2026-04-03T11:01:55","guid":{"rendered":"https:\/\/imredd.fr\/?p=27144"},"modified":"2026-04-03T13:01:55","modified_gmt":"2026-04-03T11:01:55","slug":"lim-redd-is-calling-for-contributions-for-the-2026-challenge-labs","status":"publish","type":"post","link":"https:\/\/imredd.fr\/en\/limredd-lance-un-appel-a-contributions-pour-les-challenge-labs-2026\/","title":{"rendered":"IMREDD launches a call for contributions for Challenge Labs 2026"},"content":{"rendered":"<p>The IMREDD invites its partners to propose <strong>Local themes and issues<\/strong> to power the <strong>Challenge Labs<\/strong> for <em>FutureMakers \u2013 Glocal Leadership Training Programme<\/em>, which will be held on the <strong>15 and 16 July 2026<\/strong>. <!--more-->These workshops, conceived as innovation laboratories, will bring together international participants to transform concrete challenges into creative, strategic, or operational solutions. The results will be publicly presented on <strong>17 July<\/strong>.<\/p>\n<p>This programme, co-organised with <strong>University of C\u00f4te d'Azur<\/strong>, the\u2019<strong>ODDD Collective<\/strong> and the <strong>Chair of UX for Smart Life, Home &amp; Mobility<\/strong>, is part of a process of <strong>Glocal leadership\u00ab<\/strong>, combining local issues with global perspectives. Subject proposals can cover a range of issues: ecological transition, sustainable mobility, social inclusion, digital innovation, or any other relevant challenge for the Nice region.<\/p>\n<p><strong>How to participate?<\/strong><br \/>\nInterested partners are invited to submit their ideas via the address <strong><a href=\"mailto:eliesh000@gmail.com\" target=\"_blank\" rel=\"nofollow noopener noreferrer external\">eliesh000@gmail.com<\/a><\/strong>. To find out more about the full programme (6\u201324 July 2026) or to register as a participant, please visit <a href=\"https:\/\/docs.google.com\/forms\/d\/e\/1FAIpQLSeEoDMdq0aUkIoB4OBTRP89eDufEwK-XobS5LXkXl3-bxMl4w\/viewform\" target=\"_blank\" rel=\"nofollow noopener noreferrer external\">the dedicated link<\/a>.<\/p>","protected":false},"excerpt":{"rendered":"<p>IMREDD invites its partners to propose local themes and challenges to feed into the Challenge Labs of the FutureMakers \u2013 Glocal Leadership Training Program, which will be held on 15 and 16 July 2026.<\/p>","protected":false},"author":3,"featured_media":27145,"comment_status":"open","ping_status":"open","sticky":false,"template":"","format":"standard","meta":{"footnotes":""},"categories":[36],"tags":[514],"class_list":["post-27144","post","type-post","status-publish","format-standard","has-post-thumbnail","hentry","category-formations","tag-summer-school","has-post-title","has-post-date","has-post-category","has-post-tag","has-post-comment","has-post-author",""],"yoast_head":"<!-- This site is optimized with the Yoast SEO Premium plugin v27.4 (Yoast SEO v27.4) - https:\/\/yoast.com\/product\/yoast-seo-premium-wordpress\/ -->\n<title>L\u2019IMREDD lance un appel \u00e0 contributions pour les Challenge Labs 2026 - IMREDD - Universit\u00e9 C\u00f4te d&#039;Azur<\/title>\n<meta name=\"robots\" content=\"index, follow, max-snippet:-1, max-image-preview:large, max-video-preview:-1\" \/>\n<link rel=\"canonical\" href=\"https:\/\/imredd.fr\/en\/lim-redd-is-calling-for-contributions-for-the-2026-challenge-labs\/\" \/>\n<meta property=\"og:locale\" content=\"en_GB\" \/>\n<meta property=\"og:type\" content=\"article\" \/>\n<meta property=\"og:title\" content=\"L\u2019IMREDD lance un appel \u00e0 contributions pour les Challenge Labs 2026\" \/>\n<meta property=\"og:description\" content=\"L\u2019IMREDD invite ses partenaires \u00e0 proposer des th\u00e9matiques et enjeux locaux pour alimenter les Challenge Labs du FutureMakers \u2013 Glocal Leadership Training Program, qui se tiendront les 15 et 16 juillet 2026.\" \/>\n<meta property=\"og:url\" content=\"https:\/\/imredd.fr\/en\/lim-redd-is-calling-for-contributions-for-the-2026-challenge-labs\/\" \/>\n<meta property=\"og:site_name\" content=\"IMREDD - Universit\u00e9 C\u00f4te d&#039;Azur\" \/>\n<meta property=\"article:publisher\" content=\"http:\/\/facebook.com\/imredd.uca\" \/>\n<meta property=\"article:published_time\" content=\"2026-04-03T11:01:55+00:00\" \/>\n<meta property=\"og:image\" content=\"https:\/\/imredd.fr\/wp-content\/uploads\/2026\/04\/Capture-decran-2026-04-03-125522-1024x521.png\" \/>\n\t<meta property=\"og:image:width\" content=\"1024\" \/>\n\t<meta property=\"og:image:height\" content=\"521\" \/>\n\t<meta property=\"og:image:type\" content=\"image\/png\" \/>\n<meta name=\"author\" content=\"Dimitri Metodiev\" \/>\n<meta name=\"twitter:card\" content=\"summary_large_image\" \/>\n<meta name=\"twitter:label1\" content=\"Written by\" \/>\n\t<meta name=\"twitter:data1\" content=\"Dimitri Metodiev\" \/>\n\t<meta name=\"twitter:label2\" content=\"Estimated reading time\" \/>\n\t<meta name=\"twitter:data2\" content=\"1 minute\" \/>\n<script type=\"application\/ld+json\" class=\"yoast-schema-graph\">{\"@context\":\"https:\\\/\\\/schema.org\",\"@graph\":[{\"@type\":\"Article\",\"@id\":\"https:\\\/\\\/imredd.fr\\\/limredd-lance-un-appel-a-contributions-pour-les-challenge-labs-2026\\\/#article\",\"isPartOf\":{\"@id\":\"https:\\\/\\\/imredd.fr\\\/limredd-lance-un-appel-a-contributions-pour-les-challenge-labs-2026\\\/\"},\"author\":{\"name\":\"Dimitri Metodiev\",\"@id\":\"https:\\\/\\\/imredd.fr\\\/#\\\/schema\\\/person\\\/f52efd28d00a06e9ba397c4c73ef36cd\"},\"headline\":\"L\u2019IMREDD lance un appel \u00e0 contributions pour les Challenge Labs 2026\",\"datePublished\":\"2026-04-03T11:01:55+00:00\",\"mainEntityOfPage\":{\"@id\":\"https:\\\/\\\/imredd.fr\\\/limredd-lance-un-appel-a-contributions-pour-les-challenge-labs-2026\\\/\"},\"wordCount\":187,\"commentCount\":0,\"publisher\":{\"@id\":\"https:\\\/\\\/imredd.fr\\\/#organization\"},\"image\":{\"@id\":\"https:\\\/\\\/imredd.fr\\\/limredd-lance-un-appel-a-contributions-pour-les-challenge-labs-2026\\\/#primaryimage\"},\"thumbnailUrl\":\"https:\\\/\\\/imredd.fr\\\/wp-content\\\/uploads\\\/2026\\\/04\\\/Capture-decran-2026-04-03-125522.png\",\"keywords\":[\"Summer school\"],\"articleSection\":[\"Formations\"],\"inLanguage\":\"en-GB\",\"potentialAction\":[{\"@type\":\"CommentAction\",\"name\":\"Comment\",\"target\":[\"https:\\\/\\\/imredd.fr\\\/limredd-lance-un-appel-a-contributions-pour-les-challenge-labs-2026\\\/#respond\"]}]},{\"@type\":\"WebPage\",\"@id\":\"https:\\\/\\\/imredd.fr\\\/limredd-lance-un-appel-a-contributions-pour-les-challenge-labs-2026\\\/\",\"url\":\"https:\\\/\\\/imredd.fr\\\/limredd-lance-un-appel-a-contributions-pour-les-challenge-labs-2026\\\/\",\"name\":\"L\u2019IMREDD lance un appel \u00e0 contributions pour les Challenge Labs 2026 - IMREDD - Universit\u00e9 C\u00f4te d&#039;Azur\",\"isPartOf\":{\"@id\":\"https:\\\/\\\/imredd.fr\\\/#website\"},\"primaryImageOfPage\":{\"@id\":\"https:\\\/\\\/imredd.fr\\\/limredd-lance-un-appel-a-contributions-pour-les-challenge-labs-2026\\\/#primaryimage\"},\"image\":{\"@id\":\"https:\\\/\\\/imredd.fr\\\/limredd-lance-un-appel-a-contributions-pour-les-challenge-labs-2026\\\/#primaryimage\"},\"thumbnailUrl\":\"https:\\\/\\\/imredd.fr\\\/wp-content\\\/uploads\\\/2026\\\/04\\\/Capture-decran-2026-04-03-125522.png\",\"datePublished\":\"2026-04-03T11:01:55+00:00\",\"breadcrumb\":{\"@id\":\"https:\\\/\\\/imredd.fr\\\/limredd-lance-un-appel-a-contributions-pour-les-challenge-labs-2026\\\/#breadcrumb\"},\"inLanguage\":\"en-GB\",\"potentialAction\":[{\"@type\":\"ReadAction\",\"target\":[\"https:\\\/\\\/imredd.fr\\\/limredd-lance-un-appel-a-contributions-pour-les-challenge-labs-2026\\\/\"]}]},{\"@type\":\"ImageObject\",\"inLanguage\":\"en-GB\",\"@id\":\"https:\\\/\\\/imredd.fr\\\/limredd-lance-un-appel-a-contributions-pour-les-challenge-labs-2026\\\/#primaryimage\",\"url\":\"https:\\\/\\\/imredd.fr\\\/wp-content\\\/uploads\\\/2026\\\/04\\\/Capture-decran-2026-04-03-125522.png\",\"contentUrl\":\"https:\\\/\\\/imredd.fr\\\/wp-content\\\/uploads\\\/2026\\\/04\\\/Capture-decran-2026-04-03-125522.png\",\"width\":2468,\"height\":1256},{\"@type\":\"BreadcrumbList\",\"@id\":\"https:\\\/\\\/imredd.fr\\\/limredd-lance-un-appel-a-contributions-pour-les-challenge-labs-2026\\\/#breadcrumb\",\"itemListElement\":[{\"@type\":\"ListItem\",\"position\":1,\"name\":\"Accueil\",\"item\":\"https:\\\/\\\/imredd.fr\\\/\"},{\"@type\":\"ListItem\",\"position\":2,\"name\":\"L\u2019IMREDD lance un appel \u00e0 contributions pour les Challenge Labs 2026\"}]},{\"@type\":\"WebSite\",\"@id\":\"https:\\\/\\\/imredd.fr\\\/#website\",\"url\":\"https:\\\/\\\/imredd.fr\\\/\",\"name\":\"IMREDD - Universit\u00e9 C\u00f4te d'Azur\",\"description\":\"Institut M\u00e9diterran\u00e9en du Risque, de l&#039;Environnement et du D\u00e9veloppement Durable\",\"publisher\":{\"@id\":\"https:\\\/\\\/imredd.fr\\\/#organization\"},\"potentialAction\":[{\"@type\":\"SearchAction\",\"target\":{\"@type\":\"EntryPoint\",\"urlTemplate\":\"https:\\\/\\\/imredd.fr\\\/?s={search_term_string}\"},\"query-input\":{\"@type\":\"PropertyValueSpecification\",\"valueRequired\":true,\"valueName\":\"search_term_string\"}}],\"inLanguage\":\"en-GB\"},{\"@type\":\"Organization\",\"@id\":\"https:\\\/\\\/imredd.fr\\\/#organization\",\"name\":\"IMREDD - Institut M\u00e9diterran\u00e9en du Risque, de l'Environnement et du D\u00e9veloppement Durable\",\"url\":\"https:\\\/\\\/imredd.fr\\\/\",\"logo\":{\"@type\":\"ImageObject\",\"inLanguage\":\"en-GB\",\"@id\":\"https:\\\/\\\/imredd.fr\\\/#\\\/schema\\\/logo\\\/image\\\/\",\"url\":\"https:\\\/\\\/imredd.fr\\\/wp-content\\\/uploads\\\/2025\\\/07\\\/IMREDD-Logo-couleurs-transparent.png\",\"contentUrl\":\"https:\\\/\\\/imredd.fr\\\/wp-content\\\/uploads\\\/2025\\\/07\\\/IMREDD-Logo-couleurs-transparent.png\",\"width\":959,\"height\":164,\"caption\":\"IMREDD - Institut M\u00e9diterran\u00e9en du Risque, de l'Environnement et du D\u00e9veloppement Durable\"},\"image\":{\"@id\":\"https:\\\/\\\/imredd.fr\\\/#\\\/schema\\\/logo\\\/image\\\/\"},\"sameAs\":[\"http:\\\/\\\/facebook.com\\\/imredd.uca\",\"http:\\\/\\\/linkedin.com\\\/showcase\\\/imredd\"]},{\"@type\":\"Person\",\"@id\":\"https:\\\/\\\/imredd.fr\\\/#\\\/schema\\\/person\\\/f52efd28d00a06e9ba397c4c73ef36cd\",\"name\":\"Dimitri Metodiev\",\"image\":{\"@type\":\"ImageObject\",\"inLanguage\":\"en-GB\",\"@id\":\"https:\\\/\\\/secure.gravatar.com\\\/avatar\\\/ec8c52aca59d5a3152726af287ff767e2a5e82a5f2b44143968bc30156fd3f5d?s=96&d=mm&r=g\",\"url\":\"https:\\\/\\\/secure.gravatar.com\\\/avatar\\\/ec8c52aca59d5a3152726af287ff767e2a5e82a5f2b44143968bc30156fd3f5d?s=96&d=mm&r=g\",\"contentUrl\":\"https:\\\/\\\/secure.gravatar.com\\\/avatar\\\/ec8c52aca59d5a3152726af287ff767e2a5e82a5f2b44143968bc30156fd3f5d?s=96&d=mm&r=g\",\"caption\":\"Dimitri Metodiev\"},\"url\":\"https:\\\/\\\/imredd.fr\\\/en\\\/author\\\/dmetodiev\\\/\"}]}<\/script>\n<!-- \/ Yoast SEO Premium plugin. -->","yoast_head_json":{"title":"IMREDD launches a call for contributions for the Challenge Labs 2026 - IMREDD - Universit\u00e9 C\u00f4te d'Azur","robots":{"index":"index","follow":"follow","max-snippet":"max-snippet:-1","max-image-preview":"max-image-preview:large","max-video-preview":"max-video-preview:-1"},"canonical":"https:\/\/imredd.fr\/en\/lim-redd-is-calling-for-contributions-for-the-2026-challenge-labs\/","og_locale":"en_GB","og_type":"article","og_title":"L\u2019IMREDD lance un appel \u00e0 contributions pour les Challenge Labs 2026","og_description":"L\u2019IMREDD invite ses partenaires \u00e0 proposer des th\u00e9matiques et enjeux locaux pour alimenter les Challenge Labs du FutureMakers \u2013 Glocal Leadership Training Program, qui se tiendront les 15 et 16 juillet 2026.","og_url":"https:\/\/imredd.fr\/en\/lim-redd-is-calling-for-contributions-for-the-2026-challenge-labs\/","og_site_name":"IMREDD - Universit\u00e9 C\u00f4te d&#039;Azur","article_publisher":"http:\/\/facebook.com\/imredd.uca","article_published_time":"2026-04-03T11:01:55+00:00","og_image":[{"width":1024,"height":521,"url":"https:\/\/imredd.fr\/wp-content\/uploads\/2026\/04\/Capture-decran-2026-04-03-125522-1024x521.png","type":"image\/png"}],"author":"Dimitri Metodiev","twitter_card":"summary_large_image","twitter_misc":{"Written by":"Dimitri Metodiev","Estimated reading time":"1 minute"},"schema":{"@context":"https:\/\/schema.org","@graph":[{"@type":"Article","@id":"https:\/\/imredd.fr\/limredd-lance-un-appel-a-contributions-pour-les-challenge-labs-2026\/#article","isPartOf":{"@id":"https:\/\/imredd.fr\/limredd-lance-un-appel-a-contributions-pour-les-challenge-labs-2026\/"},"author":{"name":"Dimitri Metodiev","@id":"https:\/\/imredd.fr\/#\/schema\/person\/f52efd28d00a06e9ba397c4c73ef36cd"},"headline":"L\u2019IMREDD lance un appel \u00e0 contributions pour les Challenge Labs 2026","datePublished":"2026-04-03T11:01:55+00:00","mainEntityOfPage":{"@id":"https:\/\/imredd.fr\/limredd-lance-un-appel-a-contributions-pour-les-challenge-labs-2026\/"},"wordCount":187,"commentCount":0,"publisher":{"@id":"https:\/\/imredd.fr\/#organization"},"image":{"@id":"https:\/\/imredd.fr\/limredd-lance-un-appel-a-contributions-pour-les-challenge-labs-2026\/#primaryimage"},"thumbnailUrl":"https:\/\/imredd.fr\/wp-content\/uploads\/2026\/04\/Capture-decran-2026-04-03-125522.png","keywords":["Summer school"],"articleSection":["Formations"],"inLanguage":"en-GB","potentialAction":[{"@type":"CommentAction","name":"Comment","target":["https:\/\/imredd.fr\/limredd-lance-un-appel-a-contributions-pour-les-challenge-labs-2026\/#respond"]}]},{"@type":"WebPage","@id":"https:\/\/imredd.fr\/limredd-lance-un-appel-a-contributions-pour-les-challenge-labs-2026\/","url":"https:\/\/imredd.fr\/limredd-lance-un-appel-a-contributions-pour-les-challenge-labs-2026\/","name":"IMREDD launches a call for contributions for the Challenge Labs 2026 - IMREDD - Universit\u00e9 C\u00f4te d'Azur","isPartOf":{"@id":"https:\/\/imredd.fr\/#website"},"primaryImageOfPage":{"@id":"https:\/\/imredd.fr\/limredd-lance-un-appel-a-contributions-pour-les-challenge-labs-2026\/#primaryimage"},"image":{"@id":"https:\/\/imredd.fr\/limredd-lance-un-appel-a-contributions-pour-les-challenge-labs-2026\/#primaryimage"},"thumbnailUrl":"https:\/\/imredd.fr\/wp-content\/uploads\/2026\/04\/Capture-decran-2026-04-03-125522.png","datePublished":"2026-04-03T11:01:55+00:00","breadcrumb":{"@id":"https:\/\/imredd.fr\/limredd-lance-un-appel-a-contributions-pour-les-challenge-labs-2026\/#breadcrumb"},"inLanguage":"en-GB","potentialAction":[{"@type":"ReadAction","target":["https:\/\/imredd.fr\/limredd-lance-un-appel-a-contributions-pour-les-challenge-labs-2026\/"]}]},{"@type":"ImageObject","inLanguage":"en-GB","@id":"https:\/\/imredd.fr\/limredd-lance-un-appel-a-contributions-pour-les-challenge-labs-2026\/#primaryimage","url":"https:\/\/imredd.fr\/wp-content\/uploads\/2026\/04\/Capture-decran-2026-04-03-125522.png","contentUrl":"https:\/\/imredd.fr\/wp-content\/uploads\/2026\/04\/Capture-decran-2026-04-03-125522.png","width":2468,"height":1256},{"@type":"BreadcrumbList","@id":"https:\/\/imredd.fr\/limredd-lance-un-appel-a-contributions-pour-les-challenge-labs-2026\/#breadcrumb","itemListElement":[{"@type":"ListItem","position":1,"name":"Accueil","item":"https:\/\/imredd.fr\/"},{"@type":"ListItem","position":2,"name":"L\u2019IMREDD lance un appel \u00e0 contributions pour les Challenge Labs 2026"}]},{"@type":"WebSite","@id":"https:\/\/imredd.fr\/#website","url":"https:\/\/imredd.fr\/","name":"IMREDD - C\u00f4te d'Azur University","description":"Mediterranean Institute for Risk, Environment and Sustainable Development","publisher":{"@id":"https:\/\/imredd.fr\/#organization"},"potentialAction":[{"@type":"SearchAction","target":{"@type":"EntryPoint","urlTemplate":"https:\/\/imredd.fr\/?s={search_term_string}"},"query-input":{"@type":"PropertyValueSpecification","valueRequired":true,"valueName":"search_term_string"}}],"inLanguage":"en-GB"},{"@type":"Organization","@id":"https:\/\/imredd.fr\/#organization","name":"IMREDD - Mediterranean Institute for Risk, Environment and Sustainable Development","url":"https:\/\/imredd.fr\/","logo":{"@type":"ImageObject","inLanguage":"en-GB","@id":"https:\/\/imredd.fr\/#\/schema\/logo\/image\/","url":"https:\/\/imredd.fr\/wp-content\/uploads\/2025\/07\/IMREDD-Logo-couleurs-transparent.png","contentUrl":"https:\/\/imredd.fr\/wp-content\/uploads\/2025\/07\/IMREDD-Logo-couleurs-transparent.png","width":959,"height":164,"caption":"IMREDD - Institut M\u00e9diterran\u00e9en du Risque, de l'Environnement et du D\u00e9veloppement Durable"},"image":{"@id":"https:\/\/imredd.fr\/#\/schema\/logo\/image\/"},"sameAs":["http:\/\/facebook.com\/imredd.uca","http:\/\/linkedin.com\/showcase\/imredd"]},{"@type":"Person","@id":"https:\/\/imredd.fr\/#\/schema\/person\/f52efd28d00a06e9ba397c4c73ef36cd","name":"Dimitri Metodiev","image":{"@type":"ImageObject","inLanguage":"en-GB","@id":"https:\/\/secure.gravatar.com\/avatar\/ec8c52aca59d5a3152726af287ff767e2a5e82a5f2b44143968bc30156fd3f5d?s=96&d=mm&r=g","url":"https:\/\/secure.gravatar.com\/avatar\/ec8c52aca59d5a3152726af287ff767e2a5e82a5f2b44143968bc30156fd3f5d?s=96&d=mm&r=g","contentUrl":"https:\/\/secure.gravatar.com\/avatar\/ec8c52aca59d5a3152726af287ff767e2a5e82a5f2b44143968bc30156fd3f5d?s=96&d=mm&r=g","caption":"Dimitri Metodiev"},"url":"https:\/\/imredd.fr\/en\/author\/dmetodiev\/"}]}},"_links":{"self":[{"href":"https:\/\/imredd.fr\/en\/wp-json\/wp\/v2\/posts\/27144","targetHints":{"allow":["GET"]}}],"collection":[{"href":"https:\/\/imredd.fr\/en\/wp-json\/wp\/v2\/posts"}],"about":[{"href":"https:\/\/imredd.fr\/en\/wp-json\/wp\/v2\/types\/post"}],"author":[{"embeddable":true,"href":"https:\/\/imredd.fr\/en\/wp-json\/wp\/v2\/users\/3"}],"replies":[{"embeddable":true,"href":"https:\/\/imredd.fr\/en\/wp-json\/wp\/v2\/comments?post=27144"}],"version-history":[{"count":2,"href":"https:\/\/imredd.fr\/en\/wp-json\/wp\/v2\/posts\/27144\/revisions"}],"predecessor-version":[{"id":27147,"href":"https:\/\/imredd.fr\/en\/wp-json\/wp\/v2\/posts\/27144\/revisions\/27147"}],"wp:featuredmedia":[{"embeddable":true,"href":"https:\/\/imredd.fr\/en\/wp-json\/wp\/v2\/media\/27145"}],"wp:attachment":[{"href":"https:\/\/imredd.fr\/en\/wp-json\/wp\/v2\/media?parent=27144"}],"wp:term":[{"taxonomy":"category","embeddable":true,"href":"https:\/\/imredd.fr\/en\/wp-json\/wp\/v2\/categories?post=27144"},{"taxonomy":"post_tag","embeddable":true,"href":"https:\/\/imredd.fr\/en\/wp-json\/wp\/v2\/tags?post=27144"}],"curies":[{"name":"wp","href":"https:\/\/api.w.org\/{rel}","templated":true}]}}