{"id":27175,"date":"2026-04-29T10:27:57","date_gmt":"2026-04-29T08:27:57","guid":{"rendered":"https:\/\/imredd.fr\/?p=27175"},"modified":"2026-04-29T10:27:57","modified_gmt":"2026-04-29T08:27:57","slug":"a-look-back-at-the-morning-cafe-pracciiis-energie-of-9-april-in-limoges","status":"publish","type":"post","link":"https:\/\/imredd.fr\/en\/retour-sur-le-morning-cafe-pracciis-energie-du-9-avril-a-limredd\/","title":{"rendered":"Review of the PRACCIIS \u00c9nergie Morning Caf\u00e9 of April 9th at IMREDD"},"content":{"rendered":"<p><span data-contrast=\"auto\">Un moment d\u2019\u00e9changes\u00a0centr\u00e9 sur\u00a0un\u00a0objectif : mieux comprendre comment piloter, optimiser et valoriser<strong> l\u2019\u00e9nergie \u00e0 l\u2019\u00e9chelle du b\u00e2timent et du quartier<\/strong>.<\/span><span data-ccp-props=\"{&quot;134233117&quot;:true,&quot;134233118&quot;:true,&quot;134245417&quot;:true,&quot;335551550&quot;:1,&quot;335551620&quot;:1}\">\u00a0<\/span><\/p>\n<p><span data-contrast=\"auto\">Dans un contexte de hausse des co\u00fbts et de contraintes r\u00e9glementaires, les <strong>PME<\/strong> et <strong>ETI<\/strong>\u00a0ont\u00a0un <strong>r\u00f4le cl\u00e9 dans la transition \u00e9nerg\u00e9tique<\/strong>\u00a0<\/span><span data-contrast=\"auto\">: am\u00e9liorer leur efficacit\u00e9, ma\u00eetriser leurs usages et int\u00e9grer des productions locales.<\/span><span data-ccp-props=\"{&quot;134233117&quot;:true,&quot;134233118&quot;:true,&quot;134245417&quot;:true,&quot;335551550&quot;:1,&quot;335551620&quot;:1}\">\u00a0<\/span><!--more--><\/p>\n<h2><b><span data-contrast=\"auto\">Enseignements principaux :<\/span><\/b><span data-ccp-props=\"{&quot;134233117&quot;:true,&quot;134233118&quot;:true,&quot;134245417&quot;:true,&quot;335551550&quot;:1,&quot;335551620&quot;:1}\">\u00a0<\/span><\/h2>\n<ul>\n<li aria-setsize=\"-1\" data-leveltext=\"\uf0b7\" data-font=\"Symbol\" data-listid=\"7\" data-list-defn-props=\"{&quot;335552541&quot;:1,&quot;335559685&quot;:720,&quot;335559991&quot;:360,&quot;469769226&quot;:&quot;Symbol&quot;,&quot;469769242&quot;:[8226],&quot;469777803&quot;:&quot;left&quot;,&quot;469777804&quot;:&quot;\uf0b7&quot;,&quot;469777815&quot;:&quot;multilevel&quot;}\" data-aria-posinset=\"1\" data-aria-level=\"1\"><b><span data-contrast=\"auto\">Photovolta\u00efque<\/span><\/b><span data-contrast=\"auto\">\u00a0: solution mature mais d\u00e9pendante\u00a0de\u202f:\u00a0de<\/span><span data-contrast=\"auto\">s conditions\u00a0d\u2019implantation\u00a0<\/span><span data-contrast=\"auto\">\u00a0l\u2019orientation,\u00a0l\u2019effet de masque,\u00a0la\u00a0temp\u00e9rature,\u00a0etc.\u00a0\u00c0 l\u2019IMREDD : jusqu\u2019\u00e0 44 % de la consommation couverte en 2025\u00a0<\/span><span data-ccp-props=\"{&quot;134233117&quot;:true,&quot;134233118&quot;:true,&quot;134245417&quot;:true,&quot;335551550&quot;:1,&quot;335551620&quot;:1}\">\u00a0<\/span><\/li>\n<\/ul>\n<ul>\n<li aria-setsize=\"-1\" data-leveltext=\"\uf0b7\" data-font=\"Symbol\" data-listid=\"7\" data-list-defn-props=\"{&quot;335552541&quot;:1,&quot;335559685&quot;:720,&quot;335559991&quot;:360,&quot;469769226&quot;:&quot;Symbol&quot;,&quot;469769242&quot;:[8226],&quot;469777803&quot;:&quot;left&quot;,&quot;469777804&quot;:&quot;\uf0b7&quot;,&quot;469777815&quot;:&quot;multilevel&quot;}\" data-aria-posinset=\"2\" data-aria-level=\"1\"><b><span data-contrast=\"auto\">\u00c9olien urbain<\/span><\/b><span data-contrast=\"auto\">\u00a0: potentiel limit\u00e9 en\u00a0<\/span><span data-contrast=\"auto\">environnement<\/span><span data-contrast=\"auto\">\u00a0zone\u00a0urbaine\u00a0<\/span><span data-contrast=\"auto\">dense\u00a0o\u00f9<\/span><span data-contrast=\"auto\">.\u00a0\u00a0Les b\u00e2timents modifient fortement les \u00e9coulements d\u2019air.<\/span><span data-ccp-props=\"{&quot;134233117&quot;:true,&quot;134233118&quot;:true,&quot;134245417&quot;:true,&quot;335551550&quot;:1,&quot;335551620&quot;:1}\">\u00a0<\/span><\/li>\n<\/ul>\n<ul>\n<li aria-setsize=\"-1\" data-leveltext=\"\uf0b7\" data-font=\"Symbol\" data-listid=\"7\" data-list-defn-props=\"{&quot;335552541&quot;:1,&quot;335559685&quot;:720,&quot;335559991&quot;:360,&quot;469769226&quot;:&quot;Symbol&quot;,&quot;469769242&quot;:[8226],&quot;469777803&quot;:&quot;left&quot;,&quot;469777804&quot;:&quot;\uf0b7&quot;,&quot;469777815&quot;:&quot;multilevel&quot;}\" data-aria-posinset=\"3\" data-aria-level=\"1\"><b><span data-contrast=\"auto\">Stockage<\/span><\/b><span data-contrast=\"auto\">\u00a0: levier\u00a0<\/span><span data-contrast=\"auto\">structurant pour<\/span><span data-contrast=\"auto\">\u00a0qui\u00a0valorise la production locale\u00a0<\/span><span data-contrast=\"auto\">et lisse les usages,<\/span><span data-contrast=\"auto\">\u00a0avec des co\u00fbts fortement r\u00e9duits ces derni\u00e8res ann\u00e9es\u00a0<\/span><span data-ccp-props=\"{&quot;134233117&quot;:true,&quot;134233118&quot;:true,&quot;134245417&quot;:true,&quot;335551550&quot;:1,&quot;335551620&quot;:1}\">\u00a0<\/span><\/li>\n<\/ul>\n<ul>\n<li aria-setsize=\"-1\" data-leveltext=\"\uf0b7\" data-font=\"Symbol\" data-listid=\"7\" data-list-defn-props=\"{&quot;335552541&quot;:1,&quot;335559685&quot;:720,&quot;335559991&quot;:360,&quot;469769226&quot;:&quot;Symbol&quot;,&quot;469769242&quot;:[8226],&quot;469777803&quot;:&quot;left&quot;,&quot;469777804&quot;:&quot;\uf0b7&quot;,&quot;469777815&quot;:&quot;multilevel&quot;}\" data-aria-posinset=\"4\" data-aria-level=\"1\"><b><span data-contrast=\"auto\">Bornes de recharge<\/span><\/b><span data-contrast=\"auto\">\u00a0:\u00a0passage d\u2019un usage passif \u00e0 un r\u00f4le actif dans le syst\u00e8me \u00e9nerg\u00e9tique\u00a0(smart\u00a0charging, perspectives V2G)\u00a0<\/span><span data-ccp-props=\"{&quot;134233117&quot;:true,&quot;134233118&quot;:true,&quot;134245417&quot;:true,&quot;335551550&quot;:1,&quot;335551620&quot;:1}\">\u00a0<\/span><\/li>\n<\/ul>\n<ul>\n<li aria-setsize=\"-1\" data-leveltext=\"\uf0b7\" data-font=\"Symbol\" data-listid=\"7\" data-list-defn-props=\"{&quot;335552541&quot;:1,&quot;335559685&quot;:720,&quot;335559991&quot;:360,&quot;469769226&quot;:&quot;Symbol&quot;,&quot;469769242&quot;:[8226],&quot;469777803&quot;:&quot;left&quot;,&quot;469777804&quot;:&quot;\uf0b7&quot;,&quot;469777815&quot;:&quot;multilevel&quot;}\" data-aria-posinset=\"5\" data-aria-level=\"1\"><b><span data-contrast=\"auto\">EMS<\/span><\/b><span data-contrast=\"auto\">\u00a0: indispensable pour piloter les syst\u00e8mes \u00e9nerg\u00e9tiques, \u00e0 condition de disposer des\u00a0donn\u00e9es fiables et exploitables\u00a0<\/span><span data-ccp-props=\"{&quot;134233117&quot;:true,&quot;134233118&quot;:true,&quot;134245417&quot;:true,&quot;335551550&quot;:1,&quot;335551620&quot;:1}\">\u00a0<\/span><\/li>\n<\/ul>\n<ul>\n<li aria-setsize=\"-1\" data-leveltext=\"\uf0b7\" data-font=\"Symbol\" data-listid=\"7\" data-list-defn-props=\"{&quot;335552541&quot;:1,&quot;335559685&quot;:720,&quot;335559991&quot;:360,&quot;469769226&quot;:&quot;Symbol&quot;,&quot;469769242&quot;:[8226],&quot;469777803&quot;:&quot;left&quot;,&quot;469777804&quot;:&quot;\uf0b7&quot;,&quot;469777815&quot;:&quot;multilevel&quot;}\" data-aria-posinset=\"6\" data-aria-level=\"1\"><b><span data-contrast=\"auto\">IA &amp; data<\/span><\/b><span data-contrast=\"auto\">\u00a0: des solutions comme Smart+ permettent de r\u00e9duire\u00a0<\/span><span data-contrast=\"auto\">fortement<\/span><span data-contrast=\"auto\">\u00a0l\u2019instrumentation (7 capteurs vs 60), en identifiant en\u00a0quasi-temps\u00a0r\u00e9el les usages \u00e9nerg\u00e9tiques\u00a0<\/span><span data-contrast=\"auto\">et en facilitant les arbitrages<\/span><span data-contrast=\"auto\">\u00a0<\/span><span data-ccp-props=\"{&quot;134233117&quot;:true,&quot;134233118&quot;:true,&quot;134245417&quot;:true,&quot;335551550&quot;:1,&quot;335551620&quot;:1}\">\u00a0<\/span><\/li>\n<\/ul>\n<p><span data-contrast=\"auto\">\u00c0 Nice\u00a0M\u00e9ridia,\u00a0\u00e0 travers une communaut\u00e9 d\u2019\u00e9nergie,\u00a0ces briques s\u2019inscrivent dans une approche int\u00e9gr\u00e9e combinant production locale multi-\u00e9nergies, capacit\u00e9s de stockage et pilotage des flux.\u00a0La boucle de g\u00e9othermie, int\u00e9gr\u00e9e\u00a0ainsi,\u00a0contribue \u00e0 une production thermique d\u00e9carbon\u00e9e\u00a0<\/span><span data-contrast=\"auto\">et s\u2019int\u00e8gre dans ce syst\u00e8me<\/span><span data-contrast=\"auto\">\u00a0<\/span><span data-contrast=\"auto\">en interaction avec les autres \u00e9nergies renouvelables<\/span><span data-contrast=\"auto\">.\u00a0<\/span><span data-contrast=\"auto\">Cette dynamique se structure \u00e0 travers une communaut\u00e9 d\u2019\u00e9nergie,\u00a0qui permet\u00a0de\u00a0\u00a0pour\u00a0mutualiser production et consommation entre acteurs locaux<\/span><span data-contrast=\"auto\">,\u00a0<\/span><span data-contrast=\"auto\">dans une logique d\u2019optimisation des flux et de valorisation de l\u2019\u00e9nergie produite.<\/span><span data-ccp-props=\"{&quot;134233117&quot;:true,&quot;134233118&quot;:true,&quot;134245417&quot;:true,&quot;335551550&quot;:1,&quot;335551620&quot;:1}\">\u00a0<\/span><\/p>\n<p><span data-contrast=\"auto\">Merci \u00e0 l\u2019ensemble des participants pour la qualit\u00e9 des \u00e9changes.<\/span><span data-ccp-props=\"{&quot;134233117&quot;:true,&quot;134233118&quot;:true,&quot;134245417&quot;:true,&quot;335551550&quot;:1,&quot;335551620&quot;:1}\">\u00a0<\/span><\/p>\n<h2><span data-contrast=\"auto\">Prochain rendez-vous :\u00a0<\/span><\/h2>\n<p><b><span data-contrast=\"auto\">Mardi 29 septembre 2026<\/span><\/b><br \/>\n<b><span data-contrast=\"auto\">Morning Caf\u00e9 #2 \u2013 L\u2019\u00e9nergie \u00e7a roule<\/span><\/b> &#8211;<br \/>\n<em>Recharge pilot\u00e9e, V2G et valorisation des flottes de v\u00e9hicules \u00e9lectriques\u00a0<\/em><\/p>\n<h2><b><span data-contrast=\"auto\">\u00c0 retenir :<\/span><\/b><\/h2>\n<p><span data-contrast=\"auto\">La performance des syst\u00e8mes \u00e9nerg\u00e9tiques repose sur\u00a0<\/span><span data-contrast=\"auto\">un triptyque<\/span><span data-contrast=\"auto\">\u00a0:\u00a0l\u2019int\u00e9gration des solutions, qualit\u00e9 des donn\u00e9es et prise en compte des usages,\u00a0<\/span><span data-contrast=\"auto\">\u00e9l\u00e9ments cl\u00e9s pour accompagner le d\u00e9veloppement des \u00e9nergies renouvelables et leur variabilit\u00e9\u00a0<\/span><span data-ccp-props=\"{&quot;134233117&quot;:true,&quot;134233118&quot;:true,&quot;134245417&quot;:true,&quot;335551550&quot;:1,&quot;335551620&quot;:1}\">\u00a0<\/span><\/p>\n<h3><span data-contrast=\"auto\">Si vous souhaitez approfondir les \u00e9changes, discuter d\u2019un futur projet ou d\u00e9couvrir notre environnement, contactez-nous\u202f!<\/span><\/h3>\n","protected":false},"excerpt":{"rendered":"<p>Un moment d\u2019\u00e9changes\u00a0centr\u00e9 sur\u00a0un\u00a0objectif : mieux comprendre comment piloter, optimiser et valoriser l\u2019\u00e9nergie \u00e0 l\u2019\u00e9chelle du b\u00e2timent et du quartier.\u00a0 Dans un contexte de hausse des co\u00fbts et de contraintes r\u00e9glementaires, les PME et ETI\u00a0ont\u00a0un r\u00f4le cl\u00e9 dans la transition \u00e9nerg\u00e9tique\u00a0: am\u00e9liorer leur efficacit\u00e9, ma\u00eetriser leurs usages et int\u00e9grer des productions locales.\u00a0<\/p>","protected":false},"author":3,"featured_media":27176,"comment_status":"open","ping_status":"open","sticky":false,"template":"","format":"standard","meta":{"footnotes":""},"categories":[505,153],"tags":[521,520],"class_list":["post-27175","post","type-post","status-publish","format-standard","has-post-thumbnail","hentry","category-evenements","category-plateforme-technologique","tag-energie","tag-morning-cafe-imredd","has-post-title","has-post-date","has-post-category","has-post-tag","has-post-comment","has-post-author",""],"yoast_head":"<!-- This site is optimized with the Yoast SEO Premium plugin v27.4 (Yoast SEO v27.4) - https:\/\/yoast.com\/product\/yoast-seo-premium-wordpress\/ -->\n<title>Retour sur le Morning Caf\u00e9 PRACCIIS \u00c9nergie du 9 avril \u00e0 l\u2019IMREDD - IMREDD - Universit\u00e9 C\u00f4te d&#039;Azur<\/title>\n<meta name=\"robots\" content=\"index, follow, max-snippet:-1, max-image-preview:large, max-video-preview:-1\" \/>\n<link rel=\"canonical\" href=\"https:\/\/imredd.fr\/en\/a-look-back-at-the-morning-cafe-pracciiis-energie-of-9-april-in-limoges\/\" \/>\n<meta property=\"og:locale\" content=\"en_GB\" \/>\n<meta property=\"og:type\" content=\"article\" \/>\n<meta property=\"og:title\" content=\"Retour sur le Morning Caf\u00e9 PRACCIIS \u00c9nergie du 9 avril \u00e0 l\u2019IMREDD\" \/>\n<meta property=\"og:description\" content=\"Un moment d\u2019\u00e9changes\u00a0centr\u00e9 sur\u00a0un\u00a0objectif : mieux comprendre comment piloter, optimiser et valoriser l\u2019\u00e9nergie \u00e0 l\u2019\u00e9chelle du b\u00e2timent et du quartier.\u00a0 Dans un contexte de hausse des co\u00fbts et de contraintes r\u00e9glementaires, les PME et ETI\u00a0ont\u00a0un r\u00f4le cl\u00e9 dans la transition \u00e9nerg\u00e9tique\u00a0: am\u00e9liorer leur efficacit\u00e9, ma\u00eetriser leurs usages et int\u00e9grer des productions locales.\u00a0\" \/>\n<meta property=\"og:url\" content=\"https:\/\/imredd.fr\/en\/a-look-back-at-the-morning-cafe-pracciiis-energie-of-9-april-in-limoges\/\" \/>\n<meta property=\"og:site_name\" content=\"IMREDD - Universit\u00e9 C\u00f4te d&#039;Azur\" \/>\n<meta property=\"article:publisher\" content=\"http:\/\/facebook.com\/imredd.uca\" \/>\n<meta property=\"article:published_time\" content=\"2026-04-29T08:27:57+00:00\" \/>\n<meta property=\"og:image\" content=\"http:\/\/imredd.fr\/wp-content\/uploads\/2026\/04\/Fanny-IMREDD-scaled.jpg\" \/>\n\t<meta property=\"og:image:width\" content=\"2560\" \/>\n\t<meta property=\"og:image:height\" content=\"1441\" \/>\n\t<meta property=\"og:image:type\" content=\"image\/jpeg\" \/>\n<meta name=\"author\" content=\"Dimitri Metodiev\" \/>\n<meta name=\"twitter:card\" content=\"summary_large_image\" \/>\n<meta name=\"twitter:label1\" content=\"Written by\" \/>\n\t<meta name=\"twitter:data1\" content=\"Dimitri Metodiev\" \/>\n\t<meta name=\"twitter:label2\" content=\"Estimated reading time\" \/>\n\t<meta name=\"twitter:data2\" content=\"2 minutes\" \/>\n<script type=\"application\/ld+json\" class=\"yoast-schema-graph\">{\"@context\":\"https:\\\/\\\/schema.org\",\"@graph\":[{\"@type\":\"Article\",\"@id\":\"https:\\\/\\\/imredd.fr\\\/retour-sur-le-morning-cafe-pracciis-energie-du-9-avril-a-limredd\\\/#article\",\"isPartOf\":{\"@id\":\"https:\\\/\\\/imredd.fr\\\/retour-sur-le-morning-cafe-pracciis-energie-du-9-avril-a-limredd\\\/\"},\"author\":{\"name\":\"Dimitri Metodiev\",\"@id\":\"https:\\\/\\\/imredd.fr\\\/#\\\/schema\\\/person\\\/f52efd28d00a06e9ba397c4c73ef36cd\"},\"headline\":\"Retour sur le Morning Caf\u00e9 PRACCIIS \u00c9nergie du 9 avril \u00e0 l\u2019IMREDD\",\"datePublished\":\"2026-04-29T08:27:57+00:00\",\"mainEntityOfPage\":{\"@id\":\"https:\\\/\\\/imredd.fr\\\/retour-sur-le-morning-cafe-pracciis-energie-du-9-avril-a-limredd\\\/\"},\"wordCount\":415,\"commentCount\":0,\"publisher\":{\"@id\":\"https:\\\/\\\/imredd.fr\\\/#organization\"},\"image\":{\"@id\":\"https:\\\/\\\/imredd.fr\\\/retour-sur-le-morning-cafe-pracciis-energie-du-9-avril-a-limredd\\\/#primaryimage\"},\"thumbnailUrl\":\"https:\\\/\\\/imredd.fr\\\/wp-content\\\/uploads\\\/2026\\\/04\\\/Fanny-IMREDD-scaled.jpg\",\"keywords\":[\"Energie\",\"Morning caf\u00e9 IMREDD\"],\"articleSection\":[\"\u00c9v\u00e9nements\",\"Plateforme Technologique\"],\"inLanguage\":\"en-GB\",\"potentialAction\":[{\"@type\":\"CommentAction\",\"name\":\"Comment\",\"target\":[\"https:\\\/\\\/imredd.fr\\\/retour-sur-le-morning-cafe-pracciis-energie-du-9-avril-a-limredd\\\/#respond\"]}]},{\"@type\":\"WebPage\",\"@id\":\"https:\\\/\\\/imredd.fr\\\/retour-sur-le-morning-cafe-pracciis-energie-du-9-avril-a-limredd\\\/\",\"url\":\"https:\\\/\\\/imredd.fr\\\/retour-sur-le-morning-cafe-pracciis-energie-du-9-avril-a-limredd\\\/\",\"name\":\"Retour sur le Morning Caf\u00e9 PRACCIIS \u00c9nergie du 9 avril \u00e0 l\u2019IMREDD - IMREDD - Universit\u00e9 C\u00f4te d&#039;Azur\",\"isPartOf\":{\"@id\":\"https:\\\/\\\/imredd.fr\\\/#website\"},\"primaryImageOfPage\":{\"@id\":\"https:\\\/\\\/imredd.fr\\\/retour-sur-le-morning-cafe-pracciis-energie-du-9-avril-a-limredd\\\/#primaryimage\"},\"image\":{\"@id\":\"https:\\\/\\\/imredd.fr\\\/retour-sur-le-morning-cafe-pracciis-energie-du-9-avril-a-limredd\\\/#primaryimage\"},\"thumbnailUrl\":\"https:\\\/\\\/imredd.fr\\\/wp-content\\\/uploads\\\/2026\\\/04\\\/Fanny-IMREDD-scaled.jpg\",\"datePublished\":\"2026-04-29T08:27:57+00:00\",\"breadcrumb\":{\"@id\":\"https:\\\/\\\/imredd.fr\\\/retour-sur-le-morning-cafe-pracciis-energie-du-9-avril-a-limredd\\\/#breadcrumb\"},\"inLanguage\":\"en-GB\",\"potentialAction\":[{\"@type\":\"ReadAction\",\"target\":[\"https:\\\/\\\/imredd.fr\\\/retour-sur-le-morning-cafe-pracciis-energie-du-9-avril-a-limredd\\\/\"]}]},{\"@type\":\"ImageObject\",\"inLanguage\":\"en-GB\",\"@id\":\"https:\\\/\\\/imredd.fr\\\/retour-sur-le-morning-cafe-pracciis-energie-du-9-avril-a-limredd\\\/#primaryimage\",\"url\":\"https:\\\/\\\/imredd.fr\\\/wp-content\\\/uploads\\\/2026\\\/04\\\/Fanny-IMREDD-scaled.jpg\",\"contentUrl\":\"https:\\\/\\\/imredd.fr\\\/wp-content\\\/uploads\\\/2026\\\/04\\\/Fanny-IMREDD-scaled.jpg\",\"width\":2560,\"height\":1441},{\"@type\":\"BreadcrumbList\",\"@id\":\"https:\\\/\\\/imredd.fr\\\/retour-sur-le-morning-cafe-pracciis-energie-du-9-avril-a-limredd\\\/#breadcrumb\",\"itemListElement\":[{\"@type\":\"ListItem\",\"position\":1,\"name\":\"Accueil\",\"item\":\"https:\\\/\\\/imredd.fr\\\/\"},{\"@type\":\"ListItem\",\"position\":2,\"name\":\"Retour sur le Morning Caf\u00e9 PRACCIIS \u00c9nergie du 9 avril \u00e0 l\u2019IMREDD\"}]},{\"@type\":\"WebSite\",\"@id\":\"https:\\\/\\\/imredd.fr\\\/#website\",\"url\":\"https:\\\/\\\/imredd.fr\\\/\",\"name\":\"IMREDD - Universit\u00e9 C\u00f4te d'Azur\",\"description\":\"Institut M\u00e9diterran\u00e9en du Risque, de l&#039;Environnement et du D\u00e9veloppement Durable\",\"publisher\":{\"@id\":\"https:\\\/\\\/imredd.fr\\\/#organization\"},\"potentialAction\":[{\"@type\":\"SearchAction\",\"target\":{\"@type\":\"EntryPoint\",\"urlTemplate\":\"https:\\\/\\\/imredd.fr\\\/?s={search_term_string}\"},\"query-input\":{\"@type\":\"PropertyValueSpecification\",\"valueRequired\":true,\"valueName\":\"search_term_string\"}}],\"inLanguage\":\"en-GB\"},{\"@type\":\"Organization\",\"@id\":\"https:\\\/\\\/imredd.fr\\\/#organization\",\"name\":\"IMREDD - Institut M\u00e9diterran\u00e9en du Risque, de l'Environnement et du D\u00e9veloppement Durable\",\"url\":\"https:\\\/\\\/imredd.fr\\\/\",\"logo\":{\"@type\":\"ImageObject\",\"inLanguage\":\"en-GB\",\"@id\":\"https:\\\/\\\/imredd.fr\\\/#\\\/schema\\\/logo\\\/image\\\/\",\"url\":\"https:\\\/\\\/imredd.fr\\\/wp-content\\\/uploads\\\/2025\\\/07\\\/IMREDD-Logo-couleurs-transparent.png\",\"contentUrl\":\"https:\\\/\\\/imredd.fr\\\/wp-content\\\/uploads\\\/2025\\\/07\\\/IMREDD-Logo-couleurs-transparent.png\",\"width\":959,\"height\":164,\"caption\":\"IMREDD - Institut M\u00e9diterran\u00e9en du Risque, de l'Environnement et du D\u00e9veloppement Durable\"},\"image\":{\"@id\":\"https:\\\/\\\/imredd.fr\\\/#\\\/schema\\\/logo\\\/image\\\/\"},\"sameAs\":[\"http:\\\/\\\/facebook.com\\\/imredd.uca\",\"http:\\\/\\\/linkedin.com\\\/showcase\\\/imredd\"]},{\"@type\":\"Person\",\"@id\":\"https:\\\/\\\/imredd.fr\\\/#\\\/schema\\\/person\\\/f52efd28d00a06e9ba397c4c73ef36cd\",\"name\":\"Dimitri Metodiev\",\"image\":{\"@type\":\"ImageObject\",\"inLanguage\":\"en-GB\",\"@id\":\"https:\\\/\\\/secure.gravatar.com\\\/avatar\\\/ec8c52aca59d5a3152726af287ff767e2a5e82a5f2b44143968bc30156fd3f5d?s=96&d=mm&r=g\",\"url\":\"https:\\\/\\\/secure.gravatar.com\\\/avatar\\\/ec8c52aca59d5a3152726af287ff767e2a5e82a5f2b44143968bc30156fd3f5d?s=96&d=mm&r=g\",\"contentUrl\":\"https:\\\/\\\/secure.gravatar.com\\\/avatar\\\/ec8c52aca59d5a3152726af287ff767e2a5e82a5f2b44143968bc30156fd3f5d?s=96&d=mm&r=g\",\"caption\":\"Dimitri Metodiev\"},\"url\":\"https:\\\/\\\/imredd.fr\\\/en\\\/author\\\/dmetodiev\\\/\"}]}<\/script>\n<!-- \/ Yoast SEO Premium plugin. -->","yoast_head_json":{"title":"Retour sur le Morning Caf\u00e9 PRACCIIS \u00c9nergie du 9 avril \u00e0 l\u2019IMREDD - IMREDD - Universit\u00e9 C\u00f4te d&#039;Azur","robots":{"index":"index","follow":"follow","max-snippet":"max-snippet:-1","max-image-preview":"max-image-preview:large","max-video-preview":"max-video-preview:-1"},"canonical":"https:\/\/imredd.fr\/en\/a-look-back-at-the-morning-cafe-pracciiis-energie-of-9-april-in-limoges\/","og_locale":"en_GB","og_type":"article","og_title":"Retour sur le Morning Caf\u00e9 PRACCIIS \u00c9nergie du 9 avril \u00e0 l\u2019IMREDD","og_description":"Un moment d\u2019\u00e9changes\u00a0centr\u00e9 sur\u00a0un\u00a0objectif : mieux comprendre comment piloter, optimiser et valoriser l\u2019\u00e9nergie \u00e0 l\u2019\u00e9chelle du b\u00e2timent et du quartier.\u00a0 Dans un contexte de hausse des co\u00fbts et de contraintes r\u00e9glementaires, les PME et ETI\u00a0ont\u00a0un r\u00f4le cl\u00e9 dans la transition \u00e9nerg\u00e9tique\u00a0: am\u00e9liorer leur efficacit\u00e9, ma\u00eetriser leurs usages et int\u00e9grer des productions locales.\u00a0","og_url":"https:\/\/imredd.fr\/en\/a-look-back-at-the-morning-cafe-pracciiis-energie-of-9-april-in-limoges\/","og_site_name":"IMREDD - Universit\u00e9 C\u00f4te d&#039;Azur","article_publisher":"http:\/\/facebook.com\/imredd.uca","article_published_time":"2026-04-29T08:27:57+00:00","og_image":[{"width":2560,"height":1441,"url":"http:\/\/imredd.fr\/wp-content\/uploads\/2026\/04\/Fanny-IMREDD-scaled.jpg","type":"image\/jpeg"}],"author":"Dimitri Metodiev","twitter_card":"summary_large_image","twitter_misc":{"Written by":"Dimitri Metodiev","Estimated reading time":"2 minutes"},"schema":{"@context":"https:\/\/schema.org","@graph":[{"@type":"Article","@id":"https:\/\/imredd.fr\/retour-sur-le-morning-cafe-pracciis-energie-du-9-avril-a-limredd\/#article","isPartOf":{"@id":"https:\/\/imredd.fr\/retour-sur-le-morning-cafe-pracciis-energie-du-9-avril-a-limredd\/"},"author":{"name":"Dimitri Metodiev","@id":"https:\/\/imredd.fr\/#\/schema\/person\/f52efd28d00a06e9ba397c4c73ef36cd"},"headline":"Retour sur le Morning Caf\u00e9 PRACCIIS \u00c9nergie du 9 avril \u00e0 l\u2019IMREDD","datePublished":"2026-04-29T08:27:57+00:00","mainEntityOfPage":{"@id":"https:\/\/imredd.fr\/retour-sur-le-morning-cafe-pracciis-energie-du-9-avril-a-limredd\/"},"wordCount":415,"commentCount":0,"publisher":{"@id":"https:\/\/imredd.fr\/#organization"},"image":{"@id":"https:\/\/imredd.fr\/retour-sur-le-morning-cafe-pracciis-energie-du-9-avril-a-limredd\/#primaryimage"},"thumbnailUrl":"https:\/\/imredd.fr\/wp-content\/uploads\/2026\/04\/Fanny-IMREDD-scaled.jpg","keywords":["Energie","Morning caf\u00e9 IMREDD"],"articleSection":["\u00c9v\u00e9nements","Plateforme Technologique"],"inLanguage":"en-GB","potentialAction":[{"@type":"CommentAction","name":"Comment","target":["https:\/\/imredd.fr\/retour-sur-le-morning-cafe-pracciis-energie-du-9-avril-a-limredd\/#respond"]}]},{"@type":"WebPage","@id":"https:\/\/imredd.fr\/retour-sur-le-morning-cafe-pracciis-energie-du-9-avril-a-limredd\/","url":"https:\/\/imredd.fr\/retour-sur-le-morning-cafe-pracciis-energie-du-9-avril-a-limredd\/","name":"Retour sur le Morning Caf\u00e9 PRACCIIS \u00c9nergie du 9 avril \u00e0 l\u2019IMREDD - IMREDD - Universit\u00e9 C\u00f4te d&#039;Azur","isPartOf":{"@id":"https:\/\/imredd.fr\/#website"},"primaryImageOfPage":{"@id":"https:\/\/imredd.fr\/retour-sur-le-morning-cafe-pracciis-energie-du-9-avril-a-limredd\/#primaryimage"},"image":{"@id":"https:\/\/imredd.fr\/retour-sur-le-morning-cafe-pracciis-energie-du-9-avril-a-limredd\/#primaryimage"},"thumbnailUrl":"https:\/\/imredd.fr\/wp-content\/uploads\/2026\/04\/Fanny-IMREDD-scaled.jpg","datePublished":"2026-04-29T08:27:57+00:00","breadcrumb":{"@id":"https:\/\/imredd.fr\/retour-sur-le-morning-cafe-pracciis-energie-du-9-avril-a-limredd\/#breadcrumb"},"inLanguage":"en-GB","potentialAction":[{"@type":"ReadAction","target":["https:\/\/imredd.fr\/retour-sur-le-morning-cafe-pracciis-energie-du-9-avril-a-limredd\/"]}]},{"@type":"ImageObject","inLanguage":"en-GB","@id":"https:\/\/imredd.fr\/retour-sur-le-morning-cafe-pracciis-energie-du-9-avril-a-limredd\/#primaryimage","url":"https:\/\/imredd.fr\/wp-content\/uploads\/2026\/04\/Fanny-IMREDD-scaled.jpg","contentUrl":"https:\/\/imredd.fr\/wp-content\/uploads\/2026\/04\/Fanny-IMREDD-scaled.jpg","width":2560,"height":1441},{"@type":"BreadcrumbList","@id":"https:\/\/imredd.fr\/retour-sur-le-morning-cafe-pracciis-energie-du-9-avril-a-limredd\/#breadcrumb","itemListElement":[{"@type":"ListItem","position":1,"name":"Accueil","item":"https:\/\/imredd.fr\/"},{"@type":"ListItem","position":2,"name":"Retour sur le Morning Caf\u00e9 PRACCIIS \u00c9nergie du 9 avril \u00e0 l\u2019IMREDD"}]},{"@type":"WebSite","@id":"https:\/\/imredd.fr\/#website","url":"https:\/\/imredd.fr\/","name":"IMREDD - C\u00f4te d'Azur University","description":"Mediterranean Institute for Risk, Environment and Sustainable Development","publisher":{"@id":"https:\/\/imredd.fr\/#organization"},"potentialAction":[{"@type":"SearchAction","target":{"@type":"EntryPoint","urlTemplate":"https:\/\/imredd.fr\/?s={search_term_string}"},"query-input":{"@type":"PropertyValueSpecification","valueRequired":true,"valueName":"search_term_string"}}],"inLanguage":"en-GB"},{"@type":"Organization","@id":"https:\/\/imredd.fr\/#organization","name":"IMREDD - Mediterranean Institute for Risk, Environment and Sustainable Development","url":"https:\/\/imredd.fr\/","logo":{"@type":"ImageObject","inLanguage":"en-GB","@id":"https:\/\/imredd.fr\/#\/schema\/logo\/image\/","url":"https:\/\/imredd.fr\/wp-content\/uploads\/2025\/07\/IMREDD-Logo-couleurs-transparent.png","contentUrl":"https:\/\/imredd.fr\/wp-content\/uploads\/2025\/07\/IMREDD-Logo-couleurs-transparent.png","width":959,"height":164,"caption":"IMREDD - Institut M\u00e9diterran\u00e9en du Risque, de l'Environnement et du D\u00e9veloppement Durable"},"image":{"@id":"https:\/\/imredd.fr\/#\/schema\/logo\/image\/"},"sameAs":["http:\/\/facebook.com\/imredd.uca","http:\/\/linkedin.com\/showcase\/imredd"]},{"@type":"Person","@id":"https:\/\/imredd.fr\/#\/schema\/person\/f52efd28d00a06e9ba397c4c73ef36cd","name":"Dimitri Metodiev","image":{"@type":"ImageObject","inLanguage":"en-GB","@id":"https:\/\/secure.gravatar.com\/avatar\/ec8c52aca59d5a3152726af287ff767e2a5e82a5f2b44143968bc30156fd3f5d?s=96&d=mm&r=g","url":"https:\/\/secure.gravatar.com\/avatar\/ec8c52aca59d5a3152726af287ff767e2a5e82a5f2b44143968bc30156fd3f5d?s=96&d=mm&r=g","contentUrl":"https:\/\/secure.gravatar.com\/avatar\/ec8c52aca59d5a3152726af287ff767e2a5e82a5f2b44143968bc30156fd3f5d?s=96&d=mm&r=g","caption":"Dimitri Metodiev"},"url":"https:\/\/imredd.fr\/en\/author\/dmetodiev\/"}]}},"_links":{"self":[{"href":"https:\/\/imredd.fr\/en\/wp-json\/wp\/v2\/posts\/27175","targetHints":{"allow":["GET"]}}],"collection":[{"href":"https:\/\/imredd.fr\/en\/wp-json\/wp\/v2\/posts"}],"about":[{"href":"https:\/\/imredd.fr\/en\/wp-json\/wp\/v2\/types\/post"}],"author":[{"embeddable":true,"href":"https:\/\/imredd.fr\/en\/wp-json\/wp\/v2\/users\/3"}],"replies":[{"embeddable":true,"href":"https:\/\/imredd.fr\/en\/wp-json\/wp\/v2\/comments?post=27175"}],"version-history":[{"count":2,"href":"https:\/\/imredd.fr\/en\/wp-json\/wp\/v2\/posts\/27175\/revisions"}],"predecessor-version":[{"id":27178,"href":"https:\/\/imredd.fr\/en\/wp-json\/wp\/v2\/posts\/27175\/revisions\/27178"}],"wp:featuredmedia":[{"embeddable":true,"href":"https:\/\/imredd.fr\/en\/wp-json\/wp\/v2\/media\/27176"}],"wp:attachment":[{"href":"https:\/\/imredd.fr\/en\/wp-json\/wp\/v2\/media?parent=27175"}],"wp:term":[{"taxonomy":"category","embeddable":true,"href":"https:\/\/imredd.fr\/en\/wp-json\/wp\/v2\/categories?post=27175"},{"taxonomy":"post_tag","embeddable":true,"href":"https:\/\/imredd.fr\/en\/wp-json\/wp\/v2\/tags?post=27175"}],"curies":[{"name":"wp","href":"https:\/\/api.w.org\/{rel}","templated":true}]}}