{"id":8733,"date":"2018-05-03T17:05:08","date_gmt":"2018-05-03T15:05:08","guid":{"rendered":"http:\/\/imredd.fr\/?p=8733"},"modified":"2026-01-12T18:43:22","modified_gmt":"2026-01-12T17:43:22","slug":"universite-cote-dazur-and-its-industrial-partners-are-establishing-a-chair-of-philosophy-and-ethics-for-the-smart-city","status":"publish","type":"post","link":"https:\/\/imredd.fr\/en\/universite-cote-dazur-and-its-industrial-partners-create-a-chair-of-philosophy-and-ethics-for-the-smart-city\/","title":{"rendered":"Universit\u00e9 C\u00f4te d'Azur and its industrial partners create a chair of philosophy and ethics for the Smart City"},"content":{"rendered":"<h3>Thinking the citizen of the future and its new habitat<\/h3>\n<p><!--more--><\/p>\n<p>Universit\u00e9 C\u00f4te d\u2019Azur, in partnership with its industrial collaborators \u00c9lectronie, R\u00e9sistex, UIMM and Ragni, is delighted to announce the establishment of the \u00abSmart City: Philosophy and Ethics\u00bb Chair. This initiative is dedicated to fostering expertise in the philosophical and ethical dimensions of Smart City development.<\/p>\n<p>Supported by the Universit\u00e9 C\u00f4te d\u2019Azur Foundation and the Reference Centre \u00ab Smart Territory, Prevention and Risk Management \u00bb established at the Mediterranean Institute of Risk, Environment and Sustainable Development (IMREDD), the Chair is led by philosopher Laurence Vanin, Doctor of Letters in Political Philosophy and Epistemology, under the patronage of Dr. Boris Cyrulnik.<\/p>\n<p>The inaugural lecture of the Chaire Smart City: Philosophy and Ethics took place on 3rd May, at Nice City Hall, in the presence of Christian Estrosi, Mayor of Nice, President of the Nice C\u00f4te d\u2019Azur Metropolis and Deputy President of the Region Provence-Alpes-C\u00f4te d\u2019Azur.<\/p>\n<p style=\"text-align: center;\"><a href=\"http:\/\/imredd.fr\/wp-content\/uploads\/2018\/07\/2018-04-17-CP-Chaire-Smart-City-_final-MAJ-Juillet.pdf\" target=\"_blank\" rel=\"noopener\">Download the press release (in French)<\/a> |\u00a0<a href=\"http:\/\/imredd.fr\/en\/project\/chaire-smart-city\/\" target=\"_blank\" rel=\"noopener\">Visit the project page<\/a><\/p>\n<div id='gallery-1' class='gallery galleryid-8733 gallery-columns-3 gallery-size-medium'><figure class='gallery-item'>\n\t\t\t<div class='gallery-icon landscape'>\n\t\t\t\t<a href='https:\/\/imredd.fr\/wp-content\/uploads\/2018\/07\/Seance-Inaugurale-Chaire-Smart-City_00019_900x600.jpg'><img loading=\"lazy\" decoding=\"async\" width=\"300\" height=\"200\" src=\"https:\/\/imredd.fr\/wp-content\/uploads\/2018\/07\/Seance-Inaugurale-Chaire-Smart-City_00019_900x600-300x200.jpg\" class=\"attachment-medium size-medium\" alt=\"\" srcset=\"https:\/\/imredd.fr\/wp-content\/uploads\/2018\/07\/Seance-Inaugurale-Chaire-Smart-City_00019_900x600-300x200.jpg 300w, https:\/\/imredd.fr\/wp-content\/uploads\/2018\/07\/Seance-Inaugurale-Chaire-Smart-City_00019_900x600-768x512.jpg 768w, https:\/\/imredd.fr\/wp-content\/uploads\/2018\/07\/Seance-Inaugurale-Chaire-Smart-City_00019_900x600.jpg 900w\" sizes=\"auto, (max-width: 300px) 100vw, 300px\" \/><\/a>\n\t\t\t<\/div><\/figure><figure class='gallery-item'>\n\t\t\t<div class='gallery-icon landscape'>\n\t\t\t\t<a href='https:\/\/imredd.fr\/wp-content\/uploads\/2018\/07\/Seance-Inaugurale-Chaire-Smart-City_00074_900x600.jpg'><img loading=\"lazy\" decoding=\"async\" width=\"300\" height=\"200\" src=\"https:\/\/imredd.fr\/wp-content\/uploads\/2018\/07\/Seance-Inaugurale-Chaire-Smart-City_00074_900x600-300x200.jpg\" class=\"attachment-medium size-medium\" alt=\"\" srcset=\"https:\/\/imredd.fr\/wp-content\/uploads\/2018\/07\/Seance-Inaugurale-Chaire-Smart-City_00074_900x600-300x200.jpg 300w, https:\/\/imredd.fr\/wp-content\/uploads\/2018\/07\/Seance-Inaugurale-Chaire-Smart-City_00074_900x600-768x512.jpg 768w, https:\/\/imredd.fr\/wp-content\/uploads\/2018\/07\/Seance-Inaugurale-Chaire-Smart-City_00074_900x600.jpg 900w\" sizes=\"auto, (max-width: 300px) 100vw, 300px\" \/><\/a>\n\t\t\t<\/div><\/figure><figure class='gallery-item'>\n\t\t\t<div class='gallery-icon landscape'>\n\t\t\t\t<a href='https:\/\/imredd.fr\/wp-content\/uploads\/2018\/07\/Seance-Inaugurale-Chaire-Smart-City_00033_900x600.jpg'><img loading=\"lazy\" decoding=\"async\" width=\"300\" height=\"200\" src=\"https:\/\/imredd.fr\/wp-content\/uploads\/2018\/07\/Seance-Inaugurale-Chaire-Smart-City_00033_900x600-300x200.jpg\" class=\"attachment-medium size-medium\" alt=\"\" srcset=\"https:\/\/imredd.fr\/wp-content\/uploads\/2018\/07\/Seance-Inaugurale-Chaire-Smart-City_00033_900x600-300x200.jpg 300w, https:\/\/imredd.fr\/wp-content\/uploads\/2018\/07\/Seance-Inaugurale-Chaire-Smart-City_00033_900x600-768x512.jpg 768w, https:\/\/imredd.fr\/wp-content\/uploads\/2018\/07\/Seance-Inaugurale-Chaire-Smart-City_00033_900x600.jpg 900w\" sizes=\"auto, (max-width: 300px) 100vw, 300px\" \/><\/a>\n\t\t\t<\/div><\/figure><figure class='gallery-item'>\n\t\t\t<div class='gallery-icon landscape'>\n\t\t\t\t<a href='https:\/\/imredd.fr\/wp-content\/uploads\/2018\/07\/Seance-Inaugurale-Chaire-Smart-City_00040_900x600.jpg'><img loading=\"lazy\" decoding=\"async\" width=\"300\" height=\"200\" src=\"https:\/\/imredd.fr\/wp-content\/uploads\/2018\/07\/Seance-Inaugurale-Chaire-Smart-City_00040_900x600-300x200.jpg\" class=\"attachment-medium size-medium\" alt=\"\" srcset=\"https:\/\/imredd.fr\/wp-content\/uploads\/2018\/07\/Seance-Inaugurale-Chaire-Smart-City_00040_900x600-300x200.jpg 300w, https:\/\/imredd.fr\/wp-content\/uploads\/2018\/07\/Seance-Inaugurale-Chaire-Smart-City_00040_900x600-768x512.jpg 768w, https:\/\/imredd.fr\/wp-content\/uploads\/2018\/07\/Seance-Inaugurale-Chaire-Smart-City_00040_900x600.jpg 900w\" sizes=\"auto, (max-width: 300px) 100vw, 300px\" \/><\/a>\n\t\t\t<\/div><\/figure><figure class='gallery-item'>\n\t\t\t<div class='gallery-icon landscape'>\n\t\t\t\t<a href='https:\/\/imredd.fr\/wp-content\/uploads\/2018\/07\/Seance-Inaugurale-Chaire-Smart-City_00046_900x600.jpg'><img loading=\"lazy\" decoding=\"async\" width=\"300\" height=\"200\" src=\"https:\/\/imredd.fr\/wp-content\/uploads\/2018\/07\/Seance-Inaugurale-Chaire-Smart-City_00046_900x600-300x200.jpg\" class=\"attachment-medium size-medium\" alt=\"\" srcset=\"https:\/\/imredd.fr\/wp-content\/uploads\/2018\/07\/Seance-Inaugurale-Chaire-Smart-City_00046_900x600-300x200.jpg 300w, https:\/\/imredd.fr\/wp-content\/uploads\/2018\/07\/Seance-Inaugurale-Chaire-Smart-City_00046_900x600-768x512.jpg 768w, https:\/\/imredd.fr\/wp-content\/uploads\/2018\/07\/Seance-Inaugurale-Chaire-Smart-City_00046_900x600.jpg 900w\" sizes=\"auto, (max-width: 300px) 100vw, 300px\" \/><\/a>\n\t\t\t<\/div><\/figure><figure class='gallery-item'>\n\t\t\t<div class='gallery-icon landscape'>\n\t\t\t\t<a href='https:\/\/imredd.fr\/wp-content\/uploads\/2018\/07\/Seance-Inaugurale-Chaire-Smart-City_00060_900x600.jpg'><img loading=\"lazy\" decoding=\"async\" width=\"300\" height=\"200\" src=\"https:\/\/imredd.fr\/wp-content\/uploads\/2018\/07\/Seance-Inaugurale-Chaire-Smart-City_00060_900x600-300x200.jpg\" class=\"attachment-medium size-medium\" alt=\"\" srcset=\"https:\/\/imredd.fr\/wp-content\/uploads\/2018\/07\/Seance-Inaugurale-Chaire-Smart-City_00060_900x600-300x200.jpg 300w, https:\/\/imredd.fr\/wp-content\/uploads\/2018\/07\/Seance-Inaugurale-Chaire-Smart-City_00060_900x600-768x512.jpg 768w, https:\/\/imredd.fr\/wp-content\/uploads\/2018\/07\/Seance-Inaugurale-Chaire-Smart-City_00060_900x600.jpg 900w\" sizes=\"auto, (max-width: 300px) 100vw, 300px\" \/><\/a>\n\t\t\t<\/div><\/figure><figure class='gallery-item'>\n\t\t\t<div class='gallery-icon landscape'>\n\t\t\t\t<a href='https:\/\/imredd.fr\/wp-content\/uploads\/2018\/07\/Seance-Inaugurale-Chaire-Smart-City_00065_900x600.jpg'><img loading=\"lazy\" decoding=\"async\" width=\"300\" height=\"200\" src=\"https:\/\/imredd.fr\/wp-content\/uploads\/2018\/07\/Seance-Inaugurale-Chaire-Smart-City_00065_900x600-300x200.jpg\" class=\"attachment-medium size-medium\" alt=\"\" srcset=\"https:\/\/imredd.fr\/wp-content\/uploads\/2018\/07\/Seance-Inaugurale-Chaire-Smart-City_00065_900x600-300x200.jpg 300w, https:\/\/imredd.fr\/wp-content\/uploads\/2018\/07\/Seance-Inaugurale-Chaire-Smart-City_00065_900x600-768x512.jpg 768w, https:\/\/imredd.fr\/wp-content\/uploads\/2018\/07\/Seance-Inaugurale-Chaire-Smart-City_00065_900x600.jpg 900w\" sizes=\"auto, (max-width: 300px) 100vw, 300px\" \/><\/a>\n\t\t\t<\/div><\/figure><figure class='gallery-item'>\n\t\t\t<div class='gallery-icon landscape'>\n\t\t\t\t<a href='https:\/\/imredd.fr\/wp-content\/uploads\/2018\/07\/Seance-Inaugurale-Chaire-Smart-City_00027_900x600.jpg'><img loading=\"lazy\" decoding=\"async\" width=\"300\" height=\"200\" src=\"https:\/\/imredd.fr\/wp-content\/uploads\/2018\/07\/Seance-Inaugurale-Chaire-Smart-City_00027_900x600-300x200.jpg\" class=\"attachment-medium size-medium\" alt=\"\" srcset=\"https:\/\/imredd.fr\/wp-content\/uploads\/2018\/07\/Seance-Inaugurale-Chaire-Smart-City_00027_900x600-300x200.jpg 300w, https:\/\/imredd.fr\/wp-content\/uploads\/2018\/07\/Seance-Inaugurale-Chaire-Smart-City_00027_900x600-768x512.jpg 768w, https:\/\/imredd.fr\/wp-content\/uploads\/2018\/07\/Seance-Inaugurale-Chaire-Smart-City_00027_900x600.jpg 900w\" sizes=\"auto, (max-width: 300px) 100vw, 300px\" \/><\/a>\n\t\t\t<\/div><\/figure><figure class='gallery-item'>\n\t\t\t<div class='gallery-icon landscape'>\n\t\t\t\t<a href='https:\/\/imredd.fr\/wp-content\/uploads\/2018\/07\/Seance-Inaugurale-Chaire-Smart-City_00011_900x600.jpg'><img loading=\"lazy\" decoding=\"async\" width=\"300\" height=\"200\" src=\"https:\/\/imredd.fr\/wp-content\/uploads\/2018\/07\/Seance-Inaugurale-Chaire-Smart-City_00011_900x600-300x200.jpg\" class=\"attachment-medium size-medium\" alt=\"\" srcset=\"https:\/\/imredd.fr\/wp-content\/uploads\/2018\/07\/Seance-Inaugurale-Chaire-Smart-City_00011_900x600-300x200.jpg 300w, https:\/\/imredd.fr\/wp-content\/uploads\/2018\/07\/Seance-Inaugurale-Chaire-Smart-City_00011_900x600-768x512.jpg 768w, https:\/\/imredd.fr\/wp-content\/uploads\/2018\/07\/Seance-Inaugurale-Chaire-Smart-City_00011_900x600.jpg 900w\" sizes=\"auto, (max-width: 300px) 100vw, 300px\" \/><\/a>\n\t\t\t<\/div><\/figure>\n\t\t<\/div>\n\n<p><!--themify_builder_static--><!--\/themify_builder_static--><\/p>","protected":false},"excerpt":{"rendered":"<p>Thinking the citizen of the future and its new habitat<\/p>","protected":false},"author":2,"featured_media":7123,"comment_status":"open","ping_status":"open","sticky":false,"template":"","format":"standard","meta":{"footnotes":""},"categories":[504],"tags":[],"class_list":["post-8733","post","type-post","status-publish","format-standard","has-post-thumbnail","hentry","category-projets-et-recherche","has-post-title","has-post-date","has-post-category","has-post-tag","has-post-comment","has-post-author",""],"yoast_head":"<!-- This site is optimized with the Yoast SEO Premium plugin v27.4 (Yoast SEO v27.4) - https:\/\/yoast.com\/product\/yoast-seo-premium-wordpress\/ -->\n<title>Universit\u00e9 C\u00f4te d&#039;Azur and its industrial partners create a chair of philosophy and ethics for the Smart City - IMREDD - Universit\u00e9 C\u00f4te d&#039;Azur<\/title>\n<meta name=\"robots\" content=\"index, follow, max-snippet:-1, max-image-preview:large, max-video-preview:-1\" \/>\n<link rel=\"canonical\" href=\"https:\/\/imredd.fr\/en\/universite-cote-dazur-and-its-industrial-partners-are-establishing-a-chair-of-philosophy-and-ethics-for-the-smart-city\/\" \/>\n<meta property=\"og:locale\" content=\"en_GB\" \/>\n<meta property=\"og:type\" content=\"article\" \/>\n<meta property=\"og:title\" content=\"Universit\u00e9 C\u00f4te d&#039;Azur and its industrial partners create a chair of philosophy and ethics for the Smart City\" \/>\n<meta property=\"og:description\" content=\"Thinking the citizen of the future and its new habitat\" \/>\n<meta property=\"og:url\" content=\"https:\/\/imredd.fr\/en\/universite-cote-dazur-and-its-industrial-partners-are-establishing-a-chair-of-philosophy-and-ethics-for-the-smart-city\/\" \/>\n<meta property=\"og:site_name\" content=\"IMREDD - Universit\u00e9 C\u00f4te d&#039;Azur\" \/>\n<meta property=\"article:publisher\" content=\"http:\/\/facebook.com\/imredd.uca\" \/>\n<meta property=\"article:published_time\" content=\"2018-05-03T15:05:08+00:00\" \/>\n<meta property=\"article:modified_time\" content=\"2026-01-12T17:43:22+00:00\" \/>\n<meta property=\"og:image\" content=\"https:\/\/imredd.fr\/wp-content\/uploads\/2018\/07\/Seance-Inaugurale-Chaire-Smart-City_00019_900x600.jpg\" \/>\n\t<meta property=\"og:image:width\" content=\"900\" \/>\n\t<meta property=\"og:image:height\" content=\"600\" \/>\n\t<meta property=\"og:image:type\" content=\"image\/jpeg\" \/>\n<meta name=\"author\" content=\"Antonio Barros\" \/>\n<meta name=\"twitter:card\" content=\"summary_large_image\" \/>\n<meta name=\"twitter:label1\" content=\"Written by\" \/>\n\t<meta name=\"twitter:data1\" content=\"Antonio Barros\" \/>\n\t<meta name=\"twitter:label2\" content=\"Estimated reading time\" \/>\n\t<meta name=\"twitter:data2\" content=\"1 minute\" \/>\n<script type=\"application\/ld+json\" class=\"yoast-schema-graph\">{\"@context\":\"https:\\\/\\\/schema.org\",\"@graph\":[{\"@type\":\"Article\",\"@id\":\"https:\\\/\\\/imredd.fr\\\/en\\\/universite-cote-dazur-and-its-industrial-partners-are-establishing-a-chair-of-philosophy-and-ethics-for-the-smart-city\\\/#article\",\"isPartOf\":{\"@id\":\"https:\\\/\\\/imredd.fr\\\/en\\\/universite-cote-dazur-and-its-industrial-partners-are-establishing-a-chair-of-philosophy-and-ethics-for-the-smart-city\\\/\"},\"author\":{\"name\":\"Antonio Barros\",\"@id\":\"https:\\\/\\\/imredd.fr\\\/#\\\/schema\\\/person\\\/41e50290e799cf196e315345a93c68de\"},\"headline\":\"Universit\u00e9 C\u00f4te d&rsquo;Azur and its industrial partners create a chair of philosophy and ethics for the Smart City\",\"datePublished\":\"2018-05-03T15:05:08+00:00\",\"dateModified\":\"2026-01-12T17:43:22+00:00\",\"mainEntityOfPage\":{\"@id\":\"https:\\\/\\\/imredd.fr\\\/en\\\/universite-cote-dazur-and-its-industrial-partners-are-establishing-a-chair-of-philosophy-and-ethics-for-the-smart-city\\\/\"},\"wordCount\":195,\"commentCount\":0,\"publisher\":{\"@id\":\"https:\\\/\\\/imredd.fr\\\/#organization\"},\"image\":{\"@id\":\"https:\\\/\\\/imredd.fr\\\/en\\\/universite-cote-dazur-and-its-industrial-partners-are-establishing-a-chair-of-philosophy-and-ethics-for-the-smart-city\\\/#primaryimage\"},\"thumbnailUrl\":\"https:\\\/\\\/imredd.fr\\\/wp-content\\\/uploads\\\/2018\\\/07\\\/Seance-Inaugurale-Chaire-Smart-City_00019_900x600.jpg\",\"articleSection\":[\"Projets et Recherche\"],\"inLanguage\":\"en-GB\",\"potentialAction\":[{\"@type\":\"CommentAction\",\"name\":\"Comment\",\"target\":[\"https:\\\/\\\/imredd.fr\\\/en\\\/universite-cote-dazur-and-its-industrial-partners-are-establishing-a-chair-of-philosophy-and-ethics-for-the-smart-city\\\/#respond\"]}]},{\"@type\":\"WebPage\",\"@id\":\"https:\\\/\\\/imredd.fr\\\/en\\\/universite-cote-dazur-and-its-industrial-partners-are-establishing-a-chair-of-philosophy-and-ethics-for-the-smart-city\\\/\",\"url\":\"https:\\\/\\\/imredd.fr\\\/en\\\/universite-cote-dazur-and-its-industrial-partners-are-establishing-a-chair-of-philosophy-and-ethics-for-the-smart-city\\\/\",\"name\":\"Universit\u00e9 C\u00f4te d'Azur and its industrial partners create a chair of philosophy and ethics for the Smart City - IMREDD - Universit\u00e9 C\u00f4te d&#039;Azur\",\"isPartOf\":{\"@id\":\"https:\\\/\\\/imredd.fr\\\/#website\"},\"primaryImageOfPage\":{\"@id\":\"https:\\\/\\\/imredd.fr\\\/en\\\/universite-cote-dazur-and-its-industrial-partners-are-establishing-a-chair-of-philosophy-and-ethics-for-the-smart-city\\\/#primaryimage\"},\"image\":{\"@id\":\"https:\\\/\\\/imredd.fr\\\/en\\\/universite-cote-dazur-and-its-industrial-partners-are-establishing-a-chair-of-philosophy-and-ethics-for-the-smart-city\\\/#primaryimage\"},\"thumbnailUrl\":\"https:\\\/\\\/imredd.fr\\\/wp-content\\\/uploads\\\/2018\\\/07\\\/Seance-Inaugurale-Chaire-Smart-City_00019_900x600.jpg\",\"datePublished\":\"2018-05-03T15:05:08+00:00\",\"dateModified\":\"2026-01-12T17:43:22+00:00\",\"breadcrumb\":{\"@id\":\"https:\\\/\\\/imredd.fr\\\/en\\\/universite-cote-dazur-and-its-industrial-partners-are-establishing-a-chair-of-philosophy-and-ethics-for-the-smart-city\\\/#breadcrumb\"},\"inLanguage\":\"en-GB\",\"potentialAction\":[{\"@type\":\"ReadAction\",\"target\":[\"https:\\\/\\\/imredd.fr\\\/en\\\/universite-cote-dazur-and-its-industrial-partners-are-establishing-a-chair-of-philosophy-and-ethics-for-the-smart-city\\\/\"]}]},{\"@type\":\"ImageObject\",\"inLanguage\":\"en-GB\",\"@id\":\"https:\\\/\\\/imredd.fr\\\/en\\\/universite-cote-dazur-and-its-industrial-partners-are-establishing-a-chair-of-philosophy-and-ethics-for-the-smart-city\\\/#primaryimage\",\"url\":\"https:\\\/\\\/imredd.fr\\\/wp-content\\\/uploads\\\/2018\\\/07\\\/Seance-Inaugurale-Chaire-Smart-City_00019_900x600.jpg\",\"contentUrl\":\"https:\\\/\\\/imredd.fr\\\/wp-content\\\/uploads\\\/2018\\\/07\\\/Seance-Inaugurale-Chaire-Smart-City_00019_900x600.jpg\",\"width\":900,\"height\":600},{\"@type\":\"BreadcrumbList\",\"@id\":\"https:\\\/\\\/imredd.fr\\\/en\\\/universite-cote-dazur-and-its-industrial-partners-are-establishing-a-chair-of-philosophy-and-ethics-for-the-smart-city\\\/#breadcrumb\",\"itemListElement\":[{\"@type\":\"ListItem\",\"position\":1,\"name\":\"Accueil\",\"item\":\"https:\\\/\\\/imredd.fr\\\/\"},{\"@type\":\"ListItem\",\"position\":2,\"name\":\"Universit\u00e9 C\u00f4te d&rsquo;Azur and its industrial partners create a chair of philosophy and ethics for the Smart City\"}]},{\"@type\":\"WebSite\",\"@id\":\"https:\\\/\\\/imredd.fr\\\/#website\",\"url\":\"https:\\\/\\\/imredd.fr\\\/\",\"name\":\"IMREDD - Universit\u00e9 C\u00f4te d'Azur\",\"description\":\"Institut M\u00e9diterran\u00e9en du Risque, de l&#039;Environnement et du D\u00e9veloppement Durable\",\"publisher\":{\"@id\":\"https:\\\/\\\/imredd.fr\\\/#organization\"},\"potentialAction\":[{\"@type\":\"SearchAction\",\"target\":{\"@type\":\"EntryPoint\",\"urlTemplate\":\"https:\\\/\\\/imredd.fr\\\/?s={search_term_string}\"},\"query-input\":{\"@type\":\"PropertyValueSpecification\",\"valueRequired\":true,\"valueName\":\"search_term_string\"}}],\"inLanguage\":\"en-GB\"},{\"@type\":\"Organization\",\"@id\":\"https:\\\/\\\/imredd.fr\\\/#organization\",\"name\":\"IMREDD - Institut M\u00e9diterran\u00e9en du Risque, de l'Environnement et du D\u00e9veloppement Durable\",\"url\":\"https:\\\/\\\/imredd.fr\\\/\",\"logo\":{\"@type\":\"ImageObject\",\"inLanguage\":\"en-GB\",\"@id\":\"https:\\\/\\\/imredd.fr\\\/#\\\/schema\\\/logo\\\/image\\\/\",\"url\":\"https:\\\/\\\/imredd.fr\\\/wp-content\\\/uploads\\\/2025\\\/07\\\/IMREDD-Logo-couleurs-transparent.png\",\"contentUrl\":\"https:\\\/\\\/imredd.fr\\\/wp-content\\\/uploads\\\/2025\\\/07\\\/IMREDD-Logo-couleurs-transparent.png\",\"width\":959,\"height\":164,\"caption\":\"IMREDD - Institut M\u00e9diterran\u00e9en du Risque, de l'Environnement et du D\u00e9veloppement Durable\"},\"image\":{\"@id\":\"https:\\\/\\\/imredd.fr\\\/#\\\/schema\\\/logo\\\/image\\\/\"},\"sameAs\":[\"http:\\\/\\\/facebook.com\\\/imredd.uca\",\"http:\\\/\\\/linkedin.com\\\/showcase\\\/imredd\"]},{\"@type\":\"Person\",\"@id\":\"https:\\\/\\\/imredd.fr\\\/#\\\/schema\\\/person\\\/41e50290e799cf196e315345a93c68de\",\"name\":\"Antonio Barros\",\"image\":{\"@type\":\"ImageObject\",\"inLanguage\":\"en-GB\",\"@id\":\"https:\\\/\\\/secure.gravatar.com\\\/avatar\\\/f4be75a97d6a27aad47c779bf7bfef9978f4ce4cf5a3c6160d97f893788ce445?s=96&d=mm&r=g\",\"url\":\"https:\\\/\\\/secure.gravatar.com\\\/avatar\\\/f4be75a97d6a27aad47c779bf7bfef9978f4ce4cf5a3c6160d97f893788ce445?s=96&d=mm&r=g\",\"contentUrl\":\"https:\\\/\\\/secure.gravatar.com\\\/avatar\\\/f4be75a97d6a27aad47c779bf7bfef9978f4ce4cf5a3c6160d97f893788ce445?s=96&d=mm&r=g\",\"caption\":\"Antonio Barros\"},\"url\":\"https:\\\/\\\/imredd.fr\\\/en\\\/author\\\/imredd-com\\\/\"}]}<\/script>\n<!-- \/ Yoast SEO Premium plugin. -->","yoast_head_json":{"title":"Universit\u00e9 C\u00f4te d'Azur and its industrial partners are creating a Chair of Philosophy and Ethics for the Smart City - IMREDD - Universit\u00e9 C\u00f4te d'Azur","robots":{"index":"index","follow":"follow","max-snippet":"max-snippet:-1","max-image-preview":"max-image-preview:large","max-video-preview":"max-video-preview:-1"},"canonical":"https:\/\/imredd.fr\/en\/universite-cote-dazur-and-its-industrial-partners-are-establishing-a-chair-of-philosophy-and-ethics-for-the-smart-city\/","og_locale":"en_GB","og_type":"article","og_title":"Universit\u00e9 C\u00f4te d'Azur and its industrial partners create a chair of philosophy and ethics for the Smart City","og_description":"Thinking the citizen of the future and its new habitat","og_url":"https:\/\/imredd.fr\/en\/universite-cote-dazur-and-its-industrial-partners-are-establishing-a-chair-of-philosophy-and-ethics-for-the-smart-city\/","og_site_name":"IMREDD - Universit\u00e9 C\u00f4te d&#039;Azur","article_publisher":"http:\/\/facebook.com\/imredd.uca","article_published_time":"2018-05-03T15:05:08+00:00","article_modified_time":"2026-01-12T17:43:22+00:00","og_image":[{"width":900,"height":600,"url":"https:\/\/imredd.fr\/wp-content\/uploads\/2018\/07\/Seance-Inaugurale-Chaire-Smart-City_00019_900x600.jpg","type":"image\/jpeg"}],"author":"Antonio Barros","twitter_card":"summary_large_image","twitter_misc":{"Written by":"Antonio Barros","Estimated reading time":"1 minute"},"schema":{"@context":"https:\/\/schema.org","@graph":[{"@type":"Article","@id":"https:\/\/imredd.fr\/en\/universite-cote-dazur-and-its-industrial-partners-are-establishing-a-chair-of-philosophy-and-ethics-for-the-smart-city\/#article","isPartOf":{"@id":"https:\/\/imredd.fr\/en\/universite-cote-dazur-and-its-industrial-partners-are-establishing-a-chair-of-philosophy-and-ethics-for-the-smart-city\/"},"author":{"name":"Antonio Barros","@id":"https:\/\/imredd.fr\/#\/schema\/person\/41e50290e799cf196e315345a93c68de"},"headline":"Universit\u00e9 C\u00f4te d&rsquo;Azur and its industrial partners create a chair of philosophy and ethics for the Smart City","datePublished":"2018-05-03T15:05:08+00:00","dateModified":"2026-01-12T17:43:22+00:00","mainEntityOfPage":{"@id":"https:\/\/imredd.fr\/en\/universite-cote-dazur-and-its-industrial-partners-are-establishing-a-chair-of-philosophy-and-ethics-for-the-smart-city\/"},"wordCount":195,"commentCount":0,"publisher":{"@id":"https:\/\/imredd.fr\/#organization"},"image":{"@id":"https:\/\/imredd.fr\/en\/universite-cote-dazur-and-its-industrial-partners-are-establishing-a-chair-of-philosophy-and-ethics-for-the-smart-city\/#primaryimage"},"thumbnailUrl":"https:\/\/imredd.fr\/wp-content\/uploads\/2018\/07\/Seance-Inaugurale-Chaire-Smart-City_00019_900x600.jpg","articleSection":["Projets et Recherche"],"inLanguage":"en-GB","potentialAction":[{"@type":"CommentAction","name":"Comment","target":["https:\/\/imredd.fr\/en\/universite-cote-dazur-and-its-industrial-partners-are-establishing-a-chair-of-philosophy-and-ethics-for-the-smart-city\/#respond"]}]},{"@type":"WebPage","@id":"https:\/\/imredd.fr\/en\/universite-cote-dazur-and-its-industrial-partners-are-establishing-a-chair-of-philosophy-and-ethics-for-the-smart-city\/","url":"https:\/\/imredd.fr\/en\/universite-cote-dazur-and-its-industrial-partners-are-establishing-a-chair-of-philosophy-and-ethics-for-the-smart-city\/","name":"Universit\u00e9 C\u00f4te d'Azur and its industrial partners are creating a Chair of Philosophy and Ethics for the Smart City - IMREDD - Universit\u00e9 C\u00f4te d'Azur","isPartOf":{"@id":"https:\/\/imredd.fr\/#website"},"primaryImageOfPage":{"@id":"https:\/\/imredd.fr\/en\/universite-cote-dazur-and-its-industrial-partners-are-establishing-a-chair-of-philosophy-and-ethics-for-the-smart-city\/#primaryimage"},"image":{"@id":"https:\/\/imredd.fr\/en\/universite-cote-dazur-and-its-industrial-partners-are-establishing-a-chair-of-philosophy-and-ethics-for-the-smart-city\/#primaryimage"},"thumbnailUrl":"https:\/\/imredd.fr\/wp-content\/uploads\/2018\/07\/Seance-Inaugurale-Chaire-Smart-City_00019_900x600.jpg","datePublished":"2018-05-03T15:05:08+00:00","dateModified":"2026-01-12T17:43:22+00:00","breadcrumb":{"@id":"https:\/\/imredd.fr\/en\/universite-cote-dazur-and-its-industrial-partners-are-establishing-a-chair-of-philosophy-and-ethics-for-the-smart-city\/#breadcrumb"},"inLanguage":"en-GB","potentialAction":[{"@type":"ReadAction","target":["https:\/\/imredd.fr\/en\/universite-cote-dazur-and-its-industrial-partners-are-establishing-a-chair-of-philosophy-and-ethics-for-the-smart-city\/"]}]},{"@type":"ImageObject","inLanguage":"en-GB","@id":"https:\/\/imredd.fr\/en\/universite-cote-dazur-and-its-industrial-partners-are-establishing-a-chair-of-philosophy-and-ethics-for-the-smart-city\/#primaryimage","url":"https:\/\/imredd.fr\/wp-content\/uploads\/2018\/07\/Seance-Inaugurale-Chaire-Smart-City_00019_900x600.jpg","contentUrl":"https:\/\/imredd.fr\/wp-content\/uploads\/2018\/07\/Seance-Inaugurale-Chaire-Smart-City_00019_900x600.jpg","width":900,"height":600},{"@type":"BreadcrumbList","@id":"https:\/\/imredd.fr\/en\/universite-cote-dazur-and-its-industrial-partners-are-establishing-a-chair-of-philosophy-and-ethics-for-the-smart-city\/#breadcrumb","itemListElement":[{"@type":"ListItem","position":1,"name":"Accueil","item":"https:\/\/imredd.fr\/"},{"@type":"ListItem","position":2,"name":"Universit\u00e9 C\u00f4te d&rsquo;Azur and its industrial partners create a chair of philosophy and ethics for the Smart City"}]},{"@type":"WebSite","@id":"https:\/\/imredd.fr\/#website","url":"https:\/\/imredd.fr\/","name":"IMREDD - C\u00f4te d'Azur University","description":"Mediterranean Institute for Risk, Environment and Sustainable Development","publisher":{"@id":"https:\/\/imredd.fr\/#organization"},"potentialAction":[{"@type":"SearchAction","target":{"@type":"EntryPoint","urlTemplate":"https:\/\/imredd.fr\/?s={search_term_string}"},"query-input":{"@type":"PropertyValueSpecification","valueRequired":true,"valueName":"search_term_string"}}],"inLanguage":"en-GB"},{"@type":"Organization","@id":"https:\/\/imredd.fr\/#organization","name":"IMREDD - Mediterranean Institute for Risk, Environment and Sustainable Development","url":"https:\/\/imredd.fr\/","logo":{"@type":"ImageObject","inLanguage":"en-GB","@id":"https:\/\/imredd.fr\/#\/schema\/logo\/image\/","url":"https:\/\/imredd.fr\/wp-content\/uploads\/2025\/07\/IMREDD-Logo-couleurs-transparent.png","contentUrl":"https:\/\/imredd.fr\/wp-content\/uploads\/2025\/07\/IMREDD-Logo-couleurs-transparent.png","width":959,"height":164,"caption":"IMREDD - Institut M\u00e9diterran\u00e9en du Risque, de l'Environnement et du D\u00e9veloppement Durable"},"image":{"@id":"https:\/\/imredd.fr\/#\/schema\/logo\/image\/"},"sameAs":["http:\/\/facebook.com\/imredd.uca","http:\/\/linkedin.com\/showcase\/imredd"]},{"@type":"Person","@id":"https:\/\/imredd.fr\/#\/schema\/person\/41e50290e799cf196e315345a93c68de","name":"Antonio Barros","image":{"@type":"ImageObject","inLanguage":"en-GB","@id":"https:\/\/secure.gravatar.com\/avatar\/f4be75a97d6a27aad47c779bf7bfef9978f4ce4cf5a3c6160d97f893788ce445?s=96&d=mm&r=g","url":"https:\/\/secure.gravatar.com\/avatar\/f4be75a97d6a27aad47c779bf7bfef9978f4ce4cf5a3c6160d97f893788ce445?s=96&d=mm&r=g","contentUrl":"https:\/\/secure.gravatar.com\/avatar\/f4be75a97d6a27aad47c779bf7bfef9978f4ce4cf5a3c6160d97f893788ce445?s=96&d=mm&r=g","caption":"Antonio Barros"},"url":"https:\/\/imredd.fr\/en\/author\/imredd-com\/"}]}},"_links":{"self":[{"href":"https:\/\/imredd.fr\/en\/wp-json\/wp\/v2\/posts\/8733","targetHints":{"allow":["GET"]}}],"collection":[{"href":"https:\/\/imredd.fr\/en\/wp-json\/wp\/v2\/posts"}],"about":[{"href":"https:\/\/imredd.fr\/en\/wp-json\/wp\/v2\/types\/post"}],"author":[{"embeddable":true,"href":"https:\/\/imredd.fr\/en\/wp-json\/wp\/v2\/users\/2"}],"replies":[{"embeddable":true,"href":"https:\/\/imredd.fr\/en\/wp-json\/wp\/v2\/comments?post=8733"}],"version-history":[{"count":0,"href":"https:\/\/imredd.fr\/en\/wp-json\/wp\/v2\/posts\/8733\/revisions"}],"wp:featuredmedia":[{"embeddable":true,"href":"https:\/\/imredd.fr\/en\/wp-json\/wp\/v2\/media\/7123"}],"wp:attachment":[{"href":"https:\/\/imredd.fr\/en\/wp-json\/wp\/v2\/media?parent=8733"}],"wp:term":[{"taxonomy":"category","embeddable":true,"href":"https:\/\/imredd.fr\/en\/wp-json\/wp\/v2\/categories?post=8733"},{"taxonomy":"post_tag","embeddable":true,"href":"https:\/\/imredd.fr\/en\/wp-json\/wp\/v2\/tags?post=8733"}],"curies":[{"name":"wp","href":"https:\/\/api.w.org\/{rel}","templated":true}]}}